{"id":115518,"date":"2024-05-27T13:23:43","date_gmt":"2024-05-27T17:23:43","guid":{"rendered":"https:\/\/interamerica.org\/?p=115518"},"modified":"2024-07-02T09:38:20","modified_gmt":"2024-07-02T13:38:20","slug":"en-la-isla-de-san-vicente-los-adventistas-participan-en-caminata-nocturna-para-promover-un-estilo-de-vida-saludable","status":"publish","type":"post","link":"https:\/\/interamerica.org\/es\/2024\/05\/en-la-isla-de-san-vicente-los-adventistas-participan-en-caminata-nocturna-para-promover-un-estilo-de-vida-saludable\/","title":{"rendered":"En la isla de San Vicente, los adventistas participan en caminata nocturna para promover un estilo de vida saludable"},"content":{"rendered":"<p>28 de mayo de 2024 | Kingston, San Vicente | Royston Philbert y Noticias de la Divisi\u00f3n Interamericana<\/p>\n<p>M\u00e1s de dos adventistas del s\u00e9ptimo d\u00eda y sus amigos caminaron hace poco a trav\u00e9s de la isla de San Vicente el s\u00e1bado 4 de mayo de 2024 por la noche, durante una caminata anual que busc\u00f3 promover la vida sana bajo la iniciativa de la iglesia \u201cMov\u00e1monos para vivir\u201d.<\/p>\n<p>Delegaciones adventistas y amigos de las aldeas de la regi\u00f3n costera se reunieron al atardecer, para llevar a cabo ejercicios de calentamiento e invitar a los transe\u00fantes a que se sumaran al recorrido de casi cinco kil\u00f3metros.<\/p>\n<p><div id=\"attachment_115463\" style=\"width: 868px\" class=\"wp-caption aligncenter\"><img fetchpriority=\"high\" decoding=\"async\" aria-describedby=\"caption-attachment-115463\" class=\" wp-image-115461\" src=\"https:\/\/interamerica.org\/wp-content\/uploads\/2024\/05\/stvincent-glow-walk-1-1024x679.png\" alt=\"\" width=\"858\" height=\"569\" srcset=\"https:\/\/interamerica.org\/wp-content\/uploads\/2024\/05\/stvincent-glow-walk-1-1024x679.png 1024w, https:\/\/interamerica.org\/wp-content\/uploads\/2024\/05\/stvincent-glow-walk-1-300x199.png 300w, https:\/\/interamerica.org\/wp-content\/uploads\/2024\/05\/stvincent-glow-walk-1-768x509.png 768w, https:\/\/interamerica.org\/wp-content\/uploads\/2024\/05\/stvincent-glow-walk-1.png 1200w\" sizes=\"(max-width: 858px) 100vw, 858px\" \/><p id=\"caption-attachment-115463\" class=\"wp-caption-text\">Cientos de adventistas y sus amigos se abren paso por las calles de San Vicente para promover la iniciativa de salud, el pasado 4 de mayo de 2024. [Fotograf\u00eda: Departamento de J\u00f3venes de San Vicente]<\/p><\/div>Este es el segundo evento que organiza la iglesia en la isla, y fue una colaboraci\u00f3n entre el Ministerio de Salud de la isla y el departamento de ministerios de salud de la Iglesia Adventista en San Vicente, dijeron los organizadores.<\/p>\n<p>\u201cSigue mejorando cada vez m\u00e1s\u201d, dijo Brent St. Jean, director de ministerios de salud de la Misi\u00f3n de San Vicente y las Granadinas. \u201cVemos el aumento de las enfermedades no transmisibles en la iglesia y fuera de la iglesia, y reconocemos que necesitamos sumar fuerzas con el Ministerio de Salud para tener un enfoque m\u00e1s espec\u00edfico\u201d, dijo St. Jean.<\/p>\n<p>Cientos de miembros usaron bandas luminosas en el cuello para mostrar su participaci\u00f3n en la familia. La caminata tambi\u00e9n represent\u00f3 una oportunidad de compartir el amor de Dios por medio de la salud, la esperanza, y un momento ameno.<\/p>\n<p>Las personas se mostraron ansiosas por participar de los ejercicios aer\u00f3bicos de una hora de duraci\u00f3n dirigidos por Keron Constance. \u201cHag\u00e1moslo\u201d, dijo mientras animaba a cientos de personas a moverse en pro de la vida.<\/p>\n<p><div id=\"attachment_115466\" style=\"width: 900px\" class=\"wp-caption aligncenter\"><img decoding=\"async\" aria-describedby=\"caption-attachment-115466\" class=\" wp-image-115464\" src=\"https:\/\/interamerica.org\/wp-content\/uploads\/2024\/05\/stvincent-glow-walk-exercises.png\" alt=\"\" width=\"890\" height=\"591\" srcset=\"https:\/\/interamerica.org\/wp-content\/uploads\/2024\/05\/stvincent-glow-walk-exercises.png 1000w, https:\/\/interamerica.org\/wp-content\/uploads\/2024\/05\/stvincent-glow-walk-exercises-300x199.png 300w, https:\/\/interamerica.org\/wp-content\/uploads\/2024\/05\/stvincent-glow-walk-exercises-768x510.png 768w\" sizes=\"(max-width: 890px) 100vw, 890px\" \/><p id=\"caption-attachment-115466\" class=\"wp-caption-text\">Brent St. Jean (izquierda), director de ministerios de salud de la Misi\u00f3n de San Vicente y las Granadinas, aparece sobre el escenario donde particip\u00f3 en ejercicios, durante un segmento con el l\u00edder de salud y aptitud f\u00edsica Keron Constance. [Fotograf\u00eda: Departamento de J\u00f3venes de San Vicente]<\/p><\/div>\u201cDado que el ejercicio aer\u00f3bico regular nos ayuda a vivir mejor, creemos que con ejercicio de la fe, podemos confiar en que Dios dirigir\u00e1 nuestras vidas seg\u00fan su prescripci\u00f3n de amor en favor de la salud\u201d, a\u00f1adi\u00f3 St. Jean.<\/p>\n<p>El pastor Henry Snagg, presidente de la Misi\u00f3n de San Vicente y las Granadinas, estuvo entre el grupo que se sum\u00f3 a la actividad de la iglesia. \u201cQu\u00e9 gran idea motivar a todos para que vivan un estilo de vida saludable\u201d, expres\u00f3. \u201cEsto estuvo tan bien organizado\u201d.<\/p>\n<p>Fue importante hacer que tantos como fuera posible de fuera de la iglesia tambi\u00e9n participaran, dijo St. Jean. \u201cSon nuestros amigos, y es el campo que Jes\u00fas nos ha dejado para que mostremos la esperanza de salvaci\u00f3n\u201d.<\/p>\n<p>Entre los que participaron en la caminata hubo miembros de iglesia, trabajadores del gobierno, empresas del sector privado, y personas de diversas denominaciones. \u201cNos sentimos tan complacidos en que se hayan sumado a nosotros\u201d, a\u00f1adi\u00f3 St. Jean. No implic\u00f3 tan solo animarlos a terminar la caminata sino tambi\u00e9n permitir la inclusi\u00f3n de personas con desaf\u00edos f\u00edsicos, explic\u00f3 el pastor St. Jean.<\/p>\n<p><div id=\"attachment_115469\" style=\"width: 1010px\" class=\"wp-caption aligncenter\"><img decoding=\"async\" aria-describedby=\"caption-attachment-115469\" class=\"size-full wp-image-115467\" src=\"https:\/\/interamerica.org\/wp-content\/uploads\/2024\/05\/stvincent-aerobics.png\" alt=\"\" width=\"1000\" height=\"665\" srcset=\"https:\/\/interamerica.org\/wp-content\/uploads\/2024\/05\/stvincent-aerobics.png 1000w, https:\/\/interamerica.org\/wp-content\/uploads\/2024\/05\/stvincent-aerobics-300x200.png 300w, https:\/\/interamerica.org\/wp-content\/uploads\/2024\/05\/stvincent-aerobics-768x511.png 768w\" sizes=\"(max-width: 1000px) 100vw, 1000px\" \/><p id=\"caption-attachment-115469\" class=\"wp-caption-text\">Los participantes llevan a cabo ejercicios aer\u00f3bicos durante el evento. [Fotograf\u00eda: Departamento de J\u00f3venes de la isla San Vicente]<\/p><\/div>Los l\u00edderes de la iglesia agradecieron a los patrocinadores y a las agencias de gobierno por encargarse de la seguridad durante la carrera.<\/p>\n<p>El pastor St. Jean felicit\u00f3 a los l\u00edderes de la iglesia en la regi\u00f3n de San Vicente por su evento anual que promovi\u00f3 el programa Mov\u00e1monos para Vivir de la iglesia mundial. \u201cM\u00e1s de 21 millones de adventistas en todo el mundo est\u00e1n trabajando en favor del movimiento para vivir\u201d, expres\u00f3.<\/p>\n<p>\u201cPor ahora, la Iglesia Adventista de la isla de San Vicente continuar\u00e1 promoviendo un estilo de vida sano con sus miembros y amigos, mediante actividades que mejores los h\u00e1bitos de alimentaci\u00f3n, el ejercicio f\u00edsico, los aspectos ambientales favorables y muchos otros aspectos que involucran la salud de una manera integral\u201d, expres\u00f3 St. Jean.<\/p>\n<p>Traducci\u00f3n de Marcos Paseggi<\/p>\n","protected":false},"excerpt":{"rendered":"<p>28 de mayo de 2024 | Kingston, San Vicente | Royston Philbert y Noticias de la Divisi\u00f3n Interamericana M\u00e1s de dos adventistas del s\u00e9ptimo d\u00eda y sus amigos caminaron hace&#8230;<\/p>\n","protected":false},"author":3,"featured_media":115463,"comment_status":"closed","ping_status":"closed","sticky":false,"template":"","format":"standard","meta":{"_acf_changed":false,"footnotes":""},"categories":[17,15],"tags":[],"class_list":["post-115518","post","type-post","status-publish","format-standard","has-post-thumbnail","hentry","category-desde-el-campo","category-rss-espanol"],"acf":[],"yoast_head":"<!-- This site is optimized with the Yoast SEO plugin v27.3 - https:\/\/yoast.com\/product\/yoast-seo-wordpress\/ -->\n<title>En la isla de San Vicente, los adventistas participan en caminata nocturna para promover un estilo de vida saludable - Iglesia Adventista del S\u00e9ptimo D\u00eda - Divisi\u00f3n Interamericana<\/title>\n<meta name=\"robots\" content=\"index, follow, max-snippet:-1, max-image-preview:large, max-video-preview:-1\" \/>\n<link rel=\"canonical\" href=\"https:\/\/interamerica.org\/es\/2024\/05\/en-la-isla-de-san-vicente-los-adventistas-participan-en-caminata-nocturna-para-promover-un-estilo-de-vida-saludable\/\" \/>\n<meta property=\"og:locale\" content=\"es_ES\" \/>\n<meta property=\"og:type\" content=\"article\" \/>\n<meta property=\"og:title\" content=\"En la isla de San Vicente, los adventistas participan en caminata nocturna para promover un estilo de vida saludable - Iglesia Adventista del S\u00e9ptimo D\u00eda - Divisi\u00f3n Interamericana\" \/>\n<meta property=\"og:description\" content=\"28 de mayo de 2024 | Kingston, San Vicente | Royston Philbert y Noticias de la Divisi\u00f3n Interamericana M\u00e1s de dos adventistas del s\u00e9ptimo d\u00eda y sus amigos caminaron hace...\" \/>\n<meta property=\"og:url\" content=\"https:\/\/interamerica.org\/es\/2024\/05\/en-la-isla-de-san-vicente-los-adventistas-participan-en-caminata-nocturna-para-promover-un-estilo-de-vida-saludable\/\" \/>\n<meta property=\"og:site_name\" content=\"Iglesia Adventista del S\u00e9ptimo D\u00eda - Divisi\u00f3n Interamericana\" \/>\n<meta property=\"article:published_time\" content=\"2024-05-27T17:23:43+00:00\" \/>\n<meta property=\"article:modified_time\" content=\"2024-07-02T13:38:20+00:00\" \/>\n<meta property=\"og:image\" content=\"https:\/\/interamerica.org\/wp-content\/uploads\/2024\/05\/stvincent-glow-walk-1.png\" \/>\n\t<meta property=\"og:image:width\" content=\"1200\" \/>\n\t<meta property=\"og:image:height\" content=\"796\" \/>\n\t<meta property=\"og:image:type\" content=\"image\/png\" \/>\n<meta name=\"author\" content=\"libna\" \/>\n<meta name=\"twitter:card\" content=\"summary_large_image\" \/>\n<meta name=\"twitter:label1\" content=\"Escrito por\" \/>\n\t<meta name=\"twitter:data1\" content=\"libna\" \/>\n\t<meta name=\"twitter:label2\" content=\"Tiempo de lectura\" \/>\n\t<meta name=\"twitter:data2\" content=\"4 minutos\" \/>\n<script type=\"application\/ld+json\" class=\"yoast-schema-graph\">{\"@context\":\"https:\\\/\\\/schema.org\",\"@graph\":[{\"@type\":\"Article\",\"@id\":\"https:\\\/\\\/interamerica.org\\\/es\\\/2024\\\/05\\\/en-la-isla-de-san-vicente-los-adventistas-participan-en-caminata-nocturna-para-promover-un-estilo-de-vida-saludable\\\/#article\",\"isPartOf\":{\"@id\":\"https:\\\/\\\/interamerica.org\\\/es\\\/2024\\\/05\\\/en-la-isla-de-san-vicente-los-adventistas-participan-en-caminata-nocturna-para-promover-un-estilo-de-vida-saludable\\\/\"},\"author\":{\"name\":\"libna\",\"@id\":\"https:\\\/\\\/interamerica.org\\\/es\\\/#\\\/schema\\\/person\\\/29998f2bc2d8bd0d38662909289b54f1\"},\"headline\":\"En la isla de San Vicente, los adventistas participan en caminata nocturna para promover un estilo de vida saludable\",\"datePublished\":\"2024-05-27T17:23:43+00:00\",\"dateModified\":\"2024-07-02T13:38:20+00:00\",\"mainEntityOfPage\":{\"@id\":\"https:\\\/\\\/interamerica.org\\\/es\\\/2024\\\/05\\\/en-la-isla-de-san-vicente-los-adventistas-participan-en-caminata-nocturna-para-promover-un-estilo-de-vida-saludable\\\/\"},\"wordCount\":778,\"image\":{\"@id\":\"https:\\\/\\\/interamerica.org\\\/es\\\/2024\\\/05\\\/en-la-isla-de-san-vicente-los-adventistas-participan-en-caminata-nocturna-para-promover-un-estilo-de-vida-saludable\\\/#primaryimage\"},\"thumbnailUrl\":\"https:\\\/\\\/interamerica.org\\\/wp-content\\\/uploads\\\/2024\\\/05\\\/stvincent-glow-walk-1.png\",\"articleSection\":[\"Desde el campo\",\"RSS Espa\u00f1ol\"],\"inLanguage\":\"es\"},{\"@type\":\"WebPage\",\"@id\":\"https:\\\/\\\/interamerica.org\\\/es\\\/2024\\\/05\\\/en-la-isla-de-san-vicente-los-adventistas-participan-en-caminata-nocturna-para-promover-un-estilo-de-vida-saludable\\\/\",\"url\":\"https:\\\/\\\/interamerica.org\\\/es\\\/2024\\\/05\\\/en-la-isla-de-san-vicente-los-adventistas-participan-en-caminata-nocturna-para-promover-un-estilo-de-vida-saludable\\\/\",\"name\":\"En la isla de San Vicente, los adventistas participan en caminata nocturna para promover un estilo de vida saludable - Iglesia Adventista del S\u00e9ptimo D\u00eda - Divisi\u00f3n Interamericana\",\"isPartOf\":{\"@id\":\"https:\\\/\\\/interamerica.org\\\/es\\\/#website\"},\"primaryImageOfPage\":{\"@id\":\"https:\\\/\\\/interamerica.org\\\/es\\\/2024\\\/05\\\/en-la-isla-de-san-vicente-los-adventistas-participan-en-caminata-nocturna-para-promover-un-estilo-de-vida-saludable\\\/#primaryimage\"},\"image\":{\"@id\":\"https:\\\/\\\/interamerica.org\\\/es\\\/2024\\\/05\\\/en-la-isla-de-san-vicente-los-adventistas-participan-en-caminata-nocturna-para-promover-un-estilo-de-vida-saludable\\\/#primaryimage\"},\"thumbnailUrl\":\"https:\\\/\\\/interamerica.org\\\/wp-content\\\/uploads\\\/2024\\\/05\\\/stvincent-glow-walk-1.png\",\"datePublished\":\"2024-05-27T17:23:43+00:00\",\"dateModified\":\"2024-07-02T13:38:20+00:00\",\"author\":{\"@id\":\"https:\\\/\\\/interamerica.org\\\/es\\\/#\\\/schema\\\/person\\\/29998f2bc2d8bd0d38662909289b54f1\"},\"breadcrumb\":{\"@id\":\"https:\\\/\\\/interamerica.org\\\/es\\\/2024\\\/05\\\/en-la-isla-de-san-vicente-los-adventistas-participan-en-caminata-nocturna-para-promover-un-estilo-de-vida-saludable\\\/#breadcrumb\"},\"inLanguage\":\"es\",\"potentialAction\":[{\"@type\":\"ReadAction\",\"target\":[\"https:\\\/\\\/interamerica.org\\\/es\\\/2024\\\/05\\\/en-la-isla-de-san-vicente-los-adventistas-participan-en-caminata-nocturna-para-promover-un-estilo-de-vida-saludable\\\/\"]}]},{\"@type\":\"ImageObject\",\"inLanguage\":\"es\",\"@id\":\"https:\\\/\\\/interamerica.org\\\/es\\\/2024\\\/05\\\/en-la-isla-de-san-vicente-los-adventistas-participan-en-caminata-nocturna-para-promover-un-estilo-de-vida-saludable\\\/#primaryimage\",\"url\":\"https:\\\/\\\/interamerica.org\\\/wp-content\\\/uploads\\\/2024\\\/05\\\/stvincent-glow-walk-1.png\",\"contentUrl\":\"https:\\\/\\\/interamerica.org\\\/wp-content\\\/uploads\\\/2024\\\/05\\\/stvincent-glow-walk-1.png\",\"width\":1200,\"height\":796,\"caption\":\"Hundreds of Seventh-day Adventists and their friends make their way through the streets of St. Vincent to promote the Healthy Initiative, on May . [Photo: St. Vincent Youth Department]\"},{\"@type\":\"BreadcrumbList\",\"@id\":\"https:\\\/\\\/interamerica.org\\\/es\\\/2024\\\/05\\\/en-la-isla-de-san-vicente-los-adventistas-participan-en-caminata-nocturna-para-promover-un-estilo-de-vida-saludable\\\/#breadcrumb\",\"itemListElement\":[{\"@type\":\"ListItem\",\"position\":1,\"name\":\"Home\",\"item\":\"https:\\\/\\\/interamerica.org\\\/es\\\/\"},{\"@type\":\"ListItem\",\"position\":2,\"name\":\"En la isla de San Vicente, los adventistas participan en caminata nocturna para promover un estilo de vida saludable\"}]},{\"@type\":\"WebSite\",\"@id\":\"https:\\\/\\\/interamerica.org\\\/es\\\/#website\",\"url\":\"https:\\\/\\\/interamerica.org\\\/es\\\/\",\"name\":\"Iglesia Adventista del S\u00e9ptimo D\u00eda - Divisi\u00f3n Interamericana\",\"description\":\"\",\"potentialAction\":[{\"@type\":\"SearchAction\",\"target\":{\"@type\":\"EntryPoint\",\"urlTemplate\":\"https:\\\/\\\/interamerica.org\\\/es\\\/?s={search_term_string}\"},\"query-input\":{\"@type\":\"PropertyValueSpecification\",\"valueRequired\":true,\"valueName\":\"search_term_string\"}}],\"inLanguage\":\"es\"},{\"@type\":\"Person\",\"@id\":\"https:\\\/\\\/interamerica.org\\\/es\\\/#\\\/schema\\\/person\\\/29998f2bc2d8bd0d38662909289b54f1\",\"name\":\"libna\",\"image\":{\"@type\":\"ImageObject\",\"inLanguage\":\"es\",\"@id\":\"https:\\\/\\\/secure.gravatar.com\\\/avatar\\\/7c5bd30ae4b47a9ba3c856590957fd1d96dc588bf3ac05719d247e126840331f?s=96&d=mm&r=g\",\"url\":\"https:\\\/\\\/secure.gravatar.com\\\/avatar\\\/7c5bd30ae4b47a9ba3c856590957fd1d96dc588bf3ac05719d247e126840331f?s=96&d=mm&r=g\",\"contentUrl\":\"https:\\\/\\\/secure.gravatar.com\\\/avatar\\\/7c5bd30ae4b47a9ba3c856590957fd1d96dc588bf3ac05719d247e126840331f?s=96&d=mm&r=g\",\"caption\":\"libna\"}}]}<\/script>\n<!-- \/ Yoast SEO plugin. -->","yoast_head_json":{"title":"En la isla de San Vicente, los adventistas participan en caminata nocturna para promover un estilo de vida saludable - Iglesia Adventista del S\u00e9ptimo D\u00eda - Divisi\u00f3n Interamericana","robots":{"index":"index","follow":"follow","max-snippet":"max-snippet:-1","max-image-preview":"max-image-preview:large","max-video-preview":"max-video-preview:-1"},"canonical":"https:\/\/interamerica.org\/es\/2024\/05\/en-la-isla-de-san-vicente-los-adventistas-participan-en-caminata-nocturna-para-promover-un-estilo-de-vida-saludable\/","og_locale":"es_ES","og_type":"article","og_title":"En la isla de San Vicente, los adventistas participan en caminata nocturna para promover un estilo de vida saludable - Iglesia Adventista del S\u00e9ptimo D\u00eda - Divisi\u00f3n Interamericana","og_description":"28 de mayo de 2024 | Kingston, San Vicente | Royston Philbert y Noticias de la Divisi\u00f3n Interamericana M\u00e1s de dos adventistas del s\u00e9ptimo d\u00eda y sus amigos caminaron hace...","og_url":"https:\/\/interamerica.org\/es\/2024\/05\/en-la-isla-de-san-vicente-los-adventistas-participan-en-caminata-nocturna-para-promover-un-estilo-de-vida-saludable\/","og_site_name":"Iglesia Adventista del S\u00e9ptimo D\u00eda - Divisi\u00f3n Interamericana","article_published_time":"2024-05-27T17:23:43+00:00","article_modified_time":"2024-07-02T13:38:20+00:00","og_image":[{"width":1200,"height":796,"url":"https:\/\/interamerica.org\/wp-content\/uploads\/2024\/05\/stvincent-glow-walk-1.png","type":"image\/png"}],"author":"libna","twitter_card":"summary_large_image","twitter_misc":{"Escrito por":"libna","Tiempo de lectura":"4 minutos"},"schema":{"@context":"https:\/\/schema.org","@graph":[{"@type":"Article","@id":"https:\/\/interamerica.org\/es\/2024\/05\/en-la-isla-de-san-vicente-los-adventistas-participan-en-caminata-nocturna-para-promover-un-estilo-de-vida-saludable\/#article","isPartOf":{"@id":"https:\/\/interamerica.org\/es\/2024\/05\/en-la-isla-de-san-vicente-los-adventistas-participan-en-caminata-nocturna-para-promover-un-estilo-de-vida-saludable\/"},"author":{"name":"libna","@id":"https:\/\/interamerica.org\/es\/#\/schema\/person\/29998f2bc2d8bd0d38662909289b54f1"},"headline":"En la isla de San Vicente, los adventistas participan en caminata nocturna para promover un estilo de vida saludable","datePublished":"2024-05-27T17:23:43+00:00","dateModified":"2024-07-02T13:38:20+00:00","mainEntityOfPage":{"@id":"https:\/\/interamerica.org\/es\/2024\/05\/en-la-isla-de-san-vicente-los-adventistas-participan-en-caminata-nocturna-para-promover-un-estilo-de-vida-saludable\/"},"wordCount":778,"image":{"@id":"https:\/\/interamerica.org\/es\/2024\/05\/en-la-isla-de-san-vicente-los-adventistas-participan-en-caminata-nocturna-para-promover-un-estilo-de-vida-saludable\/#primaryimage"},"thumbnailUrl":"https:\/\/interamerica.org\/wp-content\/uploads\/2024\/05\/stvincent-glow-walk-1.png","articleSection":["Desde el campo","RSS Espa\u00f1ol"],"inLanguage":"es"},{"@type":"WebPage","@id":"https:\/\/interamerica.org\/es\/2024\/05\/en-la-isla-de-san-vicente-los-adventistas-participan-en-caminata-nocturna-para-promover-un-estilo-de-vida-saludable\/","url":"https:\/\/interamerica.org\/es\/2024\/05\/en-la-isla-de-san-vicente-los-adventistas-participan-en-caminata-nocturna-para-promover-un-estilo-de-vida-saludable\/","name":"En la isla de San Vicente, los adventistas participan en caminata nocturna para promover un estilo de vida saludable - Iglesia Adventista del S\u00e9ptimo D\u00eda - Divisi\u00f3n Interamericana","isPartOf":{"@id":"https:\/\/interamerica.org\/es\/#website"},"primaryImageOfPage":{"@id":"https:\/\/interamerica.org\/es\/2024\/05\/en-la-isla-de-san-vicente-los-adventistas-participan-en-caminata-nocturna-para-promover-un-estilo-de-vida-saludable\/#primaryimage"},"image":{"@id":"https:\/\/interamerica.org\/es\/2024\/05\/en-la-isla-de-san-vicente-los-adventistas-participan-en-caminata-nocturna-para-promover-un-estilo-de-vida-saludable\/#primaryimage"},"thumbnailUrl":"https:\/\/interamerica.org\/wp-content\/uploads\/2024\/05\/stvincent-glow-walk-1.png","datePublished":"2024-05-27T17:23:43+00:00","dateModified":"2024-07-02T13:38:20+00:00","author":{"@id":"https:\/\/interamerica.org\/es\/#\/schema\/person\/29998f2bc2d8bd0d38662909289b54f1"},"breadcrumb":{"@id":"https:\/\/interamerica.org\/es\/2024\/05\/en-la-isla-de-san-vicente-los-adventistas-participan-en-caminata-nocturna-para-promover-un-estilo-de-vida-saludable\/#breadcrumb"},"inLanguage":"es","potentialAction":[{"@type":"ReadAction","target":["https:\/\/interamerica.org\/es\/2024\/05\/en-la-isla-de-san-vicente-los-adventistas-participan-en-caminata-nocturna-para-promover-un-estilo-de-vida-saludable\/"]}]},{"@type":"ImageObject","inLanguage":"es","@id":"https:\/\/interamerica.org\/es\/2024\/05\/en-la-isla-de-san-vicente-los-adventistas-participan-en-caminata-nocturna-para-promover-un-estilo-de-vida-saludable\/#primaryimage","url":"https:\/\/interamerica.org\/wp-content\/uploads\/2024\/05\/stvincent-glow-walk-1.png","contentUrl":"https:\/\/interamerica.org\/wp-content\/uploads\/2024\/05\/stvincent-glow-walk-1.png","width":1200,"height":796,"caption":"Hundreds of Seventh-day Adventists and their friends make their way through the streets of St. Vincent to promote the Healthy Initiative, on May . [Photo: St. Vincent Youth Department]"},{"@type":"BreadcrumbList","@id":"https:\/\/interamerica.org\/es\/2024\/05\/en-la-isla-de-san-vicente-los-adventistas-participan-en-caminata-nocturna-para-promover-un-estilo-de-vida-saludable\/#breadcrumb","itemListElement":[{"@type":"ListItem","position":1,"name":"Home","item":"https:\/\/interamerica.org\/es\/"},{"@type":"ListItem","position":2,"name":"En la isla de San Vicente, los adventistas participan en caminata nocturna para promover un estilo de vida saludable"}]},{"@type":"WebSite","@id":"https:\/\/interamerica.org\/es\/#website","url":"https:\/\/interamerica.org\/es\/","name":"Iglesia Adventista del S\u00e9ptimo D\u00eda - Divisi\u00f3n Interamericana","description":"","potentialAction":[{"@type":"SearchAction","target":{"@type":"EntryPoint","urlTemplate":"https:\/\/interamerica.org\/es\/?s={search_term_string}"},"query-input":{"@type":"PropertyValueSpecification","valueRequired":true,"valueName":"search_term_string"}}],"inLanguage":"es"},{"@type":"Person","@id":"https:\/\/interamerica.org\/es\/#\/schema\/person\/29998f2bc2d8bd0d38662909289b54f1","name":"libna","image":{"@type":"ImageObject","inLanguage":"es","@id":"https:\/\/secure.gravatar.com\/avatar\/7c5bd30ae4b47a9ba3c856590957fd1d96dc588bf3ac05719d247e126840331f?s=96&d=mm&r=g","url":"https:\/\/secure.gravatar.com\/avatar\/7c5bd30ae4b47a9ba3c856590957fd1d96dc588bf3ac05719d247e126840331f?s=96&d=mm&r=g","contentUrl":"https:\/\/secure.gravatar.com\/avatar\/7c5bd30ae4b47a9ba3c856590957fd1d96dc588bf3ac05719d247e126840331f?s=96&d=mm&r=g","caption":"libna"}}]}},"_links":{"self":[{"href":"https:\/\/interamerica.org\/es\/wp-json\/wp\/v2\/posts\/115518","targetHints":{"allow":["GET"]}}],"collection":[{"href":"https:\/\/interamerica.org\/es\/wp-json\/wp\/v2\/posts"}],"about":[{"href":"https:\/\/interamerica.org\/es\/wp-json\/wp\/v2\/types\/post"}],"author":[{"embeddable":true,"href":"https:\/\/interamerica.org\/es\/wp-json\/wp\/v2\/users\/3"}],"replies":[{"embeddable":true,"href":"https:\/\/interamerica.org\/es\/wp-json\/wp\/v2\/comments?post=115518"}],"version-history":[{"count":0,"href":"https:\/\/interamerica.org\/es\/wp-json\/wp\/v2\/posts\/115518\/revisions"}],"wp:featuredmedia":[{"embeddable":true,"href":"https:\/\/interamerica.org\/es\/wp-json\/wp\/v2\/media\/115463"}],"wp:attachment":[{"href":"https:\/\/interamerica.org\/es\/wp-json\/wp\/v2\/media?parent=115518"}],"wp:term":[{"taxonomy":"category","embeddable":true,"href":"https:\/\/interamerica.org\/es\/wp-json\/wp\/v2\/categories?post=115518"},{"taxonomy":"post_tag","embeddable":true,"href":"https:\/\/interamerica.org\/es\/wp-json\/wp\/v2\/tags?post=115518"}],"curies":[{"name":"wp","href":"https:\/\/api.w.org\/{rel}","templated":true}]}}