{"id":11553,"date":"2010-05-19T00:00:00","date_gmt":"2010-05-19T04:00:00","guid":{"rendered":"http:\/\/192.81.217.108\/interamerica\/2010\/05\/interamerica-los-dirigentes-de-la-iglesia-comienzan-reuniones-de-negocio-reflexionando-sobre-los-ultimos-cinco-anos\/"},"modified":"2017-06-02T09:00:10","modified_gmt":"2017-06-02T13:00:10","slug":"interamerica-los-dirigentes-de-la-iglesia-comienzan-reuniones-de-negocio-reflexionando-sobre-los-ultimos-cinco-anos","status":"publish","type":"post","link":"https:\/\/interamerica.org\/es\/2010\/05\/interamerica-los-dirigentes-de-la-iglesia-comienzan-reuniones-de-negocio-reflexionando-sobre-los-ultimos-cinco-anos\/","title":{"rendered":"Interam\u00e9rica: Los dirigentes de la iglesia comienzan reuniones de negocio reflexionando sobre los \u00faltimos cinco a\u00f1os"},"content":{"rendered":"<p>19 de mayo, 2010, Miami, Florida, Estados Unidos&#8230; [Libna Estevens\/DIA <\/p>\n<p>El Comit\u00e9 Ejecutivo de Interam\u00e9rica abri\u00f3 sus reuniones de negocio ayer con una oraci\u00f3n especial y alabanzas de celebraci\u00f3n por las bendiciones de Dios y el crecimiento continuo durante los \u00faltimos cinco a\u00f1os. La ceremonia especial celebrada en Miami, Florida, fue caracterizada por un tono espiritual participar los m\u00e1ximos l\u00edderes en lecturas b\u00edblicas, declaraciones de progreso y sesiones de oraci\u00f3n. <\/p>\n<p>\u00abEstamos muy agradecidos por 1, 008,066 de nuevos miembros que su unieron a la familia de creyentes en la Divisi\u00f3n Interamericana\u00bb, expres\u00f3 el pastor Israel Leito, presidente de la iglesia en Interam\u00e9rica. \u00abEs s\u00f3lo a trav\u00e9s de la obra del Esp\u00edritu Santo que esto ha sido posible\u00bb. <\/p>\n<p>Los l\u00edderes hicieron una pausa para reflexionar sobre el progreso de la iglesia durante el quinquenio pasado (2005-2010), que vio dos territorios de uniones organizados, tres uniones hermanas se convirtieron en Uniones Asociaciones, 21 misiones pasaron al nivel de Asociaciones y 17 nuevos campos organizados a trav\u00e9s del territorio de la Divisi\u00f3n Interamericana (DIA. En la actualidad, la DIA se enorgullece por sus 3.2 millones de miembros de iglesia. <\/p>\n<p>Los dirigentes de la iglesia alabaron el trabajo de laicos dedicados y de consagrados ministros por su compromiso al llevar la Palabra de Dios a miles. Los l\u00edderes tambi\u00e9n reconocieron la fidelidad de la membres\u00eda por sus diezmos y generosas ofrendas en apoyo de la misi\u00f3n de la iglesia  y por la unidad entre las regiones de la iglesia para ayudar sus pa\u00edses vecinos durante desastres naturales. <\/p>\n<p>Bajo el tema \u00abM\u00e1s como Jes\u00fas\u00bb, los dirigentes adventistas oraron por la continua direcci\u00f3n del Esp\u00edritu Santo, una conexi\u00f3n m\u00e1s profunda con Cristo, la preparaci\u00f3n para la Segunda Venida de Jes\u00fas y por el continuo crecimiento a Trav\u00e9s de la DIA en los pr\u00f3ximos cinco a\u00f1os. <\/p>\n<p>El pastor Lowell Cooper, vicepresidente general para la iglesia adventista a nivel mundial, se dirigi\u00f3 a los m\u00e1s de 100 l\u00edderes reunidos. Les anim\u00f3 a ser m\u00e1s como Jes\u00fas, de verlo como lo retrata la Biblia, a imitar su car\u00e1cter y a no desviarse al extraer de su poder que \u00e9l ofrece a medida que ellos dirigen la iglesia. <\/p>\n<p>\u00abUno no puede ver una fotograf\u00eda triste cuando ve un retrato de Cristo\u00bb, dijo el pastor Cooper. \u00abUno es movido a estar gozoso, para actuar. Una iglesia que ve a Cristo no puede ser una iglesia ociosa, no puede ser un grupo ordinario de la humanidad&#8230;la iglesia ver\u00e1 gozo y actuar\u00e1. Mu\u00e9strenle a la iglesia un retrato de Jes\u00fas\u00bb, concluy\u00f3 \u00e9l. <\/p>\n<p>Una vez que las reuniones fueron declaradas oficialmente abiertas, los l\u00edderes de la iglesia se dispusieron a atender los negocios. <\/p>\n<p>Entre los asuntos aprobados se incluyeron informes de encuestas para nuevos campos a ser organizados y reglamentos de trabajo para las nuevas uniones misiones aprobadas al comienzo de este a\u00f1o, as\u00ed como eventos autorizados y reuniones para los pr\u00f3ximos dos a\u00f1os y enmiendas a reglamentos. <\/p>\n<p>Los miembros del comit\u00e9 tambi\u00e9n votaron sobre la decisi\u00f3n de la Uni\u00f3n Dominicana y la Uni\u00f3n de las Indias Occidentales para donar sus ofrendas programadas del 13er s\u00e1bado a Hait\u00ed seguido del terremoto que destruy\u00f3 docenas de iglesias y escuelas en enero. Se hizo una menci\u00f3n especial a la Divisi\u00f3n Centro-Occidental Africana por intercambiar su tiempo para la ofrenda del cuarto trimestre  de 2010 por la del tercer trimestre del 2011. <\/p>\n<p>\u00abAgradecemos a la Uni\u00f3n Dominicana y a la Uni\u00f3n de las Indias Occidentales por este sacrificio para ayudar la obra de la iglesia en Hait\u00ed\u00bb, dijo el pastor Leito. \u00abEstas uniones est\u00e1n dando sus espacios sin saber cuando ser\u00e1n programadas en los pr\u00f3ximos a\u00f1os para esta ofrenda especial del 13er S\u00e1bado\u00bb. <\/p>\n<p>La ofrenda que se recibir\u00e1 ser\u00e1 usada para ayudar a reconstruir y refaccionar el dormitorio de se\u00f1oritas en la Universidad de Hait\u00ed, reconstruir y refaccionar 50 iglesias da\u00f1adas y destruidas, ayudar a 1,000 ni\u00f1os con preparaci\u00f3n y materiales escolares. <\/p>\n<p>Entre otros asuntos aprobados para la nueva estrategia de educaci\u00f3n de Interam\u00e9rica para el nuevo quinquenio incluy\u00f3 promoci\u00f3n continua del sistema educacional adventista a trav\u00e9s de sus niveles de escuelas primaria, secundaria y terciaria. Los maestros y principales de escuelas mantendr\u00e1n s\u00f3lo material promocional de colegios y universidades adventistas y que se les de reconocimiento a los profesores universitarios y a la facultad en el reclutamiento de estudiantes universitarios. Un conjunto de pautas para establecer la remuneraci\u00f3n del personal de educaci\u00f3n en el territorio tambi\u00e9n fueron aprobadas. <\/p>\n<p>Iniciativas y eventos presentados por el Comit\u00e9 de Planeaci\u00f3n Estrat\u00e9gica tambi\u00e9n fueron aprobados. <\/p>\n<p>Las Reuniones Ejecutivas de Medio A\u00f1o de Interam\u00e9rica fueron programadas para culminar el 20 de mayo, 2010. Para una actualizaci\u00f3n de las iniciativas aprobadas, visite www.interamerica.org  <\/p>\n<p>Para galer\u00eda de fotos de las reuniones, visite  www.flickr.com\/photos\/interamerica <\/p>\n","protected":false},"excerpt":{"rendered":"<p>El Comit\u00e9 Ejecutivo de Interam\u00e9rica abri\u00f3 sus reuniones de negocio ayer con una oraci\u00f3n especial y celebraci\u00f3n con alabanzas por las bendiciones de Dios y crecimiento continuo durante los \u00faltimos cinco a\u00f1os<\/p>\n","protected":false},"author":1,"featured_media":0,"comment_status":"closed","ping_status":"closed","sticky":false,"template":"","format":"standard","meta":{"_acf_changed":false,"footnotes":""},"categories":[8],"tags":[],"class_list":["post-11553","post","type-post","status-publish","format-standard","hentry","category-archivo"],"acf":[],"yoast_head":"<!-- This site is optimized with the Yoast SEO plugin v27.3 - https:\/\/yoast.com\/product\/yoast-seo-wordpress\/ -->\n<title>Interam\u00e9rica: Los dirigentes de la iglesia comienzan reuniones de negocio reflexionando sobre los \u00faltimos cinco a\u00f1os - Iglesia Adventista del S\u00e9ptimo D\u00eda - Divisi\u00f3n Interamericana<\/title>\n<meta name=\"robots\" content=\"index, follow, max-snippet:-1, max-image-preview:large, max-video-preview:-1\" \/>\n<link rel=\"canonical\" href=\"https:\/\/interamerica.org\/es\/2010\/05\/interamerica-los-dirigentes-de-la-iglesia-comienzan-reuniones-de-negocio-reflexionando-sobre-los-ultimos-cinco-anos\/\" \/>\n<meta property=\"og:locale\" content=\"es_ES\" \/>\n<meta property=\"og:type\" content=\"article\" \/>\n<meta property=\"og:title\" content=\"Interam\u00e9rica: Los dirigentes de la iglesia comienzan reuniones de negocio reflexionando sobre los \u00faltimos cinco a\u00f1os - Iglesia Adventista del S\u00e9ptimo D\u00eda - Divisi\u00f3n Interamericana\" \/>\n<meta property=\"og:description\" content=\"El Comit\u00e9 Ejecutivo de Interam\u00e9rica abri\u00f3 sus reuniones de negocio ayer con una oraci\u00f3n especial y celebraci\u00f3n con alabanzas por las bendiciones de Dios y crecimiento continuo durante los \u00faltimos cinco a\u00f1os\" \/>\n<meta property=\"og:url\" content=\"https:\/\/interamerica.org\/es\/2010\/05\/interamerica-los-dirigentes-de-la-iglesia-comienzan-reuniones-de-negocio-reflexionando-sobre-los-ultimos-cinco-anos\/\" \/>\n<meta property=\"og:site_name\" content=\"Iglesia Adventista del S\u00e9ptimo D\u00eda - Divisi\u00f3n Interamericana\" \/>\n<meta property=\"article:published_time\" content=\"2010-05-19T04:00:00+00:00\" \/>\n<meta property=\"article:modified_time\" content=\"2017-06-02T13:00:10+00:00\" \/>\n<meta name=\"author\" content=\"Lorenzo Verduzco\" \/>\n<meta name=\"twitter:card\" content=\"summary_large_image\" \/>\n<meta name=\"twitter:label1\" content=\"Escrito por\" \/>\n\t<meta name=\"twitter:data1\" content=\"Lorenzo Verduzco\" \/>\n\t<meta name=\"twitter:label2\" content=\"Tiempo de lectura\" \/>\n\t<meta name=\"twitter:data2\" content=\"4 minutos\" \/>\n<script type=\"application\/ld+json\" class=\"yoast-schema-graph\">{\"@context\":\"https:\\\/\\\/schema.org\",\"@graph\":[{\"@type\":\"Article\",\"@id\":\"https:\\\/\\\/interamerica.org\\\/es\\\/2010\\\/05\\\/interamerica-los-dirigentes-de-la-iglesia-comienzan-reuniones-de-negocio-reflexionando-sobre-los-ultimos-cinco-anos\\\/#article\",\"isPartOf\":{\"@id\":\"https:\\\/\\\/interamerica.org\\\/es\\\/2010\\\/05\\\/interamerica-los-dirigentes-de-la-iglesia-comienzan-reuniones-de-negocio-reflexionando-sobre-los-ultimos-cinco-anos\\\/\"},\"author\":{\"name\":\"Lorenzo Verduzco\",\"@id\":\"https:\\\/\\\/interamerica.org\\\/es\\\/#\\\/schema\\\/person\\\/68ede8bdc292885bb76c1e3810e73c39\"},\"headline\":\"Interam\u00e9rica: Los dirigentes de la iglesia comienzan reuniones de negocio reflexionando sobre los \u00faltimos cinco a\u00f1os\",\"datePublished\":\"2010-05-19T04:00:00+00:00\",\"dateModified\":\"2017-06-02T13:00:10+00:00\",\"mainEntityOfPage\":{\"@id\":\"https:\\\/\\\/interamerica.org\\\/es\\\/2010\\\/05\\\/interamerica-los-dirigentes-de-la-iglesia-comienzan-reuniones-de-negocio-reflexionando-sobre-los-ultimos-cinco-anos\\\/\"},\"wordCount\":870,\"articleSection\":[\"Archivo\"],\"inLanguage\":\"es\"},{\"@type\":\"WebPage\",\"@id\":\"https:\\\/\\\/interamerica.org\\\/es\\\/2010\\\/05\\\/interamerica-los-dirigentes-de-la-iglesia-comienzan-reuniones-de-negocio-reflexionando-sobre-los-ultimos-cinco-anos\\\/\",\"url\":\"https:\\\/\\\/interamerica.org\\\/es\\\/2010\\\/05\\\/interamerica-los-dirigentes-de-la-iglesia-comienzan-reuniones-de-negocio-reflexionando-sobre-los-ultimos-cinco-anos\\\/\",\"name\":\"Interam\u00e9rica: Los dirigentes de la iglesia comienzan reuniones de negocio reflexionando sobre los \u00faltimos cinco a\u00f1os - Iglesia Adventista del S\u00e9ptimo D\u00eda - Divisi\u00f3n Interamericana\",\"isPartOf\":{\"@id\":\"https:\\\/\\\/interamerica.org\\\/es\\\/#website\"},\"datePublished\":\"2010-05-19T04:00:00+00:00\",\"dateModified\":\"2017-06-02T13:00:10+00:00\",\"author\":{\"@id\":\"https:\\\/\\\/interamerica.org\\\/es\\\/#\\\/schema\\\/person\\\/68ede8bdc292885bb76c1e3810e73c39\"},\"breadcrumb\":{\"@id\":\"https:\\\/\\\/interamerica.org\\\/es\\\/2010\\\/05\\\/interamerica-los-dirigentes-de-la-iglesia-comienzan-reuniones-de-negocio-reflexionando-sobre-los-ultimos-cinco-anos\\\/#breadcrumb\"},\"inLanguage\":\"es\",\"potentialAction\":[{\"@type\":\"ReadAction\",\"target\":[\"https:\\\/\\\/interamerica.org\\\/es\\\/2010\\\/05\\\/interamerica-los-dirigentes-de-la-iglesia-comienzan-reuniones-de-negocio-reflexionando-sobre-los-ultimos-cinco-anos\\\/\"]}]},{\"@type\":\"BreadcrumbList\",\"@id\":\"https:\\\/\\\/interamerica.org\\\/es\\\/2010\\\/05\\\/interamerica-los-dirigentes-de-la-iglesia-comienzan-reuniones-de-negocio-reflexionando-sobre-los-ultimos-cinco-anos\\\/#breadcrumb\",\"itemListElement\":[{\"@type\":\"ListItem\",\"position\":1,\"name\":\"Home\",\"item\":\"https:\\\/\\\/interamerica.org\\\/es\\\/\"},{\"@type\":\"ListItem\",\"position\":2,\"name\":\"Interam\u00e9rica: Los dirigentes de la iglesia comienzan reuniones de negocio reflexionando sobre los \u00faltimos cinco a\u00f1os\"}]},{\"@type\":\"WebSite\",\"@id\":\"https:\\\/\\\/interamerica.org\\\/es\\\/#website\",\"url\":\"https:\\\/\\\/interamerica.org\\\/es\\\/\",\"name\":\"Iglesia Adventista del S\u00e9ptimo D\u00eda - Divisi\u00f3n Interamericana\",\"description\":\"\",\"potentialAction\":[{\"@type\":\"SearchAction\",\"target\":{\"@type\":\"EntryPoint\",\"urlTemplate\":\"https:\\\/\\\/interamerica.org\\\/es\\\/?s={search_term_string}\"},\"query-input\":{\"@type\":\"PropertyValueSpecification\",\"valueRequired\":true,\"valueName\":\"search_term_string\"}}],\"inLanguage\":\"es\"},{\"@type\":\"Person\",\"@id\":\"https:\\\/\\\/interamerica.org\\\/es\\\/#\\\/schema\\\/person\\\/68ede8bdc292885bb76c1e3810e73c39\",\"name\":\"Lorenzo Verduzco\",\"image\":{\"@type\":\"ImageObject\",\"inLanguage\":\"es\",\"@id\":\"https:\\\/\\\/secure.gravatar.com\\\/avatar\\\/fb81a55b6218459490a9c1dc841a34909185b81904c5337b4b27f7a6fd60c49e?s=96&d=mm&r=g\",\"url\":\"https:\\\/\\\/secure.gravatar.com\\\/avatar\\\/fb81a55b6218459490a9c1dc841a34909185b81904c5337b4b27f7a6fd60c49e?s=96&d=mm&r=g\",\"contentUrl\":\"https:\\\/\\\/secure.gravatar.com\\\/avatar\\\/fb81a55b6218459490a9c1dc841a34909185b81904c5337b4b27f7a6fd60c49e?s=96&d=mm&r=g\",\"caption\":\"Lorenzo Verduzco\"}}]}<\/script>\n<!-- \/ Yoast SEO plugin. -->","yoast_head_json":{"title":"Interam\u00e9rica: Los dirigentes de la iglesia comienzan reuniones de negocio reflexionando sobre los \u00faltimos cinco a\u00f1os - Iglesia Adventista del S\u00e9ptimo D\u00eda - Divisi\u00f3n Interamericana","robots":{"index":"index","follow":"follow","max-snippet":"max-snippet:-1","max-image-preview":"max-image-preview:large","max-video-preview":"max-video-preview:-1"},"canonical":"https:\/\/interamerica.org\/es\/2010\/05\/interamerica-los-dirigentes-de-la-iglesia-comienzan-reuniones-de-negocio-reflexionando-sobre-los-ultimos-cinco-anos\/","og_locale":"es_ES","og_type":"article","og_title":"Interam\u00e9rica: Los dirigentes de la iglesia comienzan reuniones de negocio reflexionando sobre los \u00faltimos cinco a\u00f1os - Iglesia Adventista del S\u00e9ptimo D\u00eda - Divisi\u00f3n Interamericana","og_description":"El Comit\u00e9 Ejecutivo de Interam\u00e9rica abri\u00f3 sus reuniones de negocio ayer con una oraci\u00f3n especial y celebraci\u00f3n con alabanzas por las bendiciones de Dios y crecimiento continuo durante los \u00faltimos cinco a\u00f1os","og_url":"https:\/\/interamerica.org\/es\/2010\/05\/interamerica-los-dirigentes-de-la-iglesia-comienzan-reuniones-de-negocio-reflexionando-sobre-los-ultimos-cinco-anos\/","og_site_name":"Iglesia Adventista del S\u00e9ptimo D\u00eda - Divisi\u00f3n Interamericana","article_published_time":"2010-05-19T04:00:00+00:00","article_modified_time":"2017-06-02T13:00:10+00:00","author":"Lorenzo Verduzco","twitter_card":"summary_large_image","twitter_misc":{"Escrito por":"Lorenzo Verduzco","Tiempo de lectura":"4 minutos"},"schema":{"@context":"https:\/\/schema.org","@graph":[{"@type":"Article","@id":"https:\/\/interamerica.org\/es\/2010\/05\/interamerica-los-dirigentes-de-la-iglesia-comienzan-reuniones-de-negocio-reflexionando-sobre-los-ultimos-cinco-anos\/#article","isPartOf":{"@id":"https:\/\/interamerica.org\/es\/2010\/05\/interamerica-los-dirigentes-de-la-iglesia-comienzan-reuniones-de-negocio-reflexionando-sobre-los-ultimos-cinco-anos\/"},"author":{"name":"Lorenzo Verduzco","@id":"https:\/\/interamerica.org\/es\/#\/schema\/person\/68ede8bdc292885bb76c1e3810e73c39"},"headline":"Interam\u00e9rica: Los dirigentes de la iglesia comienzan reuniones de negocio reflexionando sobre los \u00faltimos cinco a\u00f1os","datePublished":"2010-05-19T04:00:00+00:00","dateModified":"2017-06-02T13:00:10+00:00","mainEntityOfPage":{"@id":"https:\/\/interamerica.org\/es\/2010\/05\/interamerica-los-dirigentes-de-la-iglesia-comienzan-reuniones-de-negocio-reflexionando-sobre-los-ultimos-cinco-anos\/"},"wordCount":870,"articleSection":["Archivo"],"inLanguage":"es"},{"@type":"WebPage","@id":"https:\/\/interamerica.org\/es\/2010\/05\/interamerica-los-dirigentes-de-la-iglesia-comienzan-reuniones-de-negocio-reflexionando-sobre-los-ultimos-cinco-anos\/","url":"https:\/\/interamerica.org\/es\/2010\/05\/interamerica-los-dirigentes-de-la-iglesia-comienzan-reuniones-de-negocio-reflexionando-sobre-los-ultimos-cinco-anos\/","name":"Interam\u00e9rica: Los dirigentes de la iglesia comienzan reuniones de negocio reflexionando sobre los \u00faltimos cinco a\u00f1os - Iglesia Adventista del S\u00e9ptimo D\u00eda - Divisi\u00f3n Interamericana","isPartOf":{"@id":"https:\/\/interamerica.org\/es\/#website"},"datePublished":"2010-05-19T04:00:00+00:00","dateModified":"2017-06-02T13:00:10+00:00","author":{"@id":"https:\/\/interamerica.org\/es\/#\/schema\/person\/68ede8bdc292885bb76c1e3810e73c39"},"breadcrumb":{"@id":"https:\/\/interamerica.org\/es\/2010\/05\/interamerica-los-dirigentes-de-la-iglesia-comienzan-reuniones-de-negocio-reflexionando-sobre-los-ultimos-cinco-anos\/#breadcrumb"},"inLanguage":"es","potentialAction":[{"@type":"ReadAction","target":["https:\/\/interamerica.org\/es\/2010\/05\/interamerica-los-dirigentes-de-la-iglesia-comienzan-reuniones-de-negocio-reflexionando-sobre-los-ultimos-cinco-anos\/"]}]},{"@type":"BreadcrumbList","@id":"https:\/\/interamerica.org\/es\/2010\/05\/interamerica-los-dirigentes-de-la-iglesia-comienzan-reuniones-de-negocio-reflexionando-sobre-los-ultimos-cinco-anos\/#breadcrumb","itemListElement":[{"@type":"ListItem","position":1,"name":"Home","item":"https:\/\/interamerica.org\/es\/"},{"@type":"ListItem","position":2,"name":"Interam\u00e9rica: Los dirigentes de la iglesia comienzan reuniones de negocio reflexionando sobre los \u00faltimos cinco a\u00f1os"}]},{"@type":"WebSite","@id":"https:\/\/interamerica.org\/es\/#website","url":"https:\/\/interamerica.org\/es\/","name":"Iglesia Adventista del S\u00e9ptimo D\u00eda - Divisi\u00f3n Interamericana","description":"","potentialAction":[{"@type":"SearchAction","target":{"@type":"EntryPoint","urlTemplate":"https:\/\/interamerica.org\/es\/?s={search_term_string}"},"query-input":{"@type":"PropertyValueSpecification","valueRequired":true,"valueName":"search_term_string"}}],"inLanguage":"es"},{"@type":"Person","@id":"https:\/\/interamerica.org\/es\/#\/schema\/person\/68ede8bdc292885bb76c1e3810e73c39","name":"Lorenzo Verduzco","image":{"@type":"ImageObject","inLanguage":"es","@id":"https:\/\/secure.gravatar.com\/avatar\/fb81a55b6218459490a9c1dc841a34909185b81904c5337b4b27f7a6fd60c49e?s=96&d=mm&r=g","url":"https:\/\/secure.gravatar.com\/avatar\/fb81a55b6218459490a9c1dc841a34909185b81904c5337b4b27f7a6fd60c49e?s=96&d=mm&r=g","contentUrl":"https:\/\/secure.gravatar.com\/avatar\/fb81a55b6218459490a9c1dc841a34909185b81904c5337b4b27f7a6fd60c49e?s=96&d=mm&r=g","caption":"Lorenzo Verduzco"}}]}},"_links":{"self":[{"href":"https:\/\/interamerica.org\/es\/wp-json\/wp\/v2\/posts\/11553","targetHints":{"allow":["GET"]}}],"collection":[{"href":"https:\/\/interamerica.org\/es\/wp-json\/wp\/v2\/posts"}],"about":[{"href":"https:\/\/interamerica.org\/es\/wp-json\/wp\/v2\/types\/post"}],"author":[{"embeddable":true,"href":"https:\/\/interamerica.org\/es\/wp-json\/wp\/v2\/users\/1"}],"replies":[{"embeddable":true,"href":"https:\/\/interamerica.org\/es\/wp-json\/wp\/v2\/comments?post=11553"}],"version-history":[{"count":0,"href":"https:\/\/interamerica.org\/es\/wp-json\/wp\/v2\/posts\/11553\/revisions"}],"wp:attachment":[{"href":"https:\/\/interamerica.org\/es\/wp-json\/wp\/v2\/media?parent=11553"}],"wp:term":[{"taxonomy":"category","embeddable":true,"href":"https:\/\/interamerica.org\/es\/wp-json\/wp\/v2\/categories?post=11553"},{"taxonomy":"post_tag","embeddable":true,"href":"https:\/\/interamerica.org\/es\/wp-json\/wp\/v2\/tags?post=11553"}],"curies":[{"name":"wp","href":"https:\/\/api.w.org\/{rel}","templated":true}]}}