{"id":115565,"date":"2024-05-28T16:57:23","date_gmt":"2024-05-28T20:57:23","guid":{"rendered":"https:\/\/interamerica.org\/?p=115565"},"modified":"2024-05-29T04:15:56","modified_gmt":"2024-05-29T08:15:56","slug":"graduacion-de-la-universidad-adventista-de-las-antillas-destaca-cambio-de-liderazgo","status":"publish","type":"post","link":"https:\/\/interamerica.org\/es\/2024\/05\/graduacion-de-la-universidad-adventista-de-las-antillas-destaca-cambio-de-liderazgo\/","title":{"rendered":"Graduaci\u00f3n de la Universidad Adventista de las Antillas destaca cambio de liderazgo"},"content":{"rendered":"<p><div id=\"attachment_115538\" style=\"width: 880px\" class=\"wp-caption aligncenter\"><img fetchpriority=\"high\" decoding=\"async\" aria-describedby=\"caption-attachment-115538\" class=\" wp-image-115536\" src=\"https:\/\/interamerica.org\/wp-content\/uploads\/2024\/05\/aau-honor-drmyrnacolon-2024.jpg\" alt=\"\" width=\"870\" height=\"696\" srcset=\"https:\/\/interamerica.org\/wp-content\/uploads\/2024\/05\/aau-honor-drmyrnacolon-2024.jpg 900w, https:\/\/interamerica.org\/wp-content\/uploads\/2024\/05\/aau-honor-drmyrnacolon-2024-300x240.jpg 300w, https:\/\/interamerica.org\/wp-content\/uploads\/2024\/05\/aau-honor-drmyrnacolon-2024-768x614.jpg 768w\" sizes=\"(max-width: 870px) 100vw, 870px\" \/><p id=\"caption-attachment-115538\" class=\"wp-caption-text\">El pastor Luis Rivera (segundo desde la izquierda), presidente de la Uni\u00f3n Puertorrique\u00f1a y presidente de la junta de la Universidad Adventista de las Antillas en Mayag\u00fcez, Puerto Rico, presenta un reconocimiento a la doctora Myrna Col\u00f3n (al centro), rectora de la AAU, y quien terminar\u00e1 su per\u00edodo en el cargo el pr\u00f3ximo 30 de junio de 2024. Jorge Ramos (cuarto desde la derecha), intendente interion del Distrito municipal de Mayag\u00fcez, y Yolanda P\u00e9rez (derecha), vicerrectora de asuntos acad\u00e9micos, se suma a un segmento de la ceremonia especial en el escenario el 26 de mayo, mientras que la doctora Arenice Contreras (izquierda) hija de la doctora Col\u00f3n, observa. [Fotograf\u00eda: Centro de Medios de las Antillas]<\/p><\/div><em>El evento combin\u00f3 palabras de la rectora saliente Myrna Col\u00f3n y del rector entrante Edwin Hern\u00e1ndez.<\/em><\/p>\n<p>28 de mayo de 2024 | Mayag\u00fcez, Puerto Rico | Lorell Varela y Noticias de la Divisi\u00f3n Interamericana<\/p>\n<p>La Universidad Adventista de las Antillas (AAU), una instituci\u00f3n educacional adventista en Mayag\u00fcez, Puerto Rico, llev\u00f3 a cabo su sexag\u00e9sima segunda ceremonia de graduaci\u00f3n en el Centro de Recreaci\u00f3n y Deportes \u201cWilkins\u201d V\u00e9lez el 26 de mayo de 2024. Ciento setenta y cuatro estudiantes recibieron sus t\u00edtulos universitarios.<\/p>\n<p>La clase de 2024 incluy\u00f3 estudiantes de la mayor\u00eda de los distritos de Puerto Rico, adem\u00e1s de Brasil, Bolivia, la Rep\u00fablica Dominicana, Indonesia, M\u00e9xico, Per\u00fa y los Estados Unidos. Los estudiantes recibieron diplomas por t\u00edtulos intermedios, de grado, de posgrado o maestr\u00edas en las \u00e1reas de administraci\u00f3n de empresas, administraci\u00f3n de oficina, biolog\u00eda, ciencias inform\u00e1ticas, educaci\u00f3n f\u00edsica, educaci\u00f3n secundaria, educaci\u00f3n especial, psicolog\u00eda, ciencias cardiopulmonares, enfermer\u00eda y religi\u00f3n.<\/p>\n<p><div id=\"attachment_115547\" style=\"width: 529px\" class=\"wp-caption aligncenter\"><img decoding=\"async\" aria-describedby=\"caption-attachment-115547\" class=\" wp-image-115545\" src=\"https:\/\/interamerica.org\/wp-content\/uploads\/2024\/05\/aau-graduate-2024.jpg\" alt=\"\" width=\"519\" height=\"649\" srcset=\"https:\/\/interamerica.org\/wp-content\/uploads\/2024\/05\/aau-graduate-2024.jpg 600w, https:\/\/interamerica.org\/wp-content\/uploads\/2024\/05\/aau-graduate-2024-240x300.jpg 240w\" sizes=\"(max-width: 519px) 100vw, 519px\" \/><p id=\"caption-attachment-115547\" class=\"wp-caption-text\">Jarissa Collado, una graduada con un t\u00edtulo de enfermer\u00eda que proviene de la Rep\u00fablica Dominicana, expresa su alegr\u00eda durante el programa de graduaci\u00f3n en el campus, el pasado 26 de mayo de 2024, en Mayag\u00fcez, Puerto Rico. [Fotograf\u00eda: Centros de Medios de las Antillas]<\/p><\/div>\u201cA todos ustedes queremos decirles, gracias por encomendar su preparaci\u00f3n acad\u00e9mica y profesional a esta instituci\u00f3n, y por darnos la oportunidad de modelar sus vidas en forma integral, a imagen y semejanza de nuestro Creador\u201d, dijo la doctora Myrna Col\u00f3n, rectora de la AAU, quien culmina su per\u00edodo en el cargo el pr\u00f3ximo 30 de junio. \u201cEs nuestro sincero deseo que esta ceremonia siga inspirando sus vidas para ser profesionales altamente competentes, comprometidos con el servicio a Dios y a la humanidad\u201d.<\/p>\n<p>La doctora Col\u00f3n hizo historia en 1996 al convertirse en la primera mujer en presidir una instituci\u00f3n universitaria en Puerto Rico. Su primer per\u00edodo de rectora tuvo lugar de 1996 a 2001, y su segundo, de 2022 a 2024. La doctora Col\u00f3n ha prestado servicios en el \u00e1mbito educativo por casi cincuenta a\u00f1os, desde los niveles primario y secundario hasta el nivel de educaci\u00f3n superior, tanto en Puerto Rico como en los Estados Unidos, Am\u00e9rica Central, Sudam\u00e9rica, Europa, \u00c1frica y Asia.<\/p>\n<p>Como parte de su mensaje como presidente de la junta directiva de la AAU, el pastor Luis A. Rivera destac\u00f3 el compromiso de la universidad de formar l\u00edderes rectos, con una formaci\u00f3n s\u00f3lida en valores. Rivera tambi\u00e9n brind\u00f3 un reconocimiento bien merecido a la rectora saliente.<\/p>\n<p><div id=\"attachment_115544\" style=\"width: 537px\" class=\"wp-caption aligncenter\"><img decoding=\"async\" aria-describedby=\"caption-attachment-115544\" class=\" wp-image-115542\" src=\"https:\/\/interamerica.org\/wp-content\/uploads\/2024\/05\/edwin-hernandez-aau-2024.jpg\" alt=\"\" width=\"527\" height=\"659\" srcset=\"https:\/\/interamerica.org\/wp-content\/uploads\/2024\/05\/edwin-hernandez-aau-2024.jpg 700w, https:\/\/interamerica.org\/wp-content\/uploads\/2024\/05\/edwin-hernandez-aau-2024-240x300.jpg 240w\" sizes=\"(max-width: 527px) 100vw, 527px\" \/><p id=\"caption-attachment-115544\" class=\"wp-caption-text\">El doctor Edwin Hern\u00e1ndez, quien asumir\u00e1 el cargo de rector de la Universidad Adventista de las Antillas a partir del 1 de julio pr\u00f3ximo, aplaude durante sus palabras a la clase de graduados 2024 en el campus, el pasado 26 de mayo de 2024. [Fotograf\u00eda: Centro de Medios de las Antillas]<\/p><\/div>El principal mensaje a la clase de graduandos fue dado por el doctor Edwin Hern\u00e1ndez, que asumir\u00e1 la presidencia de la AAU el pr\u00f3ximo 1 de julio. El doctor Hern\u00e1ndez regresa para prestar servicios en Puerto Rico despu\u00e9s de trabajar durante casi tres d\u00e9cadas en los Estados Unidos, donde brind\u00f3 servicio como director ejecutivo del Instituto Louisville, una organizaci\u00f3n fundada por Lilly Endowment, y como rector de la Universidad AdventHealth en Orlando, Florida.<\/p>\n<p>\u201cEstudiantes, al avanzar hacia el futuro\u201d, dijo Hern\u00e1ndez a la clase de graduandos, \u201cpermitan que los principios guiadores de confianza en Dios, servicio a los dem\u00e1s, una actitud positiva, gratitud, persistencia, y bondad sean su br\u00fajula, ayud\u00e1ndolos a vencer los desaf\u00edos de la vida y alcanzar realizaci\u00f3n y \u00e9xito\u201d.<\/p>\n<p>Entre los invitados especiales se encontr\u00f3 el ingeniero Jorge Ramos, intendente interino de Mayag\u00fcez, y la Honorable Migdalia Gonz\u00e1lez, senadora del distrito de Mayag\u00fcez-Aguadilla, adem\u00e1s de otros l\u00edderes de diversas instituciones y organizaciones.<\/p>\n<p><div id=\"attachment_115541\" style=\"width: 844px\" class=\"wp-caption aligncenter\"><img loading=\"lazy\" decoding=\"async\" aria-describedby=\"caption-attachment-115541\" class=\" wp-image-115539\" src=\"https:\/\/interamerica.org\/wp-content\/uploads\/2024\/05\/aau-graduation2024.jpg\" alt=\"\" width=\"834\" height=\"667\" srcset=\"https:\/\/interamerica.org\/wp-content\/uploads\/2024\/05\/aau-graduation2024.jpg 930w, https:\/\/interamerica.org\/wp-content\/uploads\/2024\/05\/aau-graduation2024-300x240.jpg 300w, https:\/\/interamerica.org\/wp-content\/uploads\/2024\/05\/aau-graduation2024-768x614.jpg 768w\" sizes=\"(max-width: 834px) 100vw, 834px\" \/><p id=\"caption-attachment-115541\" class=\"wp-caption-text\">La clase de graduandos de 2024 muestra sus expresiones de regocijo, durante el fin de la ceremonia en el campus de la Universidad Adventista de las Antillas, el pasado 26 de mayo de 2024. [Fotograf\u00eda: Centro de Medios de las Antillas]<\/p><\/div>Desde 1961, la Universidad Adventista de las Antillas ha brindado servicios a la comunidad y los estudiantes de Puerto Rico y de cinco continentes, destac\u00e1ndose por su compromiso con la excelencia acad\u00e9mica, la educaci\u00f3n integral y el servicio desinteresado.<\/p>\n<p>Para saber m\u00e1s sobre la Universidad Adventista de las Antillas, ingrese a <a href=\"https:\/\/www.uaa.edu\/\">uaa.edu<\/a><\/p>\n<p>Traducci\u00f3n de Marcos Paseggi<\/p>\n","protected":false},"excerpt":{"rendered":"<p>El evento combin\u00f3 palabras de la rectora saliente Myrna Col\u00f3n y del rector entrante Edwin Hern\u00e1ndez. 28 de mayo de 2024 | Mayag\u00fcez, Puerto Rico | Lorell Varela y Noticias&#8230;<\/p>\n","protected":false},"author":3,"featured_media":115538,"comment_status":"closed","ping_status":"closed","sticky":false,"template":"","format":"standard","meta":{"_acf_changed":false,"footnotes":""},"categories":[17,15],"tags":[],"class_list":["post-115565","post","type-post","status-publish","format-standard","has-post-thumbnail","hentry","category-desde-el-campo","category-rss-espanol"],"acf":[],"yoast_head":"<!-- This site is optimized with the Yoast SEO plugin v27.3 - https:\/\/yoast.com\/product\/yoast-seo-wordpress\/ -->\n<title>Graduaci\u00f3n de la Universidad Adventista de las Antillas destaca cambio de liderazgo - Iglesia Adventista del S\u00e9ptimo D\u00eda - Divisi\u00f3n Interamericana<\/title>\n<meta name=\"robots\" content=\"index, follow, max-snippet:-1, max-image-preview:large, max-video-preview:-1\" \/>\n<link rel=\"canonical\" href=\"https:\/\/interamerica.org\/es\/2024\/05\/graduacion-de-la-universidad-adventista-de-las-antillas-destaca-cambio-de-liderazgo\/\" \/>\n<meta property=\"og:locale\" content=\"es_ES\" \/>\n<meta property=\"og:type\" content=\"article\" \/>\n<meta property=\"og:title\" content=\"Graduaci\u00f3n de la Universidad Adventista de las Antillas destaca cambio de liderazgo - Iglesia Adventista del S\u00e9ptimo D\u00eda - Divisi\u00f3n Interamericana\" \/>\n<meta property=\"og:description\" content=\"El evento combin\u00f3 palabras de la rectora saliente Myrna Col\u00f3n y del rector entrante Edwin Hern\u00e1ndez. 28 de mayo de 2024 | Mayag\u00fcez, Puerto Rico | Lorell Varela y Noticias...\" \/>\n<meta property=\"og:url\" content=\"https:\/\/interamerica.org\/es\/2024\/05\/graduacion-de-la-universidad-adventista-de-las-antillas-destaca-cambio-de-liderazgo\/\" \/>\n<meta property=\"og:site_name\" content=\"Iglesia Adventista del S\u00e9ptimo D\u00eda - Divisi\u00f3n Interamericana\" \/>\n<meta property=\"article:published_time\" content=\"2024-05-28T20:57:23+00:00\" \/>\n<meta property=\"article:modified_time\" content=\"2024-05-29T08:15:56+00:00\" \/>\n<meta property=\"og:image\" content=\"https:\/\/interamerica.org\/wp-content\/uploads\/2024\/05\/aau-honor-drmyrnacolon-2024.jpg\" \/>\n\t<meta property=\"og:image:width\" content=\"900\" \/>\n\t<meta property=\"og:image:height\" content=\"720\" \/>\n\t<meta property=\"og:image:type\" content=\"image\/jpeg\" \/>\n<meta name=\"author\" content=\"libna\" \/>\n<meta name=\"twitter:card\" content=\"summary_large_image\" \/>\n<meta name=\"twitter:label1\" content=\"Escrito por\" \/>\n\t<meta name=\"twitter:data1\" content=\"libna\" \/>\n\t<meta name=\"twitter:label2\" content=\"Tiempo de lectura\" \/>\n\t<meta name=\"twitter:data2\" content=\"5 minutos\" \/>\n<script type=\"application\/ld+json\" class=\"yoast-schema-graph\">{\"@context\":\"https:\\\/\\\/schema.org\",\"@graph\":[{\"@type\":\"Article\",\"@id\":\"https:\\\/\\\/interamerica.org\\\/es\\\/2024\\\/05\\\/graduacion-de-la-universidad-adventista-de-las-antillas-destaca-cambio-de-liderazgo\\\/#article\",\"isPartOf\":{\"@id\":\"https:\\\/\\\/interamerica.org\\\/es\\\/2024\\\/05\\\/graduacion-de-la-universidad-adventista-de-las-antillas-destaca-cambio-de-liderazgo\\\/\"},\"author\":{\"name\":\"libna\",\"@id\":\"https:\\\/\\\/interamerica.org\\\/es\\\/#\\\/schema\\\/person\\\/29998f2bc2d8bd0d38662909289b54f1\"},\"headline\":\"Graduaci\u00f3n de la Universidad Adventista de las Antillas destaca cambio de liderazgo\",\"datePublished\":\"2024-05-28T20:57:23+00:00\",\"dateModified\":\"2024-05-29T08:15:56+00:00\",\"mainEntityOfPage\":{\"@id\":\"https:\\\/\\\/interamerica.org\\\/es\\\/2024\\\/05\\\/graduacion-de-la-universidad-adventista-de-las-antillas-destaca-cambio-de-liderazgo\\\/\"},\"wordCount\":925,\"image\":{\"@id\":\"https:\\\/\\\/interamerica.org\\\/es\\\/2024\\\/05\\\/graduacion-de-la-universidad-adventista-de-las-antillas-destaca-cambio-de-liderazgo\\\/#primaryimage\"},\"thumbnailUrl\":\"https:\\\/\\\/interamerica.org\\\/wp-content\\\/uploads\\\/2024\\\/05\\\/aau-honor-drmyrnacolon-2024.jpg\",\"articleSection\":[\"Desde el campo\",\"RSS Espa\u00f1ol\"],\"inLanguage\":\"es\"},{\"@type\":\"WebPage\",\"@id\":\"https:\\\/\\\/interamerica.org\\\/es\\\/2024\\\/05\\\/graduacion-de-la-universidad-adventista-de-las-antillas-destaca-cambio-de-liderazgo\\\/\",\"url\":\"https:\\\/\\\/interamerica.org\\\/es\\\/2024\\\/05\\\/graduacion-de-la-universidad-adventista-de-las-antillas-destaca-cambio-de-liderazgo\\\/\",\"name\":\"Graduaci\u00f3n de la Universidad Adventista de las Antillas destaca cambio de liderazgo - Iglesia Adventista del S\u00e9ptimo D\u00eda - Divisi\u00f3n Interamericana\",\"isPartOf\":{\"@id\":\"https:\\\/\\\/interamerica.org\\\/es\\\/#website\"},\"primaryImageOfPage\":{\"@id\":\"https:\\\/\\\/interamerica.org\\\/es\\\/2024\\\/05\\\/graduacion-de-la-universidad-adventista-de-las-antillas-destaca-cambio-de-liderazgo\\\/#primaryimage\"},\"image\":{\"@id\":\"https:\\\/\\\/interamerica.org\\\/es\\\/2024\\\/05\\\/graduacion-de-la-universidad-adventista-de-las-antillas-destaca-cambio-de-liderazgo\\\/#primaryimage\"},\"thumbnailUrl\":\"https:\\\/\\\/interamerica.org\\\/wp-content\\\/uploads\\\/2024\\\/05\\\/aau-honor-drmyrnacolon-2024.jpg\",\"datePublished\":\"2024-05-28T20:57:23+00:00\",\"dateModified\":\"2024-05-29T08:15:56+00:00\",\"author\":{\"@id\":\"https:\\\/\\\/interamerica.org\\\/es\\\/#\\\/schema\\\/person\\\/29998f2bc2d8bd0d38662909289b54f1\"},\"breadcrumb\":{\"@id\":\"https:\\\/\\\/interamerica.org\\\/es\\\/2024\\\/05\\\/graduacion-de-la-universidad-adventista-de-las-antillas-destaca-cambio-de-liderazgo\\\/#breadcrumb\"},\"inLanguage\":\"es\",\"potentialAction\":[{\"@type\":\"ReadAction\",\"target\":[\"https:\\\/\\\/interamerica.org\\\/es\\\/2024\\\/05\\\/graduacion-de-la-universidad-adventista-de-las-antillas-destaca-cambio-de-liderazgo\\\/\"]}]},{\"@type\":\"ImageObject\",\"inLanguage\":\"es\",\"@id\":\"https:\\\/\\\/interamerica.org\\\/es\\\/2024\\\/05\\\/graduacion-de-la-universidad-adventista-de-las-antillas-destaca-cambio-de-liderazgo\\\/#primaryimage\",\"url\":\"https:\\\/\\\/interamerica.org\\\/wp-content\\\/uploads\\\/2024\\\/05\\\/aau-honor-drmyrnacolon-2024.jpg\",\"contentUrl\":\"https:\\\/\\\/interamerica.org\\\/wp-content\\\/uploads\\\/2024\\\/05\\\/aau-honor-drmyrnacolon-2024.jpg\",\"width\":900,\"height\":720,\"caption\":\"[Photo: Antillean Media Center]\"},{\"@type\":\"BreadcrumbList\",\"@id\":\"https:\\\/\\\/interamerica.org\\\/es\\\/2024\\\/05\\\/graduacion-de-la-universidad-adventista-de-las-antillas-destaca-cambio-de-liderazgo\\\/#breadcrumb\",\"itemListElement\":[{\"@type\":\"ListItem\",\"position\":1,\"name\":\"Home\",\"item\":\"https:\\\/\\\/interamerica.org\\\/es\\\/\"},{\"@type\":\"ListItem\",\"position\":2,\"name\":\"Graduaci\u00f3n de la Universidad Adventista de las Antillas destaca cambio de liderazgo\"}]},{\"@type\":\"WebSite\",\"@id\":\"https:\\\/\\\/interamerica.org\\\/es\\\/#website\",\"url\":\"https:\\\/\\\/interamerica.org\\\/es\\\/\",\"name\":\"Iglesia Adventista del S\u00e9ptimo D\u00eda - Divisi\u00f3n Interamericana\",\"description\":\"\",\"potentialAction\":[{\"@type\":\"SearchAction\",\"target\":{\"@type\":\"EntryPoint\",\"urlTemplate\":\"https:\\\/\\\/interamerica.org\\\/es\\\/?s={search_term_string}\"},\"query-input\":{\"@type\":\"PropertyValueSpecification\",\"valueRequired\":true,\"valueName\":\"search_term_string\"}}],\"inLanguage\":\"es\"},{\"@type\":\"Person\",\"@id\":\"https:\\\/\\\/interamerica.org\\\/es\\\/#\\\/schema\\\/person\\\/29998f2bc2d8bd0d38662909289b54f1\",\"name\":\"libna\",\"image\":{\"@type\":\"ImageObject\",\"inLanguage\":\"es\",\"@id\":\"https:\\\/\\\/secure.gravatar.com\\\/avatar\\\/7c5bd30ae4b47a9ba3c856590957fd1d96dc588bf3ac05719d247e126840331f?s=96&d=mm&r=g\",\"url\":\"https:\\\/\\\/secure.gravatar.com\\\/avatar\\\/7c5bd30ae4b47a9ba3c856590957fd1d96dc588bf3ac05719d247e126840331f?s=96&d=mm&r=g\",\"contentUrl\":\"https:\\\/\\\/secure.gravatar.com\\\/avatar\\\/7c5bd30ae4b47a9ba3c856590957fd1d96dc588bf3ac05719d247e126840331f?s=96&d=mm&r=g\",\"caption\":\"libna\"}}]}<\/script>\n<!-- \/ Yoast SEO plugin. -->","yoast_head_json":{"title":"Graduaci\u00f3n de la Universidad Adventista de las Antillas destaca cambio de liderazgo - Iglesia Adventista del S\u00e9ptimo D\u00eda - Divisi\u00f3n Interamericana","robots":{"index":"index","follow":"follow","max-snippet":"max-snippet:-1","max-image-preview":"max-image-preview:large","max-video-preview":"max-video-preview:-1"},"canonical":"https:\/\/interamerica.org\/es\/2024\/05\/graduacion-de-la-universidad-adventista-de-las-antillas-destaca-cambio-de-liderazgo\/","og_locale":"es_ES","og_type":"article","og_title":"Graduaci\u00f3n de la Universidad Adventista de las Antillas destaca cambio de liderazgo - Iglesia Adventista del S\u00e9ptimo D\u00eda - Divisi\u00f3n Interamericana","og_description":"El evento combin\u00f3 palabras de la rectora saliente Myrna Col\u00f3n y del rector entrante Edwin Hern\u00e1ndez. 28 de mayo de 2024 | Mayag\u00fcez, Puerto Rico | Lorell Varela y Noticias...","og_url":"https:\/\/interamerica.org\/es\/2024\/05\/graduacion-de-la-universidad-adventista-de-las-antillas-destaca-cambio-de-liderazgo\/","og_site_name":"Iglesia Adventista del S\u00e9ptimo D\u00eda - Divisi\u00f3n Interamericana","article_published_time":"2024-05-28T20:57:23+00:00","article_modified_time":"2024-05-29T08:15:56+00:00","og_image":[{"width":900,"height":720,"url":"https:\/\/interamerica.org\/wp-content\/uploads\/2024\/05\/aau-honor-drmyrnacolon-2024.jpg","type":"image\/jpeg"}],"author":"libna","twitter_card":"summary_large_image","twitter_misc":{"Escrito por":"libna","Tiempo de lectura":"5 minutos"},"schema":{"@context":"https:\/\/schema.org","@graph":[{"@type":"Article","@id":"https:\/\/interamerica.org\/es\/2024\/05\/graduacion-de-la-universidad-adventista-de-las-antillas-destaca-cambio-de-liderazgo\/#article","isPartOf":{"@id":"https:\/\/interamerica.org\/es\/2024\/05\/graduacion-de-la-universidad-adventista-de-las-antillas-destaca-cambio-de-liderazgo\/"},"author":{"name":"libna","@id":"https:\/\/interamerica.org\/es\/#\/schema\/person\/29998f2bc2d8bd0d38662909289b54f1"},"headline":"Graduaci\u00f3n de la Universidad Adventista de las Antillas destaca cambio de liderazgo","datePublished":"2024-05-28T20:57:23+00:00","dateModified":"2024-05-29T08:15:56+00:00","mainEntityOfPage":{"@id":"https:\/\/interamerica.org\/es\/2024\/05\/graduacion-de-la-universidad-adventista-de-las-antillas-destaca-cambio-de-liderazgo\/"},"wordCount":925,"image":{"@id":"https:\/\/interamerica.org\/es\/2024\/05\/graduacion-de-la-universidad-adventista-de-las-antillas-destaca-cambio-de-liderazgo\/#primaryimage"},"thumbnailUrl":"https:\/\/interamerica.org\/wp-content\/uploads\/2024\/05\/aau-honor-drmyrnacolon-2024.jpg","articleSection":["Desde el campo","RSS Espa\u00f1ol"],"inLanguage":"es"},{"@type":"WebPage","@id":"https:\/\/interamerica.org\/es\/2024\/05\/graduacion-de-la-universidad-adventista-de-las-antillas-destaca-cambio-de-liderazgo\/","url":"https:\/\/interamerica.org\/es\/2024\/05\/graduacion-de-la-universidad-adventista-de-las-antillas-destaca-cambio-de-liderazgo\/","name":"Graduaci\u00f3n de la Universidad Adventista de las Antillas destaca cambio de liderazgo - Iglesia Adventista del S\u00e9ptimo D\u00eda - Divisi\u00f3n Interamericana","isPartOf":{"@id":"https:\/\/interamerica.org\/es\/#website"},"primaryImageOfPage":{"@id":"https:\/\/interamerica.org\/es\/2024\/05\/graduacion-de-la-universidad-adventista-de-las-antillas-destaca-cambio-de-liderazgo\/#primaryimage"},"image":{"@id":"https:\/\/interamerica.org\/es\/2024\/05\/graduacion-de-la-universidad-adventista-de-las-antillas-destaca-cambio-de-liderazgo\/#primaryimage"},"thumbnailUrl":"https:\/\/interamerica.org\/wp-content\/uploads\/2024\/05\/aau-honor-drmyrnacolon-2024.jpg","datePublished":"2024-05-28T20:57:23+00:00","dateModified":"2024-05-29T08:15:56+00:00","author":{"@id":"https:\/\/interamerica.org\/es\/#\/schema\/person\/29998f2bc2d8bd0d38662909289b54f1"},"breadcrumb":{"@id":"https:\/\/interamerica.org\/es\/2024\/05\/graduacion-de-la-universidad-adventista-de-las-antillas-destaca-cambio-de-liderazgo\/#breadcrumb"},"inLanguage":"es","potentialAction":[{"@type":"ReadAction","target":["https:\/\/interamerica.org\/es\/2024\/05\/graduacion-de-la-universidad-adventista-de-las-antillas-destaca-cambio-de-liderazgo\/"]}]},{"@type":"ImageObject","inLanguage":"es","@id":"https:\/\/interamerica.org\/es\/2024\/05\/graduacion-de-la-universidad-adventista-de-las-antillas-destaca-cambio-de-liderazgo\/#primaryimage","url":"https:\/\/interamerica.org\/wp-content\/uploads\/2024\/05\/aau-honor-drmyrnacolon-2024.jpg","contentUrl":"https:\/\/interamerica.org\/wp-content\/uploads\/2024\/05\/aau-honor-drmyrnacolon-2024.jpg","width":900,"height":720,"caption":"[Photo: Antillean Media Center]"},{"@type":"BreadcrumbList","@id":"https:\/\/interamerica.org\/es\/2024\/05\/graduacion-de-la-universidad-adventista-de-las-antillas-destaca-cambio-de-liderazgo\/#breadcrumb","itemListElement":[{"@type":"ListItem","position":1,"name":"Home","item":"https:\/\/interamerica.org\/es\/"},{"@type":"ListItem","position":2,"name":"Graduaci\u00f3n de la Universidad Adventista de las Antillas destaca cambio de liderazgo"}]},{"@type":"WebSite","@id":"https:\/\/interamerica.org\/es\/#website","url":"https:\/\/interamerica.org\/es\/","name":"Iglesia Adventista del S\u00e9ptimo D\u00eda - Divisi\u00f3n Interamericana","description":"","potentialAction":[{"@type":"SearchAction","target":{"@type":"EntryPoint","urlTemplate":"https:\/\/interamerica.org\/es\/?s={search_term_string}"},"query-input":{"@type":"PropertyValueSpecification","valueRequired":true,"valueName":"search_term_string"}}],"inLanguage":"es"},{"@type":"Person","@id":"https:\/\/interamerica.org\/es\/#\/schema\/person\/29998f2bc2d8bd0d38662909289b54f1","name":"libna","image":{"@type":"ImageObject","inLanguage":"es","@id":"https:\/\/secure.gravatar.com\/avatar\/7c5bd30ae4b47a9ba3c856590957fd1d96dc588bf3ac05719d247e126840331f?s=96&d=mm&r=g","url":"https:\/\/secure.gravatar.com\/avatar\/7c5bd30ae4b47a9ba3c856590957fd1d96dc588bf3ac05719d247e126840331f?s=96&d=mm&r=g","contentUrl":"https:\/\/secure.gravatar.com\/avatar\/7c5bd30ae4b47a9ba3c856590957fd1d96dc588bf3ac05719d247e126840331f?s=96&d=mm&r=g","caption":"libna"}}]}},"_links":{"self":[{"href":"https:\/\/interamerica.org\/es\/wp-json\/wp\/v2\/posts\/115565","targetHints":{"allow":["GET"]}}],"collection":[{"href":"https:\/\/interamerica.org\/es\/wp-json\/wp\/v2\/posts"}],"about":[{"href":"https:\/\/interamerica.org\/es\/wp-json\/wp\/v2\/types\/post"}],"author":[{"embeddable":true,"href":"https:\/\/interamerica.org\/es\/wp-json\/wp\/v2\/users\/3"}],"replies":[{"embeddable":true,"href":"https:\/\/interamerica.org\/es\/wp-json\/wp\/v2\/comments?post=115565"}],"version-history":[{"count":0,"href":"https:\/\/interamerica.org\/es\/wp-json\/wp\/v2\/posts\/115565\/revisions"}],"wp:featuredmedia":[{"embeddable":true,"href":"https:\/\/interamerica.org\/es\/wp-json\/wp\/v2\/media\/115538"}],"wp:attachment":[{"href":"https:\/\/interamerica.org\/es\/wp-json\/wp\/v2\/media?parent=115565"}],"wp:term":[{"taxonomy":"category","embeddable":true,"href":"https:\/\/interamerica.org\/es\/wp-json\/wp\/v2\/categories?post=115565"},{"taxonomy":"post_tag","embeddable":true,"href":"https:\/\/interamerica.org\/es\/wp-json\/wp\/v2\/tags?post=115565"}],"curies":[{"name":"wp","href":"https:\/\/api.w.org\/{rel}","templated":true}]}}