{"id":11562,"date":"2010-05-29T00:00:00","date_gmt":"2010-05-29T04:00:00","guid":{"rendered":"http:\/\/192.81.217.108\/interamerica\/2010\/05\/interamerica-adra-reconocida-por-su-trabajo-de-asistencia-en-el-caribe\/"},"modified":"2017-06-02T08:59:59","modified_gmt":"2017-06-02T12:59:59","slug":"interamerica-adra-reconocida-por-su-trabajo-de-asistencia-en-el-caribe","status":"publish","type":"post","link":"https:\/\/interamerica.org\/es\/2010\/05\/interamerica-adra-reconocida-por-su-trabajo-de-asistencia-en-el-caribe\/","title":{"rendered":"Interam\u00e9rica: ADRA reconocida por su trabajo de asistencia en el Caribe"},"content":{"rendered":"<p><em >28 de mayo, 2010 &#8211; Miami, Florida, Estados Unidos&#8230;[Personal de DIA]<\/em > <\/p>\n<p>La Agencia Adventista de Desarrollo y Recursos Asistenciales (ADRA), junto a otras agencias no gubernamentales, fueron reconocidas recientemente durante el almuerzo anual del Grupo Regional de Asistencia y Log\u00edstica en las Crisis de Am\u00e9rica. ADRA fue reconocida por su dedicaci\u00f3n excepcional para ayudar en los desastres en el Caribe, en especial, despu\u00e9s del temblor que devast\u00f3 Hait\u00ed en enero. <\/p>\n<p>El almuerzo fue a bordo del crucero <em >Carnival Imagination <\/em >en el Puerto de Miami, el 7 de mayo, 2010. <\/p>\n<p>M\u00e1s de 200 oficiales del gobierno , corporaciones, y organizaciones sin fines de lucro tambi\u00e9n se congregaron para deliberar sobre log\u00edstica de ayuda para las Am\u00e9ricas y el Caribe que podr\u00eda ocurrir este a\u00f1o. <\/p>\n<p>Jeb Bush, anterior gobernador de Florida, fue el orador principal del evento. \u00c9l discuti\u00f3 la importancia de implicar las oranizaciones sin fines de lucro en la coordinaci\u00f3n del trabajo de socorro que sigue a los desastres naturales y crisis humanas en el Caribe. Bush expres\u00f3 su fuerte respaldo de desarrollo econ\u00f3mico y social en el Caribe. El Gobernador Bush dijo que \u00abestas contribuciones promueven la buena voluntad y fortalecen las relaciones de Florida con nuestros vecinos en el Caribe\u00bb. <\/p>\n<p>El director ejecutivo de AmericasRelief Team, el doctor Teo A. Balbun, Jr., present\u00f3 reconocimiento especial a Wally Amundson, director de ADRA para Interam\u00e9rica, as\u00ed como al Centro de Comercio Mundial Miami, El Ej\u00e9rcito de Salvaci\u00f3n, La Cruz Roja Americana para la Gran Miami y los Cayos, y OFDA (siglas en ingl\u00e9s para la Oficina de Asistencia en Desastres en el Extranjero de Estados Unidos), entre otras. <\/p>\n<p><em >Adaptado de AmericasRelief Team news report<\/em > <\/p>\n","protected":false},"excerpt":{"rendered":"<p>La Agencia Adventista de Desarrollo y Recursos Asistenciales (ADRA), fue reconocida, hace poco, durante el almuerzo anual de AmericasRelief Team Regional Crisis Relief an Logistic por su excepcional dedicaci\u00f3n para socorrer en los desastres del Car<\/p>\n","protected":false},"author":1,"featured_media":0,"comment_status":"closed","ping_status":"closed","sticky":false,"template":"","format":"standard","meta":{"_acf_changed":false,"footnotes":""},"categories":[8],"tags":[],"class_list":["post-11562","post","type-post","status-publish","format-standard","hentry","category-archivo"],"acf":[],"yoast_head":"<!-- This site is optimized with the Yoast SEO plugin v27.3 - https:\/\/yoast.com\/product\/yoast-seo-wordpress\/ -->\n<title>Interam\u00e9rica: ADRA reconocida por su trabajo de asistencia en el Caribe - Iglesia Adventista del S\u00e9ptimo D\u00eda - Divisi\u00f3n Interamericana<\/title>\n<meta name=\"robots\" content=\"index, follow, max-snippet:-1, max-image-preview:large, max-video-preview:-1\" \/>\n<link rel=\"canonical\" href=\"https:\/\/interamerica.org\/es\/2010\/05\/interamerica-adra-reconocida-por-su-trabajo-de-asistencia-en-el-caribe\/\" \/>\n<meta property=\"og:locale\" content=\"es_ES\" \/>\n<meta property=\"og:type\" content=\"article\" \/>\n<meta property=\"og:title\" content=\"Interam\u00e9rica: ADRA reconocida por su trabajo de asistencia en el Caribe - Iglesia Adventista del S\u00e9ptimo D\u00eda - Divisi\u00f3n Interamericana\" \/>\n<meta property=\"og:description\" content=\"La Agencia Adventista de Desarrollo y Recursos Asistenciales (ADRA), fue reconocida, hace poco, durante el almuerzo anual de AmericasRelief Team Regional Crisis Relief an Logistic por su excepcional dedicaci\u00f3n para socorrer en los desastres del Car\" \/>\n<meta property=\"og:url\" content=\"https:\/\/interamerica.org\/es\/2010\/05\/interamerica-adra-reconocida-por-su-trabajo-de-asistencia-en-el-caribe\/\" \/>\n<meta property=\"og:site_name\" content=\"Iglesia Adventista del S\u00e9ptimo D\u00eda - Divisi\u00f3n Interamericana\" \/>\n<meta property=\"article:published_time\" content=\"2010-05-29T04:00:00+00:00\" \/>\n<meta property=\"article:modified_time\" content=\"2017-06-02T12:59:59+00:00\" \/>\n<meta name=\"author\" content=\"Lorenzo Verduzco\" \/>\n<meta name=\"twitter:card\" content=\"summary_large_image\" \/>\n<meta name=\"twitter:label1\" content=\"Escrito por\" \/>\n\t<meta name=\"twitter:data1\" content=\"Lorenzo Verduzco\" \/>\n\t<meta name=\"twitter:label2\" content=\"Tiempo de lectura\" \/>\n\t<meta name=\"twitter:data2\" content=\"1 minuto\" \/>\n<script type=\"application\/ld+json\" class=\"yoast-schema-graph\">{\"@context\":\"https:\\\/\\\/schema.org\",\"@graph\":[{\"@type\":\"Article\",\"@id\":\"https:\\\/\\\/interamerica.org\\\/es\\\/2010\\\/05\\\/interamerica-adra-reconocida-por-su-trabajo-de-asistencia-en-el-caribe\\\/#article\",\"isPartOf\":{\"@id\":\"https:\\\/\\\/interamerica.org\\\/es\\\/2010\\\/05\\\/interamerica-adra-reconocida-por-su-trabajo-de-asistencia-en-el-caribe\\\/\"},\"author\":{\"name\":\"Lorenzo Verduzco\",\"@id\":\"https:\\\/\\\/interamerica.org\\\/es\\\/#\\\/schema\\\/person\\\/68ede8bdc292885bb76c1e3810e73c39\"},\"headline\":\"Interam\u00e9rica: ADRA reconocida por su trabajo de asistencia en el Caribe\",\"datePublished\":\"2010-05-29T04:00:00+00:00\",\"dateModified\":\"2017-06-02T12:59:59+00:00\",\"mainEntityOfPage\":{\"@id\":\"https:\\\/\\\/interamerica.org\\\/es\\\/2010\\\/05\\\/interamerica-adra-reconocida-por-su-trabajo-de-asistencia-en-el-caribe\\\/\"},\"wordCount\":297,\"articleSection\":[\"Archivo\"],\"inLanguage\":\"es\"},{\"@type\":\"WebPage\",\"@id\":\"https:\\\/\\\/interamerica.org\\\/es\\\/2010\\\/05\\\/interamerica-adra-reconocida-por-su-trabajo-de-asistencia-en-el-caribe\\\/\",\"url\":\"https:\\\/\\\/interamerica.org\\\/es\\\/2010\\\/05\\\/interamerica-adra-reconocida-por-su-trabajo-de-asistencia-en-el-caribe\\\/\",\"name\":\"Interam\u00e9rica: ADRA reconocida por su trabajo de asistencia en el Caribe - Iglesia Adventista del S\u00e9ptimo D\u00eda - Divisi\u00f3n Interamericana\",\"isPartOf\":{\"@id\":\"https:\\\/\\\/interamerica.org\\\/es\\\/#website\"},\"datePublished\":\"2010-05-29T04:00:00+00:00\",\"dateModified\":\"2017-06-02T12:59:59+00:00\",\"author\":{\"@id\":\"https:\\\/\\\/interamerica.org\\\/es\\\/#\\\/schema\\\/person\\\/68ede8bdc292885bb76c1e3810e73c39\"},\"breadcrumb\":{\"@id\":\"https:\\\/\\\/interamerica.org\\\/es\\\/2010\\\/05\\\/interamerica-adra-reconocida-por-su-trabajo-de-asistencia-en-el-caribe\\\/#breadcrumb\"},\"inLanguage\":\"es\",\"potentialAction\":[{\"@type\":\"ReadAction\",\"target\":[\"https:\\\/\\\/interamerica.org\\\/es\\\/2010\\\/05\\\/interamerica-adra-reconocida-por-su-trabajo-de-asistencia-en-el-caribe\\\/\"]}]},{\"@type\":\"BreadcrumbList\",\"@id\":\"https:\\\/\\\/interamerica.org\\\/es\\\/2010\\\/05\\\/interamerica-adra-reconocida-por-su-trabajo-de-asistencia-en-el-caribe\\\/#breadcrumb\",\"itemListElement\":[{\"@type\":\"ListItem\",\"position\":1,\"name\":\"Home\",\"item\":\"https:\\\/\\\/interamerica.org\\\/es\\\/\"},{\"@type\":\"ListItem\",\"position\":2,\"name\":\"Interam\u00e9rica: ADRA reconocida por su trabajo de asistencia en el Caribe\"}]},{\"@type\":\"WebSite\",\"@id\":\"https:\\\/\\\/interamerica.org\\\/es\\\/#website\",\"url\":\"https:\\\/\\\/interamerica.org\\\/es\\\/\",\"name\":\"Iglesia Adventista del S\u00e9ptimo D\u00eda - Divisi\u00f3n Interamericana\",\"description\":\"\",\"potentialAction\":[{\"@type\":\"SearchAction\",\"target\":{\"@type\":\"EntryPoint\",\"urlTemplate\":\"https:\\\/\\\/interamerica.org\\\/es\\\/?s={search_term_string}\"},\"query-input\":{\"@type\":\"PropertyValueSpecification\",\"valueRequired\":true,\"valueName\":\"search_term_string\"}}],\"inLanguage\":\"es\"},{\"@type\":\"Person\",\"@id\":\"https:\\\/\\\/interamerica.org\\\/es\\\/#\\\/schema\\\/person\\\/68ede8bdc292885bb76c1e3810e73c39\",\"name\":\"Lorenzo Verduzco\",\"image\":{\"@type\":\"ImageObject\",\"inLanguage\":\"es\",\"@id\":\"https:\\\/\\\/secure.gravatar.com\\\/avatar\\\/fb81a55b6218459490a9c1dc841a34909185b81904c5337b4b27f7a6fd60c49e?s=96&d=mm&r=g\",\"url\":\"https:\\\/\\\/secure.gravatar.com\\\/avatar\\\/fb81a55b6218459490a9c1dc841a34909185b81904c5337b4b27f7a6fd60c49e?s=96&d=mm&r=g\",\"contentUrl\":\"https:\\\/\\\/secure.gravatar.com\\\/avatar\\\/fb81a55b6218459490a9c1dc841a34909185b81904c5337b4b27f7a6fd60c49e?s=96&d=mm&r=g\",\"caption\":\"Lorenzo Verduzco\"}}]}<\/script>\n<!-- \/ Yoast SEO plugin. -->","yoast_head_json":{"title":"Interam\u00e9rica: ADRA reconocida por su trabajo de asistencia en el Caribe - Iglesia Adventista del S\u00e9ptimo D\u00eda - Divisi\u00f3n Interamericana","robots":{"index":"index","follow":"follow","max-snippet":"max-snippet:-1","max-image-preview":"max-image-preview:large","max-video-preview":"max-video-preview:-1"},"canonical":"https:\/\/interamerica.org\/es\/2010\/05\/interamerica-adra-reconocida-por-su-trabajo-de-asistencia-en-el-caribe\/","og_locale":"es_ES","og_type":"article","og_title":"Interam\u00e9rica: ADRA reconocida por su trabajo de asistencia en el Caribe - Iglesia Adventista del S\u00e9ptimo D\u00eda - Divisi\u00f3n Interamericana","og_description":"La Agencia Adventista de Desarrollo y Recursos Asistenciales (ADRA), fue reconocida, hace poco, durante el almuerzo anual de AmericasRelief Team Regional Crisis Relief an Logistic por su excepcional dedicaci\u00f3n para socorrer en los desastres del Car","og_url":"https:\/\/interamerica.org\/es\/2010\/05\/interamerica-adra-reconocida-por-su-trabajo-de-asistencia-en-el-caribe\/","og_site_name":"Iglesia Adventista del S\u00e9ptimo D\u00eda - Divisi\u00f3n Interamericana","article_published_time":"2010-05-29T04:00:00+00:00","article_modified_time":"2017-06-02T12:59:59+00:00","author":"Lorenzo Verduzco","twitter_card":"summary_large_image","twitter_misc":{"Escrito por":"Lorenzo Verduzco","Tiempo de lectura":"1 minuto"},"schema":{"@context":"https:\/\/schema.org","@graph":[{"@type":"Article","@id":"https:\/\/interamerica.org\/es\/2010\/05\/interamerica-adra-reconocida-por-su-trabajo-de-asistencia-en-el-caribe\/#article","isPartOf":{"@id":"https:\/\/interamerica.org\/es\/2010\/05\/interamerica-adra-reconocida-por-su-trabajo-de-asistencia-en-el-caribe\/"},"author":{"name":"Lorenzo Verduzco","@id":"https:\/\/interamerica.org\/es\/#\/schema\/person\/68ede8bdc292885bb76c1e3810e73c39"},"headline":"Interam\u00e9rica: ADRA reconocida por su trabajo de asistencia en el Caribe","datePublished":"2010-05-29T04:00:00+00:00","dateModified":"2017-06-02T12:59:59+00:00","mainEntityOfPage":{"@id":"https:\/\/interamerica.org\/es\/2010\/05\/interamerica-adra-reconocida-por-su-trabajo-de-asistencia-en-el-caribe\/"},"wordCount":297,"articleSection":["Archivo"],"inLanguage":"es"},{"@type":"WebPage","@id":"https:\/\/interamerica.org\/es\/2010\/05\/interamerica-adra-reconocida-por-su-trabajo-de-asistencia-en-el-caribe\/","url":"https:\/\/interamerica.org\/es\/2010\/05\/interamerica-adra-reconocida-por-su-trabajo-de-asistencia-en-el-caribe\/","name":"Interam\u00e9rica: ADRA reconocida por su trabajo de asistencia en el Caribe - Iglesia Adventista del S\u00e9ptimo D\u00eda - Divisi\u00f3n Interamericana","isPartOf":{"@id":"https:\/\/interamerica.org\/es\/#website"},"datePublished":"2010-05-29T04:00:00+00:00","dateModified":"2017-06-02T12:59:59+00:00","author":{"@id":"https:\/\/interamerica.org\/es\/#\/schema\/person\/68ede8bdc292885bb76c1e3810e73c39"},"breadcrumb":{"@id":"https:\/\/interamerica.org\/es\/2010\/05\/interamerica-adra-reconocida-por-su-trabajo-de-asistencia-en-el-caribe\/#breadcrumb"},"inLanguage":"es","potentialAction":[{"@type":"ReadAction","target":["https:\/\/interamerica.org\/es\/2010\/05\/interamerica-adra-reconocida-por-su-trabajo-de-asistencia-en-el-caribe\/"]}]},{"@type":"BreadcrumbList","@id":"https:\/\/interamerica.org\/es\/2010\/05\/interamerica-adra-reconocida-por-su-trabajo-de-asistencia-en-el-caribe\/#breadcrumb","itemListElement":[{"@type":"ListItem","position":1,"name":"Home","item":"https:\/\/interamerica.org\/es\/"},{"@type":"ListItem","position":2,"name":"Interam\u00e9rica: ADRA reconocida por su trabajo de asistencia en el Caribe"}]},{"@type":"WebSite","@id":"https:\/\/interamerica.org\/es\/#website","url":"https:\/\/interamerica.org\/es\/","name":"Iglesia Adventista del S\u00e9ptimo D\u00eda - Divisi\u00f3n Interamericana","description":"","potentialAction":[{"@type":"SearchAction","target":{"@type":"EntryPoint","urlTemplate":"https:\/\/interamerica.org\/es\/?s={search_term_string}"},"query-input":{"@type":"PropertyValueSpecification","valueRequired":true,"valueName":"search_term_string"}}],"inLanguage":"es"},{"@type":"Person","@id":"https:\/\/interamerica.org\/es\/#\/schema\/person\/68ede8bdc292885bb76c1e3810e73c39","name":"Lorenzo Verduzco","image":{"@type":"ImageObject","inLanguage":"es","@id":"https:\/\/secure.gravatar.com\/avatar\/fb81a55b6218459490a9c1dc841a34909185b81904c5337b4b27f7a6fd60c49e?s=96&d=mm&r=g","url":"https:\/\/secure.gravatar.com\/avatar\/fb81a55b6218459490a9c1dc841a34909185b81904c5337b4b27f7a6fd60c49e?s=96&d=mm&r=g","contentUrl":"https:\/\/secure.gravatar.com\/avatar\/fb81a55b6218459490a9c1dc841a34909185b81904c5337b4b27f7a6fd60c49e?s=96&d=mm&r=g","caption":"Lorenzo Verduzco"}}]}},"_links":{"self":[{"href":"https:\/\/interamerica.org\/es\/wp-json\/wp\/v2\/posts\/11562","targetHints":{"allow":["GET"]}}],"collection":[{"href":"https:\/\/interamerica.org\/es\/wp-json\/wp\/v2\/posts"}],"about":[{"href":"https:\/\/interamerica.org\/es\/wp-json\/wp\/v2\/types\/post"}],"author":[{"embeddable":true,"href":"https:\/\/interamerica.org\/es\/wp-json\/wp\/v2\/users\/1"}],"replies":[{"embeddable":true,"href":"https:\/\/interamerica.org\/es\/wp-json\/wp\/v2\/comments?post=11562"}],"version-history":[{"count":0,"href":"https:\/\/interamerica.org\/es\/wp-json\/wp\/v2\/posts\/11562\/revisions"}],"wp:attachment":[{"href":"https:\/\/interamerica.org\/es\/wp-json\/wp\/v2\/media?parent=11562"}],"wp:term":[{"taxonomy":"category","embeddable":true,"href":"https:\/\/interamerica.org\/es\/wp-json\/wp\/v2\/categories?post=11562"},{"taxonomy":"post_tag","embeddable":true,"href":"https:\/\/interamerica.org\/es\/wp-json\/wp\/v2\/tags?post=11562"}],"curies":[{"name":"wp","href":"https:\/\/api.w.org\/{rel}","templated":true}]}}