{"id":11567,"date":"2010-06-07T00:00:00","date_gmt":"2010-06-07T04:00:00","guid":{"rendered":"http:\/\/192.81.217.108\/interamerica\/2010\/06\/jamaica-planes-en-desarrollo-para-la-iglesia-reorganizar-su-territorio\/"},"modified":"2017-06-02T08:59:56","modified_gmt":"2017-06-02T12:59:56","slug":"jamaica-planes-en-desarrollo-para-la-iglesia-reorganizar-su-territorio","status":"publish","type":"post","link":"https:\/\/interamerica.org\/es\/2010\/06\/jamaica-planes-en-desarrollo-para-la-iglesia-reorganizar-su-territorio\/","title":{"rendered":"Jamaica:  Planes en desarrollo para la iglesia reorganizar su territorio"},"content":{"rendered":"<p><em >7 de junio, 2010<\/em > &#8211; Mandeville, Jamaica&#8230; [Lawrie Henry\/Nigel Coke\/DIA] <\/p>\n<p>Los planes de la reorganizaci\u00f3n de la asociaci\u00f3n Uni\u00f3n de las Indias Occidentales de la iglesia adventista del s\u00e9ptimo d\u00eda fueron presentados en la reuni\u00f3n de pastores, personal y ancianos de iglesia en el auditorio-gimnasio de la Universidad Norte\u00f1a del Caribe (NCU siglas en ingl\u00e9s) el 31 de mayo, 2010.  El pastor Israel Leito, presidente para la iglesia en Interam\u00e9rica<em > <\/em >fue el presentador principal. <\/p>\n<p>\u00abEsta reorganizaci\u00f3n es en reconocimiento del significativo crecimiento y desarrollo que ha ocurrido en la Uni\u00f3n de las Indias Occidentales en los \u00faltimos a\u00f1os\u00bb, dijo el pastor Leito, acallando de esa forma las especulaciones en el sentido de que la disoluci\u00f3n de la Uni\u00f3n de las Indias Occidentales es el comienzo de un movimiento para crear una Divisi\u00f3n de s\u00f3lo los de habla inglesa en Interam\u00e9rica. \u00abEsta reorganizaci\u00f3n no es precursora de una Divisi\u00f3n Inglesa\u00bb, explic\u00f3 Leito. \u00abLa Asociaci\u00f3n General ha hecho claro que tiene todas las divisiones que necesita y no necesita m\u00e1s\u00bb. <\/p>\n<p>El presidente Interamericano anot\u00f3 que la disoluci\u00f3n de la Uni\u00f3n de las Indias Occidentales aumentar\u00e1 el n\u00famero de uniones de habla inglesa a cuatro en la DIA, cuando la Uni\u00f3n Asociaci\u00f3n de Jamaica y la Uni\u00f3n Misi\u00f3n del Atl\u00e1ntico del Caribe sean a\u00f1adidas a las ya existentes: la Uni\u00f3n de Iglesias de Belice y la Uni\u00f3n Asociaci\u00f3n del Caribe. <\/p>\n<p>La nueva configuraci\u00f3n ver\u00e1 la formaci\u00f3n de la Uni\u00f3n Misi\u00f3n del Atl\u00e1ntico Caribe\u00f1o (ACUM siglas en ingl\u00e9s), comprendiendo cuatro campos: la Asociaci\u00f3n de Bahamas, la Asociaci\u00f3n Norte de Bahamas, la Asociaci\u00f3n de las Islas Caim\u00e1n y la Misi\u00f3n de las Islas Turcos y Caicos con cerca de 25,000 miembros. La Uni\u00f3n Asociaci\u00f3n de Jamaica (JAMU siglas en ingl\u00e9s) tendr\u00e1 cinco campos: las asociaciones del Este, Oeste, Central, Norte y Nororiental, con una membres\u00eda de cerca de 250,000 <\/p>\n<p>La reorganizaci\u00f3n tendr\u00e1 implicaciones para los requerimientos actuales de personal de la Uni\u00f3n. El pastor Leito dijo que la ACUM empezar\u00e1 con 12 empleados, mientras JAMU estar\u00e1 limitada a 20. \u00abEstos topes se establecen para asegurar que las nuevas uniones empiezan bien en lo financiero y que as\u00ed permanezcan\u00bb, agreg\u00f3 \u00e9l. <\/p>\n<p>El pastor Leito asegur\u00f3 a los que est\u00e1n preocupados por el personal que quedar\u00e1 libre, que \u00abse har\u00e1 todo para defender y proteger a los obreros que tienen que dejarse ir del actual personal de la Uni\u00f3n de las Indias Occidentales. El reglamento dice que cualquier empleado que deba dejarse ir como resultado de la reorganizaci\u00f3n gozar\u00e1 de un tiempo de remuneraci\u00f3n [seguido al mismo]. <\/p>\n<p>En un comentario anterior sobre la separaci\u00f3n, el pastor Derek Bignall dijo, \u00abMiramos hacia el futuro de este cambio en nuestro escenario eclesi\u00e1stico habiendo laborado juntos con los territorios actuales desde 1944. Esta es una se\u00f1al de madurez y crecimiento dentro de nuestra regi\u00f3n\u00bb. <\/p>\n<p>Otros asuntos anunciados por el pastor Leito en la reuni\u00f3n fueron: <\/p>\n<p>\u25cf La fecha de iniciaci\u00f3n para las nuevas uniones ser\u00e1 durante la sesi\u00f3n de la UIO programada para fines de noviembre de este a\u00f1o, en la cual se realizar\u00e1 una ceremonia de separaci\u00f3n, despu\u00e9s de la cual la actual UIO no ser\u00e1 m\u00e1s. Despu\u00e9s del acto de separaci\u00f3n, se conducir\u00e1 la primera sesi\u00f3n de negocio de la JAMU. Debido a que ACUM ser\u00e1 todav\u00eda una uni\u00f3n-misi\u00f3n, sus oficiales ser\u00e1n nombrados por el Comit\u00e9 Ejecutivo de la DIA <\/p>\n<p>\u25cf El tesorero de la actual WIU preparar\u00e1 un presupuesto para cada uni\u00f3n. <\/p>\n<p>\u25cf La separaci\u00f3n en lo financiero se efectuar\u00e1 a partir del 1 de enero 2011. Un comit\u00e9 especial, presidido por el tesorero de la Divisi\u00f3n Interamericana, se reunir\u00e1 para discutir y determinar los detalles de la separaci\u00f3n de activos. <\/p>\n<p>\u25cf La Universidad Norte del Caribe ser\u00e1 propiedad conjunta y operada por ambas uniones <\/p>\n<p>\u25cf ACUM ser\u00e1 gobernada por un reglamento operativo expedido por el Comit\u00e9 Ejecutivo de la DIA en vez de una constituci\u00f3n. <\/p>\n","protected":false},"excerpt":{"rendered":"<p>Los planes de reorganizaci\u00f3n de la asociaci\u00f3n Uni\u00f3n de las Indias Occidentales de la iglesia adventista del s\u00e9ptimo d\u00eda fueron presentados en la reuni\u00f3n de pastores, personal y ancianos de iglesia en el auditorio-<\/p>\n","protected":false},"author":1,"featured_media":0,"comment_status":"closed","ping_status":"closed","sticky":false,"template":"","format":"standard","meta":{"_acf_changed":false,"footnotes":""},"categories":[8],"tags":[],"class_list":["post-11567","post","type-post","status-publish","format-standard","hentry","category-archivo"],"acf":[],"yoast_head":"<!-- This site is optimized with the Yoast SEO plugin v27.3 - https:\/\/yoast.com\/product\/yoast-seo-wordpress\/ -->\n<title>Jamaica: Planes en desarrollo para la iglesia reorganizar su territorio - Iglesia Adventista del S\u00e9ptimo D\u00eda - Divisi\u00f3n Interamericana<\/title>\n<meta name=\"robots\" content=\"index, follow, max-snippet:-1, max-image-preview:large, max-video-preview:-1\" \/>\n<link rel=\"canonical\" href=\"https:\/\/interamerica.org\/es\/2010\/06\/jamaica-planes-en-desarrollo-para-la-iglesia-reorganizar-su-territorio\/\" \/>\n<meta property=\"og:locale\" content=\"es_ES\" \/>\n<meta property=\"og:type\" content=\"article\" \/>\n<meta property=\"og:title\" content=\"Jamaica: Planes en desarrollo para la iglesia reorganizar su territorio - Iglesia Adventista del S\u00e9ptimo D\u00eda - Divisi\u00f3n Interamericana\" \/>\n<meta property=\"og:description\" content=\"Los planes de reorganizaci\u00f3n de la asociaci\u00f3n Uni\u00f3n de las Indias Occidentales de la iglesia adventista del s\u00e9ptimo d\u00eda fueron presentados en la reuni\u00f3n de pastores, personal y ancianos de iglesia en el auditorio-\" \/>\n<meta property=\"og:url\" content=\"https:\/\/interamerica.org\/es\/2010\/06\/jamaica-planes-en-desarrollo-para-la-iglesia-reorganizar-su-territorio\/\" \/>\n<meta property=\"og:site_name\" content=\"Iglesia Adventista del S\u00e9ptimo D\u00eda - Divisi\u00f3n Interamericana\" \/>\n<meta property=\"article:published_time\" content=\"2010-06-07T04:00:00+00:00\" \/>\n<meta property=\"article:modified_time\" content=\"2017-06-02T12:59:56+00:00\" \/>\n<meta name=\"author\" content=\"Lorenzo Verduzco\" \/>\n<meta name=\"twitter:card\" content=\"summary_large_image\" \/>\n<meta name=\"twitter:label1\" content=\"Escrito por\" \/>\n\t<meta name=\"twitter:data1\" content=\"Lorenzo Verduzco\" \/>\n\t<meta name=\"twitter:label2\" content=\"Tiempo de lectura\" \/>\n\t<meta name=\"twitter:data2\" content=\"4 minutos\" \/>\n<script type=\"application\/ld+json\" class=\"yoast-schema-graph\">{\"@context\":\"https:\\\/\\\/schema.org\",\"@graph\":[{\"@type\":\"Article\",\"@id\":\"https:\\\/\\\/interamerica.org\\\/es\\\/2010\\\/06\\\/jamaica-planes-en-desarrollo-para-la-iglesia-reorganizar-su-territorio\\\/#article\",\"isPartOf\":{\"@id\":\"https:\\\/\\\/interamerica.org\\\/es\\\/2010\\\/06\\\/jamaica-planes-en-desarrollo-para-la-iglesia-reorganizar-su-territorio\\\/\"},\"author\":{\"name\":\"Lorenzo Verduzco\",\"@id\":\"https:\\\/\\\/interamerica.org\\\/es\\\/#\\\/schema\\\/person\\\/68ede8bdc292885bb76c1e3810e73c39\"},\"headline\":\"Jamaica: Planes en desarrollo para la iglesia reorganizar su territorio\",\"datePublished\":\"2010-06-07T04:00:00+00:00\",\"dateModified\":\"2017-06-02T12:59:56+00:00\",\"mainEntityOfPage\":{\"@id\":\"https:\\\/\\\/interamerica.org\\\/es\\\/2010\\\/06\\\/jamaica-planes-en-desarrollo-para-la-iglesia-reorganizar-su-territorio\\\/\"},\"wordCount\":713,\"articleSection\":[\"Archivo\"],\"inLanguage\":\"es\"},{\"@type\":\"WebPage\",\"@id\":\"https:\\\/\\\/interamerica.org\\\/es\\\/2010\\\/06\\\/jamaica-planes-en-desarrollo-para-la-iglesia-reorganizar-su-territorio\\\/\",\"url\":\"https:\\\/\\\/interamerica.org\\\/es\\\/2010\\\/06\\\/jamaica-planes-en-desarrollo-para-la-iglesia-reorganizar-su-territorio\\\/\",\"name\":\"Jamaica: Planes en desarrollo para la iglesia reorganizar su territorio - Iglesia Adventista del S\u00e9ptimo D\u00eda - Divisi\u00f3n Interamericana\",\"isPartOf\":{\"@id\":\"https:\\\/\\\/interamerica.org\\\/es\\\/#website\"},\"datePublished\":\"2010-06-07T04:00:00+00:00\",\"dateModified\":\"2017-06-02T12:59:56+00:00\",\"author\":{\"@id\":\"https:\\\/\\\/interamerica.org\\\/es\\\/#\\\/schema\\\/person\\\/68ede8bdc292885bb76c1e3810e73c39\"},\"breadcrumb\":{\"@id\":\"https:\\\/\\\/interamerica.org\\\/es\\\/2010\\\/06\\\/jamaica-planes-en-desarrollo-para-la-iglesia-reorganizar-su-territorio\\\/#breadcrumb\"},\"inLanguage\":\"es\",\"potentialAction\":[{\"@type\":\"ReadAction\",\"target\":[\"https:\\\/\\\/interamerica.org\\\/es\\\/2010\\\/06\\\/jamaica-planes-en-desarrollo-para-la-iglesia-reorganizar-su-territorio\\\/\"]}]},{\"@type\":\"BreadcrumbList\",\"@id\":\"https:\\\/\\\/interamerica.org\\\/es\\\/2010\\\/06\\\/jamaica-planes-en-desarrollo-para-la-iglesia-reorganizar-su-territorio\\\/#breadcrumb\",\"itemListElement\":[{\"@type\":\"ListItem\",\"position\":1,\"name\":\"Home\",\"item\":\"https:\\\/\\\/interamerica.org\\\/es\\\/\"},{\"@type\":\"ListItem\",\"position\":2,\"name\":\"Jamaica: Planes en desarrollo para la iglesia reorganizar su territorio\"}]},{\"@type\":\"WebSite\",\"@id\":\"https:\\\/\\\/interamerica.org\\\/es\\\/#website\",\"url\":\"https:\\\/\\\/interamerica.org\\\/es\\\/\",\"name\":\"Iglesia Adventista del S\u00e9ptimo D\u00eda - Divisi\u00f3n Interamericana\",\"description\":\"\",\"potentialAction\":[{\"@type\":\"SearchAction\",\"target\":{\"@type\":\"EntryPoint\",\"urlTemplate\":\"https:\\\/\\\/interamerica.org\\\/es\\\/?s={search_term_string}\"},\"query-input\":{\"@type\":\"PropertyValueSpecification\",\"valueRequired\":true,\"valueName\":\"search_term_string\"}}],\"inLanguage\":\"es\"},{\"@type\":\"Person\",\"@id\":\"https:\\\/\\\/interamerica.org\\\/es\\\/#\\\/schema\\\/person\\\/68ede8bdc292885bb76c1e3810e73c39\",\"name\":\"Lorenzo Verduzco\",\"image\":{\"@type\":\"ImageObject\",\"inLanguage\":\"es\",\"@id\":\"https:\\\/\\\/secure.gravatar.com\\\/avatar\\\/fb81a55b6218459490a9c1dc841a34909185b81904c5337b4b27f7a6fd60c49e?s=96&d=mm&r=g\",\"url\":\"https:\\\/\\\/secure.gravatar.com\\\/avatar\\\/fb81a55b6218459490a9c1dc841a34909185b81904c5337b4b27f7a6fd60c49e?s=96&d=mm&r=g\",\"contentUrl\":\"https:\\\/\\\/secure.gravatar.com\\\/avatar\\\/fb81a55b6218459490a9c1dc841a34909185b81904c5337b4b27f7a6fd60c49e?s=96&d=mm&r=g\",\"caption\":\"Lorenzo Verduzco\"}}]}<\/script>\n<!-- \/ Yoast SEO plugin. -->","yoast_head_json":{"title":"Jamaica: Planes en desarrollo para la iglesia reorganizar su territorio - Iglesia Adventista del S\u00e9ptimo D\u00eda - Divisi\u00f3n Interamericana","robots":{"index":"index","follow":"follow","max-snippet":"max-snippet:-1","max-image-preview":"max-image-preview:large","max-video-preview":"max-video-preview:-1"},"canonical":"https:\/\/interamerica.org\/es\/2010\/06\/jamaica-planes-en-desarrollo-para-la-iglesia-reorganizar-su-territorio\/","og_locale":"es_ES","og_type":"article","og_title":"Jamaica: Planes en desarrollo para la iglesia reorganizar su territorio - Iglesia Adventista del S\u00e9ptimo D\u00eda - Divisi\u00f3n Interamericana","og_description":"Los planes de reorganizaci\u00f3n de la asociaci\u00f3n Uni\u00f3n de las Indias Occidentales de la iglesia adventista del s\u00e9ptimo d\u00eda fueron presentados en la reuni\u00f3n de pastores, personal y ancianos de iglesia en el auditorio-","og_url":"https:\/\/interamerica.org\/es\/2010\/06\/jamaica-planes-en-desarrollo-para-la-iglesia-reorganizar-su-territorio\/","og_site_name":"Iglesia Adventista del S\u00e9ptimo D\u00eda - Divisi\u00f3n Interamericana","article_published_time":"2010-06-07T04:00:00+00:00","article_modified_time":"2017-06-02T12:59:56+00:00","author":"Lorenzo Verduzco","twitter_card":"summary_large_image","twitter_misc":{"Escrito por":"Lorenzo Verduzco","Tiempo de lectura":"4 minutos"},"schema":{"@context":"https:\/\/schema.org","@graph":[{"@type":"Article","@id":"https:\/\/interamerica.org\/es\/2010\/06\/jamaica-planes-en-desarrollo-para-la-iglesia-reorganizar-su-territorio\/#article","isPartOf":{"@id":"https:\/\/interamerica.org\/es\/2010\/06\/jamaica-planes-en-desarrollo-para-la-iglesia-reorganizar-su-territorio\/"},"author":{"name":"Lorenzo Verduzco","@id":"https:\/\/interamerica.org\/es\/#\/schema\/person\/68ede8bdc292885bb76c1e3810e73c39"},"headline":"Jamaica: Planes en desarrollo para la iglesia reorganizar su territorio","datePublished":"2010-06-07T04:00:00+00:00","dateModified":"2017-06-02T12:59:56+00:00","mainEntityOfPage":{"@id":"https:\/\/interamerica.org\/es\/2010\/06\/jamaica-planes-en-desarrollo-para-la-iglesia-reorganizar-su-territorio\/"},"wordCount":713,"articleSection":["Archivo"],"inLanguage":"es"},{"@type":"WebPage","@id":"https:\/\/interamerica.org\/es\/2010\/06\/jamaica-planes-en-desarrollo-para-la-iglesia-reorganizar-su-territorio\/","url":"https:\/\/interamerica.org\/es\/2010\/06\/jamaica-planes-en-desarrollo-para-la-iglesia-reorganizar-su-territorio\/","name":"Jamaica: Planes en desarrollo para la iglesia reorganizar su territorio - Iglesia Adventista del S\u00e9ptimo D\u00eda - Divisi\u00f3n Interamericana","isPartOf":{"@id":"https:\/\/interamerica.org\/es\/#website"},"datePublished":"2010-06-07T04:00:00+00:00","dateModified":"2017-06-02T12:59:56+00:00","author":{"@id":"https:\/\/interamerica.org\/es\/#\/schema\/person\/68ede8bdc292885bb76c1e3810e73c39"},"breadcrumb":{"@id":"https:\/\/interamerica.org\/es\/2010\/06\/jamaica-planes-en-desarrollo-para-la-iglesia-reorganizar-su-territorio\/#breadcrumb"},"inLanguage":"es","potentialAction":[{"@type":"ReadAction","target":["https:\/\/interamerica.org\/es\/2010\/06\/jamaica-planes-en-desarrollo-para-la-iglesia-reorganizar-su-territorio\/"]}]},{"@type":"BreadcrumbList","@id":"https:\/\/interamerica.org\/es\/2010\/06\/jamaica-planes-en-desarrollo-para-la-iglesia-reorganizar-su-territorio\/#breadcrumb","itemListElement":[{"@type":"ListItem","position":1,"name":"Home","item":"https:\/\/interamerica.org\/es\/"},{"@type":"ListItem","position":2,"name":"Jamaica: Planes en desarrollo para la iglesia reorganizar su territorio"}]},{"@type":"WebSite","@id":"https:\/\/interamerica.org\/es\/#website","url":"https:\/\/interamerica.org\/es\/","name":"Iglesia Adventista del S\u00e9ptimo D\u00eda - Divisi\u00f3n Interamericana","description":"","potentialAction":[{"@type":"SearchAction","target":{"@type":"EntryPoint","urlTemplate":"https:\/\/interamerica.org\/es\/?s={search_term_string}"},"query-input":{"@type":"PropertyValueSpecification","valueRequired":true,"valueName":"search_term_string"}}],"inLanguage":"es"},{"@type":"Person","@id":"https:\/\/interamerica.org\/es\/#\/schema\/person\/68ede8bdc292885bb76c1e3810e73c39","name":"Lorenzo Verduzco","image":{"@type":"ImageObject","inLanguage":"es","@id":"https:\/\/secure.gravatar.com\/avatar\/fb81a55b6218459490a9c1dc841a34909185b81904c5337b4b27f7a6fd60c49e?s=96&d=mm&r=g","url":"https:\/\/secure.gravatar.com\/avatar\/fb81a55b6218459490a9c1dc841a34909185b81904c5337b4b27f7a6fd60c49e?s=96&d=mm&r=g","contentUrl":"https:\/\/secure.gravatar.com\/avatar\/fb81a55b6218459490a9c1dc841a34909185b81904c5337b4b27f7a6fd60c49e?s=96&d=mm&r=g","caption":"Lorenzo Verduzco"}}]}},"_links":{"self":[{"href":"https:\/\/interamerica.org\/es\/wp-json\/wp\/v2\/posts\/11567","targetHints":{"allow":["GET"]}}],"collection":[{"href":"https:\/\/interamerica.org\/es\/wp-json\/wp\/v2\/posts"}],"about":[{"href":"https:\/\/interamerica.org\/es\/wp-json\/wp\/v2\/types\/post"}],"author":[{"embeddable":true,"href":"https:\/\/interamerica.org\/es\/wp-json\/wp\/v2\/users\/1"}],"replies":[{"embeddable":true,"href":"https:\/\/interamerica.org\/es\/wp-json\/wp\/v2\/comments?post=11567"}],"version-history":[{"count":0,"href":"https:\/\/interamerica.org\/es\/wp-json\/wp\/v2\/posts\/11567\/revisions"}],"wp:attachment":[{"href":"https:\/\/interamerica.org\/es\/wp-json\/wp\/v2\/media?parent=11567"}],"wp:term":[{"taxonomy":"category","embeddable":true,"href":"https:\/\/interamerica.org\/es\/wp-json\/wp\/v2\/categories?post=11567"},{"taxonomy":"post_tag","embeddable":true,"href":"https:\/\/interamerica.org\/es\/wp-json\/wp\/v2\/tags?post=11567"}],"curies":[{"name":"wp","href":"https:\/\/api.w.org\/{rel}","templated":true}]}}