{"id":11570,"date":"2010-06-15T00:00:00","date_gmt":"2010-06-15T04:00:00","guid":{"rendered":"http:\/\/192.81.217.108\/interamerica\/2010\/06\/agenda-de-la-sesion-mundial-adventista-marcada-por-elecciones-revision-del-manual-de-la-iglesia\/"},"modified":"2017-06-02T08:59:54","modified_gmt":"2017-06-02T12:59:54","slug":"agenda-de-la-sesion-mundial-adventista-marcada-por-elecciones-revision-del-manual-de-la-iglesia","status":"publish","type":"post","link":"https:\/\/interamerica.org\/es\/2010\/06\/agenda-de-la-sesion-mundial-adventista-marcada-por-elecciones-revision-del-manual-de-la-iglesia\/","title":{"rendered":"Agenda de la Sesi\u00f3n Mundial Adventista marcada por elecciones, revisi\u00f3n del Manual de la Iglesia"},"content":{"rendered":"<p>15 de junio, 2010, Silver Spring, Maryland, Estados Unidos&#8230;Elizabeth Lechleitner\/ANN <\/p>\n<p>La pr\u00f3xima semana, m\u00e1s de 2,400 delegados de la Iglesia Adventista del S\u00e9ptimo D\u00eda eligir\u00e1n sus principales l\u00edderes para los pr\u00f3ximos cinco a\u00f1os.  Tambi\u00e9n decidir\u00e1n sobre mir\u00edada de otros asuntos de agenda, que tratan desde estructura administrativa de la iglesia a cambios en su Manual. <\/p>\n<p>Cuando los delegados lleguen a Atlanta, Georgia, para la Sesi\u00f3n de la Asociaci\u00f3n General, su primer punto de negocio ser\u00e1 elegir los l\u00edderes de la iglesia, empezando con el presidente a nivel mundial y cada uno de los presidentes de las 13 regiones mundiales, as\u00ed como directores departamentales de la sede mundial de la iglesia y sus correspondientes regionales. <\/p>\n<p>Aunque elegir los l\u00edderes de la iglesia puede estar entre las tareas m\u00e1s esperadas de la Sesi\u00f3n, la mayor\u00eda de las elecciones se produce durante los primeros d\u00edas de los 11 que dura la reuni\u00f3n, dejando el resto del tiempo para informes de las regiones de la iglesia e instituciones y otros puntos de agenda. De mayor significado, tal vez, dijo el subsecretario de la iglesia a nivel mundial, Larry Evans, es un punto de agenda que, si pasa, transferir\u00eda la elecci\u00f3n de directores asociados departamentales de la Sesi\u00f3n a la primera reuni\u00f3n de negocios de la iglesia despu\u00e9s. <\/p>\n<p>Dado el volumen de elecciones que se votan en la Sesi\u00f3n, el proceso de nominaci\u00f3n puede parecer apurado, dijo Evans, dejando algunos delegdos a\u00f1orando por m\u00e1s tiempo para considerar nominados potenciales. <\/p>\n<p>La propuesta \u00abpermitir\u00eda m\u00e1s influjo a darse para encontrar asociados departamentales complementarios\u00bb, dijo Evans. \u00abEso le da a los jefes departamentales reci\u00e9n elegidos tiempo para, en realidad, formar un departamento. Como est\u00e1, \u00e9l o ella es elegido y tiene s\u00f3lo un d\u00eda para escoger dos directores asociados\u00bb. <\/p>\n<p>Con nueva tecnolog\u00eda a disposici\u00f3n de los l\u00edderes, los delegados tambi\u00e9n decidir\u00e1n sobre si miembros de los comit\u00e9s ejecutivos de la iglesia &#8211;tanto de la iglesia a nivel mundial como sus correspondientes regionales &#8212; pueden asistir officialmente a reuniones v\u00eda conferencia telef\u00f3nica, c\u00e1mara Web u otro m\u00e9todo que permita a los miembros escucharse los unos a los otros en forma simult\u00e1nea. <\/p>\n<p>Los delegados tambi\u00e9n considerar\u00e1n la composici\u00f3n de los comit\u00e9s ejecutivos de la iglesia. Ellos tambi\u00e9n decidir\u00e1n si el Comit\u00e9 Ejecutivo de la iglesia a nivel mundial deber\u00eda incluir m\u00e1s j\u00f3venes adultos y laicos, tales como pastores, maestros y misioneros. Un punto de agenda pide a los delegdos requerir a los actuales miembros del Comit\u00e9 Ejecutivo de agregar \u00abno menos de 15 y no m\u00e1s de 20\u00bb nuevos miembros de \u00abentre los laicos, incluyendo adultos j\u00f3vens\u00bb. <\/p>\n<p>Igual, una revisi\u00f3n total del Manual de Iglesia est\u00e1 en la agenda para consideraci\u00f3n en la Sesi\u00f3n. Los delegados, quienes recibieron personalmente una copia de la revisi\u00f3n propuesta a mediados de mayo, votar\u00e1n si se aprueban los cambios. <\/p>\n<p>En una reuni\u00f3n de negocios de la iglesia en 2008, los delegados votaron primero nombrar un grupo de estudio para revisar el actual Manual de Iglesia, revisado la \u00faltima vez en 2005, por \u00abestilo y cohesi\u00f3n\u00bb, dice la agenda de la Sesi\u00f3n. <\/p>\n<p>Esforz\u00e1ndose por un Manual m\u00e1s conciso, el grupo rearegl\u00f3 cap\u00edtulos, reorganiz\u00f3 p\u00e1rrafos y oraciones, elimin\u00f3 citas duplicadas y formas de expresi\u00f3n, a\u00f1adi\u00f3 textos b\u00edblicos y citas, incluy\u00f3 referencias a recursos departamentales y p\u00e1ginas de Internet y actualiz\u00f3 la forma de expresi\u00f3n para acomodar las formas de los medios de informaci\u00f3n modernos. <\/p>\n<p>El grupo tambi\u00e9n agreg\u00f3 lenguaje espc\u00edfico guiando el nombramiento de empleados de la iglesia y voluntarios que trabajan estrechamente con menores, dise\u00f1ado para mantener a los ni\u00f1os y a otras personas vulnerables libres de problemas. Aquellos implicados en el trabajo con ni\u00f1os, incluyendo programas de Conquistadores, Escuelas B\u00edblicas de Verano, Ministerio Infantil y Escuela Sab\u00e1tica, deben cumplir con las normas tanto de la iglesia como legales y con los requerimientos, tales como chequeo de circunstancias personales y experiencia o certificaci\u00f3n\u00bb, dice la revisi\u00f3n. <\/p>\n<p>Se ha agregado al la secci\u00f3n del Manual, lenguaje guiando los casos de anteriores ofensores sexuales delineando c\u00f3mo aquellos que han sido removidos como miembros pueden ser restaurados. \u00abLa reatauraci\u00f3n de la membres\u00eda no remueve todas las consecuencias de  tales graves violaciones\u00bb, lee la secci\u00f3n, agregando que los que han sido \u00abconvictos o disciplinados\u00bb por abuso sexual jam\u00e1s deber\u00edan tener una posici\u00f3n permiti\u00e9ndoles \u00abcontacto no supervisado\u00bb con ni\u00f1os y otras personas vulnerables. <\/p>\n<p>Aunque tales delineamientos puedan no estar escritas en el Manual de Iglesia hasta ahora, no son pr\u00e1cticas nuevas para la iglesia, dijo Rosa Banks, una secretaria de la iglesia a nivel mundial que ha sido instrumento en crear protocolo para lidiar con la conducta sexual inapropiada y abuso ,comenzando en 1991, cuando la iglesia en la Divisi\u00f3n Norteamericana trat\u00f3 por primera vez el asunto del abuso. <\/p>\n<p>\u00abLa iglesia ha estado activamente implicada en la implementaci\u00f3n de reglamentos y delineamientos que protegen a los ni\u00f1os de los ofensores por casi 20 a\u00f1os ya\u00bb, dijo Banks. Incluyendo los delineamientos del manual de la iglesia que se siguen en muchas regiones de la iglesia, sirven al prop\u00f3sito de reforzar su relevancia en una escala global, a\u00f1adi\u00f3 ella. <\/p>\n<p>\u00abEl Manual de Iglesia revisado tambi\u00e9n introduce un glosario de t\u00e9rminos usados en forma frecuente, incluyendo una definici\u00f3n de \u00abuni\u00f3n de iglesias\u00bb, una estructura de gobierno eclesi\u00e1stico en el cual un grupo de congregaciones locales reportan directamente a una uni\u00f3n, eliminando el nivel administrativo de asociaci\u00f3n o misi\u00f3n. Los delegados en la Sesi\u00f3n aprobar\u00e1n varias uniones de iglesias recientemente formadas, as\u00ed como considerar si se expande el uso de tal extructura. <\/p>\n<\/p><\/p>\n","protected":false},"excerpt":{"rendered":"<p>La pr\u00f3xima semana, m\u00e1s de 2,400 delegados de la Iglesia Adventista del S\u00e9ptimo D\u00eda eligir\u00e1n sus principales l\u00edderes para los pr\u00f3ximos cinco a\u00f1os.  Tambi\u00e9n decidir\u00e1n sobre mir\u00edada<\/p>\n","protected":false},"author":1,"featured_media":0,"comment_status":"closed","ping_status":"closed","sticky":false,"template":"","format":"standard","meta":{"_acf_changed":false,"footnotes":""},"categories":[8],"tags":[],"class_list":["post-11570","post","type-post","status-publish","format-standard","hentry","category-archivo"],"acf":[],"yoast_head":"<!-- This site is optimized with the Yoast SEO plugin v27.3 - https:\/\/yoast.com\/product\/yoast-seo-wordpress\/ -->\n<title>Agenda de la Sesi\u00f3n Mundial Adventista marcada por elecciones, revisi\u00f3n del Manual de la Iglesia - Iglesia Adventista del S\u00e9ptimo D\u00eda - Divisi\u00f3n Interamericana<\/title>\n<meta name=\"robots\" content=\"index, follow, max-snippet:-1, max-image-preview:large, max-video-preview:-1\" \/>\n<link rel=\"canonical\" href=\"https:\/\/interamerica.org\/es\/2010\/06\/agenda-de-la-sesion-mundial-adventista-marcada-por-elecciones-revision-del-manual-de-la-iglesia\/\" \/>\n<meta property=\"og:locale\" content=\"es_ES\" \/>\n<meta property=\"og:type\" content=\"article\" \/>\n<meta property=\"og:title\" content=\"Agenda de la Sesi\u00f3n Mundial Adventista marcada por elecciones, revisi\u00f3n del Manual de la Iglesia - Iglesia Adventista del S\u00e9ptimo D\u00eda - Divisi\u00f3n Interamericana\" \/>\n<meta property=\"og:description\" content=\"La pr\u00f3xima semana, m\u00e1s de 2,400 delegados de la Iglesia Adventista del S\u00e9ptimo D\u00eda eligir\u00e1n sus principales l\u00edderes para los pr\u00f3ximos cinco a\u00f1os. Tambi\u00e9n decidir\u00e1n sobre mir\u00edada\" \/>\n<meta property=\"og:url\" content=\"https:\/\/interamerica.org\/es\/2010\/06\/agenda-de-la-sesion-mundial-adventista-marcada-por-elecciones-revision-del-manual-de-la-iglesia\/\" \/>\n<meta property=\"og:site_name\" content=\"Iglesia Adventista del S\u00e9ptimo D\u00eda - Divisi\u00f3n Interamericana\" \/>\n<meta property=\"article:published_time\" content=\"2010-06-15T04:00:00+00:00\" \/>\n<meta property=\"article:modified_time\" content=\"2017-06-02T12:59:54+00:00\" \/>\n<meta name=\"author\" content=\"Lorenzo Verduzco\" \/>\n<meta name=\"twitter:card\" content=\"summary_large_image\" \/>\n<meta name=\"twitter:label1\" content=\"Escrito por\" \/>\n\t<meta name=\"twitter:data1\" content=\"Lorenzo Verduzco\" \/>\n\t<meta name=\"twitter:label2\" content=\"Tiempo de lectura\" \/>\n\t<meta name=\"twitter:data2\" content=\"5 minutos\" \/>\n<script type=\"application\/ld+json\" class=\"yoast-schema-graph\">{\"@context\":\"https:\\\/\\\/schema.org\",\"@graph\":[{\"@type\":\"Article\",\"@id\":\"https:\\\/\\\/interamerica.org\\\/es\\\/2010\\\/06\\\/agenda-de-la-sesion-mundial-adventista-marcada-por-elecciones-revision-del-manual-de-la-iglesia\\\/#article\",\"isPartOf\":{\"@id\":\"https:\\\/\\\/interamerica.org\\\/es\\\/2010\\\/06\\\/agenda-de-la-sesion-mundial-adventista-marcada-por-elecciones-revision-del-manual-de-la-iglesia\\\/\"},\"author\":{\"name\":\"Lorenzo Verduzco\",\"@id\":\"https:\\\/\\\/interamerica.org\\\/es\\\/#\\\/schema\\\/person\\\/68ede8bdc292885bb76c1e3810e73c39\"},\"headline\":\"Agenda de la Sesi\u00f3n Mundial Adventista marcada por elecciones, revisi\u00f3n del Manual de la Iglesia\",\"datePublished\":\"2010-06-15T04:00:00+00:00\",\"dateModified\":\"2017-06-02T12:59:54+00:00\",\"mainEntityOfPage\":{\"@id\":\"https:\\\/\\\/interamerica.org\\\/es\\\/2010\\\/06\\\/agenda-de-la-sesion-mundial-adventista-marcada-por-elecciones-revision-del-manual-de-la-iglesia\\\/\"},\"wordCount\":1026,\"articleSection\":[\"Archivo\"],\"inLanguage\":\"es\"},{\"@type\":\"WebPage\",\"@id\":\"https:\\\/\\\/interamerica.org\\\/es\\\/2010\\\/06\\\/agenda-de-la-sesion-mundial-adventista-marcada-por-elecciones-revision-del-manual-de-la-iglesia\\\/\",\"url\":\"https:\\\/\\\/interamerica.org\\\/es\\\/2010\\\/06\\\/agenda-de-la-sesion-mundial-adventista-marcada-por-elecciones-revision-del-manual-de-la-iglesia\\\/\",\"name\":\"Agenda de la Sesi\u00f3n Mundial Adventista marcada por elecciones, revisi\u00f3n del Manual de la Iglesia - Iglesia Adventista del S\u00e9ptimo D\u00eda - Divisi\u00f3n Interamericana\",\"isPartOf\":{\"@id\":\"https:\\\/\\\/interamerica.org\\\/es\\\/#website\"},\"datePublished\":\"2010-06-15T04:00:00+00:00\",\"dateModified\":\"2017-06-02T12:59:54+00:00\",\"author\":{\"@id\":\"https:\\\/\\\/interamerica.org\\\/es\\\/#\\\/schema\\\/person\\\/68ede8bdc292885bb76c1e3810e73c39\"},\"breadcrumb\":{\"@id\":\"https:\\\/\\\/interamerica.org\\\/es\\\/2010\\\/06\\\/agenda-de-la-sesion-mundial-adventista-marcada-por-elecciones-revision-del-manual-de-la-iglesia\\\/#breadcrumb\"},\"inLanguage\":\"es\",\"potentialAction\":[{\"@type\":\"ReadAction\",\"target\":[\"https:\\\/\\\/interamerica.org\\\/es\\\/2010\\\/06\\\/agenda-de-la-sesion-mundial-adventista-marcada-por-elecciones-revision-del-manual-de-la-iglesia\\\/\"]}]},{\"@type\":\"BreadcrumbList\",\"@id\":\"https:\\\/\\\/interamerica.org\\\/es\\\/2010\\\/06\\\/agenda-de-la-sesion-mundial-adventista-marcada-por-elecciones-revision-del-manual-de-la-iglesia\\\/#breadcrumb\",\"itemListElement\":[{\"@type\":\"ListItem\",\"position\":1,\"name\":\"Home\",\"item\":\"https:\\\/\\\/interamerica.org\\\/es\\\/\"},{\"@type\":\"ListItem\",\"position\":2,\"name\":\"Agenda de la Sesi\u00f3n Mundial Adventista marcada por elecciones, revisi\u00f3n del Manual de la Iglesia\"}]},{\"@type\":\"WebSite\",\"@id\":\"https:\\\/\\\/interamerica.org\\\/es\\\/#website\",\"url\":\"https:\\\/\\\/interamerica.org\\\/es\\\/\",\"name\":\"Iglesia Adventista del S\u00e9ptimo D\u00eda - Divisi\u00f3n Interamericana\",\"description\":\"\",\"potentialAction\":[{\"@type\":\"SearchAction\",\"target\":{\"@type\":\"EntryPoint\",\"urlTemplate\":\"https:\\\/\\\/interamerica.org\\\/es\\\/?s={search_term_string}\"},\"query-input\":{\"@type\":\"PropertyValueSpecification\",\"valueRequired\":true,\"valueName\":\"search_term_string\"}}],\"inLanguage\":\"es\"},{\"@type\":\"Person\",\"@id\":\"https:\\\/\\\/interamerica.org\\\/es\\\/#\\\/schema\\\/person\\\/68ede8bdc292885bb76c1e3810e73c39\",\"name\":\"Lorenzo Verduzco\",\"image\":{\"@type\":\"ImageObject\",\"inLanguage\":\"es\",\"@id\":\"https:\\\/\\\/secure.gravatar.com\\\/avatar\\\/fb81a55b6218459490a9c1dc841a34909185b81904c5337b4b27f7a6fd60c49e?s=96&d=mm&r=g\",\"url\":\"https:\\\/\\\/secure.gravatar.com\\\/avatar\\\/fb81a55b6218459490a9c1dc841a34909185b81904c5337b4b27f7a6fd60c49e?s=96&d=mm&r=g\",\"contentUrl\":\"https:\\\/\\\/secure.gravatar.com\\\/avatar\\\/fb81a55b6218459490a9c1dc841a34909185b81904c5337b4b27f7a6fd60c49e?s=96&d=mm&r=g\",\"caption\":\"Lorenzo Verduzco\"}}]}<\/script>\n<!-- \/ Yoast SEO plugin. -->","yoast_head_json":{"title":"Agenda de la Sesi\u00f3n Mundial Adventista marcada por elecciones, revisi\u00f3n del Manual de la Iglesia - Iglesia Adventista del S\u00e9ptimo D\u00eda - Divisi\u00f3n Interamericana","robots":{"index":"index","follow":"follow","max-snippet":"max-snippet:-1","max-image-preview":"max-image-preview:large","max-video-preview":"max-video-preview:-1"},"canonical":"https:\/\/interamerica.org\/es\/2010\/06\/agenda-de-la-sesion-mundial-adventista-marcada-por-elecciones-revision-del-manual-de-la-iglesia\/","og_locale":"es_ES","og_type":"article","og_title":"Agenda de la Sesi\u00f3n Mundial Adventista marcada por elecciones, revisi\u00f3n del Manual de la Iglesia - Iglesia Adventista del S\u00e9ptimo D\u00eda - Divisi\u00f3n Interamericana","og_description":"La pr\u00f3xima semana, m\u00e1s de 2,400 delegados de la Iglesia Adventista del S\u00e9ptimo D\u00eda eligir\u00e1n sus principales l\u00edderes para los pr\u00f3ximos cinco a\u00f1os. Tambi\u00e9n decidir\u00e1n sobre mir\u00edada","og_url":"https:\/\/interamerica.org\/es\/2010\/06\/agenda-de-la-sesion-mundial-adventista-marcada-por-elecciones-revision-del-manual-de-la-iglesia\/","og_site_name":"Iglesia Adventista del S\u00e9ptimo D\u00eda - Divisi\u00f3n Interamericana","article_published_time":"2010-06-15T04:00:00+00:00","article_modified_time":"2017-06-02T12:59:54+00:00","author":"Lorenzo Verduzco","twitter_card":"summary_large_image","twitter_misc":{"Escrito por":"Lorenzo Verduzco","Tiempo de lectura":"5 minutos"},"schema":{"@context":"https:\/\/schema.org","@graph":[{"@type":"Article","@id":"https:\/\/interamerica.org\/es\/2010\/06\/agenda-de-la-sesion-mundial-adventista-marcada-por-elecciones-revision-del-manual-de-la-iglesia\/#article","isPartOf":{"@id":"https:\/\/interamerica.org\/es\/2010\/06\/agenda-de-la-sesion-mundial-adventista-marcada-por-elecciones-revision-del-manual-de-la-iglesia\/"},"author":{"name":"Lorenzo Verduzco","@id":"https:\/\/interamerica.org\/es\/#\/schema\/person\/68ede8bdc292885bb76c1e3810e73c39"},"headline":"Agenda de la Sesi\u00f3n Mundial Adventista marcada por elecciones, revisi\u00f3n del Manual de la Iglesia","datePublished":"2010-06-15T04:00:00+00:00","dateModified":"2017-06-02T12:59:54+00:00","mainEntityOfPage":{"@id":"https:\/\/interamerica.org\/es\/2010\/06\/agenda-de-la-sesion-mundial-adventista-marcada-por-elecciones-revision-del-manual-de-la-iglesia\/"},"wordCount":1026,"articleSection":["Archivo"],"inLanguage":"es"},{"@type":"WebPage","@id":"https:\/\/interamerica.org\/es\/2010\/06\/agenda-de-la-sesion-mundial-adventista-marcada-por-elecciones-revision-del-manual-de-la-iglesia\/","url":"https:\/\/interamerica.org\/es\/2010\/06\/agenda-de-la-sesion-mundial-adventista-marcada-por-elecciones-revision-del-manual-de-la-iglesia\/","name":"Agenda de la Sesi\u00f3n Mundial Adventista marcada por elecciones, revisi\u00f3n del Manual de la Iglesia - Iglesia Adventista del S\u00e9ptimo D\u00eda - Divisi\u00f3n Interamericana","isPartOf":{"@id":"https:\/\/interamerica.org\/es\/#website"},"datePublished":"2010-06-15T04:00:00+00:00","dateModified":"2017-06-02T12:59:54+00:00","author":{"@id":"https:\/\/interamerica.org\/es\/#\/schema\/person\/68ede8bdc292885bb76c1e3810e73c39"},"breadcrumb":{"@id":"https:\/\/interamerica.org\/es\/2010\/06\/agenda-de-la-sesion-mundial-adventista-marcada-por-elecciones-revision-del-manual-de-la-iglesia\/#breadcrumb"},"inLanguage":"es","potentialAction":[{"@type":"ReadAction","target":["https:\/\/interamerica.org\/es\/2010\/06\/agenda-de-la-sesion-mundial-adventista-marcada-por-elecciones-revision-del-manual-de-la-iglesia\/"]}]},{"@type":"BreadcrumbList","@id":"https:\/\/interamerica.org\/es\/2010\/06\/agenda-de-la-sesion-mundial-adventista-marcada-por-elecciones-revision-del-manual-de-la-iglesia\/#breadcrumb","itemListElement":[{"@type":"ListItem","position":1,"name":"Home","item":"https:\/\/interamerica.org\/es\/"},{"@type":"ListItem","position":2,"name":"Agenda de la Sesi\u00f3n Mundial Adventista marcada por elecciones, revisi\u00f3n del Manual de la Iglesia"}]},{"@type":"WebSite","@id":"https:\/\/interamerica.org\/es\/#website","url":"https:\/\/interamerica.org\/es\/","name":"Iglesia Adventista del S\u00e9ptimo D\u00eda - Divisi\u00f3n Interamericana","description":"","potentialAction":[{"@type":"SearchAction","target":{"@type":"EntryPoint","urlTemplate":"https:\/\/interamerica.org\/es\/?s={search_term_string}"},"query-input":{"@type":"PropertyValueSpecification","valueRequired":true,"valueName":"search_term_string"}}],"inLanguage":"es"},{"@type":"Person","@id":"https:\/\/interamerica.org\/es\/#\/schema\/person\/68ede8bdc292885bb76c1e3810e73c39","name":"Lorenzo Verduzco","image":{"@type":"ImageObject","inLanguage":"es","@id":"https:\/\/secure.gravatar.com\/avatar\/fb81a55b6218459490a9c1dc841a34909185b81904c5337b4b27f7a6fd60c49e?s=96&d=mm&r=g","url":"https:\/\/secure.gravatar.com\/avatar\/fb81a55b6218459490a9c1dc841a34909185b81904c5337b4b27f7a6fd60c49e?s=96&d=mm&r=g","contentUrl":"https:\/\/secure.gravatar.com\/avatar\/fb81a55b6218459490a9c1dc841a34909185b81904c5337b4b27f7a6fd60c49e?s=96&d=mm&r=g","caption":"Lorenzo Verduzco"}}]}},"_links":{"self":[{"href":"https:\/\/interamerica.org\/es\/wp-json\/wp\/v2\/posts\/11570","targetHints":{"allow":["GET"]}}],"collection":[{"href":"https:\/\/interamerica.org\/es\/wp-json\/wp\/v2\/posts"}],"about":[{"href":"https:\/\/interamerica.org\/es\/wp-json\/wp\/v2\/types\/post"}],"author":[{"embeddable":true,"href":"https:\/\/interamerica.org\/es\/wp-json\/wp\/v2\/users\/1"}],"replies":[{"embeddable":true,"href":"https:\/\/interamerica.org\/es\/wp-json\/wp\/v2\/comments?post=11570"}],"version-history":[{"count":0,"href":"https:\/\/interamerica.org\/es\/wp-json\/wp\/v2\/posts\/11570\/revisions"}],"wp:attachment":[{"href":"https:\/\/interamerica.org\/es\/wp-json\/wp\/v2\/media?parent=11570"}],"wp:term":[{"taxonomy":"category","embeddable":true,"href":"https:\/\/interamerica.org\/es\/wp-json\/wp\/v2\/categories?post=11570"},{"taxonomy":"post_tag","embeddable":true,"href":"https:\/\/interamerica.org\/es\/wp-json\/wp\/v2\/tags?post=11570"}],"curies":[{"name":"wp","href":"https:\/\/api.w.org\/{rel}","templated":true}]}}