{"id":11573,"date":"2010-06-17T00:00:00","date_gmt":"2010-06-17T04:00:00","guid":{"rendered":"http:\/\/192.81.217.108\/interamerica\/2010\/06\/adventista-elegido-como-secretario-de-comite-de-ong-de-las-naciones-unidas-para-promover-la-libertad-religiosa\/"},"modified":"2017-06-02T08:59:53","modified_gmt":"2017-06-02T12:59:53","slug":"adventista-elegido-como-secretario-de-comite-de-ong-de-las-naciones-unidas-para-promover-la-libertad-religiosa","status":"publish","type":"post","link":"https:\/\/interamerica.org\/es\/2010\/06\/adventista-elegido-como-secretario-de-comite-de-ong-de-las-naciones-unidas-para-promover-la-libertad-religiosa\/","title":{"rendered":"Adventista elegido como secretario de comit\u00e9 de ONG de las Naciones Unidas para promover la libertad religiosa"},"content":{"rendered":"<p>Nueva York, Estados Unidos, 17 de Junio de 2010<\/p>\n<p>Personal de ANN<\/p>\n<p>Un promotor adventista del s\u00e9ptimo d\u00eda para la libertad religiosa fue elegido como secretario del Comit\u00e9 no gubernamental de las Naciones Unidas para la Libertad de Religi\u00f3n o Creencia en la primera parte de este mes.<\/p>\n<p>Como secretaio, James D. Standish, director de relaciones con las Naciones Unidas para la Iglesia Adventista mundial, coordinar\u00e1 con organizaciones no gubernamentales para promover y proteger la libertad de creencia.<\/p>\n<p>La designaci\u00f3n de Standish reconoce la funci\u00f3n l\u00edder de la Iglesia Adventista en la defensa de la libertad religiosa, dijeron los l\u00edderes de Asuntos P\u00fablicos y Libertad Religiosa de la iglesia.<\/p>\n<p>\u00abEs un honor que se me haya confiado esta responsabilidad\u00bb, dijo Standish. \u00abLas Naciones Unidas pueden ser una herramienta para hacer avanzar la causa de la libertad religiosa\u00bb.<\/p>\n<p>En lugar de usar la posici\u00f3n \u00fanicamente para hacer defensa contra propuestas que puedan amenazar o limitar la libertad relgiiosa, Standish dijo que \u00e9l espera \u00abregresar a la ofensiva\u00bb, impulsando a los estados miembros de las Naciones Unidas a \u00abrespaldar los valores que dicen apoyar\u00bb. <\/p>\n<p>Standish, un abogado, sirvi\u00f3 anteriormente en la Iglesia Adventista como representante ante el gobierno de los Estados Unidos y como director ejecutivo de la Comisi\u00f3n de los Estados Unidos para la Libertad Religiosa Internacional, una agencia del gobierno de los Estados Unidos. <\/p>\n","protected":false},"excerpt":{"rendered":"<p>Un promotor adventista del s\u00e9ptimo d\u00eda para la libertad religiosa fue elegido como secretario del Comit\u00e9 no gubernamental de las Naciones Unidas para la Libertad de Religi\u00f3n o Creencia en la primera parte de este mes.<\/p>\n","protected":false},"author":1,"featured_media":0,"comment_status":"closed","ping_status":"closed","sticky":false,"template":"","format":"standard","meta":{"_acf_changed":false,"footnotes":""},"categories":[8],"tags":[],"class_list":["post-11573","post","type-post","status-publish","format-standard","hentry","category-archivo"],"acf":[],"yoast_head":"<!-- This site is optimized with the Yoast SEO plugin v27.3 - https:\/\/yoast.com\/product\/yoast-seo-wordpress\/ -->\n<title>Adventista elegido como secretario de comit\u00e9 de ONG de las Naciones Unidas para promover la libertad religiosa - Iglesia Adventista del S\u00e9ptimo D\u00eda - Divisi\u00f3n Interamericana<\/title>\n<meta name=\"robots\" content=\"index, follow, max-snippet:-1, max-image-preview:large, max-video-preview:-1\" \/>\n<link rel=\"canonical\" href=\"https:\/\/interamerica.org\/es\/2010\/06\/adventista-elegido-como-secretario-de-comite-de-ong-de-las-naciones-unidas-para-promover-la-libertad-religiosa\/\" \/>\n<meta property=\"og:locale\" content=\"es_ES\" \/>\n<meta property=\"og:type\" content=\"article\" \/>\n<meta property=\"og:title\" content=\"Adventista elegido como secretario de comit\u00e9 de ONG de las Naciones Unidas para promover la libertad religiosa - Iglesia Adventista del S\u00e9ptimo D\u00eda - Divisi\u00f3n Interamericana\" \/>\n<meta property=\"og:description\" content=\"Un promotor adventista del s\u00e9ptimo d\u00eda para la libertad religiosa fue elegido como secretario del Comit\u00e9 no gubernamental de las Naciones Unidas para la Libertad de Religi\u00f3n o Creencia en la primera parte de este mes.\" \/>\n<meta property=\"og:url\" content=\"https:\/\/interamerica.org\/es\/2010\/06\/adventista-elegido-como-secretario-de-comite-de-ong-de-las-naciones-unidas-para-promover-la-libertad-religiosa\/\" \/>\n<meta property=\"og:site_name\" content=\"Iglesia Adventista del S\u00e9ptimo D\u00eda - Divisi\u00f3n Interamericana\" \/>\n<meta property=\"article:published_time\" content=\"2010-06-17T04:00:00+00:00\" \/>\n<meta property=\"article:modified_time\" content=\"2017-06-02T12:59:53+00:00\" \/>\n<meta name=\"author\" content=\"Lorenzo Verduzco\" \/>\n<meta name=\"twitter:card\" content=\"summary_large_image\" \/>\n<meta name=\"twitter:label1\" content=\"Escrito por\" \/>\n\t<meta name=\"twitter:data1\" content=\"Lorenzo Verduzco\" \/>\n\t<meta name=\"twitter:label2\" content=\"Tiempo de lectura\" \/>\n\t<meta name=\"twitter:data2\" content=\"1 minuto\" \/>\n<script type=\"application\/ld+json\" class=\"yoast-schema-graph\">{\"@context\":\"https:\\\/\\\/schema.org\",\"@graph\":[{\"@type\":\"Article\",\"@id\":\"https:\\\/\\\/interamerica.org\\\/es\\\/2010\\\/06\\\/adventista-elegido-como-secretario-de-comite-de-ong-de-las-naciones-unidas-para-promover-la-libertad-religiosa\\\/#article\",\"isPartOf\":{\"@id\":\"https:\\\/\\\/interamerica.org\\\/es\\\/2010\\\/06\\\/adventista-elegido-como-secretario-de-comite-de-ong-de-las-naciones-unidas-para-promover-la-libertad-religiosa\\\/\"},\"author\":{\"name\":\"Lorenzo Verduzco\",\"@id\":\"https:\\\/\\\/interamerica.org\\\/es\\\/#\\\/schema\\\/person\\\/68ede8bdc292885bb76c1e3810e73c39\"},\"headline\":\"Adventista elegido como secretario de comit\u00e9 de ONG de las Naciones Unidas para promover la libertad religiosa\",\"datePublished\":\"2010-06-17T04:00:00+00:00\",\"dateModified\":\"2017-06-02T12:59:53+00:00\",\"mainEntityOfPage\":{\"@id\":\"https:\\\/\\\/interamerica.org\\\/es\\\/2010\\\/06\\\/adventista-elegido-como-secretario-de-comite-de-ong-de-las-naciones-unidas-para-promover-la-libertad-religiosa\\\/\"},\"wordCount\":249,\"articleSection\":[\"Archivo\"],\"inLanguage\":\"es\"},{\"@type\":\"WebPage\",\"@id\":\"https:\\\/\\\/interamerica.org\\\/es\\\/2010\\\/06\\\/adventista-elegido-como-secretario-de-comite-de-ong-de-las-naciones-unidas-para-promover-la-libertad-religiosa\\\/\",\"url\":\"https:\\\/\\\/interamerica.org\\\/es\\\/2010\\\/06\\\/adventista-elegido-como-secretario-de-comite-de-ong-de-las-naciones-unidas-para-promover-la-libertad-religiosa\\\/\",\"name\":\"Adventista elegido como secretario de comit\u00e9 de ONG de las Naciones Unidas para promover la libertad religiosa - Iglesia Adventista del S\u00e9ptimo D\u00eda - Divisi\u00f3n Interamericana\",\"isPartOf\":{\"@id\":\"https:\\\/\\\/interamerica.org\\\/es\\\/#website\"},\"datePublished\":\"2010-06-17T04:00:00+00:00\",\"dateModified\":\"2017-06-02T12:59:53+00:00\",\"author\":{\"@id\":\"https:\\\/\\\/interamerica.org\\\/es\\\/#\\\/schema\\\/person\\\/68ede8bdc292885bb76c1e3810e73c39\"},\"breadcrumb\":{\"@id\":\"https:\\\/\\\/interamerica.org\\\/es\\\/2010\\\/06\\\/adventista-elegido-como-secretario-de-comite-de-ong-de-las-naciones-unidas-para-promover-la-libertad-religiosa\\\/#breadcrumb\"},\"inLanguage\":\"es\",\"potentialAction\":[{\"@type\":\"ReadAction\",\"target\":[\"https:\\\/\\\/interamerica.org\\\/es\\\/2010\\\/06\\\/adventista-elegido-como-secretario-de-comite-de-ong-de-las-naciones-unidas-para-promover-la-libertad-religiosa\\\/\"]}]},{\"@type\":\"BreadcrumbList\",\"@id\":\"https:\\\/\\\/interamerica.org\\\/es\\\/2010\\\/06\\\/adventista-elegido-como-secretario-de-comite-de-ong-de-las-naciones-unidas-para-promover-la-libertad-religiosa\\\/#breadcrumb\",\"itemListElement\":[{\"@type\":\"ListItem\",\"position\":1,\"name\":\"Home\",\"item\":\"https:\\\/\\\/interamerica.org\\\/es\\\/\"},{\"@type\":\"ListItem\",\"position\":2,\"name\":\"Adventista elegido como secretario de comit\u00e9 de ONG de las Naciones Unidas para promover la libertad religiosa\"}]},{\"@type\":\"WebSite\",\"@id\":\"https:\\\/\\\/interamerica.org\\\/es\\\/#website\",\"url\":\"https:\\\/\\\/interamerica.org\\\/es\\\/\",\"name\":\"Iglesia Adventista del S\u00e9ptimo D\u00eda - Divisi\u00f3n Interamericana\",\"description\":\"\",\"potentialAction\":[{\"@type\":\"SearchAction\",\"target\":{\"@type\":\"EntryPoint\",\"urlTemplate\":\"https:\\\/\\\/interamerica.org\\\/es\\\/?s={search_term_string}\"},\"query-input\":{\"@type\":\"PropertyValueSpecification\",\"valueRequired\":true,\"valueName\":\"search_term_string\"}}],\"inLanguage\":\"es\"},{\"@type\":\"Person\",\"@id\":\"https:\\\/\\\/interamerica.org\\\/es\\\/#\\\/schema\\\/person\\\/68ede8bdc292885bb76c1e3810e73c39\",\"name\":\"Lorenzo Verduzco\",\"image\":{\"@type\":\"ImageObject\",\"inLanguage\":\"es\",\"@id\":\"https:\\\/\\\/secure.gravatar.com\\\/avatar\\\/fb81a55b6218459490a9c1dc841a34909185b81904c5337b4b27f7a6fd60c49e?s=96&d=mm&r=g\",\"url\":\"https:\\\/\\\/secure.gravatar.com\\\/avatar\\\/fb81a55b6218459490a9c1dc841a34909185b81904c5337b4b27f7a6fd60c49e?s=96&d=mm&r=g\",\"contentUrl\":\"https:\\\/\\\/secure.gravatar.com\\\/avatar\\\/fb81a55b6218459490a9c1dc841a34909185b81904c5337b4b27f7a6fd60c49e?s=96&d=mm&r=g\",\"caption\":\"Lorenzo Verduzco\"}}]}<\/script>\n<!-- \/ Yoast SEO plugin. -->","yoast_head_json":{"title":"Adventista elegido como secretario de comit\u00e9 de ONG de las Naciones Unidas para promover la libertad religiosa - Iglesia Adventista del S\u00e9ptimo D\u00eda - Divisi\u00f3n Interamericana","robots":{"index":"index","follow":"follow","max-snippet":"max-snippet:-1","max-image-preview":"max-image-preview:large","max-video-preview":"max-video-preview:-1"},"canonical":"https:\/\/interamerica.org\/es\/2010\/06\/adventista-elegido-como-secretario-de-comite-de-ong-de-las-naciones-unidas-para-promover-la-libertad-religiosa\/","og_locale":"es_ES","og_type":"article","og_title":"Adventista elegido como secretario de comit\u00e9 de ONG de las Naciones Unidas para promover la libertad religiosa - Iglesia Adventista del S\u00e9ptimo D\u00eda - Divisi\u00f3n Interamericana","og_description":"Un promotor adventista del s\u00e9ptimo d\u00eda para la libertad religiosa fue elegido como secretario del Comit\u00e9 no gubernamental de las Naciones Unidas para la Libertad de Religi\u00f3n o Creencia en la primera parte de este mes.","og_url":"https:\/\/interamerica.org\/es\/2010\/06\/adventista-elegido-como-secretario-de-comite-de-ong-de-las-naciones-unidas-para-promover-la-libertad-religiosa\/","og_site_name":"Iglesia Adventista del S\u00e9ptimo D\u00eda - Divisi\u00f3n Interamericana","article_published_time":"2010-06-17T04:00:00+00:00","article_modified_time":"2017-06-02T12:59:53+00:00","author":"Lorenzo Verduzco","twitter_card":"summary_large_image","twitter_misc":{"Escrito por":"Lorenzo Verduzco","Tiempo de lectura":"1 minuto"},"schema":{"@context":"https:\/\/schema.org","@graph":[{"@type":"Article","@id":"https:\/\/interamerica.org\/es\/2010\/06\/adventista-elegido-como-secretario-de-comite-de-ong-de-las-naciones-unidas-para-promover-la-libertad-religiosa\/#article","isPartOf":{"@id":"https:\/\/interamerica.org\/es\/2010\/06\/adventista-elegido-como-secretario-de-comite-de-ong-de-las-naciones-unidas-para-promover-la-libertad-religiosa\/"},"author":{"name":"Lorenzo Verduzco","@id":"https:\/\/interamerica.org\/es\/#\/schema\/person\/68ede8bdc292885bb76c1e3810e73c39"},"headline":"Adventista elegido como secretario de comit\u00e9 de ONG de las Naciones Unidas para promover la libertad religiosa","datePublished":"2010-06-17T04:00:00+00:00","dateModified":"2017-06-02T12:59:53+00:00","mainEntityOfPage":{"@id":"https:\/\/interamerica.org\/es\/2010\/06\/adventista-elegido-como-secretario-de-comite-de-ong-de-las-naciones-unidas-para-promover-la-libertad-religiosa\/"},"wordCount":249,"articleSection":["Archivo"],"inLanguage":"es"},{"@type":"WebPage","@id":"https:\/\/interamerica.org\/es\/2010\/06\/adventista-elegido-como-secretario-de-comite-de-ong-de-las-naciones-unidas-para-promover-la-libertad-religiosa\/","url":"https:\/\/interamerica.org\/es\/2010\/06\/adventista-elegido-como-secretario-de-comite-de-ong-de-las-naciones-unidas-para-promover-la-libertad-religiosa\/","name":"Adventista elegido como secretario de comit\u00e9 de ONG de las Naciones Unidas para promover la libertad religiosa - Iglesia Adventista del S\u00e9ptimo D\u00eda - Divisi\u00f3n Interamericana","isPartOf":{"@id":"https:\/\/interamerica.org\/es\/#website"},"datePublished":"2010-06-17T04:00:00+00:00","dateModified":"2017-06-02T12:59:53+00:00","author":{"@id":"https:\/\/interamerica.org\/es\/#\/schema\/person\/68ede8bdc292885bb76c1e3810e73c39"},"breadcrumb":{"@id":"https:\/\/interamerica.org\/es\/2010\/06\/adventista-elegido-como-secretario-de-comite-de-ong-de-las-naciones-unidas-para-promover-la-libertad-religiosa\/#breadcrumb"},"inLanguage":"es","potentialAction":[{"@type":"ReadAction","target":["https:\/\/interamerica.org\/es\/2010\/06\/adventista-elegido-como-secretario-de-comite-de-ong-de-las-naciones-unidas-para-promover-la-libertad-religiosa\/"]}]},{"@type":"BreadcrumbList","@id":"https:\/\/interamerica.org\/es\/2010\/06\/adventista-elegido-como-secretario-de-comite-de-ong-de-las-naciones-unidas-para-promover-la-libertad-religiosa\/#breadcrumb","itemListElement":[{"@type":"ListItem","position":1,"name":"Home","item":"https:\/\/interamerica.org\/es\/"},{"@type":"ListItem","position":2,"name":"Adventista elegido como secretario de comit\u00e9 de ONG de las Naciones Unidas para promover la libertad religiosa"}]},{"@type":"WebSite","@id":"https:\/\/interamerica.org\/es\/#website","url":"https:\/\/interamerica.org\/es\/","name":"Iglesia Adventista del S\u00e9ptimo D\u00eda - Divisi\u00f3n Interamericana","description":"","potentialAction":[{"@type":"SearchAction","target":{"@type":"EntryPoint","urlTemplate":"https:\/\/interamerica.org\/es\/?s={search_term_string}"},"query-input":{"@type":"PropertyValueSpecification","valueRequired":true,"valueName":"search_term_string"}}],"inLanguage":"es"},{"@type":"Person","@id":"https:\/\/interamerica.org\/es\/#\/schema\/person\/68ede8bdc292885bb76c1e3810e73c39","name":"Lorenzo Verduzco","image":{"@type":"ImageObject","inLanguage":"es","@id":"https:\/\/secure.gravatar.com\/avatar\/fb81a55b6218459490a9c1dc841a34909185b81904c5337b4b27f7a6fd60c49e?s=96&d=mm&r=g","url":"https:\/\/secure.gravatar.com\/avatar\/fb81a55b6218459490a9c1dc841a34909185b81904c5337b4b27f7a6fd60c49e?s=96&d=mm&r=g","contentUrl":"https:\/\/secure.gravatar.com\/avatar\/fb81a55b6218459490a9c1dc841a34909185b81904c5337b4b27f7a6fd60c49e?s=96&d=mm&r=g","caption":"Lorenzo Verduzco"}}]}},"_links":{"self":[{"href":"https:\/\/interamerica.org\/es\/wp-json\/wp\/v2\/posts\/11573","targetHints":{"allow":["GET"]}}],"collection":[{"href":"https:\/\/interamerica.org\/es\/wp-json\/wp\/v2\/posts"}],"about":[{"href":"https:\/\/interamerica.org\/es\/wp-json\/wp\/v2\/types\/post"}],"author":[{"embeddable":true,"href":"https:\/\/interamerica.org\/es\/wp-json\/wp\/v2\/users\/1"}],"replies":[{"embeddable":true,"href":"https:\/\/interamerica.org\/es\/wp-json\/wp\/v2\/comments?post=11573"}],"version-history":[{"count":0,"href":"https:\/\/interamerica.org\/es\/wp-json\/wp\/v2\/posts\/11573\/revisions"}],"wp:attachment":[{"href":"https:\/\/interamerica.org\/es\/wp-json\/wp\/v2\/media?parent=11573"}],"wp:term":[{"taxonomy":"category","embeddable":true,"href":"https:\/\/interamerica.org\/es\/wp-json\/wp\/v2\/categories?post=11573"},{"taxonomy":"post_tag","embeddable":true,"href":"https:\/\/interamerica.org\/es\/wp-json\/wp\/v2\/tags?post=11573"}],"curies":[{"name":"wp","href":"https:\/\/api.w.org\/{rel}","templated":true}]}}