{"id":11575,"date":"2010-06-20T00:00:00","date_gmt":"2010-06-20T04:00:00","guid":{"rendered":"http:\/\/192.81.217.108\/interamerica\/2010\/06\/interamerica-miles-visitaran-la-cabina-de-exhibicion-de-la-division-durante-la-sesion\/"},"modified":"2017-06-02T08:59:51","modified_gmt":"2017-06-02T12:59:51","slug":"interamerica-miles-visitaran-la-cabina-de-exhibicion-de-la-division-durante-la-sesion","status":"publish","type":"post","link":"https:\/\/interamerica.org\/es\/2010\/06\/interamerica-miles-visitaran-la-cabina-de-exhibicion-de-la-division-durante-la-sesion\/","title":{"rendered":"Interam\u00e9rica: Miles visitar\u00e1n la cabina de exhibici\u00f3n de la Divisi\u00f3n durante la Sesi\u00f3n"},"content":{"rendered":"<p><em >20 de junio, 2010 &#8211; Miami, Florida, Estados Unidos&#8230;[Libna Stevens\/DIA]<\/em > <\/p>\n<p>En s\u00f3lo pocos d\u00edas, miles de adventistas del s\u00e9ptimo d\u00eda se espera que asistan a la 59 Sesi\u00f3n de la Asociaci\u00f3n General en Atlanta, Georgia. Y, as\u00ed de importante como son las reuniones de negocio de la iglesia, as\u00ed de importante es la oportunidad para que las organizaciones adventistas alrededor del mundo exhiban sus instituciones y muestren su territorio rico en cultura.    <\/p>\n<p>Con su vasta variedad de culturas e Idiomas en su territorio, la Divisi\u00f3n Interamericana (DIA), tendr\u00e1n que lucirlo justo en su amplia exhibici\u00f3n durante los 10 d\u00edas de la Sesi\u00f3n. <\/p>\n<p>Es la primera vez que la DIA ha alquilado unas 30 cabinas para dar a conocer varias de sus instituciones mostrar dos regiones de uniones cada d\u00eda, atrayendo a miles a sus espacios ampliamente expuestos, dicen los organizadores.    <\/p>\n<p>El pastor Le\u00f3n B. Wellington, vicepresidente y director de comunicaci\u00f3n para la iglesia en Interam\u00e9rica, y presidente del Comit\u00e9 de Cabinas, dijo que planearlo requiri\u00f3 alguna coordinaci\u00f3n, pero atraer miles de visitantes a nuestra cabina ha estado al tope de la lista. <\/p>\n<p>\u00abEstoy extremadamente entusiasmado para darle la bienvenida a miles de delegados y visitantes que se acercar\u00e1n a nuestra cabina durante esta Sesi\u00f3n. Estamos orgullosos por dar a conocer  la efervescencia y variedad de cultura de nuestro territorio en nuestra ultra moderna \u00e1rea de exhibici\u00f3n que nos ha sido asignada\u00bb, dijo Wellington. <\/p>\n<p>Cerca de 50,000 copias de la revista especial, Vida Adventista (<em >Adventist Life) <\/em >en la Divisi\u00f3n Interamericana ser\u00e1n distribuidas durante la Sesi\u00f3n. La revista es publicada en ingl\u00e9s, espa\u00f1ol y franc\u00e9s &#8211; los tres idiomas principales de la Divisi\u00f3n Interamericana. Adem\u00e1s, representantes de las uniones se estacionar\u00e1n en la cabina de exhibici\u00f3n cada d\u00eda dando regalos, recuerdos y m\u00e1s, dijeron los l\u00edderes. <\/p>\n<p>Una amplia \u00e1rea para actuaciones en la exhibici\u00f3n tambi\u00e9n mostrar\u00e1 actores de m\u00fasica m\u00fasica regional a trav\u00e9s del d\u00eda.   <\/p>\n<p>Los miles que se estiman visitar\u00e1n las exhibiciones de la DIA no sobrepasar\u00e1n en n\u00famero a los miles de adventistas en Interam\u00e9rican y alrededor del mundo que no podr\u00e1n asistir a la sesi\u00f3n. <\/p>\n<p>\u00abQuermos que nuestros hermanos y hermanas que no podr\u00e1n asistir a la sesi\u00f3n personalmente que tambi\u00e9n puedan empaparse de lo que est\u00e1 ocurriendo en Interam\u00e9rica y el resto del mundo\u00bb, dijo Abel M\u00e1rquez, director asociado de comunicaci\u00f3n para la iglesia en Interam\u00e9rica y productor de la cabina de exhibici\u00f3n de la DIA.   <\/p>\n<p>\u00abPara eso hemos establecido un grupo creativo que trabajar\u00e1 cada d\u00eda en nuestra cabina de la Divisi\u00f3n en la producci\u00f3n de noticias, videos, fotos y asuntos similares, que ser\u00e1 presentado en nuestra p\u00e1gina de la Internet y las redes sociales m\u00e1s populares\u00bb, agreg\u00f3 M\u00e1rquez. <\/p>\n<p>Para las \u00faltimas noticias sobre la Sesi\u00f3n de la Asociaci\u00f3n General y m\u00e1s, vis\u00edtenos en <a  href=\"https:\/\/recursing-golick.147-182-135-0.plesk.page\/\">www.interamerica.org<\/a > <\/p>\n<p><strong >Instituciones a presentarse en la secci\u00f3n de exhibiciones de la DIA: <\/strong ><\/p>\n<p>Compa\u00f1\u00eda de Alimentos Saludables de Interam\u00e9rica. <\/p>\n<p>Universidad del Sur del Caribe <\/p>\n<p>Universidad Norte del Caribe <\/p>\n<p>Universidad Adventista Antillana <\/p>\n<p>Asociaci\u00f3n Publicadora Interamericana. <\/p>\n<p>Universidad Adventista de Colombia <\/p>\n<p>Universidad Adventista de Navajoa <\/p>\n<p>Universidad de Montemorelos <\/p>\n<p>Divisi\u00f3n Interlamericana <\/p>\n<p><strong >Horario de Exibiciones Diarias: <\/strong ><\/p>\n<p><strong >Jueves, 24 de junio, &#8211; 2:00 &#8211; 7:00 p.m. <\/strong ><\/p>\n<p>Uni\u00f3n Colombiana <\/p>\n<p>Uni\u00f3n Mexicana del Sur <\/p>\n<p><strong >Viernes, Junio 25 &#8211; 9:00 a.m. &#8211; 7:00 p.m. <\/strong ><\/p>\n<p>Uni\u00f3n Centroamericana del Sur <\/p>\n<p>Uni\u00f3n de la Guyana Francesa Antillana. <\/p>\n<p><strong >S\u00e1bado, 26 de junio 2:00 -7:00 p. m., 9:15 p. m. &#8211; 10:45 p.m. <\/strong ><\/p>\n<p>Uni\u00f3n Mexicana del Norte <\/p>\n<p>Uni\u00f3n Dominicana <\/p>\n<p><strong >Domingo, 27 de junio 9:00 a.m. &#8211; 7:00 p.m. <\/strong ><\/p>\n<p>Uni\u00f3n del Caribe <\/p>\n<p>Uni\u00f3n Central Centroamericana <\/p>\n<p><strong >Lunes, 28 de junio &#8211; 9:00 a.m. &#8211; 7:00 p.m. <\/strong ><\/p>\n<p>Uni\u00f3n Misi\u00f3n Guatemalteca <\/p>\n<p>Uni\u00f3n Haitiana <\/p>\n<p><strong >Martes, 29 de junio &#8211; 9:00 a.m. &#8211; 7:00 p.m. <\/strong ><\/p>\n<p>Uni\u00f3n Indias Occidentales <\/p>\n<p>Uni\u00f3n Puertorrique\u00f1a <\/p>\n<p><strong >Mi\u00e9rcoles, 30 de junio &#8211; 9:00 a.m. &#8211; 7:00 p.m.<\/strong > <\/p>\n<p>Uni\u00f3n Central Mexicana <\/p>\n<p>Uni\u00f3n de Iglesias de Belize <\/p>\n<p>Uni\u00f3n Colombiana <\/p>\n<p><strong >Jueves, 1 de julio &#8211; 9:00 a.m. &#8211; 7:00 p.m <\/strong ><\/p>\n<p>Uni\u00f3n Mexicana Interoce\u00e1nica <\/p>\n<p>Uni\u00f3n Cubna <\/p>\n<p><strong >Viernes, 2 de Julio &#8211; 9:00 a.m. &#8211; 7:00 p.m. <\/strong ><\/p>\n<p>Uni\u00f3n Venezolana Antillana <\/p>\n<p>Uni\u00f3n Mexicana del Sur <\/p>\n","protected":false},"excerpt":{"rendered":"<p>En s\u00f3lo pocos d\u00edas, miles de adventistas del s\u00e9ptimo d\u00eda se espera que asistan a la 59 Sesi\u00f3n de la Asociaci\u00f3n General en Atlanta, Georgia&#8230;<\/p>\n","protected":false},"author":1,"featured_media":0,"comment_status":"closed","ping_status":"closed","sticky":false,"template":"","format":"standard","meta":{"_acf_changed":false,"footnotes":""},"categories":[8],"tags":[],"class_list":["post-11575","post","type-post","status-publish","format-standard","hentry","category-archivo"],"acf":[],"yoast_head":"<!-- This site is optimized with the Yoast SEO plugin v27.3 - https:\/\/yoast.com\/product\/yoast-seo-wordpress\/ -->\n<title>Interam\u00e9rica: Miles visitar\u00e1n la cabina de exhibici\u00f3n de la Divisi\u00f3n durante la Sesi\u00f3n - Iglesia Adventista del S\u00e9ptimo D\u00eda - Divisi\u00f3n Interamericana<\/title>\n<meta name=\"robots\" content=\"index, follow, max-snippet:-1, max-image-preview:large, max-video-preview:-1\" \/>\n<link rel=\"canonical\" href=\"https:\/\/interamerica.org\/es\/2010\/06\/interamerica-miles-visitaran-la-cabina-de-exhibicion-de-la-division-durante-la-sesion\/\" \/>\n<meta property=\"og:locale\" content=\"es_ES\" \/>\n<meta property=\"og:type\" content=\"article\" \/>\n<meta property=\"og:title\" content=\"Interam\u00e9rica: Miles visitar\u00e1n la cabina de exhibici\u00f3n de la Divisi\u00f3n durante la Sesi\u00f3n - Iglesia Adventista del S\u00e9ptimo D\u00eda - Divisi\u00f3n Interamericana\" \/>\n<meta property=\"og:description\" content=\"En s\u00f3lo pocos d\u00edas, miles de adventistas del s\u00e9ptimo d\u00eda se espera que asistan a la 59 Sesi\u00f3n de la Asociaci\u00f3n General en Atlanta, Georgia...\" \/>\n<meta property=\"og:url\" content=\"https:\/\/interamerica.org\/es\/2010\/06\/interamerica-miles-visitaran-la-cabina-de-exhibicion-de-la-division-durante-la-sesion\/\" \/>\n<meta property=\"og:site_name\" content=\"Iglesia Adventista del S\u00e9ptimo D\u00eda - Divisi\u00f3n Interamericana\" \/>\n<meta property=\"article:published_time\" content=\"2010-06-20T04:00:00+00:00\" \/>\n<meta property=\"article:modified_time\" content=\"2017-06-02T12:59:51+00:00\" \/>\n<meta name=\"author\" content=\"Lorenzo Verduzco\" \/>\n<meta name=\"twitter:card\" content=\"summary_large_image\" \/>\n<meta name=\"twitter:label1\" content=\"Escrito por\" \/>\n\t<meta name=\"twitter:data1\" content=\"Lorenzo Verduzco\" \/>\n\t<meta name=\"twitter:label2\" content=\"Tiempo de lectura\" \/>\n\t<meta name=\"twitter:data2\" content=\"4 minutos\" \/>\n<script type=\"application\/ld+json\" class=\"yoast-schema-graph\">{\"@context\":\"https:\\\/\\\/schema.org\",\"@graph\":[{\"@type\":\"Article\",\"@id\":\"https:\\\/\\\/interamerica.org\\\/es\\\/2010\\\/06\\\/interamerica-miles-visitaran-la-cabina-de-exhibicion-de-la-division-durante-la-sesion\\\/#article\",\"isPartOf\":{\"@id\":\"https:\\\/\\\/interamerica.org\\\/es\\\/2010\\\/06\\\/interamerica-miles-visitaran-la-cabina-de-exhibicion-de-la-division-durante-la-sesion\\\/\"},\"author\":{\"name\":\"Lorenzo Verduzco\",\"@id\":\"https:\\\/\\\/interamerica.org\\\/es\\\/#\\\/schema\\\/person\\\/68ede8bdc292885bb76c1e3810e73c39\"},\"headline\":\"Interam\u00e9rica: Miles visitar\u00e1n la cabina de exhibici\u00f3n de la Divisi\u00f3n durante la Sesi\u00f3n\",\"datePublished\":\"2010-06-20T04:00:00+00:00\",\"dateModified\":\"2017-06-02T12:59:51+00:00\",\"mainEntityOfPage\":{\"@id\":\"https:\\\/\\\/interamerica.org\\\/es\\\/2010\\\/06\\\/interamerica-miles-visitaran-la-cabina-de-exhibicion-de-la-division-durante-la-sesion\\\/\"},\"wordCount\":753,\"articleSection\":[\"Archivo\"],\"inLanguage\":\"es\"},{\"@type\":\"WebPage\",\"@id\":\"https:\\\/\\\/interamerica.org\\\/es\\\/2010\\\/06\\\/interamerica-miles-visitaran-la-cabina-de-exhibicion-de-la-division-durante-la-sesion\\\/\",\"url\":\"https:\\\/\\\/interamerica.org\\\/es\\\/2010\\\/06\\\/interamerica-miles-visitaran-la-cabina-de-exhibicion-de-la-division-durante-la-sesion\\\/\",\"name\":\"Interam\u00e9rica: Miles visitar\u00e1n la cabina de exhibici\u00f3n de la Divisi\u00f3n durante la Sesi\u00f3n - Iglesia Adventista del S\u00e9ptimo D\u00eda - Divisi\u00f3n Interamericana\",\"isPartOf\":{\"@id\":\"https:\\\/\\\/interamerica.org\\\/es\\\/#website\"},\"datePublished\":\"2010-06-20T04:00:00+00:00\",\"dateModified\":\"2017-06-02T12:59:51+00:00\",\"author\":{\"@id\":\"https:\\\/\\\/interamerica.org\\\/es\\\/#\\\/schema\\\/person\\\/68ede8bdc292885bb76c1e3810e73c39\"},\"breadcrumb\":{\"@id\":\"https:\\\/\\\/interamerica.org\\\/es\\\/2010\\\/06\\\/interamerica-miles-visitaran-la-cabina-de-exhibicion-de-la-division-durante-la-sesion\\\/#breadcrumb\"},\"inLanguage\":\"es\",\"potentialAction\":[{\"@type\":\"ReadAction\",\"target\":[\"https:\\\/\\\/interamerica.org\\\/es\\\/2010\\\/06\\\/interamerica-miles-visitaran-la-cabina-de-exhibicion-de-la-division-durante-la-sesion\\\/\"]}]},{\"@type\":\"BreadcrumbList\",\"@id\":\"https:\\\/\\\/interamerica.org\\\/es\\\/2010\\\/06\\\/interamerica-miles-visitaran-la-cabina-de-exhibicion-de-la-division-durante-la-sesion\\\/#breadcrumb\",\"itemListElement\":[{\"@type\":\"ListItem\",\"position\":1,\"name\":\"Home\",\"item\":\"https:\\\/\\\/interamerica.org\\\/es\\\/\"},{\"@type\":\"ListItem\",\"position\":2,\"name\":\"Interam\u00e9rica: Miles visitar\u00e1n la cabina de exhibici\u00f3n de la Divisi\u00f3n durante la Sesi\u00f3n\"}]},{\"@type\":\"WebSite\",\"@id\":\"https:\\\/\\\/interamerica.org\\\/es\\\/#website\",\"url\":\"https:\\\/\\\/interamerica.org\\\/es\\\/\",\"name\":\"Iglesia Adventista del S\u00e9ptimo D\u00eda - Divisi\u00f3n Interamericana\",\"description\":\"\",\"potentialAction\":[{\"@type\":\"SearchAction\",\"target\":{\"@type\":\"EntryPoint\",\"urlTemplate\":\"https:\\\/\\\/interamerica.org\\\/es\\\/?s={search_term_string}\"},\"query-input\":{\"@type\":\"PropertyValueSpecification\",\"valueRequired\":true,\"valueName\":\"search_term_string\"}}],\"inLanguage\":\"es\"},{\"@type\":\"Person\",\"@id\":\"https:\\\/\\\/interamerica.org\\\/es\\\/#\\\/schema\\\/person\\\/68ede8bdc292885bb76c1e3810e73c39\",\"name\":\"Lorenzo Verduzco\",\"image\":{\"@type\":\"ImageObject\",\"inLanguage\":\"es\",\"@id\":\"https:\\\/\\\/secure.gravatar.com\\\/avatar\\\/fb81a55b6218459490a9c1dc841a34909185b81904c5337b4b27f7a6fd60c49e?s=96&d=mm&r=g\",\"url\":\"https:\\\/\\\/secure.gravatar.com\\\/avatar\\\/fb81a55b6218459490a9c1dc841a34909185b81904c5337b4b27f7a6fd60c49e?s=96&d=mm&r=g\",\"contentUrl\":\"https:\\\/\\\/secure.gravatar.com\\\/avatar\\\/fb81a55b6218459490a9c1dc841a34909185b81904c5337b4b27f7a6fd60c49e?s=96&d=mm&r=g\",\"caption\":\"Lorenzo Verduzco\"}}]}<\/script>\n<!-- \/ Yoast SEO plugin. -->","yoast_head_json":{"title":"Interam\u00e9rica: Miles visitar\u00e1n la cabina de exhibici\u00f3n de la Divisi\u00f3n durante la Sesi\u00f3n - Iglesia Adventista del S\u00e9ptimo D\u00eda - Divisi\u00f3n Interamericana","robots":{"index":"index","follow":"follow","max-snippet":"max-snippet:-1","max-image-preview":"max-image-preview:large","max-video-preview":"max-video-preview:-1"},"canonical":"https:\/\/interamerica.org\/es\/2010\/06\/interamerica-miles-visitaran-la-cabina-de-exhibicion-de-la-division-durante-la-sesion\/","og_locale":"es_ES","og_type":"article","og_title":"Interam\u00e9rica: Miles visitar\u00e1n la cabina de exhibici\u00f3n de la Divisi\u00f3n durante la Sesi\u00f3n - Iglesia Adventista del S\u00e9ptimo D\u00eda - Divisi\u00f3n Interamericana","og_description":"En s\u00f3lo pocos d\u00edas, miles de adventistas del s\u00e9ptimo d\u00eda se espera que asistan a la 59 Sesi\u00f3n de la Asociaci\u00f3n General en Atlanta, Georgia...","og_url":"https:\/\/interamerica.org\/es\/2010\/06\/interamerica-miles-visitaran-la-cabina-de-exhibicion-de-la-division-durante-la-sesion\/","og_site_name":"Iglesia Adventista del S\u00e9ptimo D\u00eda - Divisi\u00f3n Interamericana","article_published_time":"2010-06-20T04:00:00+00:00","article_modified_time":"2017-06-02T12:59:51+00:00","author":"Lorenzo Verduzco","twitter_card":"summary_large_image","twitter_misc":{"Escrito por":"Lorenzo Verduzco","Tiempo de lectura":"4 minutos"},"schema":{"@context":"https:\/\/schema.org","@graph":[{"@type":"Article","@id":"https:\/\/interamerica.org\/es\/2010\/06\/interamerica-miles-visitaran-la-cabina-de-exhibicion-de-la-division-durante-la-sesion\/#article","isPartOf":{"@id":"https:\/\/interamerica.org\/es\/2010\/06\/interamerica-miles-visitaran-la-cabina-de-exhibicion-de-la-division-durante-la-sesion\/"},"author":{"name":"Lorenzo Verduzco","@id":"https:\/\/interamerica.org\/es\/#\/schema\/person\/68ede8bdc292885bb76c1e3810e73c39"},"headline":"Interam\u00e9rica: Miles visitar\u00e1n la cabina de exhibici\u00f3n de la Divisi\u00f3n durante la Sesi\u00f3n","datePublished":"2010-06-20T04:00:00+00:00","dateModified":"2017-06-02T12:59:51+00:00","mainEntityOfPage":{"@id":"https:\/\/interamerica.org\/es\/2010\/06\/interamerica-miles-visitaran-la-cabina-de-exhibicion-de-la-division-durante-la-sesion\/"},"wordCount":753,"articleSection":["Archivo"],"inLanguage":"es"},{"@type":"WebPage","@id":"https:\/\/interamerica.org\/es\/2010\/06\/interamerica-miles-visitaran-la-cabina-de-exhibicion-de-la-division-durante-la-sesion\/","url":"https:\/\/interamerica.org\/es\/2010\/06\/interamerica-miles-visitaran-la-cabina-de-exhibicion-de-la-division-durante-la-sesion\/","name":"Interam\u00e9rica: Miles visitar\u00e1n la cabina de exhibici\u00f3n de la Divisi\u00f3n durante la Sesi\u00f3n - Iglesia Adventista del S\u00e9ptimo D\u00eda - Divisi\u00f3n Interamericana","isPartOf":{"@id":"https:\/\/interamerica.org\/es\/#website"},"datePublished":"2010-06-20T04:00:00+00:00","dateModified":"2017-06-02T12:59:51+00:00","author":{"@id":"https:\/\/interamerica.org\/es\/#\/schema\/person\/68ede8bdc292885bb76c1e3810e73c39"},"breadcrumb":{"@id":"https:\/\/interamerica.org\/es\/2010\/06\/interamerica-miles-visitaran-la-cabina-de-exhibicion-de-la-division-durante-la-sesion\/#breadcrumb"},"inLanguage":"es","potentialAction":[{"@type":"ReadAction","target":["https:\/\/interamerica.org\/es\/2010\/06\/interamerica-miles-visitaran-la-cabina-de-exhibicion-de-la-division-durante-la-sesion\/"]}]},{"@type":"BreadcrumbList","@id":"https:\/\/interamerica.org\/es\/2010\/06\/interamerica-miles-visitaran-la-cabina-de-exhibicion-de-la-division-durante-la-sesion\/#breadcrumb","itemListElement":[{"@type":"ListItem","position":1,"name":"Home","item":"https:\/\/interamerica.org\/es\/"},{"@type":"ListItem","position":2,"name":"Interam\u00e9rica: Miles visitar\u00e1n la cabina de exhibici\u00f3n de la Divisi\u00f3n durante la Sesi\u00f3n"}]},{"@type":"WebSite","@id":"https:\/\/interamerica.org\/es\/#website","url":"https:\/\/interamerica.org\/es\/","name":"Iglesia Adventista del S\u00e9ptimo D\u00eda - Divisi\u00f3n Interamericana","description":"","potentialAction":[{"@type":"SearchAction","target":{"@type":"EntryPoint","urlTemplate":"https:\/\/interamerica.org\/es\/?s={search_term_string}"},"query-input":{"@type":"PropertyValueSpecification","valueRequired":true,"valueName":"search_term_string"}}],"inLanguage":"es"},{"@type":"Person","@id":"https:\/\/interamerica.org\/es\/#\/schema\/person\/68ede8bdc292885bb76c1e3810e73c39","name":"Lorenzo Verduzco","image":{"@type":"ImageObject","inLanguage":"es","@id":"https:\/\/secure.gravatar.com\/avatar\/fb81a55b6218459490a9c1dc841a34909185b81904c5337b4b27f7a6fd60c49e?s=96&d=mm&r=g","url":"https:\/\/secure.gravatar.com\/avatar\/fb81a55b6218459490a9c1dc841a34909185b81904c5337b4b27f7a6fd60c49e?s=96&d=mm&r=g","contentUrl":"https:\/\/secure.gravatar.com\/avatar\/fb81a55b6218459490a9c1dc841a34909185b81904c5337b4b27f7a6fd60c49e?s=96&d=mm&r=g","caption":"Lorenzo Verduzco"}}]}},"_links":{"self":[{"href":"https:\/\/interamerica.org\/es\/wp-json\/wp\/v2\/posts\/11575","targetHints":{"allow":["GET"]}}],"collection":[{"href":"https:\/\/interamerica.org\/es\/wp-json\/wp\/v2\/posts"}],"about":[{"href":"https:\/\/interamerica.org\/es\/wp-json\/wp\/v2\/types\/post"}],"author":[{"embeddable":true,"href":"https:\/\/interamerica.org\/es\/wp-json\/wp\/v2\/users\/1"}],"replies":[{"embeddable":true,"href":"https:\/\/interamerica.org\/es\/wp-json\/wp\/v2\/comments?post=11575"}],"version-history":[{"count":0,"href":"https:\/\/interamerica.org\/es\/wp-json\/wp\/v2\/posts\/11575\/revisions"}],"wp:attachment":[{"href":"https:\/\/interamerica.org\/es\/wp-json\/wp\/v2\/media?parent=11575"}],"wp:term":[{"taxonomy":"category","embeddable":true,"href":"https:\/\/interamerica.org\/es\/wp-json\/wp\/v2\/categories?post=11575"},{"taxonomy":"post_tag","embeddable":true,"href":"https:\/\/interamerica.org\/es\/wp-json\/wp\/v2\/tags?post=11575"}],"curies":[{"name":"wp","href":"https:\/\/api.w.org\/{rel}","templated":true}]}}