{"id":11576,"date":"2010-06-21T00:00:00","date_gmt":"2010-06-21T04:00:00","guid":{"rendered":"http:\/\/192.81.217.108\/interamerica\/2010\/06\/interamerica-concluye-su-semana-anual-de-enfasis-espiritual\/"},"modified":"2017-06-02T08:59:50","modified_gmt":"2017-06-02T12:59:50","slug":"interamerica-concluye-su-semana-anual-de-enfasis-espiritual","status":"publish","type":"post","link":"https:\/\/interamerica.org\/es\/2010\/06\/interamerica-concluye-su-semana-anual-de-enfasis-espiritual\/","title":{"rendered":"Interam\u00e9rica concluye su semana anual de \u00e9nfasis espiritual"},"content":{"rendered":"<p>Miami, Florida, Estados Unidos, 21 de Junio de 2010 &#8230;[Libna Stevens\/IAD] <\/p>\n<p>El personal de la sede de la Divisi\u00f3n Interamericana en Miami llev\u00f3 a cabo su semana anual de \u00e9nfasis espiritual del 14 al 19 de junio en su Auditorio B.L. Archbold. <\/p>\n<p>Bajo el lema \u00abRecibir\u00e9is Poder\u00bb, todo el personal de la DIA escucharon mensajes cada ma\u00f1ana de parte del pastor Paul Ratsara, presidente de la iglesia en la regi\u00f3n de Africa Oceano Indico Sur. <\/p>\n<p>El pastor Ratsara comenz\u00f3 la semana animando a todos a fortalecer su fe con las promesas de Dios y con su amante cuidado en medio de las tribulaciones, reclamando el poder que Dios nos ha concedido a trav\u00e9s del Esp\u00edritu Santo. <\/p>\n<p>\u00abLos tiempos est\u00e1n cambiando y debemos despertar como Dios le dijo a Isa\u00edas\u00bb, dijo Ratsara. \u00abNecesitamos reclamar el poder de Dios y pasar m\u00e1s tiempo en oraci\u00f3n mientras estamos en los asuntos relacionados con la obra de la iglesia\u00bb. <\/p>\n<p>El pastor Ratsara record\u00f3 a los obreros de la iglesia que reclamaran ese poder para terminar la obra que Dios les ha confiado. <\/p>\n<p>La semana culmin\u00f3 con un servicio de comuni\u00f3n y una reuni\u00f3n especial el s\u00e1bado por la ma\u00f1ana, donde el personal y sus familiares participaron en un servicio especial de adoraci\u00f3n. <\/p>\n<p>El personal en la sede de la Divisi\u00f3n Interamericana supervisa el trabajo de la Iglesia Adventista del S\u00e9ptimo D\u00eda en 21 uniones o regiones, con m\u00e1s de 3,2 millones de miembros de iglesia. <\/p>\n","protected":false},"excerpt":{"rendered":"<p>El personal de la sede de la Divisi\u00f3n Interamericana en Miami llev\u00f3 a cabo su semana anual de \u00e9nfasis espiritual del 14 al 19 de junio en su Auditorio B.L. Archbold.<\/p>\n","protected":false},"author":1,"featured_media":0,"comment_status":"closed","ping_status":"closed","sticky":false,"template":"","format":"standard","meta":{"_acf_changed":false,"footnotes":""},"categories":[8],"tags":[],"class_list":["post-11576","post","type-post","status-publish","format-standard","hentry","category-archivo"],"acf":[],"yoast_head":"<!-- This site is optimized with the Yoast SEO plugin v27.3 - https:\/\/yoast.com\/product\/yoast-seo-wordpress\/ -->\n<title>Interam\u00e9rica concluye su semana anual de \u00e9nfasis espiritual - Iglesia Adventista del S\u00e9ptimo D\u00eda - Divisi\u00f3n Interamericana<\/title>\n<meta name=\"robots\" content=\"index, follow, max-snippet:-1, max-image-preview:large, max-video-preview:-1\" \/>\n<link rel=\"canonical\" href=\"https:\/\/interamerica.org\/es\/2010\/06\/interamerica-concluye-su-semana-anual-de-enfasis-espiritual\/\" \/>\n<meta property=\"og:locale\" content=\"es_ES\" \/>\n<meta property=\"og:type\" content=\"article\" \/>\n<meta property=\"og:title\" content=\"Interam\u00e9rica concluye su semana anual de \u00e9nfasis espiritual - Iglesia Adventista del S\u00e9ptimo D\u00eda - Divisi\u00f3n Interamericana\" \/>\n<meta property=\"og:description\" content=\"El personal de la sede de la Divisi\u00f3n Interamericana en Miami llev\u00f3 a cabo su semana anual de \u00e9nfasis espiritual del 14 al 19 de junio en su Auditorio B.L. Archbold.\" \/>\n<meta property=\"og:url\" content=\"https:\/\/interamerica.org\/es\/2010\/06\/interamerica-concluye-su-semana-anual-de-enfasis-espiritual\/\" \/>\n<meta property=\"og:site_name\" content=\"Iglesia Adventista del S\u00e9ptimo D\u00eda - Divisi\u00f3n Interamericana\" \/>\n<meta property=\"article:published_time\" content=\"2010-06-21T04:00:00+00:00\" \/>\n<meta property=\"article:modified_time\" content=\"2017-06-02T12:59:50+00:00\" \/>\n<meta name=\"author\" content=\"Lorenzo Verduzco\" \/>\n<meta name=\"twitter:card\" content=\"summary_large_image\" \/>\n<meta name=\"twitter:label1\" content=\"Escrito por\" \/>\n\t<meta name=\"twitter:data1\" content=\"Lorenzo Verduzco\" \/>\n\t<meta name=\"twitter:label2\" content=\"Tiempo de lectura\" \/>\n\t<meta name=\"twitter:data2\" content=\"1 minuto\" \/>\n<script type=\"application\/ld+json\" class=\"yoast-schema-graph\">{\"@context\":\"https:\\\/\\\/schema.org\",\"@graph\":[{\"@type\":\"Article\",\"@id\":\"https:\\\/\\\/interamerica.org\\\/es\\\/2010\\\/06\\\/interamerica-concluye-su-semana-anual-de-enfasis-espiritual\\\/#article\",\"isPartOf\":{\"@id\":\"https:\\\/\\\/interamerica.org\\\/es\\\/2010\\\/06\\\/interamerica-concluye-su-semana-anual-de-enfasis-espiritual\\\/\"},\"author\":{\"name\":\"Lorenzo Verduzco\",\"@id\":\"https:\\\/\\\/interamerica.org\\\/es\\\/#\\\/schema\\\/person\\\/68ede8bdc292885bb76c1e3810e73c39\"},\"headline\":\"Interam\u00e9rica concluye su semana anual de \u00e9nfasis espiritual\",\"datePublished\":\"2010-06-21T04:00:00+00:00\",\"dateModified\":\"2017-06-02T12:59:50+00:00\",\"mainEntityOfPage\":{\"@id\":\"https:\\\/\\\/interamerica.org\\\/es\\\/2010\\\/06\\\/interamerica-concluye-su-semana-anual-de-enfasis-espiritual\\\/\"},\"wordCount\":265,\"articleSection\":[\"Archivo\"],\"inLanguage\":\"es\"},{\"@type\":\"WebPage\",\"@id\":\"https:\\\/\\\/interamerica.org\\\/es\\\/2010\\\/06\\\/interamerica-concluye-su-semana-anual-de-enfasis-espiritual\\\/\",\"url\":\"https:\\\/\\\/interamerica.org\\\/es\\\/2010\\\/06\\\/interamerica-concluye-su-semana-anual-de-enfasis-espiritual\\\/\",\"name\":\"Interam\u00e9rica concluye su semana anual de \u00e9nfasis espiritual - Iglesia Adventista del S\u00e9ptimo D\u00eda - Divisi\u00f3n Interamericana\",\"isPartOf\":{\"@id\":\"https:\\\/\\\/interamerica.org\\\/es\\\/#website\"},\"datePublished\":\"2010-06-21T04:00:00+00:00\",\"dateModified\":\"2017-06-02T12:59:50+00:00\",\"author\":{\"@id\":\"https:\\\/\\\/interamerica.org\\\/es\\\/#\\\/schema\\\/person\\\/68ede8bdc292885bb76c1e3810e73c39\"},\"breadcrumb\":{\"@id\":\"https:\\\/\\\/interamerica.org\\\/es\\\/2010\\\/06\\\/interamerica-concluye-su-semana-anual-de-enfasis-espiritual\\\/#breadcrumb\"},\"inLanguage\":\"es\",\"potentialAction\":[{\"@type\":\"ReadAction\",\"target\":[\"https:\\\/\\\/interamerica.org\\\/es\\\/2010\\\/06\\\/interamerica-concluye-su-semana-anual-de-enfasis-espiritual\\\/\"]}]},{\"@type\":\"BreadcrumbList\",\"@id\":\"https:\\\/\\\/interamerica.org\\\/es\\\/2010\\\/06\\\/interamerica-concluye-su-semana-anual-de-enfasis-espiritual\\\/#breadcrumb\",\"itemListElement\":[{\"@type\":\"ListItem\",\"position\":1,\"name\":\"Home\",\"item\":\"https:\\\/\\\/interamerica.org\\\/es\\\/\"},{\"@type\":\"ListItem\",\"position\":2,\"name\":\"Interam\u00e9rica concluye su semana anual de \u00e9nfasis espiritual\"}]},{\"@type\":\"WebSite\",\"@id\":\"https:\\\/\\\/interamerica.org\\\/es\\\/#website\",\"url\":\"https:\\\/\\\/interamerica.org\\\/es\\\/\",\"name\":\"Iglesia Adventista del S\u00e9ptimo D\u00eda - Divisi\u00f3n Interamericana\",\"description\":\"\",\"potentialAction\":[{\"@type\":\"SearchAction\",\"target\":{\"@type\":\"EntryPoint\",\"urlTemplate\":\"https:\\\/\\\/interamerica.org\\\/es\\\/?s={search_term_string}\"},\"query-input\":{\"@type\":\"PropertyValueSpecification\",\"valueRequired\":true,\"valueName\":\"search_term_string\"}}],\"inLanguage\":\"es\"},{\"@type\":\"Person\",\"@id\":\"https:\\\/\\\/interamerica.org\\\/es\\\/#\\\/schema\\\/person\\\/68ede8bdc292885bb76c1e3810e73c39\",\"name\":\"Lorenzo Verduzco\",\"image\":{\"@type\":\"ImageObject\",\"inLanguage\":\"es\",\"@id\":\"https:\\\/\\\/secure.gravatar.com\\\/avatar\\\/fb81a55b6218459490a9c1dc841a34909185b81904c5337b4b27f7a6fd60c49e?s=96&d=mm&r=g\",\"url\":\"https:\\\/\\\/secure.gravatar.com\\\/avatar\\\/fb81a55b6218459490a9c1dc841a34909185b81904c5337b4b27f7a6fd60c49e?s=96&d=mm&r=g\",\"contentUrl\":\"https:\\\/\\\/secure.gravatar.com\\\/avatar\\\/fb81a55b6218459490a9c1dc841a34909185b81904c5337b4b27f7a6fd60c49e?s=96&d=mm&r=g\",\"caption\":\"Lorenzo Verduzco\"}}]}<\/script>\n<!-- \/ Yoast SEO plugin. -->","yoast_head_json":{"title":"Interam\u00e9rica concluye su semana anual de \u00e9nfasis espiritual - Iglesia Adventista del S\u00e9ptimo D\u00eda - Divisi\u00f3n Interamericana","robots":{"index":"index","follow":"follow","max-snippet":"max-snippet:-1","max-image-preview":"max-image-preview:large","max-video-preview":"max-video-preview:-1"},"canonical":"https:\/\/interamerica.org\/es\/2010\/06\/interamerica-concluye-su-semana-anual-de-enfasis-espiritual\/","og_locale":"es_ES","og_type":"article","og_title":"Interam\u00e9rica concluye su semana anual de \u00e9nfasis espiritual - Iglesia Adventista del S\u00e9ptimo D\u00eda - Divisi\u00f3n Interamericana","og_description":"El personal de la sede de la Divisi\u00f3n Interamericana en Miami llev\u00f3 a cabo su semana anual de \u00e9nfasis espiritual del 14 al 19 de junio en su Auditorio B.L. Archbold.","og_url":"https:\/\/interamerica.org\/es\/2010\/06\/interamerica-concluye-su-semana-anual-de-enfasis-espiritual\/","og_site_name":"Iglesia Adventista del S\u00e9ptimo D\u00eda - Divisi\u00f3n Interamericana","article_published_time":"2010-06-21T04:00:00+00:00","article_modified_time":"2017-06-02T12:59:50+00:00","author":"Lorenzo Verduzco","twitter_card":"summary_large_image","twitter_misc":{"Escrito por":"Lorenzo Verduzco","Tiempo de lectura":"1 minuto"},"schema":{"@context":"https:\/\/schema.org","@graph":[{"@type":"Article","@id":"https:\/\/interamerica.org\/es\/2010\/06\/interamerica-concluye-su-semana-anual-de-enfasis-espiritual\/#article","isPartOf":{"@id":"https:\/\/interamerica.org\/es\/2010\/06\/interamerica-concluye-su-semana-anual-de-enfasis-espiritual\/"},"author":{"name":"Lorenzo Verduzco","@id":"https:\/\/interamerica.org\/es\/#\/schema\/person\/68ede8bdc292885bb76c1e3810e73c39"},"headline":"Interam\u00e9rica concluye su semana anual de \u00e9nfasis espiritual","datePublished":"2010-06-21T04:00:00+00:00","dateModified":"2017-06-02T12:59:50+00:00","mainEntityOfPage":{"@id":"https:\/\/interamerica.org\/es\/2010\/06\/interamerica-concluye-su-semana-anual-de-enfasis-espiritual\/"},"wordCount":265,"articleSection":["Archivo"],"inLanguage":"es"},{"@type":"WebPage","@id":"https:\/\/interamerica.org\/es\/2010\/06\/interamerica-concluye-su-semana-anual-de-enfasis-espiritual\/","url":"https:\/\/interamerica.org\/es\/2010\/06\/interamerica-concluye-su-semana-anual-de-enfasis-espiritual\/","name":"Interam\u00e9rica concluye su semana anual de \u00e9nfasis espiritual - Iglesia Adventista del S\u00e9ptimo D\u00eda - Divisi\u00f3n Interamericana","isPartOf":{"@id":"https:\/\/interamerica.org\/es\/#website"},"datePublished":"2010-06-21T04:00:00+00:00","dateModified":"2017-06-02T12:59:50+00:00","author":{"@id":"https:\/\/interamerica.org\/es\/#\/schema\/person\/68ede8bdc292885bb76c1e3810e73c39"},"breadcrumb":{"@id":"https:\/\/interamerica.org\/es\/2010\/06\/interamerica-concluye-su-semana-anual-de-enfasis-espiritual\/#breadcrumb"},"inLanguage":"es","potentialAction":[{"@type":"ReadAction","target":["https:\/\/interamerica.org\/es\/2010\/06\/interamerica-concluye-su-semana-anual-de-enfasis-espiritual\/"]}]},{"@type":"BreadcrumbList","@id":"https:\/\/interamerica.org\/es\/2010\/06\/interamerica-concluye-su-semana-anual-de-enfasis-espiritual\/#breadcrumb","itemListElement":[{"@type":"ListItem","position":1,"name":"Home","item":"https:\/\/interamerica.org\/es\/"},{"@type":"ListItem","position":2,"name":"Interam\u00e9rica concluye su semana anual de \u00e9nfasis espiritual"}]},{"@type":"WebSite","@id":"https:\/\/interamerica.org\/es\/#website","url":"https:\/\/interamerica.org\/es\/","name":"Iglesia Adventista del S\u00e9ptimo D\u00eda - Divisi\u00f3n Interamericana","description":"","potentialAction":[{"@type":"SearchAction","target":{"@type":"EntryPoint","urlTemplate":"https:\/\/interamerica.org\/es\/?s={search_term_string}"},"query-input":{"@type":"PropertyValueSpecification","valueRequired":true,"valueName":"search_term_string"}}],"inLanguage":"es"},{"@type":"Person","@id":"https:\/\/interamerica.org\/es\/#\/schema\/person\/68ede8bdc292885bb76c1e3810e73c39","name":"Lorenzo Verduzco","image":{"@type":"ImageObject","inLanguage":"es","@id":"https:\/\/secure.gravatar.com\/avatar\/fb81a55b6218459490a9c1dc841a34909185b81904c5337b4b27f7a6fd60c49e?s=96&d=mm&r=g","url":"https:\/\/secure.gravatar.com\/avatar\/fb81a55b6218459490a9c1dc841a34909185b81904c5337b4b27f7a6fd60c49e?s=96&d=mm&r=g","contentUrl":"https:\/\/secure.gravatar.com\/avatar\/fb81a55b6218459490a9c1dc841a34909185b81904c5337b4b27f7a6fd60c49e?s=96&d=mm&r=g","caption":"Lorenzo Verduzco"}}]}},"_links":{"self":[{"href":"https:\/\/interamerica.org\/es\/wp-json\/wp\/v2\/posts\/11576","targetHints":{"allow":["GET"]}}],"collection":[{"href":"https:\/\/interamerica.org\/es\/wp-json\/wp\/v2\/posts"}],"about":[{"href":"https:\/\/interamerica.org\/es\/wp-json\/wp\/v2\/types\/post"}],"author":[{"embeddable":true,"href":"https:\/\/interamerica.org\/es\/wp-json\/wp\/v2\/users\/1"}],"replies":[{"embeddable":true,"href":"https:\/\/interamerica.org\/es\/wp-json\/wp\/v2\/comments?post=11576"}],"version-history":[{"count":0,"href":"https:\/\/interamerica.org\/es\/wp-json\/wp\/v2\/posts\/11576\/revisions"}],"wp:attachment":[{"href":"https:\/\/interamerica.org\/es\/wp-json\/wp\/v2\/media?parent=11576"}],"wp:term":[{"taxonomy":"category","embeddable":true,"href":"https:\/\/interamerica.org\/es\/wp-json\/wp\/v2\/categories?post=11576"},{"taxonomy":"post_tag","embeddable":true,"href":"https:\/\/interamerica.org\/es\/wp-json\/wp\/v2\/tags?post=11576"}],"curies":[{"name":"wp","href":"https:\/\/api.w.org\/{rel}","templated":true}]}}