{"id":11577,"date":"2010-06-23T00:00:00","date_gmt":"2010-06-23T04:00:00","guid":{"rendered":"http:\/\/192.81.217.108\/interamerica\/2010\/06\/la-iglesia-en-interamerica-continua-su-crecimiento-estable-despues-de-cinco-anos\/"},"modified":"2017-06-02T08:59:47","modified_gmt":"2017-06-02T12:59:47","slug":"la-iglesia-en-interamerica-continua-su-crecimiento-estable-despues-de-cinco-anos","status":"publish","type":"post","link":"https:\/\/interamerica.org\/es\/2010\/06\/la-iglesia-en-interamerica-continua-su-crecimiento-estable-despues-de-cinco-anos\/","title":{"rendered":"La iglesia en Interam\u00e9rica contin\u00faa su crecimiento estable despu\u00e9s de cinco a\u00f1os"},"content":{"rendered":"<p>Atlanta, Georgia, Estados Unidos, 22 de junio de 2010 &#8230;[Libna Stevens\/DIA]<br  \/><\/p>\n<p>Mientras cientos de adventistas del s\u00e9ptimo d\u00eda se congregan en Atlanta, Georgia, para el congreso n\u00famero 59 de la Asociaci\u00f3n General, la iglesia en Interam\u00e9rica celebra cinco a\u00f1os de crecimiento estable. <br  \/><\/p>\n<p>\u00abAlabamos al Se\u00f1or por el maravilloso crecimiento de la iglesia en el territorio de nuestra Divisi\u00f3n\u00bb, dice el pastor Israel Leito, presidente de la iglesia en Interam\u00e9rica. El pastor Leito atribuye parte del \u00e9xito a la decicaci\u00f3n de los laicos y el equipo de ministerio pastoral, as\u00ed como a la agresiva planeaci\u00f3n estrat\u00e9gica iniciada 15 a\u00f1os atr\u00e1s. <br  \/><\/p>\n<p>La iglesia en Interam\u00e9rica creci\u00f3 desde 12 uniones, 30 asociaciones y 30 misiones en 2005, hasta tener 21 uniones en 70 asociaciones y 41 misiones locales este a\u00f1o, un crecimiento no s\u00f3lo visible en el crecimiento de su feligres\u00eda, sino tambi\u00e9n en las finanzas, dicen los oficiales de la iglesia. <br  \/><\/p>\n<p>Ostentando una vez m\u00e1s la delegaci\u00f3n m\u00e1s grande de todas las divisiones, la Divisi\u00f3n Interamericana (DIA) tiene m\u00e1s de 350 delegados representando a los m\u00e1s de 3,3 miembros de iglesia en su territorio. <br  \/><\/p>\n<p>Parte de la agenda de negocios de la iglesia en el congreso incluir\u00e1 la elecci\u00f3n de todos los l\u00edderes de la iglesia mundial y los l\u00edderes de las divisiones para el d\u00eda 1 de julio de 2010. <br  \/><\/p>\n<p>El pastor Leito, quien ha estado dirigiendo la iglesia en Interam\u00e9rica desde 1994, responde algunas preguntas acerca de la funci\u00f3n de la DIA y su rumbo al comenzar un nuevo quinquenio. <br  \/><\/p>\n<p>PREGUNTA: Con cerca de 350 delegados de la DIA participando en el congreso, \u00bfqu\u00e9 espera usted de ellos y cu\u00e1n importante es la funci\u00f3n de cada uno de ellos durante este congreso? <br  \/><\/p>\n<p>Pastor LEITO: Yo espero que ellos sean dirigidos por el Se\u00f1or, que usen su propio criterio, que sean bastante justos y de mente abierta en sus evaluaciones, y espero que tomen en su coraz\u00f3n el inter\u00e9s de la iglesia en lugar de ambiciones personales. <br  \/><\/p>\n<p>PREGUNTA: Con el lema de este congreso, Proclamando la Gracia de Dios, \u00bfCu\u00e1n importante siente usted que este \u00e9nfasis debe ser por todo el territorio? \u00bfEstamos nosotros predicando lo suficiente acerca de la gracia de Dios en estos tiempos cambiantes? <br  \/><\/p>\n<p>Pastor LEITO: S\u00ed. Interam\u00e9rica cree en la gracia de nuestro Se\u00f1or Jesucristo, y nosotros no queremos poner esto en conflicto con ning\u00fan otro medio de salvaci\u00f3n. Podemos confiar m\u00e1s en su gracia, podemos entender mejor su gracia, podemos confiar m\u00e1s en el Se\u00f1or y menos en lo que nosotros hacemos; por eso es que hemos escogido este lema en la Divisi\u00f3n, pues no se trata de lo que nosotros hagamos, sino de qui\u00e9nes somos como un pueblo que ama a Cristo. <br  \/><\/p>\n<p>PREGUNTA: \u00bfPiensa usted que este lema puede tener un efecto duradero en todo el territorio de la DIA durante el pr\u00f3ximo quinquenio? <br  \/><\/p>\n<p>Pastor LEITO: Yo espero que cuanto m\u00e1s nos acerquemos a la venida del Se\u00f1or, tanto m\u00e1s clara se convertir\u00e1 nuestra raz\u00f3n para la salvaci\u00f3n, y debemos enfatizar esto mucho m\u00e1s que nunca. Nosotros creemos que somos una de las pocas iglesias (si no la \u00fanica) que realmente puede educar al mundo y predicar el evangelio en toda su extensi\u00f3n de la fe en la salvaci\u00f3n a trav\u00e9s de Jesucristo, y obedeci\u00e9ndole guardando sus mandamientos. <br  \/><\/p>\n<p>PREGUNTA: El crecimiento de la iglesia ha sido la fuerza intensa que ha guiado a la iglesia en la DIA para ser la m\u00e1s grande con 3,3 millones de miembros de iglesia\u2014un objetivo del cual usted habl\u00f3 en el a\u00f1o 2005. \u00bfHay alg\u00fan objetivo establecido para 2015 en relaci\u00f3n con el crecimiento de la feligres\u00eda? <br  \/><\/p>\n<p>Pastor LEITO: S\u00ed. Por la gracia de Dios, planeamos bautizar m\u00e1s de un mill\u00f3n de miembros, y repetiremos esto m\u00e1s y m\u00e1s, pues tenemos un vicepresidente dedicado la mayor parte del tiempo a la retenci\u00f3n de la feligres\u00eda. As\u00ed que si bautizamos un mill\u00f3n de personas y podemos aumentar nuestra retenci\u00f3n, sobrepasar\u00edamos los 4,5 millones de miembros al final de este quinquenio. <br  \/><\/p>\n<p>PREGUNTA: \u00bfCu\u00e1n desafiante ha sido sostener este crecimiento? \u00bfEst\u00e1 la iglesia realmente preocupada por retener a los miembros antiguos y a los nuevos? <br  \/><\/p>\n<p>Pastor LEITO: Creemos que cada miembro que entra en contacto con la iglesia se convierte en un miembro y debe permanecer. Sin embargo, somos conscientes de la realidad de que podemos perder miembros, pero es nuestra intenci\u00f3n por la gracia de Dios conservar a cada miembro que viene a nosotros a trav\u00e9s de la Palabra. <br  \/><\/p>\n<p>La gente viene a la iglesia porque ellos son llamados por el Esp\u00edritu Santo, pero permanecen en la iglesia principalmente por causa de tres cosas: Ellos est\u00e1n convencidos de su salvaci\u00f3n, y nosotros tenemos que ense\u00f1arle eso a nuestros miembros\u2014que est\u00e9n seguros de su salvaci\u00f3n. En segundo lugar, ellos encuentran algo para hacer\u2014y debemos encontrar todas las formas posibles para involucrar a tantos miembros como sea posible en la misi\u00f3n de la iglesia. En tercer lugar, ellos permanecen porque encuentran un amigo o varios amigos, y luchamos por la gracia de Dios para hacer que nuestras iglesias sean tan amigables como sea posible para los miembros y para los visitantes. <br  \/><\/p>\n<p>PREGUNTA: Hay mucho \u00e9nfasis por parte de la iglesia mundial en el la importancia de hacer una diferencia en la comunidad, trabajar agresivamente con la identidad de la iglesia sostenida bien en algo. \u00bfC\u00f3mo est\u00e1 la iglesia en Interam\u00e9rica enfatizando m\u00e1s la integraci\u00f3n en la comunidad a nivel local? <br  \/><\/p>\n<p>Pastor LEITO: Definitivamente estamos impulsando esto en el territorio para una mayor participaci\u00f3n en la comunidad. Debemos ser los mejores ciudadanos, los mejores vecinos, la mejor persona que existe; aquel en quien j\u00f3venes y adultos pueden confiar y a quien pueden venir para obtener orientaci\u00f3n. Debemos estar involucrados en nuestras comunidades. <br  \/><\/p>\n<p>PREGUNTA: \u00bfEst\u00e1 Interam\u00e9rica realmente enfoc\u00e1ndose en eso? <br  \/>Debemos enfocarnos m\u00e1s en alcanzar a la comunidad. Podemos hacer mucho m\u00e1s, y podemos animar a nuestras uniones hasta el nivel de la iglesia local para que est\u00e9n m\u00e1s involucradas en sus comunidades. <br  \/><\/p>\n<p>PREGUNTA: \u00bfCu\u00e1n agresiva es la iglesia en la DIA respect a alcanzar sus grandes ciudades? \u00bfEstamos movi\u00e9ndonos suficientemente r\u00e1pido? <br  \/><\/p>\n<p>Pastor LEITO: Desear\u00edamos poder movernos m\u00e1s r\u00e1pido, pero moverse hacia las grandes ciudades es bastante costoso y este es un factor algo limitante para nosotros (el costo de movernos agresivamente en las grandes ciudades). Pero esto no es desalentador para nosotros; estamos planeando y trabajando hacia ese objetivo con nuestros limitados recursos, a fin de ayudar a nuestras uniones a establecer y ejecutar planes para dividir las ciudades por segmentos y conquistarlas, un bloque de casas detr\u00e1s de otro, casa por casa, y continuar trabajando con esas iniciativas. <br  \/><\/p>\n<p>PREGUNTA: La iglesia en la DIA est\u00e1 invirtiendo en su estrategia educativa comenzando este a\u00f1o. \u00bfQu\u00e9 piensa usted que podr\u00eda llegar a ser una realidad durante los pr\u00f3ximos cinco a\u00f1os, en cuanto a la educaci\u00f3n adventista en Interam\u00e9rica? <br  \/><\/p>\n<p>Pastor LEITO: Una realidad que yo esperar\u00eda es que tuvi\u00e9semos un ministerio mucho m\u00e1s educado, un equipo de profesores y una feligres\u00eda que sea m\u00e1s consciente de las posibilidades de hacer avanzar la educaci\u00f3n en nuestro territorio. <br  \/><\/p>\n<p>Queremos crear un mejor ambiente en nuestras escuelas, de modo que los adventistas del s\u00e9ptimo d\u00eda y los padres sientan que perder\u00edan algo muy valioso si no vienen a nuestras instituciones para estudiar. <br  \/><\/p>\n<p>PREGUNTA: En general, \u00bfQu\u00e9 visi\u00f3n tiene usted para la DIA durante los pr\u00f3ximos cinco a\u00f1os y m\u00e1 all\u00e1? <br  \/><\/p>\n<p>Pastor LEITO: Vemos a la DIA como una organizaci\u00f3n siempre en crecimiento que no ha alcanzado su l\u00edmite de crecimiento. Vemos a la Divisi\u00f3n Interamericana como una divisi\u00f3n cada vez m\u00e1s desarrollada, con instituciones fuertes, miembros dedicados, laicos consagrados. Vemos a Interam\u00e9rica con una cultura de liderazgo que es de acuerdo con el coraz\u00f3n de nuestro Se\u00f1or Jesucristo, de respeto, amor, aliento mutuo y soporte. <br  \/><\/p>\n<p>PREGUNTA: \u00bfQu\u00e9 cosa presiona su coraz\u00f3n acerca de su iglesia en la DIA, puesto que usted ha servido como presidente desde 1994? <br  \/><\/p>\n<p>Pastor LEITO: Yo he sentido que esta es una iglesia muy amante. He sentido que es una iglesia muy comprometida, aunque no sin desaf\u00edos. Siento que esta iglesia entiende la misi\u00f3n y est\u00e1 m\u00e1s que dispuesta a ser usada por el Esp\u00edritu Santo para proseguir y cumplir la misi\u00f3n de llenar este territorio con el evangelio de Jesucristo. <br  \/><\/p>\n<p>Una cosa que me preocupa mientras viajo en esta divisi\u00f3n: Yo le pregunto a la gente si conoce a la Iglesia Adventista del S\u00e9ptimo D\u00eda. Cuando no la conocen, eso me pone triste. Queremos que todos conozcan acerca de nuestra iglesia, as\u00ed que esta es una visi\u00f3n: hacer que la iglesia sea conocida&#8211; ofrecer a cada uno la oportunidad de aceptar o rechazar la gracia salvadora de Jesucristo. <br  \/><\/p>\n<p>Para m\u00e1s informaci\u00f3n sobre la iglesia en Interam\u00e9rica, las m\u00e1s recientes noticias sobre el congreso y las decisiones que afecctan a la Divisi\u00f3n Interamericana, vis\u00edtenos en <a  href=\"\/js\/tiny_mce\/www.interamerica.org\"><u >www.interamerica.org<\/u ><\/a >. <br  \/><\/p>\n","protected":false},"excerpt":{"rendered":"<p>Mientras cientos de adventistas del s\u00e9ptimo d\u00eda se congregan en Atlanta, Georgia, para el congreso n\u00famero 59 de la Asociaci\u00f3n General, la iglesia en Interam\u00e9rica celebra cinco a\u00f1os de crecimiento estable.<\/p>\n","protected":false},"author":1,"featured_media":0,"comment_status":"closed","ping_status":"closed","sticky":false,"template":"","format":"standard","meta":{"_acf_changed":false,"footnotes":""},"categories":[8],"tags":[],"class_list":["post-11577","post","type-post","status-publish","format-standard","hentry","category-archivo"],"acf":[],"yoast_head":"<!-- This site is optimized with the Yoast SEO plugin v27.3 - https:\/\/yoast.com\/product\/yoast-seo-wordpress\/ -->\n<title>La iglesia en Interam\u00e9rica contin\u00faa su crecimiento estable despu\u00e9s de cinco a\u00f1os - Iglesia Adventista del S\u00e9ptimo D\u00eda - Divisi\u00f3n Interamericana<\/title>\n<meta name=\"robots\" content=\"index, follow, max-snippet:-1, max-image-preview:large, max-video-preview:-1\" \/>\n<link rel=\"canonical\" href=\"https:\/\/interamerica.org\/es\/2010\/06\/la-iglesia-en-interamerica-continua-su-crecimiento-estable-despues-de-cinco-anos\/\" \/>\n<meta property=\"og:locale\" content=\"es_ES\" \/>\n<meta property=\"og:type\" content=\"article\" \/>\n<meta property=\"og:title\" content=\"La iglesia en Interam\u00e9rica contin\u00faa su crecimiento estable despu\u00e9s de cinco a\u00f1os - Iglesia Adventista del S\u00e9ptimo D\u00eda - Divisi\u00f3n Interamericana\" \/>\n<meta property=\"og:description\" content=\"Mientras cientos de adventistas del s\u00e9ptimo d\u00eda se congregan en Atlanta, Georgia, para el congreso n\u00famero 59 de la Asociaci\u00f3n General, la iglesia en Interam\u00e9rica celebra cinco a\u00f1os de crecimiento estable.\" \/>\n<meta property=\"og:url\" content=\"https:\/\/interamerica.org\/es\/2010\/06\/la-iglesia-en-interamerica-continua-su-crecimiento-estable-despues-de-cinco-anos\/\" \/>\n<meta property=\"og:site_name\" content=\"Iglesia Adventista del S\u00e9ptimo D\u00eda - Divisi\u00f3n Interamericana\" \/>\n<meta property=\"article:published_time\" content=\"2010-06-23T04:00:00+00:00\" \/>\n<meta property=\"article:modified_time\" content=\"2017-06-02T12:59:47+00:00\" \/>\n<meta name=\"author\" content=\"Lorenzo Verduzco\" \/>\n<meta name=\"twitter:card\" content=\"summary_large_image\" \/>\n<meta name=\"twitter:label1\" content=\"Escrito por\" \/>\n\t<meta name=\"twitter:data1\" content=\"Lorenzo Verduzco\" \/>\n\t<meta name=\"twitter:label2\" content=\"Tiempo de lectura\" \/>\n\t<meta name=\"twitter:data2\" content=\"8 minutos\" \/>\n<script type=\"application\/ld+json\" class=\"yoast-schema-graph\">{\"@context\":\"https:\\\/\\\/schema.org\",\"@graph\":[{\"@type\":\"Article\",\"@id\":\"https:\\\/\\\/interamerica.org\\\/es\\\/2010\\\/06\\\/la-iglesia-en-interamerica-continua-su-crecimiento-estable-despues-de-cinco-anos\\\/#article\",\"isPartOf\":{\"@id\":\"https:\\\/\\\/interamerica.org\\\/es\\\/2010\\\/06\\\/la-iglesia-en-interamerica-continua-su-crecimiento-estable-despues-de-cinco-anos\\\/\"},\"author\":{\"name\":\"Lorenzo Verduzco\",\"@id\":\"https:\\\/\\\/interamerica.org\\\/es\\\/#\\\/schema\\\/person\\\/68ede8bdc292885bb76c1e3810e73c39\"},\"headline\":\"La iglesia en Interam\u00e9rica contin\u00faa su crecimiento estable despu\u00e9s de cinco a\u00f1os\",\"datePublished\":\"2010-06-23T04:00:00+00:00\",\"dateModified\":\"2017-06-02T12:59:47+00:00\",\"mainEntityOfPage\":{\"@id\":\"https:\\\/\\\/interamerica.org\\\/es\\\/2010\\\/06\\\/la-iglesia-en-interamerica-continua-su-crecimiento-estable-despues-de-cinco-anos\\\/\"},\"wordCount\":1604,\"articleSection\":[\"Archivo\"],\"inLanguage\":\"es\"},{\"@type\":\"WebPage\",\"@id\":\"https:\\\/\\\/interamerica.org\\\/es\\\/2010\\\/06\\\/la-iglesia-en-interamerica-continua-su-crecimiento-estable-despues-de-cinco-anos\\\/\",\"url\":\"https:\\\/\\\/interamerica.org\\\/es\\\/2010\\\/06\\\/la-iglesia-en-interamerica-continua-su-crecimiento-estable-despues-de-cinco-anos\\\/\",\"name\":\"La iglesia en Interam\u00e9rica contin\u00faa su crecimiento estable despu\u00e9s de cinco a\u00f1os - Iglesia Adventista del S\u00e9ptimo D\u00eda - Divisi\u00f3n Interamericana\",\"isPartOf\":{\"@id\":\"https:\\\/\\\/interamerica.org\\\/es\\\/#website\"},\"datePublished\":\"2010-06-23T04:00:00+00:00\",\"dateModified\":\"2017-06-02T12:59:47+00:00\",\"author\":{\"@id\":\"https:\\\/\\\/interamerica.org\\\/es\\\/#\\\/schema\\\/person\\\/68ede8bdc292885bb76c1e3810e73c39\"},\"breadcrumb\":{\"@id\":\"https:\\\/\\\/interamerica.org\\\/es\\\/2010\\\/06\\\/la-iglesia-en-interamerica-continua-su-crecimiento-estable-despues-de-cinco-anos\\\/#breadcrumb\"},\"inLanguage\":\"es\",\"potentialAction\":[{\"@type\":\"ReadAction\",\"target\":[\"https:\\\/\\\/interamerica.org\\\/es\\\/2010\\\/06\\\/la-iglesia-en-interamerica-continua-su-crecimiento-estable-despues-de-cinco-anos\\\/\"]}]},{\"@type\":\"BreadcrumbList\",\"@id\":\"https:\\\/\\\/interamerica.org\\\/es\\\/2010\\\/06\\\/la-iglesia-en-interamerica-continua-su-crecimiento-estable-despues-de-cinco-anos\\\/#breadcrumb\",\"itemListElement\":[{\"@type\":\"ListItem\",\"position\":1,\"name\":\"Home\",\"item\":\"https:\\\/\\\/interamerica.org\\\/es\\\/\"},{\"@type\":\"ListItem\",\"position\":2,\"name\":\"La iglesia en Interam\u00e9rica contin\u00faa su crecimiento estable despu\u00e9s de cinco a\u00f1os\"}]},{\"@type\":\"WebSite\",\"@id\":\"https:\\\/\\\/interamerica.org\\\/es\\\/#website\",\"url\":\"https:\\\/\\\/interamerica.org\\\/es\\\/\",\"name\":\"Iglesia Adventista del S\u00e9ptimo D\u00eda - Divisi\u00f3n Interamericana\",\"description\":\"\",\"potentialAction\":[{\"@type\":\"SearchAction\",\"target\":{\"@type\":\"EntryPoint\",\"urlTemplate\":\"https:\\\/\\\/interamerica.org\\\/es\\\/?s={search_term_string}\"},\"query-input\":{\"@type\":\"PropertyValueSpecification\",\"valueRequired\":true,\"valueName\":\"search_term_string\"}}],\"inLanguage\":\"es\"},{\"@type\":\"Person\",\"@id\":\"https:\\\/\\\/interamerica.org\\\/es\\\/#\\\/schema\\\/person\\\/68ede8bdc292885bb76c1e3810e73c39\",\"name\":\"Lorenzo Verduzco\",\"image\":{\"@type\":\"ImageObject\",\"inLanguage\":\"es\",\"@id\":\"https:\\\/\\\/secure.gravatar.com\\\/avatar\\\/fb81a55b6218459490a9c1dc841a34909185b81904c5337b4b27f7a6fd60c49e?s=96&d=mm&r=g\",\"url\":\"https:\\\/\\\/secure.gravatar.com\\\/avatar\\\/fb81a55b6218459490a9c1dc841a34909185b81904c5337b4b27f7a6fd60c49e?s=96&d=mm&r=g\",\"contentUrl\":\"https:\\\/\\\/secure.gravatar.com\\\/avatar\\\/fb81a55b6218459490a9c1dc841a34909185b81904c5337b4b27f7a6fd60c49e?s=96&d=mm&r=g\",\"caption\":\"Lorenzo Verduzco\"}}]}<\/script>\n<!-- \/ Yoast SEO plugin. -->","yoast_head_json":{"title":"La iglesia en Interam\u00e9rica contin\u00faa su crecimiento estable despu\u00e9s de cinco a\u00f1os - Iglesia Adventista del S\u00e9ptimo D\u00eda - Divisi\u00f3n Interamericana","robots":{"index":"index","follow":"follow","max-snippet":"max-snippet:-1","max-image-preview":"max-image-preview:large","max-video-preview":"max-video-preview:-1"},"canonical":"https:\/\/interamerica.org\/es\/2010\/06\/la-iglesia-en-interamerica-continua-su-crecimiento-estable-despues-de-cinco-anos\/","og_locale":"es_ES","og_type":"article","og_title":"La iglesia en Interam\u00e9rica contin\u00faa su crecimiento estable despu\u00e9s de cinco a\u00f1os - Iglesia Adventista del S\u00e9ptimo D\u00eda - Divisi\u00f3n Interamericana","og_description":"Mientras cientos de adventistas del s\u00e9ptimo d\u00eda se congregan en Atlanta, Georgia, para el congreso n\u00famero 59 de la Asociaci\u00f3n General, la iglesia en Interam\u00e9rica celebra cinco a\u00f1os de crecimiento estable.","og_url":"https:\/\/interamerica.org\/es\/2010\/06\/la-iglesia-en-interamerica-continua-su-crecimiento-estable-despues-de-cinco-anos\/","og_site_name":"Iglesia Adventista del S\u00e9ptimo D\u00eda - Divisi\u00f3n Interamericana","article_published_time":"2010-06-23T04:00:00+00:00","article_modified_time":"2017-06-02T12:59:47+00:00","author":"Lorenzo Verduzco","twitter_card":"summary_large_image","twitter_misc":{"Escrito por":"Lorenzo Verduzco","Tiempo de lectura":"8 minutos"},"schema":{"@context":"https:\/\/schema.org","@graph":[{"@type":"Article","@id":"https:\/\/interamerica.org\/es\/2010\/06\/la-iglesia-en-interamerica-continua-su-crecimiento-estable-despues-de-cinco-anos\/#article","isPartOf":{"@id":"https:\/\/interamerica.org\/es\/2010\/06\/la-iglesia-en-interamerica-continua-su-crecimiento-estable-despues-de-cinco-anos\/"},"author":{"name":"Lorenzo Verduzco","@id":"https:\/\/interamerica.org\/es\/#\/schema\/person\/68ede8bdc292885bb76c1e3810e73c39"},"headline":"La iglesia en Interam\u00e9rica contin\u00faa su crecimiento estable despu\u00e9s de cinco a\u00f1os","datePublished":"2010-06-23T04:00:00+00:00","dateModified":"2017-06-02T12:59:47+00:00","mainEntityOfPage":{"@id":"https:\/\/interamerica.org\/es\/2010\/06\/la-iglesia-en-interamerica-continua-su-crecimiento-estable-despues-de-cinco-anos\/"},"wordCount":1604,"articleSection":["Archivo"],"inLanguage":"es"},{"@type":"WebPage","@id":"https:\/\/interamerica.org\/es\/2010\/06\/la-iglesia-en-interamerica-continua-su-crecimiento-estable-despues-de-cinco-anos\/","url":"https:\/\/interamerica.org\/es\/2010\/06\/la-iglesia-en-interamerica-continua-su-crecimiento-estable-despues-de-cinco-anos\/","name":"La iglesia en Interam\u00e9rica contin\u00faa su crecimiento estable despu\u00e9s de cinco a\u00f1os - Iglesia Adventista del S\u00e9ptimo D\u00eda - Divisi\u00f3n Interamericana","isPartOf":{"@id":"https:\/\/interamerica.org\/es\/#website"},"datePublished":"2010-06-23T04:00:00+00:00","dateModified":"2017-06-02T12:59:47+00:00","author":{"@id":"https:\/\/interamerica.org\/es\/#\/schema\/person\/68ede8bdc292885bb76c1e3810e73c39"},"breadcrumb":{"@id":"https:\/\/interamerica.org\/es\/2010\/06\/la-iglesia-en-interamerica-continua-su-crecimiento-estable-despues-de-cinco-anos\/#breadcrumb"},"inLanguage":"es","potentialAction":[{"@type":"ReadAction","target":["https:\/\/interamerica.org\/es\/2010\/06\/la-iglesia-en-interamerica-continua-su-crecimiento-estable-despues-de-cinco-anos\/"]}]},{"@type":"BreadcrumbList","@id":"https:\/\/interamerica.org\/es\/2010\/06\/la-iglesia-en-interamerica-continua-su-crecimiento-estable-despues-de-cinco-anos\/#breadcrumb","itemListElement":[{"@type":"ListItem","position":1,"name":"Home","item":"https:\/\/interamerica.org\/es\/"},{"@type":"ListItem","position":2,"name":"La iglesia en Interam\u00e9rica contin\u00faa su crecimiento estable despu\u00e9s de cinco a\u00f1os"}]},{"@type":"WebSite","@id":"https:\/\/interamerica.org\/es\/#website","url":"https:\/\/interamerica.org\/es\/","name":"Iglesia Adventista del S\u00e9ptimo D\u00eda - Divisi\u00f3n Interamericana","description":"","potentialAction":[{"@type":"SearchAction","target":{"@type":"EntryPoint","urlTemplate":"https:\/\/interamerica.org\/es\/?s={search_term_string}"},"query-input":{"@type":"PropertyValueSpecification","valueRequired":true,"valueName":"search_term_string"}}],"inLanguage":"es"},{"@type":"Person","@id":"https:\/\/interamerica.org\/es\/#\/schema\/person\/68ede8bdc292885bb76c1e3810e73c39","name":"Lorenzo Verduzco","image":{"@type":"ImageObject","inLanguage":"es","@id":"https:\/\/secure.gravatar.com\/avatar\/fb81a55b6218459490a9c1dc841a34909185b81904c5337b4b27f7a6fd60c49e?s=96&d=mm&r=g","url":"https:\/\/secure.gravatar.com\/avatar\/fb81a55b6218459490a9c1dc841a34909185b81904c5337b4b27f7a6fd60c49e?s=96&d=mm&r=g","contentUrl":"https:\/\/secure.gravatar.com\/avatar\/fb81a55b6218459490a9c1dc841a34909185b81904c5337b4b27f7a6fd60c49e?s=96&d=mm&r=g","caption":"Lorenzo Verduzco"}}]}},"_links":{"self":[{"href":"https:\/\/interamerica.org\/es\/wp-json\/wp\/v2\/posts\/11577","targetHints":{"allow":["GET"]}}],"collection":[{"href":"https:\/\/interamerica.org\/es\/wp-json\/wp\/v2\/posts"}],"about":[{"href":"https:\/\/interamerica.org\/es\/wp-json\/wp\/v2\/types\/post"}],"author":[{"embeddable":true,"href":"https:\/\/interamerica.org\/es\/wp-json\/wp\/v2\/users\/1"}],"replies":[{"embeddable":true,"href":"https:\/\/interamerica.org\/es\/wp-json\/wp\/v2\/comments?post=11577"}],"version-history":[{"count":0,"href":"https:\/\/interamerica.org\/es\/wp-json\/wp\/v2\/posts\/11577\/revisions"}],"wp:attachment":[{"href":"https:\/\/interamerica.org\/es\/wp-json\/wp\/v2\/media?parent=11577"}],"wp:term":[{"taxonomy":"category","embeddable":true,"href":"https:\/\/interamerica.org\/es\/wp-json\/wp\/v2\/categories?post=11577"},{"taxonomy":"post_tag","embeddable":true,"href":"https:\/\/interamerica.org\/es\/wp-json\/wp\/v2\/tags?post=11577"}],"curies":[{"name":"wp","href":"https:\/\/api.w.org\/{rel}","templated":true}]}}