{"id":11578,"date":"2010-06-23T00:00:00","date_gmt":"2010-06-23T04:00:00","guid":{"rendered":"http:\/\/192.81.217.108\/interamerica\/2010\/06\/atlanta-da-la-bienvenida-a-los-adventistas-durante-conferencia-de-prensa\/"},"modified":"2017-06-02T08:59:48","modified_gmt":"2017-06-02T12:59:48","slug":"atlanta-da-la-bienvenida-a-los-adventistas-durante-conferencia-de-prensa","status":"publish","type":"post","link":"https:\/\/interamerica.org\/es\/2010\/06\/atlanta-da-la-bienvenida-a-los-adventistas-durante-conferencia-de-prensa\/","title":{"rendered":"Atlanta da la bienvenida a los adventistas durante conferencia de prensa"},"content":{"rendered":"<p>23 de junio 2010, Atlanta, Georgia, Estados Unidos&#8230;Edwin Manuel Garc\u00eca\/ANN <\/p>\n<p>M\u00e0ximos oficiales del turismo de Atlanta, Georgia, le dan la bienvenida a su ciudad  hoy al presidente de la Iglesia Adventista del S\u00e8ptimo D\u00eca a nivel mundial, Jan Paulsen, para la Sesi\u00f2n 59 de la Asociaci\u00f2n General, que proyecta bombear $80 millones en la econom\u00eca local.  <\/p>\n<p>\u00abRebosamos de gozo por tenerle en nuestra ciudad &#8211; como usted puede observar ahora, hemos llevado los anuncios (pasacalles) al centro de la ciudad d\u00e1ndole la bienvenida a sus asistentes\u00bb, dijo Mark Vaughan, vicepresidente ejecutivo de la oficina <em >Atlanta Convention \/ Visitors Bureau (<\/em >Oficina de Convenci\u00f2n y Visitantes de Atlanta). Y nos sentimos m\u00e1s que confiados de que cada persona disfrutar\u00e1 de una gran experiencia aqu\u00ed en Atlanta\u00bb. <\/p>\n<p>Mark Zimmerman, gerente general de <em >Georgia World Congress Center <\/em >y el <em >Georgia Dome<\/em > con 72,000 asientos, reconoci\u00f3 que el clima caliente y h\u00famedo de Atlanta puede resultar inc\u00f3modo para los asistentes a la Sesi\u00f3n. \u00abPero hay una cosa con la cual ustedes pueden contar: la temperatura ser\u00e1 siempre de 78 y soleada dentro del <em >Georgia Dome\u00bb,<\/em > dijo \u00e9l. <\/p>\n<p>Los comentarios de Vaughan y Zimmerm se produjeron durante el inicio de la conferencia de prensa de la Sesi\u00f3n, la cual se espera atraer\u00e1 decenas de miles de adventistas durante los 10 d\u00edas que durar\u00e1, en los cuales m\u00e0s de 2,400 delegados eligir\u00e1n  a los l\u00edderes de la iglesia para los pr\u00f3ximos cicno a\u00f1os. <\/p>\n<p>Paulsen, quien dijo que la iglesia estaba \u00abcomplacida de estar en Atlanta\u00bb, expuso los objetivos de la organizaci\u00f3n para la sesi\u00f3n, y respondi\u00f3 diversas preguntas sobre la agenda <\/p>\n<p>Las deliberaciones m\u00e1s importantes, dijo Paulsen, se centrar\u00e1n en: la actualizaci\u00f3n del Manual de la Iglesia, acordar si algunas decisiones debieran tomarse en las reuniones anuales del comit\u00e9 ejecutivo, en vez de cada cinco a\u00f1os en la Sesi\u00f3n de la Asociaci\u00f3n General, ver c\u00f3mo la iglesia define los departamentos dentro de la iglesia, y elegir los l\u00ecderes de la organizaci\u00f3n. <\/p>\n<p>Actualizar  el lenguaje en el manual, el cual ha sido enmendado \u00abpoco a poco\u00bb a trav\u00e9s de d\u00e9cadas, dijo \u00e9l, es retador debido a la diversidad de la iglesia a nivel mundial. \u00abComo una comunidad global, habr\u00e1 muchas diferencias dentro de las culturas\u00bb, dijo Paulsen, \u00aby de alguna forma la iglesia tiene que acoplarse donde est\u00e1, no tan estricta que no pueda funcionar\u00bb. <\/p>\n<p>La parte del Manual que no se actualizar\u00e1, dijo Paulsen, es la actual postura de la iglesia sobre la ordenaci\u00f3 de la mujer. Se espera que que los oficiales de la iglesia no recomienden cambios a la actual postura, dijo \u00e9l. <\/p>\n<p>Paulsen tambi\u00e8n calific\u00f3 la iglesia adventista como una \u00abcomunidad fuerte de r\u00e1pido crecimiento\u00bb, que est\u00e1 llegando a ser mejor conocida entre los pol\u00ecticos del mundo. <\/p>\n<p>\u00abHace unos a\u00f1os \u00e9ramos una peque\u00f1a comunidad. Hay una enorme diferencia entre una comunidad de 1 mil\u00f3n y una comunidad de 25 millones\u00bb, dijo \u00e9l. En la actualidad la iglesia tiene 16.3 millones de miembros bautizados en m\u00e1s de 200 pa\u00edses. <\/p>\n<p>La \u00abcomunidad\u00bb, la cual incluye varios millones de ni\u00f1os, creci\u00f3 en al menos un miembro en los minutos precedentes al momento que Paulsen habl\u00f3 a los reporteros. Mientras esperaba para el comienzo de la conferencia de prensa, Paulsen dijo que recibi\u00f3 un mensaje en su tel\u00e9fono celular diciendo que su nieto m\u00e1s peque\u00f1o hac\u00eda siete minutos hab\u00eda nacido en Ginebra, Suiza. <\/p>\n<p>Poco despu\u00e9s que concluy\u00f3 la conferencia, cientos de delegados se aglomeraron a las sillas plegables en el piso <em >del Georgia Dome<\/em > para la primera actividad especial de la Sesi\u00f3n &#8211; una tarde de \u00e9nfasis espiritual.   <\/p>\n<p> Escucharon de l\u00ecderes de la iglesia tales como Mark Finley, un vicepresidente de la Asociaci\u00f3n General; \u00c0ngel Manuel Rodr\u00edguez, director del Instituto de Investigaci\u00f3n B\u00edblica de la iglesia a nivel mundial; y Carlton Byrd, pastor de la Iglesia Adventista Bereana de Atlanta. <\/p>\n<p>\u00abNecesitamos sumergirnos profundamente en la Escritura a fin de hablar con autoridad\u00bb, dijo Rodr\u00edguez, quien habl\u00f3 de la importancia del Esp\u00edritu Santo. <\/p>\n<p>Byrd, uno de varios predicadores que trabajan en Atlanta, hablando esta semana, urgi\u00f3 a los asistentes a estar \u00aben com\u00fan acorde\u00bb en el cumplimiento de la misi\u00f3n de la iglesia. <\/p>\n<p>Trasando una analog\u00eca entre el escape incontrolable de aceite en la Costa del Golfo y el Esp\u00ecritu Santo, Byrd dijo, \u00abLa Iglesia Adventista necesita un momento BP, y no hablo de British Petroleum. Hablo a cerca de un tiempo de Bravo Poder\u00bb. <\/p>\n<p>\u00a1Que el Esp\u00edritu Santo fluya a trav\u00e9s del mundo! dijo Byrd. \u00abPerfora, bebe, perfora\u00bb.      <\/p><\/p>\n","protected":false},"excerpt":{"rendered":"<p>M\u00e0ximos oficiales del turismo de Atlanta, Georgia, le dan la bienvenida al presidente de la Iglesia Adventista del S\u00e8ptimo D\u00eca a nivel mundial, Jan Paulsen, a su ciudad hoy para la Sesi\u00f2n 59 de la Asociaci\u00f2n General, que<\/p>\n","protected":false},"author":1,"featured_media":0,"comment_status":"closed","ping_status":"closed","sticky":false,"template":"","format":"standard","meta":{"_acf_changed":false,"footnotes":""},"categories":[8],"tags":[],"class_list":["post-11578","post","type-post","status-publish","format-standard","hentry","category-archivo"],"acf":[],"yoast_head":"<!-- This site is optimized with the Yoast SEO plugin v27.3 - https:\/\/yoast.com\/product\/yoast-seo-wordpress\/ -->\n<title>Atlanta da la bienvenida a los adventistas durante conferencia de prensa - Iglesia Adventista del S\u00e9ptimo D\u00eda - Divisi\u00f3n Interamericana<\/title>\n<meta name=\"robots\" content=\"index, follow, max-snippet:-1, max-image-preview:large, max-video-preview:-1\" \/>\n<link rel=\"canonical\" href=\"https:\/\/interamerica.org\/es\/2010\/06\/atlanta-da-la-bienvenida-a-los-adventistas-durante-conferencia-de-prensa\/\" \/>\n<meta property=\"og:locale\" content=\"es_ES\" \/>\n<meta property=\"og:type\" content=\"article\" \/>\n<meta property=\"og:title\" content=\"Atlanta da la bienvenida a los adventistas durante conferencia de prensa - Iglesia Adventista del S\u00e9ptimo D\u00eda - Divisi\u00f3n Interamericana\" \/>\n<meta property=\"og:description\" content=\"M\u00e0ximos oficiales del turismo de Atlanta, Georgia, le dan la bienvenida al presidente de la Iglesia Adventista del S\u00e8ptimo D\u00eca a nivel mundial, Jan Paulsen, a su ciudad hoy para la Sesi\u00f2n 59 de la Asociaci\u00f2n General, que\" \/>\n<meta property=\"og:url\" content=\"https:\/\/interamerica.org\/es\/2010\/06\/atlanta-da-la-bienvenida-a-los-adventistas-durante-conferencia-de-prensa\/\" \/>\n<meta property=\"og:site_name\" content=\"Iglesia Adventista del S\u00e9ptimo D\u00eda - Divisi\u00f3n Interamericana\" \/>\n<meta property=\"article:published_time\" content=\"2010-06-23T04:00:00+00:00\" \/>\n<meta property=\"article:modified_time\" content=\"2017-06-02T12:59:48+00:00\" \/>\n<meta name=\"author\" content=\"Lorenzo Verduzco\" \/>\n<meta name=\"twitter:card\" content=\"summary_large_image\" \/>\n<meta name=\"twitter:label1\" content=\"Escrito por\" \/>\n\t<meta name=\"twitter:data1\" content=\"Lorenzo Verduzco\" \/>\n\t<meta name=\"twitter:label2\" content=\"Tiempo de lectura\" \/>\n\t<meta name=\"twitter:data2\" content=\"4 minutos\" \/>\n<script type=\"application\/ld+json\" class=\"yoast-schema-graph\">{\"@context\":\"https:\\\/\\\/schema.org\",\"@graph\":[{\"@type\":\"Article\",\"@id\":\"https:\\\/\\\/interamerica.org\\\/es\\\/2010\\\/06\\\/atlanta-da-la-bienvenida-a-los-adventistas-durante-conferencia-de-prensa\\\/#article\",\"isPartOf\":{\"@id\":\"https:\\\/\\\/interamerica.org\\\/es\\\/2010\\\/06\\\/atlanta-da-la-bienvenida-a-los-adventistas-durante-conferencia-de-prensa\\\/\"},\"author\":{\"name\":\"Lorenzo Verduzco\",\"@id\":\"https:\\\/\\\/interamerica.org\\\/es\\\/#\\\/schema\\\/person\\\/68ede8bdc292885bb76c1e3810e73c39\"},\"headline\":\"Atlanta da la bienvenida a los adventistas durante conferencia de prensa\",\"datePublished\":\"2010-06-23T04:00:00+00:00\",\"dateModified\":\"2017-06-02T12:59:48+00:00\",\"mainEntityOfPage\":{\"@id\":\"https:\\\/\\\/interamerica.org\\\/es\\\/2010\\\/06\\\/atlanta-da-la-bienvenida-a-los-adventistas-durante-conferencia-de-prensa\\\/\"},\"wordCount\":802,\"articleSection\":[\"Archivo\"],\"inLanguage\":\"es\"},{\"@type\":\"WebPage\",\"@id\":\"https:\\\/\\\/interamerica.org\\\/es\\\/2010\\\/06\\\/atlanta-da-la-bienvenida-a-los-adventistas-durante-conferencia-de-prensa\\\/\",\"url\":\"https:\\\/\\\/interamerica.org\\\/es\\\/2010\\\/06\\\/atlanta-da-la-bienvenida-a-los-adventistas-durante-conferencia-de-prensa\\\/\",\"name\":\"Atlanta da la bienvenida a los adventistas durante conferencia de prensa - Iglesia Adventista del S\u00e9ptimo D\u00eda - Divisi\u00f3n Interamericana\",\"isPartOf\":{\"@id\":\"https:\\\/\\\/interamerica.org\\\/es\\\/#website\"},\"datePublished\":\"2010-06-23T04:00:00+00:00\",\"dateModified\":\"2017-06-02T12:59:48+00:00\",\"author\":{\"@id\":\"https:\\\/\\\/interamerica.org\\\/es\\\/#\\\/schema\\\/person\\\/68ede8bdc292885bb76c1e3810e73c39\"},\"breadcrumb\":{\"@id\":\"https:\\\/\\\/interamerica.org\\\/es\\\/2010\\\/06\\\/atlanta-da-la-bienvenida-a-los-adventistas-durante-conferencia-de-prensa\\\/#breadcrumb\"},\"inLanguage\":\"es\",\"potentialAction\":[{\"@type\":\"ReadAction\",\"target\":[\"https:\\\/\\\/interamerica.org\\\/es\\\/2010\\\/06\\\/atlanta-da-la-bienvenida-a-los-adventistas-durante-conferencia-de-prensa\\\/\"]}]},{\"@type\":\"BreadcrumbList\",\"@id\":\"https:\\\/\\\/interamerica.org\\\/es\\\/2010\\\/06\\\/atlanta-da-la-bienvenida-a-los-adventistas-durante-conferencia-de-prensa\\\/#breadcrumb\",\"itemListElement\":[{\"@type\":\"ListItem\",\"position\":1,\"name\":\"Home\",\"item\":\"https:\\\/\\\/interamerica.org\\\/es\\\/\"},{\"@type\":\"ListItem\",\"position\":2,\"name\":\"Atlanta da la bienvenida a los adventistas durante conferencia de prensa\"}]},{\"@type\":\"WebSite\",\"@id\":\"https:\\\/\\\/interamerica.org\\\/es\\\/#website\",\"url\":\"https:\\\/\\\/interamerica.org\\\/es\\\/\",\"name\":\"Iglesia Adventista del S\u00e9ptimo D\u00eda - Divisi\u00f3n Interamericana\",\"description\":\"\",\"potentialAction\":[{\"@type\":\"SearchAction\",\"target\":{\"@type\":\"EntryPoint\",\"urlTemplate\":\"https:\\\/\\\/interamerica.org\\\/es\\\/?s={search_term_string}\"},\"query-input\":{\"@type\":\"PropertyValueSpecification\",\"valueRequired\":true,\"valueName\":\"search_term_string\"}}],\"inLanguage\":\"es\"},{\"@type\":\"Person\",\"@id\":\"https:\\\/\\\/interamerica.org\\\/es\\\/#\\\/schema\\\/person\\\/68ede8bdc292885bb76c1e3810e73c39\",\"name\":\"Lorenzo Verduzco\",\"image\":{\"@type\":\"ImageObject\",\"inLanguage\":\"es\",\"@id\":\"https:\\\/\\\/secure.gravatar.com\\\/avatar\\\/fb81a55b6218459490a9c1dc841a34909185b81904c5337b4b27f7a6fd60c49e?s=96&d=mm&r=g\",\"url\":\"https:\\\/\\\/secure.gravatar.com\\\/avatar\\\/fb81a55b6218459490a9c1dc841a34909185b81904c5337b4b27f7a6fd60c49e?s=96&d=mm&r=g\",\"contentUrl\":\"https:\\\/\\\/secure.gravatar.com\\\/avatar\\\/fb81a55b6218459490a9c1dc841a34909185b81904c5337b4b27f7a6fd60c49e?s=96&d=mm&r=g\",\"caption\":\"Lorenzo Verduzco\"}}]}<\/script>\n<!-- \/ Yoast SEO plugin. -->","yoast_head_json":{"title":"Atlanta da la bienvenida a los adventistas durante conferencia de prensa - Iglesia Adventista del S\u00e9ptimo D\u00eda - Divisi\u00f3n Interamericana","robots":{"index":"index","follow":"follow","max-snippet":"max-snippet:-1","max-image-preview":"max-image-preview:large","max-video-preview":"max-video-preview:-1"},"canonical":"https:\/\/interamerica.org\/es\/2010\/06\/atlanta-da-la-bienvenida-a-los-adventistas-durante-conferencia-de-prensa\/","og_locale":"es_ES","og_type":"article","og_title":"Atlanta da la bienvenida a los adventistas durante conferencia de prensa - Iglesia Adventista del S\u00e9ptimo D\u00eda - Divisi\u00f3n Interamericana","og_description":"M\u00e0ximos oficiales del turismo de Atlanta, Georgia, le dan la bienvenida al presidente de la Iglesia Adventista del S\u00e8ptimo D\u00eca a nivel mundial, Jan Paulsen, a su ciudad hoy para la Sesi\u00f2n 59 de la Asociaci\u00f2n General, que","og_url":"https:\/\/interamerica.org\/es\/2010\/06\/atlanta-da-la-bienvenida-a-los-adventistas-durante-conferencia-de-prensa\/","og_site_name":"Iglesia Adventista del S\u00e9ptimo D\u00eda - Divisi\u00f3n Interamericana","article_published_time":"2010-06-23T04:00:00+00:00","article_modified_time":"2017-06-02T12:59:48+00:00","author":"Lorenzo Verduzco","twitter_card":"summary_large_image","twitter_misc":{"Escrito por":"Lorenzo Verduzco","Tiempo de lectura":"4 minutos"},"schema":{"@context":"https:\/\/schema.org","@graph":[{"@type":"Article","@id":"https:\/\/interamerica.org\/es\/2010\/06\/atlanta-da-la-bienvenida-a-los-adventistas-durante-conferencia-de-prensa\/#article","isPartOf":{"@id":"https:\/\/interamerica.org\/es\/2010\/06\/atlanta-da-la-bienvenida-a-los-adventistas-durante-conferencia-de-prensa\/"},"author":{"name":"Lorenzo Verduzco","@id":"https:\/\/interamerica.org\/es\/#\/schema\/person\/68ede8bdc292885bb76c1e3810e73c39"},"headline":"Atlanta da la bienvenida a los adventistas durante conferencia de prensa","datePublished":"2010-06-23T04:00:00+00:00","dateModified":"2017-06-02T12:59:48+00:00","mainEntityOfPage":{"@id":"https:\/\/interamerica.org\/es\/2010\/06\/atlanta-da-la-bienvenida-a-los-adventistas-durante-conferencia-de-prensa\/"},"wordCount":802,"articleSection":["Archivo"],"inLanguage":"es"},{"@type":"WebPage","@id":"https:\/\/interamerica.org\/es\/2010\/06\/atlanta-da-la-bienvenida-a-los-adventistas-durante-conferencia-de-prensa\/","url":"https:\/\/interamerica.org\/es\/2010\/06\/atlanta-da-la-bienvenida-a-los-adventistas-durante-conferencia-de-prensa\/","name":"Atlanta da la bienvenida a los adventistas durante conferencia de prensa - Iglesia Adventista del S\u00e9ptimo D\u00eda - Divisi\u00f3n Interamericana","isPartOf":{"@id":"https:\/\/interamerica.org\/es\/#website"},"datePublished":"2010-06-23T04:00:00+00:00","dateModified":"2017-06-02T12:59:48+00:00","author":{"@id":"https:\/\/interamerica.org\/es\/#\/schema\/person\/68ede8bdc292885bb76c1e3810e73c39"},"breadcrumb":{"@id":"https:\/\/interamerica.org\/es\/2010\/06\/atlanta-da-la-bienvenida-a-los-adventistas-durante-conferencia-de-prensa\/#breadcrumb"},"inLanguage":"es","potentialAction":[{"@type":"ReadAction","target":["https:\/\/interamerica.org\/es\/2010\/06\/atlanta-da-la-bienvenida-a-los-adventistas-durante-conferencia-de-prensa\/"]}]},{"@type":"BreadcrumbList","@id":"https:\/\/interamerica.org\/es\/2010\/06\/atlanta-da-la-bienvenida-a-los-adventistas-durante-conferencia-de-prensa\/#breadcrumb","itemListElement":[{"@type":"ListItem","position":1,"name":"Home","item":"https:\/\/interamerica.org\/es\/"},{"@type":"ListItem","position":2,"name":"Atlanta da la bienvenida a los adventistas durante conferencia de prensa"}]},{"@type":"WebSite","@id":"https:\/\/interamerica.org\/es\/#website","url":"https:\/\/interamerica.org\/es\/","name":"Iglesia Adventista del S\u00e9ptimo D\u00eda - Divisi\u00f3n Interamericana","description":"","potentialAction":[{"@type":"SearchAction","target":{"@type":"EntryPoint","urlTemplate":"https:\/\/interamerica.org\/es\/?s={search_term_string}"},"query-input":{"@type":"PropertyValueSpecification","valueRequired":true,"valueName":"search_term_string"}}],"inLanguage":"es"},{"@type":"Person","@id":"https:\/\/interamerica.org\/es\/#\/schema\/person\/68ede8bdc292885bb76c1e3810e73c39","name":"Lorenzo Verduzco","image":{"@type":"ImageObject","inLanguage":"es","@id":"https:\/\/secure.gravatar.com\/avatar\/fb81a55b6218459490a9c1dc841a34909185b81904c5337b4b27f7a6fd60c49e?s=96&d=mm&r=g","url":"https:\/\/secure.gravatar.com\/avatar\/fb81a55b6218459490a9c1dc841a34909185b81904c5337b4b27f7a6fd60c49e?s=96&d=mm&r=g","contentUrl":"https:\/\/secure.gravatar.com\/avatar\/fb81a55b6218459490a9c1dc841a34909185b81904c5337b4b27f7a6fd60c49e?s=96&d=mm&r=g","caption":"Lorenzo Verduzco"}}]}},"_links":{"self":[{"href":"https:\/\/interamerica.org\/es\/wp-json\/wp\/v2\/posts\/11578","targetHints":{"allow":["GET"]}}],"collection":[{"href":"https:\/\/interamerica.org\/es\/wp-json\/wp\/v2\/posts"}],"about":[{"href":"https:\/\/interamerica.org\/es\/wp-json\/wp\/v2\/types\/post"}],"author":[{"embeddable":true,"href":"https:\/\/interamerica.org\/es\/wp-json\/wp\/v2\/users\/1"}],"replies":[{"embeddable":true,"href":"https:\/\/interamerica.org\/es\/wp-json\/wp\/v2\/comments?post=11578"}],"version-history":[{"count":0,"href":"https:\/\/interamerica.org\/es\/wp-json\/wp\/v2\/posts\/11578\/revisions"}],"wp:attachment":[{"href":"https:\/\/interamerica.org\/es\/wp-json\/wp\/v2\/media?parent=11578"}],"wp:term":[{"taxonomy":"category","embeddable":true,"href":"https:\/\/interamerica.org\/es\/wp-json\/wp\/v2\/categories?post=11578"},{"taxonomy":"post_tag","embeddable":true,"href":"https:\/\/interamerica.org\/es\/wp-json\/wp\/v2\/tags?post=11578"}],"curies":[{"name":"wp","href":"https:\/\/api.w.org\/{rel}","templated":true}]}}