{"id":11581,"date":"2010-06-23T00:00:00","date_gmt":"2010-06-23T04:00:00","guid":{"rendered":"http:\/\/192.81.217.108\/interamerica\/2010\/06\/dia-ultimo-de-preparaciones-en-los-diferentes-stands-para-la-gran-apertura-de-la-conferencia-general\/"},"modified":"2017-06-02T08:59:50","modified_gmt":"2017-06-02T12:59:50","slug":"dia-ultimo-de-preparaciones-en-los-diferentes-stands-para-la-gran-apertura-de-la-conferencia-general","status":"publish","type":"post","link":"https:\/\/interamerica.org\/es\/2010\/06\/dia-ultimo-de-preparaciones-en-los-diferentes-stands-para-la-gran-apertura-de-la-conferencia-general\/","title":{"rendered":"D\u00eda \u00faltimo de preparaciones en los diferentes stands para la gran apertura de la Conferencia General"},"content":{"rendered":"<p>Junio 23, 2010 \u2013 Atlanta, Georgia, Estados Unidos&#8230;(Lizbeth Elejalde\/IAD)Para este gran evento las Divisiones de toda la Iglesia han reservado dentro del Georgia World Congress Center espacios para que sus universidades y empresas promocionen el trabajo que realizan. De acuerdo a ello, la Divisi\u00f3n Internamericana de la Iglesia Adventista ha organizado un espacio de 60&#215;80 pies donde tendr\u00e1n lugar las Universidades de Jamaica, el Sur del Caribe y Colombia, entre otras; as\u00ed como las Empresas de la Compa\u00f1\u00eda de Alimentos Saludables de Costa Rica, Trinidad y Tobago,  Venezuela y M\u00e9xico.Cada una de estas empresas se esmera por tener todo listo para recibir a los visitantes el d\u00eda de ma\u00f1ana.  As\u00ed dentro de esta \u00e1rea y  junto al stand de la Divisi\u00f3n Interamericana, trabajan a toda marcha m\u00e1s de 12 personas de Cuba, Puerto Rico, Honduras, Francia, Rep\u00fablica Dominicana, Nicaragua y Costa Rica en el stand de APIA, para que a partir de ma\u00f1ana a las 2 de la tarde los asistentes a la 59 Sesi\u00f3n de la Iglesia Adventista del S\u00e9ptimo D\u00eda puedan visitar este espacio dedicado a literatura sobre superaci\u00f3n personal, Esp\u00edritu de Profec\u00eda, Salud e incluso textos apropiados para el p\u00fablico infantil.Para esta ocasi\u00f3n la casa editora ha querido sorprender a sus lectores con 3 publicaciones altamente recomendadas: Sobre temas de Teolog\u00eda est\u00e1 Simposio sobre Daniel escrito por un compilado de autores para el Centro de Investigaciones de la Asociaci\u00f3n General; sobre superaci\u00f3n personal est\u00e1 Kit de Belleza escrito por la Se\u00f1ora Dinorah Rivera y como texto de inter\u00e9s para aquellos dedicados al Colportaje est\u00e1 el  libro Sexo y Amor escrito por Enrique Chaij.En palabras del Pr. Pablo Perla quien es el presidente de este organismo,  la entidad est\u00e1 trabajando con tenacidad para lograr una meta de US$500,000 en ventas durante los d\u00edas de la Sesi\u00f3n General  y de esta manera espera causar un fuerte impacto dentro del territorio mundial de la Iglesia Adventista.Por su parte, junto al stand de IADPA, en el stand de la Universidad de Montemorelos ubicada en el norte de M\u00e9jico, luego de haber iniciado el trabajo de dise\u00f1o hace un a\u00f1o de la mano de estudiantes de la Escuela de Ciencias de la Comunicaci\u00f3n quienes trabajaron en la creaci\u00f3n de la parte gr\u00e1fica,  hoy finalmente German Encinas, Juan Antonio Perez, Juan Jorge, Guillermo Gonz\u00e1lez, Abel M\u00e1rquez  y Josafath Alvarado dan los toques \u00faltimos para terminarlo y lograr que en un espacio de 20&#215;30 pies tenga presencia el Alma Mater de la Universidad y pueda a trav\u00e9s de \u00e9l darse a conocer las opciones de formaci\u00f3n profesional que tienen en este plantel para los j\u00f3venes de la Iglesia.<\/p>\n","protected":false},"excerpt":{"rendered":"<p>Para este gran evento las Divisiones de toda la Iglesia han reservado dentro del Georgia World Congress Center espacios para que sus universidades y empresas promocionen el trabajo que realizan<\/p>\n","protected":false},"author":1,"featured_media":0,"comment_status":"closed","ping_status":"closed","sticky":false,"template":"","format":"standard","meta":{"_acf_changed":false,"footnotes":""},"categories":[8],"tags":[],"class_list":["post-11581","post","type-post","status-publish","format-standard","hentry","category-archivo"],"acf":[],"yoast_head":"<!-- This site is optimized with the Yoast SEO plugin v27.3 - https:\/\/yoast.com\/product\/yoast-seo-wordpress\/ -->\n<title>D\u00eda \u00faltimo de preparaciones en los diferentes stands para la gran apertura de la Conferencia General - Iglesia Adventista del S\u00e9ptimo D\u00eda - Divisi\u00f3n Interamericana<\/title>\n<meta name=\"robots\" content=\"index, follow, max-snippet:-1, max-image-preview:large, max-video-preview:-1\" \/>\n<link rel=\"canonical\" href=\"https:\/\/interamerica.org\/es\/2010\/06\/dia-ultimo-de-preparaciones-en-los-diferentes-stands-para-la-gran-apertura-de-la-conferencia-general\/\" \/>\n<meta property=\"og:locale\" content=\"es_ES\" \/>\n<meta property=\"og:type\" content=\"article\" \/>\n<meta property=\"og:title\" content=\"D\u00eda \u00faltimo de preparaciones en los diferentes stands para la gran apertura de la Conferencia General - Iglesia Adventista del S\u00e9ptimo D\u00eda - Divisi\u00f3n Interamericana\" \/>\n<meta property=\"og:description\" content=\"Para este gran evento las Divisiones de toda la Iglesia han reservado dentro del Georgia World Congress Center espacios para que sus universidades y empresas promocionen el trabajo que realizan\" \/>\n<meta property=\"og:url\" content=\"https:\/\/interamerica.org\/es\/2010\/06\/dia-ultimo-de-preparaciones-en-los-diferentes-stands-para-la-gran-apertura-de-la-conferencia-general\/\" \/>\n<meta property=\"og:site_name\" content=\"Iglesia Adventista del S\u00e9ptimo D\u00eda - Divisi\u00f3n Interamericana\" \/>\n<meta property=\"article:published_time\" content=\"2010-06-23T04:00:00+00:00\" \/>\n<meta property=\"article:modified_time\" content=\"2017-06-02T12:59:50+00:00\" \/>\n<meta name=\"author\" content=\"Lorenzo Verduzco\" \/>\n<meta name=\"twitter:card\" content=\"summary_large_image\" \/>\n<meta name=\"twitter:label1\" content=\"Escrito por\" \/>\n\t<meta name=\"twitter:data1\" content=\"Lorenzo Verduzco\" \/>\n\t<meta name=\"twitter:label2\" content=\"Tiempo de lectura\" \/>\n\t<meta name=\"twitter:data2\" content=\"2 minutos\" \/>\n<script type=\"application\/ld+json\" class=\"yoast-schema-graph\">{\"@context\":\"https:\\\/\\\/schema.org\",\"@graph\":[{\"@type\":\"Article\",\"@id\":\"https:\\\/\\\/interamerica.org\\\/es\\\/2010\\\/06\\\/dia-ultimo-de-preparaciones-en-los-diferentes-stands-para-la-gran-apertura-de-la-conferencia-general\\\/#article\",\"isPartOf\":{\"@id\":\"https:\\\/\\\/interamerica.org\\\/es\\\/2010\\\/06\\\/dia-ultimo-de-preparaciones-en-los-diferentes-stands-para-la-gran-apertura-de-la-conferencia-general\\\/\"},\"author\":{\"name\":\"Lorenzo Verduzco\",\"@id\":\"https:\\\/\\\/interamerica.org\\\/es\\\/#\\\/schema\\\/person\\\/68ede8bdc292885bb76c1e3810e73c39\"},\"headline\":\"D\u00eda \u00faltimo de preparaciones en los diferentes stands para la gran apertura de la Conferencia General\",\"datePublished\":\"2010-06-23T04:00:00+00:00\",\"dateModified\":\"2017-06-02T12:59:50+00:00\",\"mainEntityOfPage\":{\"@id\":\"https:\\\/\\\/interamerica.org\\\/es\\\/2010\\\/06\\\/dia-ultimo-de-preparaciones-en-los-diferentes-stands-para-la-gran-apertura-de-la-conferencia-general\\\/\"},\"wordCount\":487,\"articleSection\":[\"Archivo\"],\"inLanguage\":\"es\"},{\"@type\":\"WebPage\",\"@id\":\"https:\\\/\\\/interamerica.org\\\/es\\\/2010\\\/06\\\/dia-ultimo-de-preparaciones-en-los-diferentes-stands-para-la-gran-apertura-de-la-conferencia-general\\\/\",\"url\":\"https:\\\/\\\/interamerica.org\\\/es\\\/2010\\\/06\\\/dia-ultimo-de-preparaciones-en-los-diferentes-stands-para-la-gran-apertura-de-la-conferencia-general\\\/\",\"name\":\"D\u00eda \u00faltimo de preparaciones en los diferentes stands para la gran apertura de la Conferencia General - Iglesia Adventista del S\u00e9ptimo D\u00eda - Divisi\u00f3n Interamericana\",\"isPartOf\":{\"@id\":\"https:\\\/\\\/interamerica.org\\\/es\\\/#website\"},\"datePublished\":\"2010-06-23T04:00:00+00:00\",\"dateModified\":\"2017-06-02T12:59:50+00:00\",\"author\":{\"@id\":\"https:\\\/\\\/interamerica.org\\\/es\\\/#\\\/schema\\\/person\\\/68ede8bdc292885bb76c1e3810e73c39\"},\"breadcrumb\":{\"@id\":\"https:\\\/\\\/interamerica.org\\\/es\\\/2010\\\/06\\\/dia-ultimo-de-preparaciones-en-los-diferentes-stands-para-la-gran-apertura-de-la-conferencia-general\\\/#breadcrumb\"},\"inLanguage\":\"es\",\"potentialAction\":[{\"@type\":\"ReadAction\",\"target\":[\"https:\\\/\\\/interamerica.org\\\/es\\\/2010\\\/06\\\/dia-ultimo-de-preparaciones-en-los-diferentes-stands-para-la-gran-apertura-de-la-conferencia-general\\\/\"]}]},{\"@type\":\"BreadcrumbList\",\"@id\":\"https:\\\/\\\/interamerica.org\\\/es\\\/2010\\\/06\\\/dia-ultimo-de-preparaciones-en-los-diferentes-stands-para-la-gran-apertura-de-la-conferencia-general\\\/#breadcrumb\",\"itemListElement\":[{\"@type\":\"ListItem\",\"position\":1,\"name\":\"Home\",\"item\":\"https:\\\/\\\/interamerica.org\\\/es\\\/\"},{\"@type\":\"ListItem\",\"position\":2,\"name\":\"D\u00eda \u00faltimo de preparaciones en los diferentes stands para la gran apertura de la Conferencia General\"}]},{\"@type\":\"WebSite\",\"@id\":\"https:\\\/\\\/interamerica.org\\\/es\\\/#website\",\"url\":\"https:\\\/\\\/interamerica.org\\\/es\\\/\",\"name\":\"Iglesia Adventista del S\u00e9ptimo D\u00eda - Divisi\u00f3n Interamericana\",\"description\":\"\",\"potentialAction\":[{\"@type\":\"SearchAction\",\"target\":{\"@type\":\"EntryPoint\",\"urlTemplate\":\"https:\\\/\\\/interamerica.org\\\/es\\\/?s={search_term_string}\"},\"query-input\":{\"@type\":\"PropertyValueSpecification\",\"valueRequired\":true,\"valueName\":\"search_term_string\"}}],\"inLanguage\":\"es\"},{\"@type\":\"Person\",\"@id\":\"https:\\\/\\\/interamerica.org\\\/es\\\/#\\\/schema\\\/person\\\/68ede8bdc292885bb76c1e3810e73c39\",\"name\":\"Lorenzo Verduzco\",\"image\":{\"@type\":\"ImageObject\",\"inLanguage\":\"es\",\"@id\":\"https:\\\/\\\/secure.gravatar.com\\\/avatar\\\/fb81a55b6218459490a9c1dc841a34909185b81904c5337b4b27f7a6fd60c49e?s=96&d=mm&r=g\",\"url\":\"https:\\\/\\\/secure.gravatar.com\\\/avatar\\\/fb81a55b6218459490a9c1dc841a34909185b81904c5337b4b27f7a6fd60c49e?s=96&d=mm&r=g\",\"contentUrl\":\"https:\\\/\\\/secure.gravatar.com\\\/avatar\\\/fb81a55b6218459490a9c1dc841a34909185b81904c5337b4b27f7a6fd60c49e?s=96&d=mm&r=g\",\"caption\":\"Lorenzo Verduzco\"}}]}<\/script>\n<!-- \/ Yoast SEO plugin. -->","yoast_head_json":{"title":"D\u00eda \u00faltimo de preparaciones en los diferentes stands para la gran apertura de la Conferencia General - Iglesia Adventista del S\u00e9ptimo D\u00eda - Divisi\u00f3n Interamericana","robots":{"index":"index","follow":"follow","max-snippet":"max-snippet:-1","max-image-preview":"max-image-preview:large","max-video-preview":"max-video-preview:-1"},"canonical":"https:\/\/interamerica.org\/es\/2010\/06\/dia-ultimo-de-preparaciones-en-los-diferentes-stands-para-la-gran-apertura-de-la-conferencia-general\/","og_locale":"es_ES","og_type":"article","og_title":"D\u00eda \u00faltimo de preparaciones en los diferentes stands para la gran apertura de la Conferencia General - Iglesia Adventista del S\u00e9ptimo D\u00eda - Divisi\u00f3n Interamericana","og_description":"Para este gran evento las Divisiones de toda la Iglesia han reservado dentro del Georgia World Congress Center espacios para que sus universidades y empresas promocionen el trabajo que realizan","og_url":"https:\/\/interamerica.org\/es\/2010\/06\/dia-ultimo-de-preparaciones-en-los-diferentes-stands-para-la-gran-apertura-de-la-conferencia-general\/","og_site_name":"Iglesia Adventista del S\u00e9ptimo D\u00eda - Divisi\u00f3n Interamericana","article_published_time":"2010-06-23T04:00:00+00:00","article_modified_time":"2017-06-02T12:59:50+00:00","author":"Lorenzo Verduzco","twitter_card":"summary_large_image","twitter_misc":{"Escrito por":"Lorenzo Verduzco","Tiempo de lectura":"2 minutos"},"schema":{"@context":"https:\/\/schema.org","@graph":[{"@type":"Article","@id":"https:\/\/interamerica.org\/es\/2010\/06\/dia-ultimo-de-preparaciones-en-los-diferentes-stands-para-la-gran-apertura-de-la-conferencia-general\/#article","isPartOf":{"@id":"https:\/\/interamerica.org\/es\/2010\/06\/dia-ultimo-de-preparaciones-en-los-diferentes-stands-para-la-gran-apertura-de-la-conferencia-general\/"},"author":{"name":"Lorenzo Verduzco","@id":"https:\/\/interamerica.org\/es\/#\/schema\/person\/68ede8bdc292885bb76c1e3810e73c39"},"headline":"D\u00eda \u00faltimo de preparaciones en los diferentes stands para la gran apertura de la Conferencia General","datePublished":"2010-06-23T04:00:00+00:00","dateModified":"2017-06-02T12:59:50+00:00","mainEntityOfPage":{"@id":"https:\/\/interamerica.org\/es\/2010\/06\/dia-ultimo-de-preparaciones-en-los-diferentes-stands-para-la-gran-apertura-de-la-conferencia-general\/"},"wordCount":487,"articleSection":["Archivo"],"inLanguage":"es"},{"@type":"WebPage","@id":"https:\/\/interamerica.org\/es\/2010\/06\/dia-ultimo-de-preparaciones-en-los-diferentes-stands-para-la-gran-apertura-de-la-conferencia-general\/","url":"https:\/\/interamerica.org\/es\/2010\/06\/dia-ultimo-de-preparaciones-en-los-diferentes-stands-para-la-gran-apertura-de-la-conferencia-general\/","name":"D\u00eda \u00faltimo de preparaciones en los diferentes stands para la gran apertura de la Conferencia General - Iglesia Adventista del S\u00e9ptimo D\u00eda - Divisi\u00f3n Interamericana","isPartOf":{"@id":"https:\/\/interamerica.org\/es\/#website"},"datePublished":"2010-06-23T04:00:00+00:00","dateModified":"2017-06-02T12:59:50+00:00","author":{"@id":"https:\/\/interamerica.org\/es\/#\/schema\/person\/68ede8bdc292885bb76c1e3810e73c39"},"breadcrumb":{"@id":"https:\/\/interamerica.org\/es\/2010\/06\/dia-ultimo-de-preparaciones-en-los-diferentes-stands-para-la-gran-apertura-de-la-conferencia-general\/#breadcrumb"},"inLanguage":"es","potentialAction":[{"@type":"ReadAction","target":["https:\/\/interamerica.org\/es\/2010\/06\/dia-ultimo-de-preparaciones-en-los-diferentes-stands-para-la-gran-apertura-de-la-conferencia-general\/"]}]},{"@type":"BreadcrumbList","@id":"https:\/\/interamerica.org\/es\/2010\/06\/dia-ultimo-de-preparaciones-en-los-diferentes-stands-para-la-gran-apertura-de-la-conferencia-general\/#breadcrumb","itemListElement":[{"@type":"ListItem","position":1,"name":"Home","item":"https:\/\/interamerica.org\/es\/"},{"@type":"ListItem","position":2,"name":"D\u00eda \u00faltimo de preparaciones en los diferentes stands para la gran apertura de la Conferencia General"}]},{"@type":"WebSite","@id":"https:\/\/interamerica.org\/es\/#website","url":"https:\/\/interamerica.org\/es\/","name":"Iglesia Adventista del S\u00e9ptimo D\u00eda - Divisi\u00f3n Interamericana","description":"","potentialAction":[{"@type":"SearchAction","target":{"@type":"EntryPoint","urlTemplate":"https:\/\/interamerica.org\/es\/?s={search_term_string}"},"query-input":{"@type":"PropertyValueSpecification","valueRequired":true,"valueName":"search_term_string"}}],"inLanguage":"es"},{"@type":"Person","@id":"https:\/\/interamerica.org\/es\/#\/schema\/person\/68ede8bdc292885bb76c1e3810e73c39","name":"Lorenzo Verduzco","image":{"@type":"ImageObject","inLanguage":"es","@id":"https:\/\/secure.gravatar.com\/avatar\/fb81a55b6218459490a9c1dc841a34909185b81904c5337b4b27f7a6fd60c49e?s=96&d=mm&r=g","url":"https:\/\/secure.gravatar.com\/avatar\/fb81a55b6218459490a9c1dc841a34909185b81904c5337b4b27f7a6fd60c49e?s=96&d=mm&r=g","contentUrl":"https:\/\/secure.gravatar.com\/avatar\/fb81a55b6218459490a9c1dc841a34909185b81904c5337b4b27f7a6fd60c49e?s=96&d=mm&r=g","caption":"Lorenzo Verduzco"}}]}},"_links":{"self":[{"href":"https:\/\/interamerica.org\/es\/wp-json\/wp\/v2\/posts\/11581","targetHints":{"allow":["GET"]}}],"collection":[{"href":"https:\/\/interamerica.org\/es\/wp-json\/wp\/v2\/posts"}],"about":[{"href":"https:\/\/interamerica.org\/es\/wp-json\/wp\/v2\/types\/post"}],"author":[{"embeddable":true,"href":"https:\/\/interamerica.org\/es\/wp-json\/wp\/v2\/users\/1"}],"replies":[{"embeddable":true,"href":"https:\/\/interamerica.org\/es\/wp-json\/wp\/v2\/comments?post=11581"}],"version-history":[{"count":0,"href":"https:\/\/interamerica.org\/es\/wp-json\/wp\/v2\/posts\/11581\/revisions"}],"wp:attachment":[{"href":"https:\/\/interamerica.org\/es\/wp-json\/wp\/v2\/media?parent=11581"}],"wp:term":[{"taxonomy":"category","embeddable":true,"href":"https:\/\/interamerica.org\/es\/wp-json\/wp\/v2\/categories?post=11581"},{"taxonomy":"post_tag","embeddable":true,"href":"https:\/\/interamerica.org\/es\/wp-json\/wp\/v2\/tags?post=11581"}],"curies":[{"name":"wp","href":"https:\/\/api.w.org\/{rel}","templated":true}]}}