{"id":11582,"date":"2010-06-24T00:00:00","date_gmt":"2010-06-24T04:00:00","guid":{"rendered":"http:\/\/192.81.217.108\/interamerica\/2010\/06\/asistente-a-sesion-viaja-en-bicicleta-desde-brazil-a-atlanta\/"},"modified":"2017-06-02T08:59:45","modified_gmt":"2017-06-02T12:59:45","slug":"asistente-a-sesion-viaja-en-bicicleta-desde-brazil-a-atlanta","status":"publish","type":"post","link":"https:\/\/interamerica.org\/es\/2010\/06\/asistente-a-sesion-viaja-en-bicicleta-desde-brazil-a-atlanta\/","title":{"rendered":"Asistente a Sesi\u00f3n viaja en bicicleta desde Brazil a Atlanta"},"content":{"rendered":"<\/p>\n<p><em >24 de junio 2010, Atlanta, Georgia, Estados Unidos&#8230;Elizabeth Lechleitner\/ANN<\/em > <\/p>\n<p>Pocas personas pueden decir que han visitado m\u00e1s de un par de pa\u00edses en menos de un a\u00f1o, pero una adventista del s\u00e9ptimo d\u00eda ha cruz\u00f3 en bicicleta once pa\u00edses desde el pasado agosto, en una traves\u00eda de 8,600 millas con la idea de esparcir el mensaje de esperanza de la iglesia.   <\/p>\n<p>La ruta de George Silva empez\u00f3 en su nativo Brasil, donde  a la edad 49 a\u00f1os, puso su pie en el pedal de su bicicleta en Boa Vista y pedale\u00f3 a trav\u00e9s de Sudam\u00e9rica. <\/p>\n<p>Silva pedale\u00f3 o empuj\u00f3 &#8211; una vez, por cuatro horas seguidas despu\u00e9s de tener cinco pinchadas de goma en una sola tarde &#8211; su bicicleta a trav\u00e9s de la mayor parte de Am\u00e9rica Central, pedaleando a trav\u00e9s de varios estados sure\u00f1os de los Estados Unidos para llegar a Atlanta esta ma\u00f1ana. <\/p>\n<p>Alrededor de las 10 A.m., tiempo de Atlanta, Silva fue  rodeado por una multitud de miembros de la iglesia adventista y delegados, muchos de ellos de Brasil, cuando lleg\u00f3 al Dome de Georgia, donde la iglesia tiene su Sesi\u00f3n 59 de la Asociaci\u00f3n  General hasta el 3 de julio. <\/p>\n<p>El viaje de Silva a Atlanta es el s\u00e9ptimo en una serie de tales viajes, que suman m\u00e1s de 18,000 millas, que como ciclista y corredor se ha embarcado desde que se uni\u00f3 a la iglesia adventista en 1992. <\/p>\n<p><strong >Silva encuentra a Dios<\/strong > <\/p>\n<p>Silva, quien afirm\u00f3 que a menudo se sinti\u00f3 deprimido y perturbado como joven, en una ocasi\u00f3n casi recurri\u00f3 al suicidio antes de un encuentro oportuno con un colportor (evangelista de la p\u00e1gina impresa), que lo ret\u00f3 a que asistiera a la iglesia. Descorazonado por el abrumador n\u00famero de denominaciones, cada una con aparentes creencias incongruentes, Silva almacen\u00f3 su b\u00fasqueda. A\u00f1os m\u00e1s tarde, de nuevo se sinti\u00f3 impresionado por encontrar a Dios. Al d\u00eda siguiente, otro evangelista de la p\u00e1gina impresa lo visit\u00f3 en su casa, y le dio la direcci\u00f3n de la iglesia local. \u00abPor primera vez, yo me sent\u00ed c\u00f3modo\u00bb, dijo Silva. \u00abEl mismo d\u00eda solicit\u00e9 ser bautizado\u00bb. <\/p>\n<p>Poco despu\u00e9s de aceptar el mensaje adventista, Silva, en ese tiempo entren\u00e1ndose como corredor, dijo sentirse impresionado para usar sus talentos atl\u00e9ticos para Dios. \u00abO\u00ed al Se\u00f1or  decir, \u00abT\u00fa corres todas las ma\u00f1anas para ti. Ahora yo te escog\u00ed para que corras para m\u00ed\u00bb. <\/p>\n<p><strong >Un cuchillo en cada mano<\/strong > <\/p>\n<p>Silva m\u00e1s tarde comenz\u00f3 corriendo en bicicleta para de esa forma cubrir m\u00e1s territorio en un tiempo m\u00e1s corto.  En su viaje a Atlanta, \u00e9l corri\u00f3 un promedio de  75 millas por d\u00eda, corriendo por siete horas seguidas, y luego tomando un descanso de tres horas para recuperarse y comer antes de otras siete horas de viaje en bicicleta. <\/p>\n<p>Cuando se le pregunt\u00f3 si cruzar el Canal  de Panam\u00e1 le puso algunos retos, Silva dijo que encontrar un avent\u00f3n en bote fue poco dif\u00edcil comparado con el cruce por un \u00e1rea  peligrosa de montes controlados por la guerrilla m\u00e1s adelante. Los nativos le advirtieron que la guerrilla, lo m\u00e1s probable, lo secuestrar\u00edan, pero devolverse  no era una opci\u00f3n en la mente de Silva. No ten\u00eda dinero para volar sobre el \u00e1rea por avi\u00f3n, as\u00ed que continu\u00f3. <\/p>\n<p>Al notar que un hombre que montaba una motora se ven\u00eda hacia \u00e9l, Silva sinti\u00f3 p\u00e1nico. \u00abPens\u00e9 que \u00e9l ven\u00eda a matarme\u00bb, dijo Silva. En cambio, el hombre me dirigi\u00f3 a la playa donde Silva tom\u00f3 un bote a trav\u00e9s del Canal a Centroam\u00e9rica. <\/p>\n<p>\u00abCreo que cuando llegue al cielo, Jes\u00fas me presentar\u00e1 al \u00e1ngel que me gui\u00f3 a trav\u00e9s de la jungla y trajo desde Colombia a Panam\u00e1 entero\u00bb, dijo Silva. <\/p>\n<p>Cuando estaba en la frontera de Brasil y Paraguay, Silva dijo que fue atacado por un probable ladr\u00f3n que mostraba dos cuchillos, que amenaz\u00f3 su vida y de llevarse sus pertenencias. Silva empez\u00f3 a orar y le rog\u00f3 al hombre por su vida, ofreci\u00e9ndole aun una copia del Nuevo Testamento. <\/p>\n<p>\u00abCuando tom\u00f3 la Biblia &#8212; uno de los cuchillos todav\u00eda en su mano &#8212; de inmediato qued\u00f3 paralizado\u00bb, dijo Silva, agregando que el hombre, evidentemente temblando por la experiencia, le dijo que fue impresionado para buscar a Dios. <\/p>\n<p><strong >Durmiendo bajo puentes<\/strong > <\/p>\n<p>Silva cree que Dios tambi\u00e9n lo protegi\u00f3 de los elementos durante su traves\u00eda &#8212; temperaturas que variaron de bajo cero a 105 grados Fahrenheit. En una ocasi\u00f3n, una lluvia de granizos destruy\u00f3 cosechas locales y propiedad, pero Silva, equipado con s\u00f3lo una tienda de campa\u00f1a, dijo que escap\u00f3 ileso. En otra ocasi\u00f3n Silva, que estaba acostumbrado a dormir bajo los puentes en condiciones pantanosas, encontr\u00f3 un colch\u00f3n seco bajo un puente. Instal\u00e9 mi carpa sobre ese colch\u00f3n, y fue justo como el cuarto de un hotel\u00bb, dijo Silva ri\u00e9ndose. <\/p>\n<p>Cuando pedaleaba a trav\u00e9s de sus pa\u00edses, los nativos se mostraban curiosos, dijo Silva. \u00abMe preguntaban, &#39;\u00bfPor qu\u00e9 haces esto? \u00bfPor qu\u00e9 dejas a tu familia, tu pa\u00eds?&#39; Yo siempre les dec\u00eda que Jes\u00fas viene pronto\u00bb. <\/p>\n<p>Una cantidad de personas decidi\u00f3 seguir a Jes\u00fas despu\u00e9s de o\u00edr su testimonio, dijo \u00e9l. <\/p>\n<p>Silva, que no habla ingl\u00e9s pero tiene planes de continuar viajando en bicicleta a trav\u00e9s de E.U. hasta Canad\u00e1, despu\u00e9s de su parada en la Sesi\u00f3n, dijo que no le preocupa la barrera del idioma. Cuando sali\u00f3 de Brasil, \u00e9l s\u00f3lo hablaba portugu\u00e9s, pero aprendi\u00f3 espa\u00f1ol a lo largo del viaje. \u00abMuy pronto hablar\u00e9 ingl\u00e9s\u00bb, dijo \u00e9l. <\/p>\n","protected":false},"excerpt":{"rendered":"<p>Pocas personas pueden decir que han visitado m\u00e1s de un par de pa\u00edses en menos de un a\u00f1o, pero una adventista del s\u00e9ptimo d\u00eda ha cruz\u00f3 en bicicleta once pa\u00edses desde el pasado agosto, en una traves\u00ed<\/p>\n","protected":false},"author":1,"featured_media":0,"comment_status":"closed","ping_status":"closed","sticky":false,"template":"","format":"standard","meta":{"_acf_changed":false,"footnotes":""},"categories":[8],"tags":[],"class_list":["post-11582","post","type-post","status-publish","format-standard","hentry","category-archivo"],"acf":[],"yoast_head":"<!-- This site is optimized with the Yoast SEO plugin v27.3 - https:\/\/yoast.com\/product\/yoast-seo-wordpress\/ -->\n<title>Asistente a Sesi\u00f3n viaja en bicicleta desde Brazil a Atlanta - Iglesia Adventista del S\u00e9ptimo D\u00eda - Divisi\u00f3n Interamericana<\/title>\n<meta name=\"robots\" content=\"index, follow, max-snippet:-1, max-image-preview:large, max-video-preview:-1\" \/>\n<link rel=\"canonical\" href=\"https:\/\/interamerica.org\/es\/2010\/06\/asistente-a-sesion-viaja-en-bicicleta-desde-brazil-a-atlanta\/\" \/>\n<meta property=\"og:locale\" content=\"es_ES\" \/>\n<meta property=\"og:type\" content=\"article\" \/>\n<meta property=\"og:title\" content=\"Asistente a Sesi\u00f3n viaja en bicicleta desde Brazil a Atlanta - Iglesia Adventista del S\u00e9ptimo D\u00eda - Divisi\u00f3n Interamericana\" \/>\n<meta property=\"og:description\" content=\"Pocas personas pueden decir que han visitado m\u00e1s de un par de pa\u00edses en menos de un a\u00f1o, pero una adventista del s\u00e9ptimo d\u00eda ha cruz\u00f3 en bicicleta once pa\u00edses desde el pasado agosto, en una traves\u00ed\" \/>\n<meta property=\"og:url\" content=\"https:\/\/interamerica.org\/es\/2010\/06\/asistente-a-sesion-viaja-en-bicicleta-desde-brazil-a-atlanta\/\" \/>\n<meta property=\"og:site_name\" content=\"Iglesia Adventista del S\u00e9ptimo D\u00eda - Divisi\u00f3n Interamericana\" \/>\n<meta property=\"article:published_time\" content=\"2010-06-24T04:00:00+00:00\" \/>\n<meta property=\"article:modified_time\" content=\"2017-06-02T12:59:45+00:00\" \/>\n<meta name=\"author\" content=\"Lorenzo Verduzco\" \/>\n<meta name=\"twitter:card\" content=\"summary_large_image\" \/>\n<meta name=\"twitter:label1\" content=\"Escrito por\" \/>\n\t<meta name=\"twitter:data1\" content=\"Lorenzo Verduzco\" \/>\n\t<meta name=\"twitter:label2\" content=\"Tiempo de lectura\" \/>\n\t<meta name=\"twitter:data2\" content=\"5 minutos\" \/>\n<script type=\"application\/ld+json\" class=\"yoast-schema-graph\">{\"@context\":\"https:\\\/\\\/schema.org\",\"@graph\":[{\"@type\":\"Article\",\"@id\":\"https:\\\/\\\/interamerica.org\\\/es\\\/2010\\\/06\\\/asistente-a-sesion-viaja-en-bicicleta-desde-brazil-a-atlanta\\\/#article\",\"isPartOf\":{\"@id\":\"https:\\\/\\\/interamerica.org\\\/es\\\/2010\\\/06\\\/asistente-a-sesion-viaja-en-bicicleta-desde-brazil-a-atlanta\\\/\"},\"author\":{\"name\":\"Lorenzo Verduzco\",\"@id\":\"https:\\\/\\\/interamerica.org\\\/es\\\/#\\\/schema\\\/person\\\/68ede8bdc292885bb76c1e3810e73c39\"},\"headline\":\"Asistente a Sesi\u00f3n viaja en bicicleta desde Brazil a Atlanta\",\"datePublished\":\"2010-06-24T04:00:00+00:00\",\"dateModified\":\"2017-06-02T12:59:45+00:00\",\"mainEntityOfPage\":{\"@id\":\"https:\\\/\\\/interamerica.org\\\/es\\\/2010\\\/06\\\/asistente-a-sesion-viaja-en-bicicleta-desde-brazil-a-atlanta\\\/\"},\"wordCount\":979,\"articleSection\":[\"Archivo\"],\"inLanguage\":\"es\"},{\"@type\":\"WebPage\",\"@id\":\"https:\\\/\\\/interamerica.org\\\/es\\\/2010\\\/06\\\/asistente-a-sesion-viaja-en-bicicleta-desde-brazil-a-atlanta\\\/\",\"url\":\"https:\\\/\\\/interamerica.org\\\/es\\\/2010\\\/06\\\/asistente-a-sesion-viaja-en-bicicleta-desde-brazil-a-atlanta\\\/\",\"name\":\"Asistente a Sesi\u00f3n viaja en bicicleta desde Brazil a Atlanta - Iglesia Adventista del S\u00e9ptimo D\u00eda - Divisi\u00f3n Interamericana\",\"isPartOf\":{\"@id\":\"https:\\\/\\\/interamerica.org\\\/es\\\/#website\"},\"datePublished\":\"2010-06-24T04:00:00+00:00\",\"dateModified\":\"2017-06-02T12:59:45+00:00\",\"author\":{\"@id\":\"https:\\\/\\\/interamerica.org\\\/es\\\/#\\\/schema\\\/person\\\/68ede8bdc292885bb76c1e3810e73c39\"},\"breadcrumb\":{\"@id\":\"https:\\\/\\\/interamerica.org\\\/es\\\/2010\\\/06\\\/asistente-a-sesion-viaja-en-bicicleta-desde-brazil-a-atlanta\\\/#breadcrumb\"},\"inLanguage\":\"es\",\"potentialAction\":[{\"@type\":\"ReadAction\",\"target\":[\"https:\\\/\\\/interamerica.org\\\/es\\\/2010\\\/06\\\/asistente-a-sesion-viaja-en-bicicleta-desde-brazil-a-atlanta\\\/\"]}]},{\"@type\":\"BreadcrumbList\",\"@id\":\"https:\\\/\\\/interamerica.org\\\/es\\\/2010\\\/06\\\/asistente-a-sesion-viaja-en-bicicleta-desde-brazil-a-atlanta\\\/#breadcrumb\",\"itemListElement\":[{\"@type\":\"ListItem\",\"position\":1,\"name\":\"Home\",\"item\":\"https:\\\/\\\/interamerica.org\\\/es\\\/\"},{\"@type\":\"ListItem\",\"position\":2,\"name\":\"Asistente a Sesi\u00f3n viaja en bicicleta desde Brazil a Atlanta\"}]},{\"@type\":\"WebSite\",\"@id\":\"https:\\\/\\\/interamerica.org\\\/es\\\/#website\",\"url\":\"https:\\\/\\\/interamerica.org\\\/es\\\/\",\"name\":\"Iglesia Adventista del S\u00e9ptimo D\u00eda - Divisi\u00f3n Interamericana\",\"description\":\"\",\"potentialAction\":[{\"@type\":\"SearchAction\",\"target\":{\"@type\":\"EntryPoint\",\"urlTemplate\":\"https:\\\/\\\/interamerica.org\\\/es\\\/?s={search_term_string}\"},\"query-input\":{\"@type\":\"PropertyValueSpecification\",\"valueRequired\":true,\"valueName\":\"search_term_string\"}}],\"inLanguage\":\"es\"},{\"@type\":\"Person\",\"@id\":\"https:\\\/\\\/interamerica.org\\\/es\\\/#\\\/schema\\\/person\\\/68ede8bdc292885bb76c1e3810e73c39\",\"name\":\"Lorenzo Verduzco\",\"image\":{\"@type\":\"ImageObject\",\"inLanguage\":\"es\",\"@id\":\"https:\\\/\\\/secure.gravatar.com\\\/avatar\\\/fb81a55b6218459490a9c1dc841a34909185b81904c5337b4b27f7a6fd60c49e?s=96&d=mm&r=g\",\"url\":\"https:\\\/\\\/secure.gravatar.com\\\/avatar\\\/fb81a55b6218459490a9c1dc841a34909185b81904c5337b4b27f7a6fd60c49e?s=96&d=mm&r=g\",\"contentUrl\":\"https:\\\/\\\/secure.gravatar.com\\\/avatar\\\/fb81a55b6218459490a9c1dc841a34909185b81904c5337b4b27f7a6fd60c49e?s=96&d=mm&r=g\",\"caption\":\"Lorenzo Verduzco\"}}]}<\/script>\n<!-- \/ Yoast SEO plugin. -->","yoast_head_json":{"title":"Asistente a Sesi\u00f3n viaja en bicicleta desde Brazil a Atlanta - Iglesia Adventista del S\u00e9ptimo D\u00eda - Divisi\u00f3n Interamericana","robots":{"index":"index","follow":"follow","max-snippet":"max-snippet:-1","max-image-preview":"max-image-preview:large","max-video-preview":"max-video-preview:-1"},"canonical":"https:\/\/interamerica.org\/es\/2010\/06\/asistente-a-sesion-viaja-en-bicicleta-desde-brazil-a-atlanta\/","og_locale":"es_ES","og_type":"article","og_title":"Asistente a Sesi\u00f3n viaja en bicicleta desde Brazil a Atlanta - Iglesia Adventista del S\u00e9ptimo D\u00eda - Divisi\u00f3n Interamericana","og_description":"Pocas personas pueden decir que han visitado m\u00e1s de un par de pa\u00edses en menos de un a\u00f1o, pero una adventista del s\u00e9ptimo d\u00eda ha cruz\u00f3 en bicicleta once pa\u00edses desde el pasado agosto, en una traves\u00ed","og_url":"https:\/\/interamerica.org\/es\/2010\/06\/asistente-a-sesion-viaja-en-bicicleta-desde-brazil-a-atlanta\/","og_site_name":"Iglesia Adventista del S\u00e9ptimo D\u00eda - Divisi\u00f3n Interamericana","article_published_time":"2010-06-24T04:00:00+00:00","article_modified_time":"2017-06-02T12:59:45+00:00","author":"Lorenzo Verduzco","twitter_card":"summary_large_image","twitter_misc":{"Escrito por":"Lorenzo Verduzco","Tiempo de lectura":"5 minutos"},"schema":{"@context":"https:\/\/schema.org","@graph":[{"@type":"Article","@id":"https:\/\/interamerica.org\/es\/2010\/06\/asistente-a-sesion-viaja-en-bicicleta-desde-brazil-a-atlanta\/#article","isPartOf":{"@id":"https:\/\/interamerica.org\/es\/2010\/06\/asistente-a-sesion-viaja-en-bicicleta-desde-brazil-a-atlanta\/"},"author":{"name":"Lorenzo Verduzco","@id":"https:\/\/interamerica.org\/es\/#\/schema\/person\/68ede8bdc292885bb76c1e3810e73c39"},"headline":"Asistente a Sesi\u00f3n viaja en bicicleta desde Brazil a Atlanta","datePublished":"2010-06-24T04:00:00+00:00","dateModified":"2017-06-02T12:59:45+00:00","mainEntityOfPage":{"@id":"https:\/\/interamerica.org\/es\/2010\/06\/asistente-a-sesion-viaja-en-bicicleta-desde-brazil-a-atlanta\/"},"wordCount":979,"articleSection":["Archivo"],"inLanguage":"es"},{"@type":"WebPage","@id":"https:\/\/interamerica.org\/es\/2010\/06\/asistente-a-sesion-viaja-en-bicicleta-desde-brazil-a-atlanta\/","url":"https:\/\/interamerica.org\/es\/2010\/06\/asistente-a-sesion-viaja-en-bicicleta-desde-brazil-a-atlanta\/","name":"Asistente a Sesi\u00f3n viaja en bicicleta desde Brazil a Atlanta - Iglesia Adventista del S\u00e9ptimo D\u00eda - Divisi\u00f3n Interamericana","isPartOf":{"@id":"https:\/\/interamerica.org\/es\/#website"},"datePublished":"2010-06-24T04:00:00+00:00","dateModified":"2017-06-02T12:59:45+00:00","author":{"@id":"https:\/\/interamerica.org\/es\/#\/schema\/person\/68ede8bdc292885bb76c1e3810e73c39"},"breadcrumb":{"@id":"https:\/\/interamerica.org\/es\/2010\/06\/asistente-a-sesion-viaja-en-bicicleta-desde-brazil-a-atlanta\/#breadcrumb"},"inLanguage":"es","potentialAction":[{"@type":"ReadAction","target":["https:\/\/interamerica.org\/es\/2010\/06\/asistente-a-sesion-viaja-en-bicicleta-desde-brazil-a-atlanta\/"]}]},{"@type":"BreadcrumbList","@id":"https:\/\/interamerica.org\/es\/2010\/06\/asistente-a-sesion-viaja-en-bicicleta-desde-brazil-a-atlanta\/#breadcrumb","itemListElement":[{"@type":"ListItem","position":1,"name":"Home","item":"https:\/\/interamerica.org\/es\/"},{"@type":"ListItem","position":2,"name":"Asistente a Sesi\u00f3n viaja en bicicleta desde Brazil a Atlanta"}]},{"@type":"WebSite","@id":"https:\/\/interamerica.org\/es\/#website","url":"https:\/\/interamerica.org\/es\/","name":"Iglesia Adventista del S\u00e9ptimo D\u00eda - Divisi\u00f3n Interamericana","description":"","potentialAction":[{"@type":"SearchAction","target":{"@type":"EntryPoint","urlTemplate":"https:\/\/interamerica.org\/es\/?s={search_term_string}"},"query-input":{"@type":"PropertyValueSpecification","valueRequired":true,"valueName":"search_term_string"}}],"inLanguage":"es"},{"@type":"Person","@id":"https:\/\/interamerica.org\/es\/#\/schema\/person\/68ede8bdc292885bb76c1e3810e73c39","name":"Lorenzo Verduzco","image":{"@type":"ImageObject","inLanguage":"es","@id":"https:\/\/secure.gravatar.com\/avatar\/fb81a55b6218459490a9c1dc841a34909185b81904c5337b4b27f7a6fd60c49e?s=96&d=mm&r=g","url":"https:\/\/secure.gravatar.com\/avatar\/fb81a55b6218459490a9c1dc841a34909185b81904c5337b4b27f7a6fd60c49e?s=96&d=mm&r=g","contentUrl":"https:\/\/secure.gravatar.com\/avatar\/fb81a55b6218459490a9c1dc841a34909185b81904c5337b4b27f7a6fd60c49e?s=96&d=mm&r=g","caption":"Lorenzo Verduzco"}}]}},"_links":{"self":[{"href":"https:\/\/interamerica.org\/es\/wp-json\/wp\/v2\/posts\/11582","targetHints":{"allow":["GET"]}}],"collection":[{"href":"https:\/\/interamerica.org\/es\/wp-json\/wp\/v2\/posts"}],"about":[{"href":"https:\/\/interamerica.org\/es\/wp-json\/wp\/v2\/types\/post"}],"author":[{"embeddable":true,"href":"https:\/\/interamerica.org\/es\/wp-json\/wp\/v2\/users\/1"}],"replies":[{"embeddable":true,"href":"https:\/\/interamerica.org\/es\/wp-json\/wp\/v2\/comments?post=11582"}],"version-history":[{"count":0,"href":"https:\/\/interamerica.org\/es\/wp-json\/wp\/v2\/posts\/11582\/revisions"}],"wp:attachment":[{"href":"https:\/\/interamerica.org\/es\/wp-json\/wp\/v2\/media?parent=11582"}],"wp:term":[{"taxonomy":"category","embeddable":true,"href":"https:\/\/interamerica.org\/es\/wp-json\/wp\/v2\/categories?post=11582"},{"taxonomy":"post_tag","embeddable":true,"href":"https:\/\/interamerica.org\/es\/wp-json\/wp\/v2\/tags?post=11582"}],"curies":[{"name":"wp","href":"https:\/\/api.w.org\/{rel}","templated":true}]}}