{"id":11583,"date":"2010-06-24T00:00:00","date_gmt":"2010-06-24T04:00:00","guid":{"rendered":"http:\/\/192.81.217.108\/interamerica\/2010\/06\/interamerica-elige-sus-delegdos-que-formaran-el-selecto-grupo-que-nominara-al-presidente-de-la-iglesia-adventista-a-nivel-mundial\/"},"modified":"2017-06-02T08:59:45","modified_gmt":"2017-06-02T12:59:45","slug":"interamerica-elige-sus-delegdos-que-formaran-el-selecto-grupo-que-nominara-al-presidente-de-la-iglesia-adventista-a-nivel-mundial","status":"publish","type":"post","link":"https:\/\/interamerica.org\/es\/2010\/06\/interamerica-elige-sus-delegdos-que-formaran-el-selecto-grupo-que-nominara-al-presidente-de-la-iglesia-adventista-a-nivel-mundial\/","title":{"rendered":"Interam\u00e9rica elige sus delegdos que formar\u00e1n el selecto grupo que nominar\u00e1 al presidente de la iglesia adventista a nivel mundial."},"content":{"rendered":"<p>24 de junio, 2010 &#8211; Atlanta, Georgia, Estados Unidos&#8230;[Libna Stevens\/DIA]  <\/p>\n<p>Casi 24 horas despu\u00e9s de la apertura oficial de la Sesi\u00f3n 59 de la Asociaci\u00f3n General en Atlanta, Georgia, m\u00e1s de 400 delegados y principales dirigentes de cada regi\u00f3n del territorio de la Divisi\u00f3n Interamericana (DIA) se reunieron para elegir sus 35 miembros para el Comit\u00e9 de Nombramiento. Los nuevos miembros del comit\u00e9 representar\u00e1n la DIA cuando se nombre el pr\u00f3ximo presidente de la iglesia a nivel mundial lo cual se efectuar\u00e1 ma\u00f1ana en la ma\u00f1ana. <\/p>\n<p>De los 350 delegados de la DIA, 10 porciento fue elegido, seg\u00fan el reglamento establecido por la iglesia a nivel mundial, dijo el pastor Israel Leito, presidente de la iglesia en Interm\u00e9rica. <\/p>\n<p>La composici\u00f3n de los 35 miembros es: 20 presidentes de uni\u00f3n, 2 presidentes de campos locales, 2 pastores, 4 laicos, 2 mujeres, 1 joven, 1 dirigente institucional de la Divisi\u00f3n, 1 l\u00edder institucional a nivel de uni\u00f3n, y 1 representante de la oficina de la Divisi\u00f3n. <\/p>\n<p>Las uniones con el mayor n\u00famero de miembros fueron la Uni\u00f3n Haitiana y la Uni\u00f3n Central Centroamericana, que ten\u00edan cuatro puestos para delegados en el total de 15 no presidenciales. <\/p>\n<p>El Comit\u00e9 de Nombramiento completo que representa todas las 13 divisiones mundiales se reuni\u00f3 esta noche para orientaci\u00f3n. Ma\u00f1ana en la ma\u00f1ana se reunir\u00e1 de nuevo antes de traer sus nominaciones para presidente de la iglesia a nivel mundial a los casi 3,000 delegados en la sesi\u00f3n. <\/p>\n<p>Para noticias actualizadas sobre la Sesi\u00f3n de la AG, entre a  <a  href=\"https:\/\/recursing-golick.147-182-135-0.plesk.page\/\">www.interamerica.org<\/a > <\/p>\n<p>Para una galer\u00eda de fotos, visite nuestra cuenta <em >flickr<\/em >  en <a  href=\"http:\/\/www.flickr.com\/photos\/interamerica\">www.flickr.com\/photos\/interamerica<\/a > <\/p><\/p>\n","protected":false},"excerpt":{"rendered":"<p>Casi 24 horas despu\u00e9s de la apertura oficial de la Sesi\u00f3n 59 de la Asociaci\u00f3n General en Atlanta, Georgia, m\u00e1s de 400 delegados y principales dirigentes de cada regi\u00f3n del territorio de la Divisi\u00f3n Interamerican<\/p>\n","protected":false},"author":1,"featured_media":0,"comment_status":"closed","ping_status":"closed","sticky":false,"template":"","format":"standard","meta":{"_acf_changed":false,"footnotes":""},"categories":[8],"tags":[],"class_list":["post-11583","post","type-post","status-publish","format-standard","hentry","category-archivo"],"acf":[],"yoast_head":"<!-- This site is optimized with the Yoast SEO plugin v27.3 - https:\/\/yoast.com\/product\/yoast-seo-wordpress\/ -->\n<title>Interam\u00e9rica elige sus delegdos que formar\u00e1n el selecto grupo que nominar\u00e1 al presidente de la iglesia adventista a nivel mundial. - Iglesia Adventista del S\u00e9ptimo D\u00eda - Divisi\u00f3n Interamericana<\/title>\n<meta name=\"robots\" content=\"index, follow, max-snippet:-1, max-image-preview:large, max-video-preview:-1\" \/>\n<link rel=\"canonical\" href=\"https:\/\/interamerica.org\/es\/2010\/06\/interamerica-elige-sus-delegdos-que-formaran-el-selecto-grupo-que-nominara-al-presidente-de-la-iglesia-adventista-a-nivel-mundial\/\" \/>\n<meta property=\"og:locale\" content=\"es_ES\" \/>\n<meta property=\"og:type\" content=\"article\" \/>\n<meta property=\"og:title\" content=\"Interam\u00e9rica elige sus delegdos que formar\u00e1n el selecto grupo que nominar\u00e1 al presidente de la iglesia adventista a nivel mundial. - Iglesia Adventista del S\u00e9ptimo D\u00eda - Divisi\u00f3n Interamericana\" \/>\n<meta property=\"og:description\" content=\"Casi 24 horas despu\u00e9s de la apertura oficial de la Sesi\u00f3n 59 de la Asociaci\u00f3n General en Atlanta, Georgia, m\u00e1s de 400 delegados y principales dirigentes de cada regi\u00f3n del territorio de la Divisi\u00f3n Interamerican\" \/>\n<meta property=\"og:url\" content=\"https:\/\/interamerica.org\/es\/2010\/06\/interamerica-elige-sus-delegdos-que-formaran-el-selecto-grupo-que-nominara-al-presidente-de-la-iglesia-adventista-a-nivel-mundial\/\" \/>\n<meta property=\"og:site_name\" content=\"Iglesia Adventista del S\u00e9ptimo D\u00eda - Divisi\u00f3n Interamericana\" \/>\n<meta property=\"article:published_time\" content=\"2010-06-24T04:00:00+00:00\" \/>\n<meta property=\"article:modified_time\" content=\"2017-06-02T12:59:45+00:00\" \/>\n<meta name=\"author\" content=\"Lorenzo Verduzco\" \/>\n<meta name=\"twitter:card\" content=\"summary_large_image\" \/>\n<meta name=\"twitter:label1\" content=\"Escrito por\" \/>\n\t<meta name=\"twitter:data1\" content=\"Lorenzo Verduzco\" \/>\n\t<meta name=\"twitter:label2\" content=\"Tiempo de lectura\" \/>\n\t<meta name=\"twitter:data2\" content=\"1 minuto\" \/>\n<script type=\"application\/ld+json\" class=\"yoast-schema-graph\">{\"@context\":\"https:\\\/\\\/schema.org\",\"@graph\":[{\"@type\":\"Article\",\"@id\":\"https:\\\/\\\/interamerica.org\\\/es\\\/2010\\\/06\\\/interamerica-elige-sus-delegdos-que-formaran-el-selecto-grupo-que-nominara-al-presidente-de-la-iglesia-adventista-a-nivel-mundial\\\/#article\",\"isPartOf\":{\"@id\":\"https:\\\/\\\/interamerica.org\\\/es\\\/2010\\\/06\\\/interamerica-elige-sus-delegdos-que-formaran-el-selecto-grupo-que-nominara-al-presidente-de-la-iglesia-adventista-a-nivel-mundial\\\/\"},\"author\":{\"name\":\"Lorenzo Verduzco\",\"@id\":\"https:\\\/\\\/interamerica.org\\\/es\\\/#\\\/schema\\\/person\\\/68ede8bdc292885bb76c1e3810e73c39\"},\"headline\":\"Interam\u00e9rica elige sus delegdos que formar\u00e1n el selecto grupo que nominar\u00e1 al presidente de la iglesia adventista a nivel mundial.\",\"datePublished\":\"2010-06-24T04:00:00+00:00\",\"dateModified\":\"2017-06-02T12:59:45+00:00\",\"mainEntityOfPage\":{\"@id\":\"https:\\\/\\\/interamerica.org\\\/es\\\/2010\\\/06\\\/interamerica-elige-sus-delegdos-que-formaran-el-selecto-grupo-que-nominara-al-presidente-de-la-iglesia-adventista-a-nivel-mundial\\\/\"},\"wordCount\":301,\"articleSection\":[\"Archivo\"],\"inLanguage\":\"es\"},{\"@type\":\"WebPage\",\"@id\":\"https:\\\/\\\/interamerica.org\\\/es\\\/2010\\\/06\\\/interamerica-elige-sus-delegdos-que-formaran-el-selecto-grupo-que-nominara-al-presidente-de-la-iglesia-adventista-a-nivel-mundial\\\/\",\"url\":\"https:\\\/\\\/interamerica.org\\\/es\\\/2010\\\/06\\\/interamerica-elige-sus-delegdos-que-formaran-el-selecto-grupo-que-nominara-al-presidente-de-la-iglesia-adventista-a-nivel-mundial\\\/\",\"name\":\"Interam\u00e9rica elige sus delegdos que formar\u00e1n el selecto grupo que nominar\u00e1 al presidente de la iglesia adventista a nivel mundial. - Iglesia Adventista del S\u00e9ptimo D\u00eda - Divisi\u00f3n Interamericana\",\"isPartOf\":{\"@id\":\"https:\\\/\\\/interamerica.org\\\/es\\\/#website\"},\"datePublished\":\"2010-06-24T04:00:00+00:00\",\"dateModified\":\"2017-06-02T12:59:45+00:00\",\"author\":{\"@id\":\"https:\\\/\\\/interamerica.org\\\/es\\\/#\\\/schema\\\/person\\\/68ede8bdc292885bb76c1e3810e73c39\"},\"breadcrumb\":{\"@id\":\"https:\\\/\\\/interamerica.org\\\/es\\\/2010\\\/06\\\/interamerica-elige-sus-delegdos-que-formaran-el-selecto-grupo-que-nominara-al-presidente-de-la-iglesia-adventista-a-nivel-mundial\\\/#breadcrumb\"},\"inLanguage\":\"es\",\"potentialAction\":[{\"@type\":\"ReadAction\",\"target\":[\"https:\\\/\\\/interamerica.org\\\/es\\\/2010\\\/06\\\/interamerica-elige-sus-delegdos-que-formaran-el-selecto-grupo-que-nominara-al-presidente-de-la-iglesia-adventista-a-nivel-mundial\\\/\"]}]},{\"@type\":\"BreadcrumbList\",\"@id\":\"https:\\\/\\\/interamerica.org\\\/es\\\/2010\\\/06\\\/interamerica-elige-sus-delegdos-que-formaran-el-selecto-grupo-que-nominara-al-presidente-de-la-iglesia-adventista-a-nivel-mundial\\\/#breadcrumb\",\"itemListElement\":[{\"@type\":\"ListItem\",\"position\":1,\"name\":\"Home\",\"item\":\"https:\\\/\\\/interamerica.org\\\/es\\\/\"},{\"@type\":\"ListItem\",\"position\":2,\"name\":\"Interam\u00e9rica elige sus delegdos que formar\u00e1n el selecto grupo que nominar\u00e1 al presidente de la iglesia adventista a nivel mundial.\"}]},{\"@type\":\"WebSite\",\"@id\":\"https:\\\/\\\/interamerica.org\\\/es\\\/#website\",\"url\":\"https:\\\/\\\/interamerica.org\\\/es\\\/\",\"name\":\"Iglesia Adventista del S\u00e9ptimo D\u00eda - Divisi\u00f3n Interamericana\",\"description\":\"\",\"potentialAction\":[{\"@type\":\"SearchAction\",\"target\":{\"@type\":\"EntryPoint\",\"urlTemplate\":\"https:\\\/\\\/interamerica.org\\\/es\\\/?s={search_term_string}\"},\"query-input\":{\"@type\":\"PropertyValueSpecification\",\"valueRequired\":true,\"valueName\":\"search_term_string\"}}],\"inLanguage\":\"es\"},{\"@type\":\"Person\",\"@id\":\"https:\\\/\\\/interamerica.org\\\/es\\\/#\\\/schema\\\/person\\\/68ede8bdc292885bb76c1e3810e73c39\",\"name\":\"Lorenzo Verduzco\",\"image\":{\"@type\":\"ImageObject\",\"inLanguage\":\"es\",\"@id\":\"https:\\\/\\\/secure.gravatar.com\\\/avatar\\\/fb81a55b6218459490a9c1dc841a34909185b81904c5337b4b27f7a6fd60c49e?s=96&d=mm&r=g\",\"url\":\"https:\\\/\\\/secure.gravatar.com\\\/avatar\\\/fb81a55b6218459490a9c1dc841a34909185b81904c5337b4b27f7a6fd60c49e?s=96&d=mm&r=g\",\"contentUrl\":\"https:\\\/\\\/secure.gravatar.com\\\/avatar\\\/fb81a55b6218459490a9c1dc841a34909185b81904c5337b4b27f7a6fd60c49e?s=96&d=mm&r=g\",\"caption\":\"Lorenzo Verduzco\"}}]}<\/script>\n<!-- \/ Yoast SEO plugin. -->","yoast_head_json":{"title":"Interam\u00e9rica elige sus delegdos que formar\u00e1n el selecto grupo que nominar\u00e1 al presidente de la iglesia adventista a nivel mundial. - Iglesia Adventista del S\u00e9ptimo D\u00eda - Divisi\u00f3n Interamericana","robots":{"index":"index","follow":"follow","max-snippet":"max-snippet:-1","max-image-preview":"max-image-preview:large","max-video-preview":"max-video-preview:-1"},"canonical":"https:\/\/interamerica.org\/es\/2010\/06\/interamerica-elige-sus-delegdos-que-formaran-el-selecto-grupo-que-nominara-al-presidente-de-la-iglesia-adventista-a-nivel-mundial\/","og_locale":"es_ES","og_type":"article","og_title":"Interam\u00e9rica elige sus delegdos que formar\u00e1n el selecto grupo que nominar\u00e1 al presidente de la iglesia adventista a nivel mundial. - Iglesia Adventista del S\u00e9ptimo D\u00eda - Divisi\u00f3n Interamericana","og_description":"Casi 24 horas despu\u00e9s de la apertura oficial de la Sesi\u00f3n 59 de la Asociaci\u00f3n General en Atlanta, Georgia, m\u00e1s de 400 delegados y principales dirigentes de cada regi\u00f3n del territorio de la Divisi\u00f3n Interamerican","og_url":"https:\/\/interamerica.org\/es\/2010\/06\/interamerica-elige-sus-delegdos-que-formaran-el-selecto-grupo-que-nominara-al-presidente-de-la-iglesia-adventista-a-nivel-mundial\/","og_site_name":"Iglesia Adventista del S\u00e9ptimo D\u00eda - Divisi\u00f3n Interamericana","article_published_time":"2010-06-24T04:00:00+00:00","article_modified_time":"2017-06-02T12:59:45+00:00","author":"Lorenzo Verduzco","twitter_card":"summary_large_image","twitter_misc":{"Escrito por":"Lorenzo Verduzco","Tiempo de lectura":"1 minuto"},"schema":{"@context":"https:\/\/schema.org","@graph":[{"@type":"Article","@id":"https:\/\/interamerica.org\/es\/2010\/06\/interamerica-elige-sus-delegdos-que-formaran-el-selecto-grupo-que-nominara-al-presidente-de-la-iglesia-adventista-a-nivel-mundial\/#article","isPartOf":{"@id":"https:\/\/interamerica.org\/es\/2010\/06\/interamerica-elige-sus-delegdos-que-formaran-el-selecto-grupo-que-nominara-al-presidente-de-la-iglesia-adventista-a-nivel-mundial\/"},"author":{"name":"Lorenzo Verduzco","@id":"https:\/\/interamerica.org\/es\/#\/schema\/person\/68ede8bdc292885bb76c1e3810e73c39"},"headline":"Interam\u00e9rica elige sus delegdos que formar\u00e1n el selecto grupo que nominar\u00e1 al presidente de la iglesia adventista a nivel mundial.","datePublished":"2010-06-24T04:00:00+00:00","dateModified":"2017-06-02T12:59:45+00:00","mainEntityOfPage":{"@id":"https:\/\/interamerica.org\/es\/2010\/06\/interamerica-elige-sus-delegdos-que-formaran-el-selecto-grupo-que-nominara-al-presidente-de-la-iglesia-adventista-a-nivel-mundial\/"},"wordCount":301,"articleSection":["Archivo"],"inLanguage":"es"},{"@type":"WebPage","@id":"https:\/\/interamerica.org\/es\/2010\/06\/interamerica-elige-sus-delegdos-que-formaran-el-selecto-grupo-que-nominara-al-presidente-de-la-iglesia-adventista-a-nivel-mundial\/","url":"https:\/\/interamerica.org\/es\/2010\/06\/interamerica-elige-sus-delegdos-que-formaran-el-selecto-grupo-que-nominara-al-presidente-de-la-iglesia-adventista-a-nivel-mundial\/","name":"Interam\u00e9rica elige sus delegdos que formar\u00e1n el selecto grupo que nominar\u00e1 al presidente de la iglesia adventista a nivel mundial. - Iglesia Adventista del S\u00e9ptimo D\u00eda - Divisi\u00f3n Interamericana","isPartOf":{"@id":"https:\/\/interamerica.org\/es\/#website"},"datePublished":"2010-06-24T04:00:00+00:00","dateModified":"2017-06-02T12:59:45+00:00","author":{"@id":"https:\/\/interamerica.org\/es\/#\/schema\/person\/68ede8bdc292885bb76c1e3810e73c39"},"breadcrumb":{"@id":"https:\/\/interamerica.org\/es\/2010\/06\/interamerica-elige-sus-delegdos-que-formaran-el-selecto-grupo-que-nominara-al-presidente-de-la-iglesia-adventista-a-nivel-mundial\/#breadcrumb"},"inLanguage":"es","potentialAction":[{"@type":"ReadAction","target":["https:\/\/interamerica.org\/es\/2010\/06\/interamerica-elige-sus-delegdos-que-formaran-el-selecto-grupo-que-nominara-al-presidente-de-la-iglesia-adventista-a-nivel-mundial\/"]}]},{"@type":"BreadcrumbList","@id":"https:\/\/interamerica.org\/es\/2010\/06\/interamerica-elige-sus-delegdos-que-formaran-el-selecto-grupo-que-nominara-al-presidente-de-la-iglesia-adventista-a-nivel-mundial\/#breadcrumb","itemListElement":[{"@type":"ListItem","position":1,"name":"Home","item":"https:\/\/interamerica.org\/es\/"},{"@type":"ListItem","position":2,"name":"Interam\u00e9rica elige sus delegdos que formar\u00e1n el selecto grupo que nominar\u00e1 al presidente de la iglesia adventista a nivel mundial."}]},{"@type":"WebSite","@id":"https:\/\/interamerica.org\/es\/#website","url":"https:\/\/interamerica.org\/es\/","name":"Iglesia Adventista del S\u00e9ptimo D\u00eda - Divisi\u00f3n Interamericana","description":"","potentialAction":[{"@type":"SearchAction","target":{"@type":"EntryPoint","urlTemplate":"https:\/\/interamerica.org\/es\/?s={search_term_string}"},"query-input":{"@type":"PropertyValueSpecification","valueRequired":true,"valueName":"search_term_string"}}],"inLanguage":"es"},{"@type":"Person","@id":"https:\/\/interamerica.org\/es\/#\/schema\/person\/68ede8bdc292885bb76c1e3810e73c39","name":"Lorenzo Verduzco","image":{"@type":"ImageObject","inLanguage":"es","@id":"https:\/\/secure.gravatar.com\/avatar\/fb81a55b6218459490a9c1dc841a34909185b81904c5337b4b27f7a6fd60c49e?s=96&d=mm&r=g","url":"https:\/\/secure.gravatar.com\/avatar\/fb81a55b6218459490a9c1dc841a34909185b81904c5337b4b27f7a6fd60c49e?s=96&d=mm&r=g","contentUrl":"https:\/\/secure.gravatar.com\/avatar\/fb81a55b6218459490a9c1dc841a34909185b81904c5337b4b27f7a6fd60c49e?s=96&d=mm&r=g","caption":"Lorenzo Verduzco"}}]}},"_links":{"self":[{"href":"https:\/\/interamerica.org\/es\/wp-json\/wp\/v2\/posts\/11583","targetHints":{"allow":["GET"]}}],"collection":[{"href":"https:\/\/interamerica.org\/es\/wp-json\/wp\/v2\/posts"}],"about":[{"href":"https:\/\/interamerica.org\/es\/wp-json\/wp\/v2\/types\/post"}],"author":[{"embeddable":true,"href":"https:\/\/interamerica.org\/es\/wp-json\/wp\/v2\/users\/1"}],"replies":[{"embeddable":true,"href":"https:\/\/interamerica.org\/es\/wp-json\/wp\/v2\/comments?post=11583"}],"version-history":[{"count":0,"href":"https:\/\/interamerica.org\/es\/wp-json\/wp\/v2\/posts\/11583\/revisions"}],"wp:attachment":[{"href":"https:\/\/interamerica.org\/es\/wp-json\/wp\/v2\/media?parent=11583"}],"wp:term":[{"taxonomy":"category","embeddable":true,"href":"https:\/\/interamerica.org\/es\/wp-json\/wp\/v2\/categories?post=11583"},{"taxonomy":"post_tag","embeddable":true,"href":"https:\/\/interamerica.org\/es\/wp-json\/wp\/v2\/tags?post=11583"}],"curies":[{"name":"wp","href":"https:\/\/api.w.org\/{rel}","templated":true}]}}