{"id":11585,"date":"2010-06-25T00:00:00","date_gmt":"2010-06-25T04:00:00","guid":{"rendered":"http:\/\/192.81.217.108\/interamerica\/2010\/06\/la-biblia-viajera-concluye-20-meses-de-viaje\/"},"modified":"2017-06-02T08:59:39","modified_gmt":"2017-06-02T12:59:39","slug":"la-biblia-viajera-concluye-20-meses-de-viaje","status":"publish","type":"post","link":"https:\/\/interamerica.org\/es\/2010\/06\/la-biblia-viajera-concluye-20-meses-de-viaje\/","title":{"rendered":"La Biblia Viajera concluye 20 meses de viaje"},"content":{"rendered":"<p><em >24 de junio 2010, Atlanta, Georgia, Estados Unidos&#8230;Arin Gencer\/ANN<\/em > <\/p>\n<p>Por 20 meses, viaj\u00f3 a lugares tan distantes como Norok, Kenya y Dubai, Emiratos \u00c1rabes Unidos. <\/p>\n<p>La Biblia gigante, dise\u00f1ada especialmente para embarcarse en un recorrido por el mundo termin\u00f3 su viaje durante una sesi\u00f3n de negocios, el jueves por la noche en la Sesi\u00f3n Mundial 59 de la Iglesia Adventista del S\u00e9ptimo D\u00eda. <\/p>\n<p>\u00abLa Biblia ha recorrido el mundo como un s\u00edmbolo del compromiso que los adventistas del s\u00e9ptimo d\u00eda tienen para la palabra de Dios,\u00bb dijo Mark Finley, un vicepresidente de la iglesia. \u00abLos adventistas del s\u00e9ptimo d\u00eda a\u00fan permanecen firmes en la Biblia\u00bb. <\/p>\n<p>Finley estuvo de pie frente a representantes de cada regi\u00f3n &#8211; algunos ataviados en traje cultural &#8211; que cubrieron lo largo del escenario el jueves por la noche. Los 70 hombres, m\u00e1s o menos, mujeres y ni\u00f1os pasaron el libro de 12 x 18 pulgadas a lo largo de la l\u00ednea mientras un video corr\u00eda describiendo su viaje. <\/p>\n<p>El tomo encuadernado en cuero negro fue parte de la iniciativa \u00abSigue la Biblia\u00bb de la iglesia, orientada a estimular el estudio de la Biblia entre los miembros y la comunidad. Los l\u00edderes de la iglesia lanzaron la campa\u00f1a en 2008, despu\u00e9s que una encuesta indic\u00f3 que cerca de un cincuenta por ciento de los miembros estudian la Biblia en forma regular. <\/p>\n<p>Los l\u00edderes de la iglesia han dicho que el libro ha unido a los adventistas alrededor del mundo, anim\u00e1ndolos a comprometerse una vez m\u00e1s a su estudio. <\/p>\n<p>\u00abLa iniciativa revivi\u00f3 el inter\u00e9s de la gente en leer la Biblia\u00bb, dijo Gilbert Wari, presidente de la regi\u00f3n de \u00c1frica Centro-Occidental, en el video. <\/p>\n<p>M\u00e1s de dos millones de Biblias fueron distribuidas en la regi\u00f3n de Interam\u00e9rica durante la campa\u00f1a, agreg\u00f3 su presidente, Israel Leito, al describir el esfuerzo misionero en su \u00e1rea. <\/p>\n<p>El jueves por la noche, los delegados de la iglesia aprobaron una resoluci\u00f3n que reafirma la \u00abconfianza en la revelaci\u00f3n divina y la inspiraci\u00f3n de la Biblia\u00bb, y apela a los miembros y a los \u00abcristianos en todas partes para hacer de la Biblia su fuente diaria de estudio personal\u00bb. <\/p>\n<p>\u00abLa Biblia contiene todo lo que nosotros valoramos y mantenemos en alto; todo lo que nos define como pueblo, como una comunidad de fe, reposa en la Biblia\u00bb, dijo el presidente de la Asociaci\u00f3n General, Jan Paulsen el jueves en la noche. \u00abLa Biblia es el medio por el cual Dios nos habla\u00bb. <\/p>\n<p>Escrita en 66 idiomas &#8211; que incluyen Gujarati (India), Xhosa (lengua Bantu S. \u00c1frica) y Vietnam\u00e9s &#8211; la Biblia viajera gigante ha estado en el centro de eventos de estadios, concentraciones y paradas en cerca de 130 pa\u00edses y sostenida por gobernadores, jefes tribales, presidentes, reyes y reinas. Comenz\u00f3 su recorrido en Las Filipinas y regres\u00f3 a los Estados Unidos el mes pasado, llegando al Aeropuerto Internacional Dulles de Washington D. C. <\/p>\n<p>Fotograf\u00edas de la p\u00e1gina de la Internet de la iniciativa muestran la Biblia siendo le\u00edda en Iceland, exhibida en una concentraci\u00f3n en Fiji y llevada en paradas en Kenya. <\/p>\n","protected":false},"excerpt":{"rendered":"<p>Por 20 meses viaj\u00f3 a lugares tan distantes como Narok, Kenya, y Dubai, Emiratos \u00c1rabes Unidos<\/p>\n","protected":false},"author":1,"featured_media":0,"comment_status":"closed","ping_status":"closed","sticky":false,"template":"","format":"standard","meta":{"_acf_changed":false,"footnotes":""},"categories":[8],"tags":[],"class_list":["post-11585","post","type-post","status-publish","format-standard","hentry","category-archivo"],"acf":[],"yoast_head":"<!-- This site is optimized with the Yoast SEO plugin v27.3 - https:\/\/yoast.com\/product\/yoast-seo-wordpress\/ -->\n<title>La Biblia Viajera concluye 20 meses de viaje - Iglesia Adventista del S\u00e9ptimo D\u00eda - Divisi\u00f3n Interamericana<\/title>\n<meta name=\"robots\" content=\"index, follow, max-snippet:-1, max-image-preview:large, max-video-preview:-1\" \/>\n<link rel=\"canonical\" href=\"https:\/\/interamerica.org\/es\/2010\/06\/la-biblia-viajera-concluye-20-meses-de-viaje\/\" \/>\n<meta property=\"og:locale\" content=\"es_ES\" \/>\n<meta property=\"og:type\" content=\"article\" \/>\n<meta property=\"og:title\" content=\"La Biblia Viajera concluye 20 meses de viaje - Iglesia Adventista del S\u00e9ptimo D\u00eda - Divisi\u00f3n Interamericana\" \/>\n<meta property=\"og:description\" content=\"Por 20 meses viaj\u00f3 a lugares tan distantes como Narok, Kenya, y Dubai, Emiratos \u00c1rabes Unidos\" \/>\n<meta property=\"og:url\" content=\"https:\/\/interamerica.org\/es\/2010\/06\/la-biblia-viajera-concluye-20-meses-de-viaje\/\" \/>\n<meta property=\"og:site_name\" content=\"Iglesia Adventista del S\u00e9ptimo D\u00eda - Divisi\u00f3n Interamericana\" \/>\n<meta property=\"article:published_time\" content=\"2010-06-25T04:00:00+00:00\" \/>\n<meta property=\"article:modified_time\" content=\"2017-06-02T12:59:39+00:00\" \/>\n<meta name=\"author\" content=\"Lorenzo Verduzco\" \/>\n<meta name=\"twitter:card\" content=\"summary_large_image\" \/>\n<meta name=\"twitter:label1\" content=\"Escrito por\" \/>\n\t<meta name=\"twitter:data1\" content=\"Lorenzo Verduzco\" \/>\n\t<meta name=\"twitter:label2\" content=\"Tiempo de lectura\" \/>\n\t<meta name=\"twitter:data2\" content=\"3 minutos\" \/>\n<script type=\"application\/ld+json\" class=\"yoast-schema-graph\">{\"@context\":\"https:\\\/\\\/schema.org\",\"@graph\":[{\"@type\":\"Article\",\"@id\":\"https:\\\/\\\/interamerica.org\\\/es\\\/2010\\\/06\\\/la-biblia-viajera-concluye-20-meses-de-viaje\\\/#article\",\"isPartOf\":{\"@id\":\"https:\\\/\\\/interamerica.org\\\/es\\\/2010\\\/06\\\/la-biblia-viajera-concluye-20-meses-de-viaje\\\/\"},\"author\":{\"name\":\"Lorenzo Verduzco\",\"@id\":\"https:\\\/\\\/interamerica.org\\\/es\\\/#\\\/schema\\\/person\\\/68ede8bdc292885bb76c1e3810e73c39\"},\"headline\":\"La Biblia Viajera concluye 20 meses de viaje\",\"datePublished\":\"2010-06-25T04:00:00+00:00\",\"dateModified\":\"2017-06-02T12:59:39+00:00\",\"mainEntityOfPage\":{\"@id\":\"https:\\\/\\\/interamerica.org\\\/es\\\/2010\\\/06\\\/la-biblia-viajera-concluye-20-meses-de-viaje\\\/\"},\"wordCount\":547,\"articleSection\":[\"Archivo\"],\"inLanguage\":\"es\"},{\"@type\":\"WebPage\",\"@id\":\"https:\\\/\\\/interamerica.org\\\/es\\\/2010\\\/06\\\/la-biblia-viajera-concluye-20-meses-de-viaje\\\/\",\"url\":\"https:\\\/\\\/interamerica.org\\\/es\\\/2010\\\/06\\\/la-biblia-viajera-concluye-20-meses-de-viaje\\\/\",\"name\":\"La Biblia Viajera concluye 20 meses de viaje - Iglesia Adventista del S\u00e9ptimo D\u00eda - Divisi\u00f3n Interamericana\",\"isPartOf\":{\"@id\":\"https:\\\/\\\/interamerica.org\\\/es\\\/#website\"},\"datePublished\":\"2010-06-25T04:00:00+00:00\",\"dateModified\":\"2017-06-02T12:59:39+00:00\",\"author\":{\"@id\":\"https:\\\/\\\/interamerica.org\\\/es\\\/#\\\/schema\\\/person\\\/68ede8bdc292885bb76c1e3810e73c39\"},\"breadcrumb\":{\"@id\":\"https:\\\/\\\/interamerica.org\\\/es\\\/2010\\\/06\\\/la-biblia-viajera-concluye-20-meses-de-viaje\\\/#breadcrumb\"},\"inLanguage\":\"es\",\"potentialAction\":[{\"@type\":\"ReadAction\",\"target\":[\"https:\\\/\\\/interamerica.org\\\/es\\\/2010\\\/06\\\/la-biblia-viajera-concluye-20-meses-de-viaje\\\/\"]}]},{\"@type\":\"BreadcrumbList\",\"@id\":\"https:\\\/\\\/interamerica.org\\\/es\\\/2010\\\/06\\\/la-biblia-viajera-concluye-20-meses-de-viaje\\\/#breadcrumb\",\"itemListElement\":[{\"@type\":\"ListItem\",\"position\":1,\"name\":\"Home\",\"item\":\"https:\\\/\\\/interamerica.org\\\/es\\\/\"},{\"@type\":\"ListItem\",\"position\":2,\"name\":\"La Biblia Viajera concluye 20 meses de viaje\"}]},{\"@type\":\"WebSite\",\"@id\":\"https:\\\/\\\/interamerica.org\\\/es\\\/#website\",\"url\":\"https:\\\/\\\/interamerica.org\\\/es\\\/\",\"name\":\"Iglesia Adventista del S\u00e9ptimo D\u00eda - Divisi\u00f3n Interamericana\",\"description\":\"\",\"potentialAction\":[{\"@type\":\"SearchAction\",\"target\":{\"@type\":\"EntryPoint\",\"urlTemplate\":\"https:\\\/\\\/interamerica.org\\\/es\\\/?s={search_term_string}\"},\"query-input\":{\"@type\":\"PropertyValueSpecification\",\"valueRequired\":true,\"valueName\":\"search_term_string\"}}],\"inLanguage\":\"es\"},{\"@type\":\"Person\",\"@id\":\"https:\\\/\\\/interamerica.org\\\/es\\\/#\\\/schema\\\/person\\\/68ede8bdc292885bb76c1e3810e73c39\",\"name\":\"Lorenzo Verduzco\",\"image\":{\"@type\":\"ImageObject\",\"inLanguage\":\"es\",\"@id\":\"https:\\\/\\\/secure.gravatar.com\\\/avatar\\\/fb81a55b6218459490a9c1dc841a34909185b81904c5337b4b27f7a6fd60c49e?s=96&d=mm&r=g\",\"url\":\"https:\\\/\\\/secure.gravatar.com\\\/avatar\\\/fb81a55b6218459490a9c1dc841a34909185b81904c5337b4b27f7a6fd60c49e?s=96&d=mm&r=g\",\"contentUrl\":\"https:\\\/\\\/secure.gravatar.com\\\/avatar\\\/fb81a55b6218459490a9c1dc841a34909185b81904c5337b4b27f7a6fd60c49e?s=96&d=mm&r=g\",\"caption\":\"Lorenzo Verduzco\"}}]}<\/script>\n<!-- \/ Yoast SEO plugin. -->","yoast_head_json":{"title":"La Biblia Viajera concluye 20 meses de viaje - Iglesia Adventista del S\u00e9ptimo D\u00eda - Divisi\u00f3n Interamericana","robots":{"index":"index","follow":"follow","max-snippet":"max-snippet:-1","max-image-preview":"max-image-preview:large","max-video-preview":"max-video-preview:-1"},"canonical":"https:\/\/interamerica.org\/es\/2010\/06\/la-biblia-viajera-concluye-20-meses-de-viaje\/","og_locale":"es_ES","og_type":"article","og_title":"La Biblia Viajera concluye 20 meses de viaje - Iglesia Adventista del S\u00e9ptimo D\u00eda - Divisi\u00f3n Interamericana","og_description":"Por 20 meses viaj\u00f3 a lugares tan distantes como Narok, Kenya, y Dubai, Emiratos \u00c1rabes Unidos","og_url":"https:\/\/interamerica.org\/es\/2010\/06\/la-biblia-viajera-concluye-20-meses-de-viaje\/","og_site_name":"Iglesia Adventista del S\u00e9ptimo D\u00eda - Divisi\u00f3n Interamericana","article_published_time":"2010-06-25T04:00:00+00:00","article_modified_time":"2017-06-02T12:59:39+00:00","author":"Lorenzo Verduzco","twitter_card":"summary_large_image","twitter_misc":{"Escrito por":"Lorenzo Verduzco","Tiempo de lectura":"3 minutos"},"schema":{"@context":"https:\/\/schema.org","@graph":[{"@type":"Article","@id":"https:\/\/interamerica.org\/es\/2010\/06\/la-biblia-viajera-concluye-20-meses-de-viaje\/#article","isPartOf":{"@id":"https:\/\/interamerica.org\/es\/2010\/06\/la-biblia-viajera-concluye-20-meses-de-viaje\/"},"author":{"name":"Lorenzo Verduzco","@id":"https:\/\/interamerica.org\/es\/#\/schema\/person\/68ede8bdc292885bb76c1e3810e73c39"},"headline":"La Biblia Viajera concluye 20 meses de viaje","datePublished":"2010-06-25T04:00:00+00:00","dateModified":"2017-06-02T12:59:39+00:00","mainEntityOfPage":{"@id":"https:\/\/interamerica.org\/es\/2010\/06\/la-biblia-viajera-concluye-20-meses-de-viaje\/"},"wordCount":547,"articleSection":["Archivo"],"inLanguage":"es"},{"@type":"WebPage","@id":"https:\/\/interamerica.org\/es\/2010\/06\/la-biblia-viajera-concluye-20-meses-de-viaje\/","url":"https:\/\/interamerica.org\/es\/2010\/06\/la-biblia-viajera-concluye-20-meses-de-viaje\/","name":"La Biblia Viajera concluye 20 meses de viaje - Iglesia Adventista del S\u00e9ptimo D\u00eda - Divisi\u00f3n Interamericana","isPartOf":{"@id":"https:\/\/interamerica.org\/es\/#website"},"datePublished":"2010-06-25T04:00:00+00:00","dateModified":"2017-06-02T12:59:39+00:00","author":{"@id":"https:\/\/interamerica.org\/es\/#\/schema\/person\/68ede8bdc292885bb76c1e3810e73c39"},"breadcrumb":{"@id":"https:\/\/interamerica.org\/es\/2010\/06\/la-biblia-viajera-concluye-20-meses-de-viaje\/#breadcrumb"},"inLanguage":"es","potentialAction":[{"@type":"ReadAction","target":["https:\/\/interamerica.org\/es\/2010\/06\/la-biblia-viajera-concluye-20-meses-de-viaje\/"]}]},{"@type":"BreadcrumbList","@id":"https:\/\/interamerica.org\/es\/2010\/06\/la-biblia-viajera-concluye-20-meses-de-viaje\/#breadcrumb","itemListElement":[{"@type":"ListItem","position":1,"name":"Home","item":"https:\/\/interamerica.org\/es\/"},{"@type":"ListItem","position":2,"name":"La Biblia Viajera concluye 20 meses de viaje"}]},{"@type":"WebSite","@id":"https:\/\/interamerica.org\/es\/#website","url":"https:\/\/interamerica.org\/es\/","name":"Iglesia Adventista del S\u00e9ptimo D\u00eda - Divisi\u00f3n Interamericana","description":"","potentialAction":[{"@type":"SearchAction","target":{"@type":"EntryPoint","urlTemplate":"https:\/\/interamerica.org\/es\/?s={search_term_string}"},"query-input":{"@type":"PropertyValueSpecification","valueRequired":true,"valueName":"search_term_string"}}],"inLanguage":"es"},{"@type":"Person","@id":"https:\/\/interamerica.org\/es\/#\/schema\/person\/68ede8bdc292885bb76c1e3810e73c39","name":"Lorenzo Verduzco","image":{"@type":"ImageObject","inLanguage":"es","@id":"https:\/\/secure.gravatar.com\/avatar\/fb81a55b6218459490a9c1dc841a34909185b81904c5337b4b27f7a6fd60c49e?s=96&d=mm&r=g","url":"https:\/\/secure.gravatar.com\/avatar\/fb81a55b6218459490a9c1dc841a34909185b81904c5337b4b27f7a6fd60c49e?s=96&d=mm&r=g","contentUrl":"https:\/\/secure.gravatar.com\/avatar\/fb81a55b6218459490a9c1dc841a34909185b81904c5337b4b27f7a6fd60c49e?s=96&d=mm&r=g","caption":"Lorenzo Verduzco"}}]}},"_links":{"self":[{"href":"https:\/\/interamerica.org\/es\/wp-json\/wp\/v2\/posts\/11585","targetHints":{"allow":["GET"]}}],"collection":[{"href":"https:\/\/interamerica.org\/es\/wp-json\/wp\/v2\/posts"}],"about":[{"href":"https:\/\/interamerica.org\/es\/wp-json\/wp\/v2\/types\/post"}],"author":[{"embeddable":true,"href":"https:\/\/interamerica.org\/es\/wp-json\/wp\/v2\/users\/1"}],"replies":[{"embeddable":true,"href":"https:\/\/interamerica.org\/es\/wp-json\/wp\/v2\/comments?post=11585"}],"version-history":[{"count":0,"href":"https:\/\/interamerica.org\/es\/wp-json\/wp\/v2\/posts\/11585\/revisions"}],"wp:attachment":[{"href":"https:\/\/interamerica.org\/es\/wp-json\/wp\/v2\/media?parent=11585"}],"wp:term":[{"taxonomy":"category","embeddable":true,"href":"https:\/\/interamerica.org\/es\/wp-json\/wp\/v2\/categories?post=11585"},{"taxonomy":"post_tag","embeddable":true,"href":"https:\/\/interamerica.org\/es\/wp-json\/wp\/v2\/tags?post=11585"}],"curies":[{"name":"wp","href":"https:\/\/api.w.org\/{rel}","templated":true}]}}