{"id":11587,"date":"2010-06-25T00:00:00","date_gmt":"2010-06-25T04:00:00","guid":{"rendered":"http:\/\/192.81.217.108\/interamerica\/2010\/06\/detras-del-escenario-de-un-presidente\/"},"modified":"2017-06-02T08:59:41","modified_gmt":"2017-06-02T12:59:41","slug":"detras-del-escenario-de-un-presidente","status":"publish","type":"post","link":"https:\/\/interamerica.org\/es\/2010\/06\/detras-del-escenario-de-un-presidente\/","title":{"rendered":"Detr\u00e1s del escenario de un presidente"},"content":{"rendered":"<p>25 de junio, 2010, Atlanta, Georgia, Estados Unidos&#8230;Edwin Manuel Garc\u00eda\/ANN <\/p>\n<p>All\u00e1, en el ala m\u00e1s distante, sobre el nivel del extenso <em >Georgia World Congress Center<\/em >, abajo, en un largo pasillo donde unas pocas personas caminan, un selecto grupo de delegados se reunieron a puerta cerrada para tomar la tarea m\u00e1s importante de la Sesi\u00f3n 59 de la Asociaci\u00f3n General. <\/p>\n<p>Se sentaron en la Sala C304 para nominar al presidente de la Iglesia Adventista del S\u00e9ptimo D\u00eda a nivel mundial esta ma\u00f1ana. Y su trabajo era un m\u00e1ximo secreto.<\/p>\n<p>De hecho, antes de que se les permitiera entrar a la sala, los miembros del comit\u00e9 que representan todas las 13 regiones mundiales se alinearon en una sola fila para entregar sus tel\u00e9fonos celulares a un empleado de la Asociaci\u00f3n General, quien puso cada aparato en su bolsa pl\u00e1stica trasparente, la cual permaneci\u00f3 fuera del corredor. <\/p>\n<p>Reconociendo le \u00e9poca de los r\u00e1pidos mensajes de texto, correos electr\u00f3nicos y el cotorreo (t<em >weeting)<\/em >, el comit\u00e9 acord\u00f3 prohibir los tel\u00e9fonos durante una reuni\u00f3n organizacional tarde en la noche del jueves &#8211; para de esa forma no meter en tentaci\u00f3n a los miembros de divulgar el nombre del nominado presidencial antes del anuncio oficial <br  \/>\u00abEst\u00e1n tratando de que lo que se hable en esta sala no salga de ella\u00bb, dijo el presidente del comit\u00e9, Robert Kyte.  \u00abLa tecnolog\u00eda actual es maravillosa pero no queremos que derrote el trabajo del comit\u00e9\u00bb <\/p>\n<p>Suficiente para eso. El nombre del nominado Ted Wilson empez\u00f3 a circular fuera de la sala unos 30 minutos antes que \u00e9l fuera oficialmente tra\u00eddo a la Sesi\u00f3n en pleno. Algunos de los 236 miembros parec\u00edan rechazados por la prohibici\u00f3n de los tel\u00e9fonos antes de la reuni\u00f3n del viernes, aunque ninguno reclam\u00f3. \u00abCreo que el prop\u00f3sito est\u00e1 bien, es s\u00f3lo la realidad de ser privado del tel\u00e9fono celular personal lo que es dif\u00edcil de entender\u00bb, dijo Mark Thomas, presidente de la Review and Herald Publishing Association. \u00abUso mi tel\u00e9fono celular por 24 horas todos los d\u00edas\u00bb, dijo Thomas, compar\u00e1ndolo como un miembro de la familia. <\/p>\n<p>\u00abPienso que podemos llegar a tomar precauciones razonables para asegurar que la integridad del comit\u00e9 sea preservada\u00bb, dijo Branimir Schubert, vicerrector de <em >Pacific Adventist University <\/em >en Pap\u00faa, Nueva Guinea. \u00abPor otro lado, la tecnolog\u00eda es de tal naturaleza hoy, que es casi imposible prevenir a alguien de hacer algo errado si as\u00ed lo elige\u00bb. <\/p>\n<p>Despu\u00e9s de entregar sus tel\u00e9fonos, los miembros tomaron sus identificaciones y las entregaron a un oficial de seguridad voluntario en la puerta, quien entonces cheque\u00f3 los nombres con las identificaciones de los participantes, antes de finalmente permitirles entrar a la sala. <\/p>\n<p>Una vez dentro, los miembros se sentaron en mesas con carpetas y aparatos inal\u00e1mbricos en las manos para registrar su voto electr\u00f3nicamente. <\/p>\n<p>Varios de los miembros entrevistados poco antes de la reuni\u00f3n comenzar dijeron que fueron honrados en haber sido escogidos, y reconocieron el significado de su papel. <br  \/>\u00abEs una inmensa responsabilidad comprender que el liderazgo de la iglesia reposa sobre los hombros de esos en esta reuni\u00f3n, y el liderazgo de la iglesia es serio\u00bb,  dijo Rosalie Mcpherlane, de Nueva Zelandia, y por primera vez, miembro del comit\u00e9, una de pocas mujeres miembros. <\/p>\n<p>Los miembros del comit\u00e9 deliberaron sobre nombres antes decidir sobre Wilson. Luego, los l\u00edderes del comit\u00e9 abandonaron la sala y caminaron a la espaciosa Arena de Georgia, donde le informaron al actual presidente, Jan Paulsen, de la elecci\u00f3n. El liderazgo entonces se reuni\u00f3 en privado con Wilson quien indic\u00f3 que aceptar\u00eda si la nominaci\u00f3n era aprobada por la Sesi\u00f3n de los delegados.<\/p>\n<p>Luego, un designado de seguridad escolt\u00f3 a Wilson, al presidente del comit\u00e9, Kyte, y a otros l\u00edderes del comit\u00e9, a la parte trasera del escenario de la plataforma.<\/p>\n<p>El nombre de Wilson fue presentado ante cientos de delegados quienes votaron con sus tarjetas amarillas para aceptarle ser presidente por los pr\u00f3ximos cinco a\u00f1os. <\/p>\n","protected":false},"excerpt":{"rendered":"<p>Sobre el nivel del extenso Georgia World Congress Center, abajo, en un largo pasillo donde unas pocas personas caminan, un selecto grupo de delegados se reunieron a puerta cerrada para tomar la tarea m\u00e1s importante de la Sesi\u00f3n 59 de la As<\/p>\n","protected":false},"author":1,"featured_media":0,"comment_status":"closed","ping_status":"closed","sticky":false,"template":"","format":"standard","meta":{"_acf_changed":false,"footnotes":""},"categories":[8],"tags":[],"class_list":["post-11587","post","type-post","status-publish","format-standard","hentry","category-archivo"],"acf":[],"yoast_head":"<!-- This site is optimized with the Yoast SEO plugin v27.3 - https:\/\/yoast.com\/product\/yoast-seo-wordpress\/ -->\n<title>Detr\u00e1s del escenario de un presidente - Iglesia Adventista del S\u00e9ptimo D\u00eda - Divisi\u00f3n Interamericana<\/title>\n<meta name=\"robots\" content=\"index, follow, max-snippet:-1, max-image-preview:large, max-video-preview:-1\" \/>\n<link rel=\"canonical\" href=\"https:\/\/interamerica.org\/es\/2010\/06\/detras-del-escenario-de-un-presidente\/\" \/>\n<meta property=\"og:locale\" content=\"es_ES\" \/>\n<meta property=\"og:type\" content=\"article\" \/>\n<meta property=\"og:title\" content=\"Detr\u00e1s del escenario de un presidente - Iglesia Adventista del S\u00e9ptimo D\u00eda - Divisi\u00f3n Interamericana\" \/>\n<meta property=\"og:description\" content=\"Sobre el nivel del extenso Georgia World Congress Center, abajo, en un largo pasillo donde unas pocas personas caminan, un selecto grupo de delegados se reunieron a puerta cerrada para tomar la tarea m\u00e1s importante de la Sesi\u00f3n 59 de la As\" \/>\n<meta property=\"og:url\" content=\"https:\/\/interamerica.org\/es\/2010\/06\/detras-del-escenario-de-un-presidente\/\" \/>\n<meta property=\"og:site_name\" content=\"Iglesia Adventista del S\u00e9ptimo D\u00eda - Divisi\u00f3n Interamericana\" \/>\n<meta property=\"article:published_time\" content=\"2010-06-25T04:00:00+00:00\" \/>\n<meta property=\"article:modified_time\" content=\"2017-06-02T12:59:41+00:00\" \/>\n<meta name=\"author\" content=\"Lorenzo Verduzco\" \/>\n<meta name=\"twitter:card\" content=\"summary_large_image\" \/>\n<meta name=\"twitter:label1\" content=\"Escrito por\" \/>\n\t<meta name=\"twitter:data1\" content=\"Lorenzo Verduzco\" \/>\n\t<meta name=\"twitter:label2\" content=\"Tiempo de lectura\" \/>\n\t<meta name=\"twitter:data2\" content=\"3 minutos\" \/>\n<script type=\"application\/ld+json\" class=\"yoast-schema-graph\">{\"@context\":\"https:\\\/\\\/schema.org\",\"@graph\":[{\"@type\":\"Article\",\"@id\":\"https:\\\/\\\/interamerica.org\\\/es\\\/2010\\\/06\\\/detras-del-escenario-de-un-presidente\\\/#article\",\"isPartOf\":{\"@id\":\"https:\\\/\\\/interamerica.org\\\/es\\\/2010\\\/06\\\/detras-del-escenario-de-un-presidente\\\/\"},\"author\":{\"name\":\"Lorenzo Verduzco\",\"@id\":\"https:\\\/\\\/interamerica.org\\\/es\\\/#\\\/schema\\\/person\\\/68ede8bdc292885bb76c1e3810e73c39\"},\"headline\":\"Detr\u00e1s del escenario de un presidente\",\"datePublished\":\"2010-06-25T04:00:00+00:00\",\"dateModified\":\"2017-06-02T12:59:41+00:00\",\"mainEntityOfPage\":{\"@id\":\"https:\\\/\\\/interamerica.org\\\/es\\\/2010\\\/06\\\/detras-del-escenario-de-un-presidente\\\/\"},\"wordCount\":693,\"articleSection\":[\"Archivo\"],\"inLanguage\":\"es\"},{\"@type\":\"WebPage\",\"@id\":\"https:\\\/\\\/interamerica.org\\\/es\\\/2010\\\/06\\\/detras-del-escenario-de-un-presidente\\\/\",\"url\":\"https:\\\/\\\/interamerica.org\\\/es\\\/2010\\\/06\\\/detras-del-escenario-de-un-presidente\\\/\",\"name\":\"Detr\u00e1s del escenario de un presidente - Iglesia Adventista del S\u00e9ptimo D\u00eda - Divisi\u00f3n Interamericana\",\"isPartOf\":{\"@id\":\"https:\\\/\\\/interamerica.org\\\/es\\\/#website\"},\"datePublished\":\"2010-06-25T04:00:00+00:00\",\"dateModified\":\"2017-06-02T12:59:41+00:00\",\"author\":{\"@id\":\"https:\\\/\\\/interamerica.org\\\/es\\\/#\\\/schema\\\/person\\\/68ede8bdc292885bb76c1e3810e73c39\"},\"breadcrumb\":{\"@id\":\"https:\\\/\\\/interamerica.org\\\/es\\\/2010\\\/06\\\/detras-del-escenario-de-un-presidente\\\/#breadcrumb\"},\"inLanguage\":\"es\",\"potentialAction\":[{\"@type\":\"ReadAction\",\"target\":[\"https:\\\/\\\/interamerica.org\\\/es\\\/2010\\\/06\\\/detras-del-escenario-de-un-presidente\\\/\"]}]},{\"@type\":\"BreadcrumbList\",\"@id\":\"https:\\\/\\\/interamerica.org\\\/es\\\/2010\\\/06\\\/detras-del-escenario-de-un-presidente\\\/#breadcrumb\",\"itemListElement\":[{\"@type\":\"ListItem\",\"position\":1,\"name\":\"Home\",\"item\":\"https:\\\/\\\/interamerica.org\\\/es\\\/\"},{\"@type\":\"ListItem\",\"position\":2,\"name\":\"Detr\u00e1s del escenario de un presidente\"}]},{\"@type\":\"WebSite\",\"@id\":\"https:\\\/\\\/interamerica.org\\\/es\\\/#website\",\"url\":\"https:\\\/\\\/interamerica.org\\\/es\\\/\",\"name\":\"Iglesia Adventista del S\u00e9ptimo D\u00eda - Divisi\u00f3n Interamericana\",\"description\":\"\",\"potentialAction\":[{\"@type\":\"SearchAction\",\"target\":{\"@type\":\"EntryPoint\",\"urlTemplate\":\"https:\\\/\\\/interamerica.org\\\/es\\\/?s={search_term_string}\"},\"query-input\":{\"@type\":\"PropertyValueSpecification\",\"valueRequired\":true,\"valueName\":\"search_term_string\"}}],\"inLanguage\":\"es\"},{\"@type\":\"Person\",\"@id\":\"https:\\\/\\\/interamerica.org\\\/es\\\/#\\\/schema\\\/person\\\/68ede8bdc292885bb76c1e3810e73c39\",\"name\":\"Lorenzo Verduzco\",\"image\":{\"@type\":\"ImageObject\",\"inLanguage\":\"es\",\"@id\":\"https:\\\/\\\/secure.gravatar.com\\\/avatar\\\/fb81a55b6218459490a9c1dc841a34909185b81904c5337b4b27f7a6fd60c49e?s=96&d=mm&r=g\",\"url\":\"https:\\\/\\\/secure.gravatar.com\\\/avatar\\\/fb81a55b6218459490a9c1dc841a34909185b81904c5337b4b27f7a6fd60c49e?s=96&d=mm&r=g\",\"contentUrl\":\"https:\\\/\\\/secure.gravatar.com\\\/avatar\\\/fb81a55b6218459490a9c1dc841a34909185b81904c5337b4b27f7a6fd60c49e?s=96&d=mm&r=g\",\"caption\":\"Lorenzo Verduzco\"}}]}<\/script>\n<!-- \/ Yoast SEO plugin. -->","yoast_head_json":{"title":"Detr\u00e1s del escenario de un presidente - Iglesia Adventista del S\u00e9ptimo D\u00eda - Divisi\u00f3n Interamericana","robots":{"index":"index","follow":"follow","max-snippet":"max-snippet:-1","max-image-preview":"max-image-preview:large","max-video-preview":"max-video-preview:-1"},"canonical":"https:\/\/interamerica.org\/es\/2010\/06\/detras-del-escenario-de-un-presidente\/","og_locale":"es_ES","og_type":"article","og_title":"Detr\u00e1s del escenario de un presidente - Iglesia Adventista del S\u00e9ptimo D\u00eda - Divisi\u00f3n Interamericana","og_description":"Sobre el nivel del extenso Georgia World Congress Center, abajo, en un largo pasillo donde unas pocas personas caminan, un selecto grupo de delegados se reunieron a puerta cerrada para tomar la tarea m\u00e1s importante de la Sesi\u00f3n 59 de la As","og_url":"https:\/\/interamerica.org\/es\/2010\/06\/detras-del-escenario-de-un-presidente\/","og_site_name":"Iglesia Adventista del S\u00e9ptimo D\u00eda - Divisi\u00f3n Interamericana","article_published_time":"2010-06-25T04:00:00+00:00","article_modified_time":"2017-06-02T12:59:41+00:00","author":"Lorenzo Verduzco","twitter_card":"summary_large_image","twitter_misc":{"Escrito por":"Lorenzo Verduzco","Tiempo de lectura":"3 minutos"},"schema":{"@context":"https:\/\/schema.org","@graph":[{"@type":"Article","@id":"https:\/\/interamerica.org\/es\/2010\/06\/detras-del-escenario-de-un-presidente\/#article","isPartOf":{"@id":"https:\/\/interamerica.org\/es\/2010\/06\/detras-del-escenario-de-un-presidente\/"},"author":{"name":"Lorenzo Verduzco","@id":"https:\/\/interamerica.org\/es\/#\/schema\/person\/68ede8bdc292885bb76c1e3810e73c39"},"headline":"Detr\u00e1s del escenario de un presidente","datePublished":"2010-06-25T04:00:00+00:00","dateModified":"2017-06-02T12:59:41+00:00","mainEntityOfPage":{"@id":"https:\/\/interamerica.org\/es\/2010\/06\/detras-del-escenario-de-un-presidente\/"},"wordCount":693,"articleSection":["Archivo"],"inLanguage":"es"},{"@type":"WebPage","@id":"https:\/\/interamerica.org\/es\/2010\/06\/detras-del-escenario-de-un-presidente\/","url":"https:\/\/interamerica.org\/es\/2010\/06\/detras-del-escenario-de-un-presidente\/","name":"Detr\u00e1s del escenario de un presidente - Iglesia Adventista del S\u00e9ptimo D\u00eda - Divisi\u00f3n Interamericana","isPartOf":{"@id":"https:\/\/interamerica.org\/es\/#website"},"datePublished":"2010-06-25T04:00:00+00:00","dateModified":"2017-06-02T12:59:41+00:00","author":{"@id":"https:\/\/interamerica.org\/es\/#\/schema\/person\/68ede8bdc292885bb76c1e3810e73c39"},"breadcrumb":{"@id":"https:\/\/interamerica.org\/es\/2010\/06\/detras-del-escenario-de-un-presidente\/#breadcrumb"},"inLanguage":"es","potentialAction":[{"@type":"ReadAction","target":["https:\/\/interamerica.org\/es\/2010\/06\/detras-del-escenario-de-un-presidente\/"]}]},{"@type":"BreadcrumbList","@id":"https:\/\/interamerica.org\/es\/2010\/06\/detras-del-escenario-de-un-presidente\/#breadcrumb","itemListElement":[{"@type":"ListItem","position":1,"name":"Home","item":"https:\/\/interamerica.org\/es\/"},{"@type":"ListItem","position":2,"name":"Detr\u00e1s del escenario de un presidente"}]},{"@type":"WebSite","@id":"https:\/\/interamerica.org\/es\/#website","url":"https:\/\/interamerica.org\/es\/","name":"Iglesia Adventista del S\u00e9ptimo D\u00eda - Divisi\u00f3n Interamericana","description":"","potentialAction":[{"@type":"SearchAction","target":{"@type":"EntryPoint","urlTemplate":"https:\/\/interamerica.org\/es\/?s={search_term_string}"},"query-input":{"@type":"PropertyValueSpecification","valueRequired":true,"valueName":"search_term_string"}}],"inLanguage":"es"},{"@type":"Person","@id":"https:\/\/interamerica.org\/es\/#\/schema\/person\/68ede8bdc292885bb76c1e3810e73c39","name":"Lorenzo Verduzco","image":{"@type":"ImageObject","inLanguage":"es","@id":"https:\/\/secure.gravatar.com\/avatar\/fb81a55b6218459490a9c1dc841a34909185b81904c5337b4b27f7a6fd60c49e?s=96&d=mm&r=g","url":"https:\/\/secure.gravatar.com\/avatar\/fb81a55b6218459490a9c1dc841a34909185b81904c5337b4b27f7a6fd60c49e?s=96&d=mm&r=g","contentUrl":"https:\/\/secure.gravatar.com\/avatar\/fb81a55b6218459490a9c1dc841a34909185b81904c5337b4b27f7a6fd60c49e?s=96&d=mm&r=g","caption":"Lorenzo Verduzco"}}]}},"_links":{"self":[{"href":"https:\/\/interamerica.org\/es\/wp-json\/wp\/v2\/posts\/11587","targetHints":{"allow":["GET"]}}],"collection":[{"href":"https:\/\/interamerica.org\/es\/wp-json\/wp\/v2\/posts"}],"about":[{"href":"https:\/\/interamerica.org\/es\/wp-json\/wp\/v2\/types\/post"}],"author":[{"embeddable":true,"href":"https:\/\/interamerica.org\/es\/wp-json\/wp\/v2\/users\/1"}],"replies":[{"embeddable":true,"href":"https:\/\/interamerica.org\/es\/wp-json\/wp\/v2\/comments?post=11587"}],"version-history":[{"count":0,"href":"https:\/\/interamerica.org\/es\/wp-json\/wp\/v2\/posts\/11587\/revisions"}],"wp:attachment":[{"href":"https:\/\/interamerica.org\/es\/wp-json\/wp\/v2\/media?parent=11587"}],"wp:term":[{"taxonomy":"category","embeddable":true,"href":"https:\/\/interamerica.org\/es\/wp-json\/wp\/v2\/categories?post=11587"},{"taxonomy":"post_tag","embeddable":true,"href":"https:\/\/interamerica.org\/es\/wp-json\/wp\/v2\/tags?post=11587"}],"curies":[{"name":"wp","href":"https:\/\/api.w.org\/{rel}","templated":true}]}}