{"id":11588,"date":"2010-06-25T00:00:00","date_gmt":"2010-06-25T04:00:00","guid":{"rendered":"http:\/\/192.81.217.108\/interamerica\/2010\/06\/exhibicion-del-congreso-de-la-asociacion-general-en-sintonia-con-los-eventos-del-momento\/"},"modified":"2017-06-02T08:59:42","modified_gmt":"2017-06-02T12:59:42","slug":"exhibicion-del-congreso-de-la-asociacion-general-en-sintonia-con-los-eventos-del-momento","status":"publish","type":"post","link":"https:\/\/interamerica.org\/es\/2010\/06\/exhibicion-del-congreso-de-la-asociacion-general-en-sintonia-con-los-eventos-del-momento\/","title":{"rendered":"Exhibici\u00f3n del Congreso de la Asociaci\u00f3n General en sinton\u00eda con los eventos del momento"},"content":{"rendered":"<p>Atlanta, Georgia, 24 de junio de 2010&#8230;[Lizbeth Elejalde\/Personal de la DIA] <\/p>\n<p>Una de las exhibiciones m\u00e1s visitadas de las que est\u00e1n en muestra en el Congreso 59 de la Asociaci\u00f3n General en Atlanta, Georgia, es el que representa a la Divisi\u00f3n de \u00c1frica y el Oc\u00e9ano \u00cdndico. En el cub\u00edculo son presentados cuernos de viento nativos, c\u00e9sped, y una enorme pelota que sirve como fondo para fotograf\u00edas de recuerdo para los visitantes.<\/p>\n<p>Los cuernos en exhibici\u00f3n son Vuvezelas y Kuduzelas, que son populares productores de ruido en la copa mundial de f\u00fatbol de la FIFA, que se est\u00e1 llevando a cabo en Sud\u00e1frica. Sud\u00e1frica es uno de los 23 pa\u00edses representados por la Divisi\u00f3n de \u00c1frica y el Oc\u00e9ano \u00cdndico.<\/p>\n<p>Detr\u00e1s del cub\u00edculo hab\u00eda unos 20 j\u00f3venes bajo la direcci\u00f3n del coordinador del cub\u00edculo, el pastor Gilberto Araujo. Los j\u00f3venes estaban efectuando una presentaci\u00f3n que sacaba a relucir su prop\u00f3sito: involucrar m\u00e1s en la misi\u00f3n de la iglesia, tener un liderazgo activo, y establecer relaciones con l\u00edderes juveniles de otras divisiones mundiales a fin de proyectar eficientemente la iglesia como un fuerte veh\u00edculo para el mensaje de salvaci\u00f3n.<\/p>\n<p>La Divisi\u00f3n Sud\u00e1fricana ha experimentado un crecimiento de 34.77% en su feligres\u00eda en los \u00faltimos cinco a\u00f1os. Hoy hay m\u00e1s de 2.512,000 miembros de iglesia en el territorio. Hay planes en progreso para construir m\u00e1s iglesias durante los pr\u00f3ximos cinco a\u00f1os. Adicionalmente, l\u00edderes de la Divisi\u00f3n quieren enfocarse en el entrenamiento de m\u00e1s predicadores y administradores laicos, en un esfuerzo por proclamar el evanvelio a m\u00e1s personas, y combatir el pecado en las comunidades locales.<\/p>\n","protected":false},"excerpt":{"rendered":"<p>Una de las exhibiciones m\u00e1s visitadas de las que est\u00e1n en muestra en el Congreso 59de la Asociaci\u00f3n General en Atlanta, Georgia, es el que representa a laDivisi\u00f3n de \u00c1frica y el Oc\u00e9ano \u00cdndico. En el<\/p>\n","protected":false},"author":1,"featured_media":0,"comment_status":"closed","ping_status":"closed","sticky":false,"template":"","format":"standard","meta":{"_acf_changed":false,"footnotes":""},"categories":[8],"tags":[],"class_list":["post-11588","post","type-post","status-publish","format-standard","hentry","category-archivo"],"acf":[],"yoast_head":"<!-- This site is optimized with the Yoast SEO plugin v27.3 - https:\/\/yoast.com\/product\/yoast-seo-wordpress\/ -->\n<title>Exhibici\u00f3n del Congreso de la Asociaci\u00f3n General en sinton\u00eda con los eventos del momento - Iglesia Adventista del S\u00e9ptimo D\u00eda - Divisi\u00f3n Interamericana<\/title>\n<meta name=\"robots\" content=\"index, follow, max-snippet:-1, max-image-preview:large, max-video-preview:-1\" \/>\n<link rel=\"canonical\" href=\"https:\/\/interamerica.org\/es\/2010\/06\/exhibicion-del-congreso-de-la-asociacion-general-en-sintonia-con-los-eventos-del-momento\/\" \/>\n<meta property=\"og:locale\" content=\"es_ES\" \/>\n<meta property=\"og:type\" content=\"article\" \/>\n<meta property=\"og:title\" content=\"Exhibici\u00f3n del Congreso de la Asociaci\u00f3n General en sinton\u00eda con los eventos del momento - Iglesia Adventista del S\u00e9ptimo D\u00eda - Divisi\u00f3n Interamericana\" \/>\n<meta property=\"og:description\" content=\"Una de las exhibiciones m\u00e1s visitadas de las que est\u00e1n en muestra en el Congreso 59de la Asociaci\u00f3n General en Atlanta, Georgia, es el que representa a laDivisi\u00f3n de \u00c1frica y el Oc\u00e9ano \u00cdndico. En el\" \/>\n<meta property=\"og:url\" content=\"https:\/\/interamerica.org\/es\/2010\/06\/exhibicion-del-congreso-de-la-asociacion-general-en-sintonia-con-los-eventos-del-momento\/\" \/>\n<meta property=\"og:site_name\" content=\"Iglesia Adventista del S\u00e9ptimo D\u00eda - Divisi\u00f3n Interamericana\" \/>\n<meta property=\"article:published_time\" content=\"2010-06-25T04:00:00+00:00\" \/>\n<meta property=\"article:modified_time\" content=\"2017-06-02T12:59:42+00:00\" \/>\n<meta name=\"author\" content=\"Lorenzo Verduzco\" \/>\n<meta name=\"twitter:card\" content=\"summary_large_image\" \/>\n<meta name=\"twitter:label1\" content=\"Escrito por\" \/>\n\t<meta name=\"twitter:data1\" content=\"Lorenzo Verduzco\" \/>\n\t<meta name=\"twitter:label2\" content=\"Tiempo de lectura\" \/>\n\t<meta name=\"twitter:data2\" content=\"1 minuto\" \/>\n<script type=\"application\/ld+json\" class=\"yoast-schema-graph\">{\"@context\":\"https:\\\/\\\/schema.org\",\"@graph\":[{\"@type\":\"Article\",\"@id\":\"https:\\\/\\\/interamerica.org\\\/es\\\/2010\\\/06\\\/exhibicion-del-congreso-de-la-asociacion-general-en-sintonia-con-los-eventos-del-momento\\\/#article\",\"isPartOf\":{\"@id\":\"https:\\\/\\\/interamerica.org\\\/es\\\/2010\\\/06\\\/exhibicion-del-congreso-de-la-asociacion-general-en-sintonia-con-los-eventos-del-momento\\\/\"},\"author\":{\"name\":\"Lorenzo Verduzco\",\"@id\":\"https:\\\/\\\/interamerica.org\\\/es\\\/#\\\/schema\\\/person\\\/68ede8bdc292885bb76c1e3810e73c39\"},\"headline\":\"Exhibici\u00f3n del Congreso de la Asociaci\u00f3n General en sinton\u00eda con los eventos del momento\",\"datePublished\":\"2010-06-25T04:00:00+00:00\",\"dateModified\":\"2017-06-02T12:59:42+00:00\",\"mainEntityOfPage\":{\"@id\":\"https:\\\/\\\/interamerica.org\\\/es\\\/2010\\\/06\\\/exhibicion-del-congreso-de-la-asociacion-general-en-sintonia-con-los-eventos-del-momento\\\/\"},\"wordCount\":316,\"articleSection\":[\"Archivo\"],\"inLanguage\":\"es\"},{\"@type\":\"WebPage\",\"@id\":\"https:\\\/\\\/interamerica.org\\\/es\\\/2010\\\/06\\\/exhibicion-del-congreso-de-la-asociacion-general-en-sintonia-con-los-eventos-del-momento\\\/\",\"url\":\"https:\\\/\\\/interamerica.org\\\/es\\\/2010\\\/06\\\/exhibicion-del-congreso-de-la-asociacion-general-en-sintonia-con-los-eventos-del-momento\\\/\",\"name\":\"Exhibici\u00f3n del Congreso de la Asociaci\u00f3n General en sinton\u00eda con los eventos del momento - Iglesia Adventista del S\u00e9ptimo D\u00eda - Divisi\u00f3n Interamericana\",\"isPartOf\":{\"@id\":\"https:\\\/\\\/interamerica.org\\\/es\\\/#website\"},\"datePublished\":\"2010-06-25T04:00:00+00:00\",\"dateModified\":\"2017-06-02T12:59:42+00:00\",\"author\":{\"@id\":\"https:\\\/\\\/interamerica.org\\\/es\\\/#\\\/schema\\\/person\\\/68ede8bdc292885bb76c1e3810e73c39\"},\"breadcrumb\":{\"@id\":\"https:\\\/\\\/interamerica.org\\\/es\\\/2010\\\/06\\\/exhibicion-del-congreso-de-la-asociacion-general-en-sintonia-con-los-eventos-del-momento\\\/#breadcrumb\"},\"inLanguage\":\"es\",\"potentialAction\":[{\"@type\":\"ReadAction\",\"target\":[\"https:\\\/\\\/interamerica.org\\\/es\\\/2010\\\/06\\\/exhibicion-del-congreso-de-la-asociacion-general-en-sintonia-con-los-eventos-del-momento\\\/\"]}]},{\"@type\":\"BreadcrumbList\",\"@id\":\"https:\\\/\\\/interamerica.org\\\/es\\\/2010\\\/06\\\/exhibicion-del-congreso-de-la-asociacion-general-en-sintonia-con-los-eventos-del-momento\\\/#breadcrumb\",\"itemListElement\":[{\"@type\":\"ListItem\",\"position\":1,\"name\":\"Home\",\"item\":\"https:\\\/\\\/interamerica.org\\\/es\\\/\"},{\"@type\":\"ListItem\",\"position\":2,\"name\":\"Exhibici\u00f3n del Congreso de la Asociaci\u00f3n General en sinton\u00eda con los eventos del momento\"}]},{\"@type\":\"WebSite\",\"@id\":\"https:\\\/\\\/interamerica.org\\\/es\\\/#website\",\"url\":\"https:\\\/\\\/interamerica.org\\\/es\\\/\",\"name\":\"Iglesia Adventista del S\u00e9ptimo D\u00eda - Divisi\u00f3n Interamericana\",\"description\":\"\",\"potentialAction\":[{\"@type\":\"SearchAction\",\"target\":{\"@type\":\"EntryPoint\",\"urlTemplate\":\"https:\\\/\\\/interamerica.org\\\/es\\\/?s={search_term_string}\"},\"query-input\":{\"@type\":\"PropertyValueSpecification\",\"valueRequired\":true,\"valueName\":\"search_term_string\"}}],\"inLanguage\":\"es\"},{\"@type\":\"Person\",\"@id\":\"https:\\\/\\\/interamerica.org\\\/es\\\/#\\\/schema\\\/person\\\/68ede8bdc292885bb76c1e3810e73c39\",\"name\":\"Lorenzo Verduzco\",\"image\":{\"@type\":\"ImageObject\",\"inLanguage\":\"es\",\"@id\":\"https:\\\/\\\/secure.gravatar.com\\\/avatar\\\/fb81a55b6218459490a9c1dc841a34909185b81904c5337b4b27f7a6fd60c49e?s=96&d=mm&r=g\",\"url\":\"https:\\\/\\\/secure.gravatar.com\\\/avatar\\\/fb81a55b6218459490a9c1dc841a34909185b81904c5337b4b27f7a6fd60c49e?s=96&d=mm&r=g\",\"contentUrl\":\"https:\\\/\\\/secure.gravatar.com\\\/avatar\\\/fb81a55b6218459490a9c1dc841a34909185b81904c5337b4b27f7a6fd60c49e?s=96&d=mm&r=g\",\"caption\":\"Lorenzo Verduzco\"}}]}<\/script>\n<!-- \/ Yoast SEO plugin. -->","yoast_head_json":{"title":"Exhibici\u00f3n del Congreso de la Asociaci\u00f3n General en sinton\u00eda con los eventos del momento - Iglesia Adventista del S\u00e9ptimo D\u00eda - Divisi\u00f3n Interamericana","robots":{"index":"index","follow":"follow","max-snippet":"max-snippet:-1","max-image-preview":"max-image-preview:large","max-video-preview":"max-video-preview:-1"},"canonical":"https:\/\/interamerica.org\/es\/2010\/06\/exhibicion-del-congreso-de-la-asociacion-general-en-sintonia-con-los-eventos-del-momento\/","og_locale":"es_ES","og_type":"article","og_title":"Exhibici\u00f3n del Congreso de la Asociaci\u00f3n General en sinton\u00eda con los eventos del momento - Iglesia Adventista del S\u00e9ptimo D\u00eda - Divisi\u00f3n Interamericana","og_description":"Una de las exhibiciones m\u00e1s visitadas de las que est\u00e1n en muestra en el Congreso 59de la Asociaci\u00f3n General en Atlanta, Georgia, es el que representa a laDivisi\u00f3n de \u00c1frica y el Oc\u00e9ano \u00cdndico. En el","og_url":"https:\/\/interamerica.org\/es\/2010\/06\/exhibicion-del-congreso-de-la-asociacion-general-en-sintonia-con-los-eventos-del-momento\/","og_site_name":"Iglesia Adventista del S\u00e9ptimo D\u00eda - Divisi\u00f3n Interamericana","article_published_time":"2010-06-25T04:00:00+00:00","article_modified_time":"2017-06-02T12:59:42+00:00","author":"Lorenzo Verduzco","twitter_card":"summary_large_image","twitter_misc":{"Escrito por":"Lorenzo Verduzco","Tiempo de lectura":"1 minuto"},"schema":{"@context":"https:\/\/schema.org","@graph":[{"@type":"Article","@id":"https:\/\/interamerica.org\/es\/2010\/06\/exhibicion-del-congreso-de-la-asociacion-general-en-sintonia-con-los-eventos-del-momento\/#article","isPartOf":{"@id":"https:\/\/interamerica.org\/es\/2010\/06\/exhibicion-del-congreso-de-la-asociacion-general-en-sintonia-con-los-eventos-del-momento\/"},"author":{"name":"Lorenzo Verduzco","@id":"https:\/\/interamerica.org\/es\/#\/schema\/person\/68ede8bdc292885bb76c1e3810e73c39"},"headline":"Exhibici\u00f3n del Congreso de la Asociaci\u00f3n General en sinton\u00eda con los eventos del momento","datePublished":"2010-06-25T04:00:00+00:00","dateModified":"2017-06-02T12:59:42+00:00","mainEntityOfPage":{"@id":"https:\/\/interamerica.org\/es\/2010\/06\/exhibicion-del-congreso-de-la-asociacion-general-en-sintonia-con-los-eventos-del-momento\/"},"wordCount":316,"articleSection":["Archivo"],"inLanguage":"es"},{"@type":"WebPage","@id":"https:\/\/interamerica.org\/es\/2010\/06\/exhibicion-del-congreso-de-la-asociacion-general-en-sintonia-con-los-eventos-del-momento\/","url":"https:\/\/interamerica.org\/es\/2010\/06\/exhibicion-del-congreso-de-la-asociacion-general-en-sintonia-con-los-eventos-del-momento\/","name":"Exhibici\u00f3n del Congreso de la Asociaci\u00f3n General en sinton\u00eda con los eventos del momento - Iglesia Adventista del S\u00e9ptimo D\u00eda - Divisi\u00f3n Interamericana","isPartOf":{"@id":"https:\/\/interamerica.org\/es\/#website"},"datePublished":"2010-06-25T04:00:00+00:00","dateModified":"2017-06-02T12:59:42+00:00","author":{"@id":"https:\/\/interamerica.org\/es\/#\/schema\/person\/68ede8bdc292885bb76c1e3810e73c39"},"breadcrumb":{"@id":"https:\/\/interamerica.org\/es\/2010\/06\/exhibicion-del-congreso-de-la-asociacion-general-en-sintonia-con-los-eventos-del-momento\/#breadcrumb"},"inLanguage":"es","potentialAction":[{"@type":"ReadAction","target":["https:\/\/interamerica.org\/es\/2010\/06\/exhibicion-del-congreso-de-la-asociacion-general-en-sintonia-con-los-eventos-del-momento\/"]}]},{"@type":"BreadcrumbList","@id":"https:\/\/interamerica.org\/es\/2010\/06\/exhibicion-del-congreso-de-la-asociacion-general-en-sintonia-con-los-eventos-del-momento\/#breadcrumb","itemListElement":[{"@type":"ListItem","position":1,"name":"Home","item":"https:\/\/interamerica.org\/es\/"},{"@type":"ListItem","position":2,"name":"Exhibici\u00f3n del Congreso de la Asociaci\u00f3n General en sinton\u00eda con los eventos del momento"}]},{"@type":"WebSite","@id":"https:\/\/interamerica.org\/es\/#website","url":"https:\/\/interamerica.org\/es\/","name":"Iglesia Adventista del S\u00e9ptimo D\u00eda - Divisi\u00f3n Interamericana","description":"","potentialAction":[{"@type":"SearchAction","target":{"@type":"EntryPoint","urlTemplate":"https:\/\/interamerica.org\/es\/?s={search_term_string}"},"query-input":{"@type":"PropertyValueSpecification","valueRequired":true,"valueName":"search_term_string"}}],"inLanguage":"es"},{"@type":"Person","@id":"https:\/\/interamerica.org\/es\/#\/schema\/person\/68ede8bdc292885bb76c1e3810e73c39","name":"Lorenzo Verduzco","image":{"@type":"ImageObject","inLanguage":"es","@id":"https:\/\/secure.gravatar.com\/avatar\/fb81a55b6218459490a9c1dc841a34909185b81904c5337b4b27f7a6fd60c49e?s=96&d=mm&r=g","url":"https:\/\/secure.gravatar.com\/avatar\/fb81a55b6218459490a9c1dc841a34909185b81904c5337b4b27f7a6fd60c49e?s=96&d=mm&r=g","contentUrl":"https:\/\/secure.gravatar.com\/avatar\/fb81a55b6218459490a9c1dc841a34909185b81904c5337b4b27f7a6fd60c49e?s=96&d=mm&r=g","caption":"Lorenzo Verduzco"}}]}},"_links":{"self":[{"href":"https:\/\/interamerica.org\/es\/wp-json\/wp\/v2\/posts\/11588","targetHints":{"allow":["GET"]}}],"collection":[{"href":"https:\/\/interamerica.org\/es\/wp-json\/wp\/v2\/posts"}],"about":[{"href":"https:\/\/interamerica.org\/es\/wp-json\/wp\/v2\/types\/post"}],"author":[{"embeddable":true,"href":"https:\/\/interamerica.org\/es\/wp-json\/wp\/v2\/users\/1"}],"replies":[{"embeddable":true,"href":"https:\/\/interamerica.org\/es\/wp-json\/wp\/v2\/comments?post=11588"}],"version-history":[{"count":0,"href":"https:\/\/interamerica.org\/es\/wp-json\/wp\/v2\/posts\/11588\/revisions"}],"wp:attachment":[{"href":"https:\/\/interamerica.org\/es\/wp-json\/wp\/v2\/media?parent=11588"}],"wp:term":[{"taxonomy":"category","embeddable":true,"href":"https:\/\/interamerica.org\/es\/wp-json\/wp\/v2\/categories?post=11588"},{"taxonomy":"post_tag","embeddable":true,"href":"https:\/\/interamerica.org\/es\/wp-json\/wp\/v2\/tags?post=11588"}],"curies":[{"name":"wp","href":"https:\/\/api.w.org\/{rel}","templated":true}]}}