{"id":11590,"date":"2010-06-26T00:00:00","date_gmt":"2010-06-26T04:00:00","guid":{"rendered":"http:\/\/192.81.217.108\/interamerica\/2010\/06\/delegados-aprueban-a-ng-como-secretario-y-vuelven-a-designar-a-lemon-como-tesorero\/"},"modified":"2017-06-02T08:59:36","modified_gmt":"2017-06-02T12:59:36","slug":"delegados-aprueban-a-ng-como-secretario-y-vuelven-a-designar-a-lemon-como-tesorero","status":"publish","type":"post","link":"https:\/\/interamerica.org\/es\/2010\/06\/delegados-aprueban-a-ng-como-secretario-y-vuelven-a-designar-a-lemon-como-tesorero\/","title":{"rendered":"Delegados aprueban a Ng como secretario y vuelven a designar a Lemon como tesorero"},"content":{"rendered":"<p>Atlanta, Georgia, Estados Unidos, 26 de junio de 2010&#8230; Edwin Manuel Garc\u00eda\/ANN <\/p>\n<p>El tesorero de la iglesia mundial Bob Lemon fue reelegido el jueves para otro per\u00edodo de cinco a\u00f1os, y el secretario asociado, G.T. Ng, fue promovido el segundo d\u00eda de la reuni\u00f3n de negocios de la Asociaci\u00f3n Generral para ser secretario. <\/p>\n<p>Los delegados que votan en el Georgia Dome aprobaron de manera un\u00e1nime las recomendaciones del Comin\u00e9 de Nominaciones, presentadas s\u00f3lo cuatro horas despu\u00e9s de seleccionar a Ted Wilson como presidente de la Asociaci\u00f3n General&#8211;tres acciones significativas que, seg\u00fan dijeron observadores, ocurrieron con una velocidad considerable. <\/p>\n<p>Ng, nativo de Singapur, inici\u00f3 su ministerio en la Cambodia agitada por la guerra en los 1970, donde \u00e9l y su esposa salieron antes que Phnom Penh, la ciudad capital, fuese tomada por el partido pol\u00edtico Khmer Rouge. M\u00e1s tarde, \u00e9l trabaj\u00f3 en diversas posiciones en Asia, incluyendo la posici\u00f3n de profesor, y eventualmente recibi\u00f3 un llamado hacia la sede mundial de la iglesia en Silver Spring, Maryland, donde \u00e9l sirve como enlace de la secretar\u00eda entre la Asociaci\u00f3n General y tres de las 13 regiones mundiales. <\/p>\n<p>Dirigi\u00e9ndose a los delegados que lo eligieron para sus funciones en los pr\u00f3ximos cinco a\u00f1os, Ng habl\u00f3 de la designaci\u00f3n como una experiencia inmerecida. <\/p>\n<p>\u00abNunca en mi imaginaci\u00f3n m\u00e1s salvaje imaginar\u00eda que ser\u00eda puesto en esta posici\u00f3n de responsabilidad\u00bb, dijo Ng. \u00abPero el Se\u00f1or tiene sus formas de actuar\u00bb. <\/p>\n<p>El reemplaza a Matthew Bediako, quien fue elegido en 2000.  <\/p>\n","protected":false},"excerpt":{"rendered":"<p>El tesorero de la iglesia mundial Bob Lemon fue reelegido el jueves para otro per\u00edodo de cinco a\u00f1os, y el secretario asociado, G.T. Ng, fue promovido el segundo d\u00eda de la reuni\u00f3n de negocios de la Asociaci\u00f3n Generral p<\/p>\n","protected":false},"author":1,"featured_media":0,"comment_status":"closed","ping_status":"closed","sticky":false,"template":"","format":"standard","meta":{"_acf_changed":false,"footnotes":""},"categories":[8],"tags":[],"class_list":["post-11590","post","type-post","status-publish","format-standard","hentry","category-archivo"],"acf":[],"yoast_head":"<!-- This site is optimized with the Yoast SEO plugin v27.3 - https:\/\/yoast.com\/product\/yoast-seo-wordpress\/ -->\n<title>Delegados aprueban a Ng como secretario y vuelven a designar a Lemon como tesorero - Iglesia Adventista del S\u00e9ptimo D\u00eda - Divisi\u00f3n Interamericana<\/title>\n<meta name=\"robots\" content=\"index, follow, max-snippet:-1, max-image-preview:large, max-video-preview:-1\" \/>\n<link rel=\"canonical\" href=\"https:\/\/interamerica.org\/es\/2010\/06\/delegados-aprueban-a-ng-como-secretario-y-vuelven-a-designar-a-lemon-como-tesorero\/\" \/>\n<meta property=\"og:locale\" content=\"es_ES\" \/>\n<meta property=\"og:type\" content=\"article\" \/>\n<meta property=\"og:title\" content=\"Delegados aprueban a Ng como secretario y vuelven a designar a Lemon como tesorero - Iglesia Adventista del S\u00e9ptimo D\u00eda - Divisi\u00f3n Interamericana\" \/>\n<meta property=\"og:description\" content=\"El tesorero de la iglesia mundial Bob Lemon fue reelegido el jueves para otro per\u00edodo de cinco a\u00f1os, y el secretario asociado, G.T. Ng, fue promovido el segundo d\u00eda de la reuni\u00f3n de negocios de la Asociaci\u00f3n Generral p\" \/>\n<meta property=\"og:url\" content=\"https:\/\/interamerica.org\/es\/2010\/06\/delegados-aprueban-a-ng-como-secretario-y-vuelven-a-designar-a-lemon-como-tesorero\/\" \/>\n<meta property=\"og:site_name\" content=\"Iglesia Adventista del S\u00e9ptimo D\u00eda - Divisi\u00f3n Interamericana\" \/>\n<meta property=\"article:published_time\" content=\"2010-06-26T04:00:00+00:00\" \/>\n<meta property=\"article:modified_time\" content=\"2017-06-02T12:59:36+00:00\" \/>\n<meta name=\"author\" content=\"Lorenzo Verduzco\" \/>\n<meta name=\"twitter:card\" content=\"summary_large_image\" \/>\n<meta name=\"twitter:label1\" content=\"Escrito por\" \/>\n\t<meta name=\"twitter:data1\" content=\"Lorenzo Verduzco\" \/>\n\t<meta name=\"twitter:label2\" content=\"Tiempo de lectura\" \/>\n\t<meta name=\"twitter:data2\" content=\"1 minuto\" \/>\n<script type=\"application\/ld+json\" class=\"yoast-schema-graph\">{\"@context\":\"https:\\\/\\\/schema.org\",\"@graph\":[{\"@type\":\"Article\",\"@id\":\"https:\\\/\\\/interamerica.org\\\/es\\\/2010\\\/06\\\/delegados-aprueban-a-ng-como-secretario-y-vuelven-a-designar-a-lemon-como-tesorero\\\/#article\",\"isPartOf\":{\"@id\":\"https:\\\/\\\/interamerica.org\\\/es\\\/2010\\\/06\\\/delegados-aprueban-a-ng-como-secretario-y-vuelven-a-designar-a-lemon-como-tesorero\\\/\"},\"author\":{\"name\":\"Lorenzo Verduzco\",\"@id\":\"https:\\\/\\\/interamerica.org\\\/es\\\/#\\\/schema\\\/person\\\/68ede8bdc292885bb76c1e3810e73c39\"},\"headline\":\"Delegados aprueban a Ng como secretario y vuelven a designar a Lemon como tesorero\",\"datePublished\":\"2010-06-26T04:00:00+00:00\",\"dateModified\":\"2017-06-02T12:59:36+00:00\",\"mainEntityOfPage\":{\"@id\":\"https:\\\/\\\/interamerica.org\\\/es\\\/2010\\\/06\\\/delegados-aprueban-a-ng-como-secretario-y-vuelven-a-designar-a-lemon-como-tesorero\\\/\"},\"wordCount\":281,\"articleSection\":[\"Archivo\"],\"inLanguage\":\"es\"},{\"@type\":\"WebPage\",\"@id\":\"https:\\\/\\\/interamerica.org\\\/es\\\/2010\\\/06\\\/delegados-aprueban-a-ng-como-secretario-y-vuelven-a-designar-a-lemon-como-tesorero\\\/\",\"url\":\"https:\\\/\\\/interamerica.org\\\/es\\\/2010\\\/06\\\/delegados-aprueban-a-ng-como-secretario-y-vuelven-a-designar-a-lemon-como-tesorero\\\/\",\"name\":\"Delegados aprueban a Ng como secretario y vuelven a designar a Lemon como tesorero - Iglesia Adventista del S\u00e9ptimo D\u00eda - Divisi\u00f3n Interamericana\",\"isPartOf\":{\"@id\":\"https:\\\/\\\/interamerica.org\\\/es\\\/#website\"},\"datePublished\":\"2010-06-26T04:00:00+00:00\",\"dateModified\":\"2017-06-02T12:59:36+00:00\",\"author\":{\"@id\":\"https:\\\/\\\/interamerica.org\\\/es\\\/#\\\/schema\\\/person\\\/68ede8bdc292885bb76c1e3810e73c39\"},\"breadcrumb\":{\"@id\":\"https:\\\/\\\/interamerica.org\\\/es\\\/2010\\\/06\\\/delegados-aprueban-a-ng-como-secretario-y-vuelven-a-designar-a-lemon-como-tesorero\\\/#breadcrumb\"},\"inLanguage\":\"es\",\"potentialAction\":[{\"@type\":\"ReadAction\",\"target\":[\"https:\\\/\\\/interamerica.org\\\/es\\\/2010\\\/06\\\/delegados-aprueban-a-ng-como-secretario-y-vuelven-a-designar-a-lemon-como-tesorero\\\/\"]}]},{\"@type\":\"BreadcrumbList\",\"@id\":\"https:\\\/\\\/interamerica.org\\\/es\\\/2010\\\/06\\\/delegados-aprueban-a-ng-como-secretario-y-vuelven-a-designar-a-lemon-como-tesorero\\\/#breadcrumb\",\"itemListElement\":[{\"@type\":\"ListItem\",\"position\":1,\"name\":\"Home\",\"item\":\"https:\\\/\\\/interamerica.org\\\/es\\\/\"},{\"@type\":\"ListItem\",\"position\":2,\"name\":\"Delegados aprueban a Ng como secretario y vuelven a designar a Lemon como tesorero\"}]},{\"@type\":\"WebSite\",\"@id\":\"https:\\\/\\\/interamerica.org\\\/es\\\/#website\",\"url\":\"https:\\\/\\\/interamerica.org\\\/es\\\/\",\"name\":\"Iglesia Adventista del S\u00e9ptimo D\u00eda - Divisi\u00f3n Interamericana\",\"description\":\"\",\"potentialAction\":[{\"@type\":\"SearchAction\",\"target\":{\"@type\":\"EntryPoint\",\"urlTemplate\":\"https:\\\/\\\/interamerica.org\\\/es\\\/?s={search_term_string}\"},\"query-input\":{\"@type\":\"PropertyValueSpecification\",\"valueRequired\":true,\"valueName\":\"search_term_string\"}}],\"inLanguage\":\"es\"},{\"@type\":\"Person\",\"@id\":\"https:\\\/\\\/interamerica.org\\\/es\\\/#\\\/schema\\\/person\\\/68ede8bdc292885bb76c1e3810e73c39\",\"name\":\"Lorenzo Verduzco\",\"image\":{\"@type\":\"ImageObject\",\"inLanguage\":\"es\",\"@id\":\"https:\\\/\\\/secure.gravatar.com\\\/avatar\\\/fb81a55b6218459490a9c1dc841a34909185b81904c5337b4b27f7a6fd60c49e?s=96&d=mm&r=g\",\"url\":\"https:\\\/\\\/secure.gravatar.com\\\/avatar\\\/fb81a55b6218459490a9c1dc841a34909185b81904c5337b4b27f7a6fd60c49e?s=96&d=mm&r=g\",\"contentUrl\":\"https:\\\/\\\/secure.gravatar.com\\\/avatar\\\/fb81a55b6218459490a9c1dc841a34909185b81904c5337b4b27f7a6fd60c49e?s=96&d=mm&r=g\",\"caption\":\"Lorenzo Verduzco\"}}]}<\/script>\n<!-- \/ Yoast SEO plugin. -->","yoast_head_json":{"title":"Delegados aprueban a Ng como secretario y vuelven a designar a Lemon como tesorero - Iglesia Adventista del S\u00e9ptimo D\u00eda - Divisi\u00f3n Interamericana","robots":{"index":"index","follow":"follow","max-snippet":"max-snippet:-1","max-image-preview":"max-image-preview:large","max-video-preview":"max-video-preview:-1"},"canonical":"https:\/\/interamerica.org\/es\/2010\/06\/delegados-aprueban-a-ng-como-secretario-y-vuelven-a-designar-a-lemon-como-tesorero\/","og_locale":"es_ES","og_type":"article","og_title":"Delegados aprueban a Ng como secretario y vuelven a designar a Lemon como tesorero - Iglesia Adventista del S\u00e9ptimo D\u00eda - Divisi\u00f3n Interamericana","og_description":"El tesorero de la iglesia mundial Bob Lemon fue reelegido el jueves para otro per\u00edodo de cinco a\u00f1os, y el secretario asociado, G.T. Ng, fue promovido el segundo d\u00eda de la reuni\u00f3n de negocios de la Asociaci\u00f3n Generral p","og_url":"https:\/\/interamerica.org\/es\/2010\/06\/delegados-aprueban-a-ng-como-secretario-y-vuelven-a-designar-a-lemon-como-tesorero\/","og_site_name":"Iglesia Adventista del S\u00e9ptimo D\u00eda - Divisi\u00f3n Interamericana","article_published_time":"2010-06-26T04:00:00+00:00","article_modified_time":"2017-06-02T12:59:36+00:00","author":"Lorenzo Verduzco","twitter_card":"summary_large_image","twitter_misc":{"Escrito por":"Lorenzo Verduzco","Tiempo de lectura":"1 minuto"},"schema":{"@context":"https:\/\/schema.org","@graph":[{"@type":"Article","@id":"https:\/\/interamerica.org\/es\/2010\/06\/delegados-aprueban-a-ng-como-secretario-y-vuelven-a-designar-a-lemon-como-tesorero\/#article","isPartOf":{"@id":"https:\/\/interamerica.org\/es\/2010\/06\/delegados-aprueban-a-ng-como-secretario-y-vuelven-a-designar-a-lemon-como-tesorero\/"},"author":{"name":"Lorenzo Verduzco","@id":"https:\/\/interamerica.org\/es\/#\/schema\/person\/68ede8bdc292885bb76c1e3810e73c39"},"headline":"Delegados aprueban a Ng como secretario y vuelven a designar a Lemon como tesorero","datePublished":"2010-06-26T04:00:00+00:00","dateModified":"2017-06-02T12:59:36+00:00","mainEntityOfPage":{"@id":"https:\/\/interamerica.org\/es\/2010\/06\/delegados-aprueban-a-ng-como-secretario-y-vuelven-a-designar-a-lemon-como-tesorero\/"},"wordCount":281,"articleSection":["Archivo"],"inLanguage":"es"},{"@type":"WebPage","@id":"https:\/\/interamerica.org\/es\/2010\/06\/delegados-aprueban-a-ng-como-secretario-y-vuelven-a-designar-a-lemon-como-tesorero\/","url":"https:\/\/interamerica.org\/es\/2010\/06\/delegados-aprueban-a-ng-como-secretario-y-vuelven-a-designar-a-lemon-como-tesorero\/","name":"Delegados aprueban a Ng como secretario y vuelven a designar a Lemon como tesorero - Iglesia Adventista del S\u00e9ptimo D\u00eda - Divisi\u00f3n Interamericana","isPartOf":{"@id":"https:\/\/interamerica.org\/es\/#website"},"datePublished":"2010-06-26T04:00:00+00:00","dateModified":"2017-06-02T12:59:36+00:00","author":{"@id":"https:\/\/interamerica.org\/es\/#\/schema\/person\/68ede8bdc292885bb76c1e3810e73c39"},"breadcrumb":{"@id":"https:\/\/interamerica.org\/es\/2010\/06\/delegados-aprueban-a-ng-como-secretario-y-vuelven-a-designar-a-lemon-como-tesorero\/#breadcrumb"},"inLanguage":"es","potentialAction":[{"@type":"ReadAction","target":["https:\/\/interamerica.org\/es\/2010\/06\/delegados-aprueban-a-ng-como-secretario-y-vuelven-a-designar-a-lemon-como-tesorero\/"]}]},{"@type":"BreadcrumbList","@id":"https:\/\/interamerica.org\/es\/2010\/06\/delegados-aprueban-a-ng-como-secretario-y-vuelven-a-designar-a-lemon-como-tesorero\/#breadcrumb","itemListElement":[{"@type":"ListItem","position":1,"name":"Home","item":"https:\/\/interamerica.org\/es\/"},{"@type":"ListItem","position":2,"name":"Delegados aprueban a Ng como secretario y vuelven a designar a Lemon como tesorero"}]},{"@type":"WebSite","@id":"https:\/\/interamerica.org\/es\/#website","url":"https:\/\/interamerica.org\/es\/","name":"Iglesia Adventista del S\u00e9ptimo D\u00eda - Divisi\u00f3n Interamericana","description":"","potentialAction":[{"@type":"SearchAction","target":{"@type":"EntryPoint","urlTemplate":"https:\/\/interamerica.org\/es\/?s={search_term_string}"},"query-input":{"@type":"PropertyValueSpecification","valueRequired":true,"valueName":"search_term_string"}}],"inLanguage":"es"},{"@type":"Person","@id":"https:\/\/interamerica.org\/es\/#\/schema\/person\/68ede8bdc292885bb76c1e3810e73c39","name":"Lorenzo Verduzco","image":{"@type":"ImageObject","inLanguage":"es","@id":"https:\/\/secure.gravatar.com\/avatar\/fb81a55b6218459490a9c1dc841a34909185b81904c5337b4b27f7a6fd60c49e?s=96&d=mm&r=g","url":"https:\/\/secure.gravatar.com\/avatar\/fb81a55b6218459490a9c1dc841a34909185b81904c5337b4b27f7a6fd60c49e?s=96&d=mm&r=g","contentUrl":"https:\/\/secure.gravatar.com\/avatar\/fb81a55b6218459490a9c1dc841a34909185b81904c5337b4b27f7a6fd60c49e?s=96&d=mm&r=g","caption":"Lorenzo Verduzco"}}]}},"_links":{"self":[{"href":"https:\/\/interamerica.org\/es\/wp-json\/wp\/v2\/posts\/11590","targetHints":{"allow":["GET"]}}],"collection":[{"href":"https:\/\/interamerica.org\/es\/wp-json\/wp\/v2\/posts"}],"about":[{"href":"https:\/\/interamerica.org\/es\/wp-json\/wp\/v2\/types\/post"}],"author":[{"embeddable":true,"href":"https:\/\/interamerica.org\/es\/wp-json\/wp\/v2\/users\/1"}],"replies":[{"embeddable":true,"href":"https:\/\/interamerica.org\/es\/wp-json\/wp\/v2\/comments?post=11590"}],"version-history":[{"count":0,"href":"https:\/\/interamerica.org\/es\/wp-json\/wp\/v2\/posts\/11590\/revisions"}],"wp:attachment":[{"href":"https:\/\/interamerica.org\/es\/wp-json\/wp\/v2\/media?parent=11590"}],"wp:term":[{"taxonomy":"category","embeddable":true,"href":"https:\/\/interamerica.org\/es\/wp-json\/wp\/v2\/categories?post=11590"},{"taxonomy":"post_tag","embeddable":true,"href":"https:\/\/interamerica.org\/es\/wp-json\/wp\/v2\/tags?post=11590"}],"curies":[{"name":"wp","href":"https:\/\/api.w.org\/{rel}","templated":true}]}}