{"id":11591,"date":"2010-06-26T00:00:00","date_gmt":"2010-06-26T04:00:00","guid":{"rendered":"http:\/\/192.81.217.108\/interamerica\/2010\/06\/el-nuevo-presidente-wilson-reflexiona-sobre-el-liderazgo-voluntarios-y-la-unidad-de-la-iglesia\/"},"modified":"2017-06-02T08:59:36","modified_gmt":"2017-06-02T12:59:36","slug":"el-nuevo-presidente-wilson-reflexiona-sobre-el-liderazgo-voluntarios-y-la-unidad-de-la-iglesia","status":"publish","type":"post","link":"https:\/\/interamerica.org\/es\/2010\/06\/el-nuevo-presidente-wilson-reflexiona-sobre-el-liderazgo-voluntarios-y-la-unidad-de-la-iglesia\/","title":{"rendered":"El nuevo presidente Wilson reflexiona sobre el liderazgo, voluntarios y la unidad de la iglesia"},"content":{"rendered":"<p>26 de junio 2010, <em >Atlanta, Georgia, Estados Unidos<\/em >&#8230;Bill Knott y Rajmund Dabrowski <\/p>\n<p>Pocas horas despu\u00e9s de su elecci\u00f3n como el vig\u00e9simo presidente de la Asociaci\u00f3n General de los Adventistas del S\u00e9ptimo D\u00eda, el pastor Ted Wilson se sent\u00f3 con el editor a nivel mundial de las revistas <em >Adventist Review<\/em > y <em >Adventist World,<\/em > Bill Knott y el director de comunicaci\u00f3n de la AG Rajmund Dabrowski para hablar de su nuevo desempe\u00f1o: <\/p>\n<p>Knott: Usted tiene una amplia y variada experiencia internacional en la vida de la iglesia adventista. Ha servido como l\u00edder en varias divisiones del mundo. \u00bfEn qu\u00e9 ha contribuido esa experiencia para este momento? <\/p>\n<p>Wilson: Es imposible calcular las bendiciones y los beneficios de esa experiencia &#8211; en lo absoluto imposible. Crecer en Egipto, trabajar en \u00c1frica y en Rusia, estar conectado con otras divisiones a trav\u00e9s de mi trabajo en el Secretariado &#8211; En verdad, eso ayuda a la persona a ver un cuadro m\u00e1s grande. Uno no se centra solo en sus puntos de vista parroquiales: uno empieza a entender que somos en verdad una familia. Lo que nos mantiene unidos no es una maniobra pol\u00edtica o reglamento. El mensaje, la Escritura y el Esp\u00edritu Santo nos unen como una familia internacional. <\/p>\n<p>Dabrowski: Cuando usted considera su primera asignaci\u00f3n como pastor de hace a\u00f1os &#8212; \u00bfalgo de eso ayud\u00f3 a darle forma para su Nuevo desempe\u00f1o? <\/p>\n<p>Wilson: Absolutamente. Aprend\u00ed m\u00e1s en los primeros nueve meses como pastor que lo que aprend\u00ed en todos los a\u00f1os en el colegio y en el seminario. Uno, necesariamente aprende mucho en lo acad\u00e9mico y adquiere conocimiento te\u00f3rico del trabajo, pero los primeros meses en el trabajo pastoral lo pone a uno en la l\u00ednea de fuego. Uno est\u00e1 tratando con personas, est\u00e1 bregando con situaciones reales que lo llevan a uno a tratar de resolver problemas que son inmanejables. En el tiempo, esto le ayuda a uno al arrodillarse, para pedir ser guiado. Una cosa que trato de hacer en la ma\u00f1ana es reclamar lo que expresa Santiago 1:5, pedir por sabidur\u00eda. No tengo la sabidur\u00eda: debo adquirirla de arriba. Y cuando uno est\u00e1 en una situaci\u00f3n dif\u00edcil, ya sea como un pastor joven, o como dirigente por un tiempo, uno est\u00e1 siempre en necesidad de esa sabidur\u00eda. Esos primeros a\u00f1os en el trabajo ministerial pastoral me formaron, m\u00e1s all\u00e1 de lo que puedo explicar. Alabo al Se\u00f1or por cada experiencia que tuve. <\/p>\n<p>Knott: Algunas de esas experiencias del comienzo tambi\u00e9n fueron en entornos urbanos en s\u00ed mismos. D\u00edganos, qu\u00e9 ha logrado para su visi\u00f3n de llegar al mundo, a las grandes ciudades del mundo, el haber trabajado en esos ambientes? <\/p>\n<p>Wilson: Temprano d\u00e9spues, se me ofreci\u00f3 la oportunidad de trabajar para la <em >Greater New York Conference<\/em >. Al hablarlo con mi padre, \u00e9l dijo, \u00abSi realmente quieres un desaf\u00edo, ve a la ciudad de Nueva York\u00bb. Yo tom\u00e9 ese consejo y eso cambi\u00f3 mi vida. Nueva York es a\u00fan una parte real de mi vida y mi coraz\u00f3n. Nueva York, como lo dice Ellen White, es un s\u00edmbolo de c\u00f3mo se puede trabajar el resto del mundo. Hoy vivimos en un tiempo cuando el cincuenta por ciento de la poblaci\u00f3n del mundo vive en las grandes ciudades. Eso significa que todos debemos llevar un gran peso por la gente en esas ciudades. Uno no puede evangelizar Nueva York o Sao Paulo, o la ciudad capital de M\u00e9xico, o Tokio o Hong Kong de s\u00f3lo un lugar. Uno tiene que tener una aproximaci\u00f3n comprehensiva, y el Esp\u00edritu de Profec\u00eda nos ha dado muchas instrucciones de c\u00f3mo llegar a las ciudades. Estoy fuertemente comprometido por ver un reavivamiento del trabajo misionero m\u00e9dico pr\u00e1ctico donde la gente sabe c\u00f3mo ayudar a otros que se encuentran en necesidades espec\u00edficas. <\/p>\n<p>Dabrowski: \u00bfQu\u00e9 cualidades de liderazgo se necesitan para inspirar a una nueva generaci\u00f3n? Hay una nueva generaci\u00f3n de j\u00f3venes, algunos de los cuales no tienen afecto &#8211; a\u00fan en la iglesia. <\/p>\n<p>Wilson: Esa es una gran pregunta, y merece una respuestas equitativa y larga. Lo m\u00e1s importante que deben entender los j\u00f3venes es que los l\u00edderes en la iglesia adventista del s\u00e9ptimo d\u00eda no son solamente personas en un marco administrativo que presionan todos los botones correctos, pero que realmente son personas espirituales, personas que tienen una conexi\u00f3n viva con la palabra de Dios, con el Se\u00f1or mismo a trav\u00e9s de la oraci\u00f3n &#8211; que creen en lo que esta iglesia ha sido llamada a cumplir. Yo espero que ning\u00fan joven o persona adulta piense jam\u00e1s que pertenecer a la Iglesia Adventista del S\u00e9ptimo d\u00eda es como pertenecer a cualquiera otra organizaci\u00f3n o denominaci\u00f3n. Tenemos un llamado, y yo esperar\u00eda que la juventud fuese revigorizada por ese llamado. S\u00ed, ellos pueden ver hipocres\u00eda y cosas que no les gusta: pueden pensar que la iglesia deber\u00eda enfocar sobre otras cosas. Pero ellos deben tambi\u00e9n el cuadro mayor, el tema del Gran Conflicto que ilumina cualquier pregunta sobre por qu\u00e9 estamos aqu\u00ed.  Cuando los j\u00f3venes adultos ven el comienzo y el final &#8211; y todo lo que est\u00e1 en el medio &#8211; ellos llegan a tener nueva energ\u00eda para hacer todo lo que todos necesitamos hacer. Nuestros l\u00edderes necesita ser humildes: necesitan estar altamente conectados con Jes\u00fas, y necesitan ser f\u00e1ciles de aproximar, no reticentes, exclusivos. Necesitan ser equilibrados: necesitan ser grandes oyentes, en vez de tener la respuesta correcta todo el tiempo. Uno justamente tiene que o\u00edr mucho. Los l\u00edderes tambi\u00e9n necesitan estar arraigados en la Palabra de Dios y en el Esp\u00edritu de Profec\u00eda para que puedan entender qui\u00e9nes son y c\u00f3mo lograr las cosas. <\/p>\n<p>Knott: La vasta mayor\u00eda de personas que est\u00e1 en posiciones de liderazgo en la iglesia son voluntarios, personas que no son pagadas por hacer este trabajo. Yo s\u00e9 que usted es actualmente el anciano jefe de una iglesia local &#8211; una de esas posiciones de voluntarios. \u00bfQu\u00e9 le dir\u00eda usted a esa fuerza enorme de voluntarios que operan congregaciones locales, a aquellos que pueden predicar el s\u00e1bado, o preocuparse por el edificio, o administrar los ministerios de la iglesia? <\/p>\n<p>Wilson: Los voluntarios son de un valor absoluto para la iglesia. No forma de nosotros poder hacer lo que hacemos sin ellos. Cuando uno es miembro de una iglesia local, como somos todos nosotros, y uno llega a involucrarse en esa iglesia local, uno en realidad no necesita pago por lo que hace. El pago es son los resultados que uno ve en el cambio de las personas, y la emoci\u00f3n que encuentran los j\u00f3venes en su fe, y la forma como crecen las cosas en una iglesia local. <\/p>\n<p>Dabrowski: Uno de los valores centrales de la iglesia es la unidad. \u00bfQu\u00e9 significa unidad de la iglesia, y c\u00f3mo podemos lograrla? <\/p>\n<p>Wilson: Unidad de la iglesia no necesariamente significa que cada uno marache como militar y simplemente salude cuando se le ordene. Podemos tener opiniones diferentes: venimos de culturas muy diferentes, idiomas, trasfondos y entornos sociales. Lo que nos une es m\u00e1s que nuestros reglamentos, m\u00e1s que la producci\u00f3n en masa de material. M\u00e1s all\u00e1 de otras cosas, el Esp\u00edritu Santo nos une. Le he enfatizado a mi preciosa esposa, Nancy, que es asombroso como uno puede ir alrededor de todo el mundo, uno puede ver todas estas diferentes culturas, pero la evidencia de que la Iglesia Adventista del S\u00e9ptimo D\u00eda es la iglesia especial de Dios es que el Esp\u00edritu Santo nos mantiene unidos. No creo que debemos seguir el actual h\u00e1bito de siempre estar \u00abpol\u00edticamente correctos\u00bb  Necesitamos tener equilibrio; necesitamos ser sensitivos. Pero la unidad no es algo que nosotros fabricamos, necesariamente. S\u00ed, como dirigentes esperamos mantener a la gente movi\u00e9ndose en cierta direcci\u00f3n. Pero si los estamos dirigiendo a Cristo y al poder del Esp\u00edritu Santo, y a un mensaje que est\u00e1 basado en la Palabra, con una vida activa de oraci\u00f3n, y actividad evangelizadora, esa gente ser\u00e1 unida porque el Esp\u00edritu Santo la une. <\/p>\n<p>Knott: Diga algo a aquellos que est\u00e1n en la iglesia que se pregunta si el liderazgo puede marcar una diferencia ahora mismo. \u00bfQu\u00e9 piensa uste que puede cambiar en los a\u00f1os venideros a trav\u00e9s de su ministerio y el de otros? <\/p>\n<p>Dabrowski: A nivel personal: \u00bfCuando usted llam\u00f3 a Nancy y a sus hijas a cerca de las noticias, qu\u00e9 escuch\u00f3 usted? <\/p>\n<p>Wilson: Mi esposa es preciosa. Ella es una espina dorsal espiritual; ella ama al Se\u00f1or intensamente; ella estudia la Escritura y el Esp\u00edritu de Profec\u00eda; tiene plena confianza en este movimiento. Cuando la llam\u00e9 &#8211; yo supongo que ella no le importar\u00e1 que yo diga esto &#8211; ella empez\u00f3 a llorar. Ella reconoce y sabe el tipo de presi\u00f3n y responsabilidades que van con esto, ya que hemos visto a otros l\u00edderes. Como hemos hecho en otras situaciones, nuestra familia sencillamente pondr\u00e1 su vista en el Se\u00f1or por el tipo de \u00e1nimo y gu\u00eda que es tan necesaria cuando uno enfrenta retos que est\u00e1n m\u00e1s all\u00e1 de uno mismo. Uno se inclina hacia el Se\u00f1or. Deseo las oraciones de todos, y la gente me ha dicho que est\u00e1 orando por m\u00ed. Esa es la mejor noticia que puedo tener. No es s\u00f3lo por m\u00ed; lo tomo como que est\u00e1n orando por la iglesia. Ellos est\u00e1n orando por este maravilloso movimiento al cual pertenecemos, el movimiento adventista. <\/p><\/p>\n","protected":false},"excerpt":{"rendered":"<p>El presidente de la Asociaci\u00f3n General de los Adventistas del S\u00e9ptimo D\u00eda, el pastor Ted Wilson se sent\u00f3 con el editor a nivel mundial de las revistas Adventist Review y Adventist World, Bill Knott y el director de comunicaci&#038;o<\/p>\n","protected":false},"author":1,"featured_media":0,"comment_status":"closed","ping_status":"closed","sticky":false,"template":"","format":"standard","meta":{"_acf_changed":false,"footnotes":""},"categories":[8],"tags":[],"class_list":["post-11591","post","type-post","status-publish","format-standard","hentry","category-archivo"],"acf":[],"yoast_head":"<!-- This site is optimized with the Yoast SEO plugin v27.3 - https:\/\/yoast.com\/product\/yoast-seo-wordpress\/ -->\n<title>El nuevo presidente Wilson reflexiona sobre el liderazgo, voluntarios y la unidad de la iglesia - Iglesia Adventista del S\u00e9ptimo D\u00eda - Divisi\u00f3n Interamericana<\/title>\n<meta name=\"robots\" content=\"index, follow, max-snippet:-1, max-image-preview:large, max-video-preview:-1\" \/>\n<link rel=\"canonical\" href=\"https:\/\/interamerica.org\/es\/2010\/06\/el-nuevo-presidente-wilson-reflexiona-sobre-el-liderazgo-voluntarios-y-la-unidad-de-la-iglesia\/\" \/>\n<meta property=\"og:locale\" content=\"es_ES\" \/>\n<meta property=\"og:type\" content=\"article\" \/>\n<meta property=\"og:title\" content=\"El nuevo presidente Wilson reflexiona sobre el liderazgo, voluntarios y la unidad de la iglesia - Iglesia Adventista del S\u00e9ptimo D\u00eda - Divisi\u00f3n Interamericana\" \/>\n<meta property=\"og:description\" content=\"El presidente de la Asociaci\u00f3n General de los Adventistas del S\u00e9ptimo D\u00eda, el pastor Ted Wilson se sent\u00f3 con el editor a nivel mundial de las revistas Adventist Review y Adventist World, Bill Knott y el director de comunicaci&amp;o\" \/>\n<meta property=\"og:url\" content=\"https:\/\/interamerica.org\/es\/2010\/06\/el-nuevo-presidente-wilson-reflexiona-sobre-el-liderazgo-voluntarios-y-la-unidad-de-la-iglesia\/\" \/>\n<meta property=\"og:site_name\" content=\"Iglesia Adventista del S\u00e9ptimo D\u00eda - Divisi\u00f3n Interamericana\" \/>\n<meta property=\"article:published_time\" content=\"2010-06-26T04:00:00+00:00\" \/>\n<meta property=\"article:modified_time\" content=\"2017-06-02T12:59:36+00:00\" \/>\n<meta name=\"author\" content=\"Lorenzo Verduzco\" \/>\n<meta name=\"twitter:card\" content=\"summary_large_image\" \/>\n<meta name=\"twitter:label1\" content=\"Escrito por\" \/>\n\t<meta name=\"twitter:data1\" content=\"Lorenzo Verduzco\" \/>\n\t<meta name=\"twitter:label2\" content=\"Tiempo de lectura\" \/>\n\t<meta name=\"twitter:data2\" content=\"8 minutos\" \/>\n<script type=\"application\/ld+json\" class=\"yoast-schema-graph\">{\"@context\":\"https:\\\/\\\/schema.org\",\"@graph\":[{\"@type\":\"Article\",\"@id\":\"https:\\\/\\\/interamerica.org\\\/es\\\/2010\\\/06\\\/el-nuevo-presidente-wilson-reflexiona-sobre-el-liderazgo-voluntarios-y-la-unidad-de-la-iglesia\\\/#article\",\"isPartOf\":{\"@id\":\"https:\\\/\\\/interamerica.org\\\/es\\\/2010\\\/06\\\/el-nuevo-presidente-wilson-reflexiona-sobre-el-liderazgo-voluntarios-y-la-unidad-de-la-iglesia\\\/\"},\"author\":{\"name\":\"Lorenzo Verduzco\",\"@id\":\"https:\\\/\\\/interamerica.org\\\/es\\\/#\\\/schema\\\/person\\\/68ede8bdc292885bb76c1e3810e73c39\"},\"headline\":\"El nuevo presidente Wilson reflexiona sobre el liderazgo, voluntarios y la unidad de la iglesia\",\"datePublished\":\"2010-06-26T04:00:00+00:00\",\"dateModified\":\"2017-06-02T12:59:36+00:00\",\"mainEntityOfPage\":{\"@id\":\"https:\\\/\\\/interamerica.org\\\/es\\\/2010\\\/06\\\/el-nuevo-presidente-wilson-reflexiona-sobre-el-liderazgo-voluntarios-y-la-unidad-de-la-iglesia\\\/\"},\"wordCount\":1678,\"articleSection\":[\"Archivo\"],\"inLanguage\":\"es\"},{\"@type\":\"WebPage\",\"@id\":\"https:\\\/\\\/interamerica.org\\\/es\\\/2010\\\/06\\\/el-nuevo-presidente-wilson-reflexiona-sobre-el-liderazgo-voluntarios-y-la-unidad-de-la-iglesia\\\/\",\"url\":\"https:\\\/\\\/interamerica.org\\\/es\\\/2010\\\/06\\\/el-nuevo-presidente-wilson-reflexiona-sobre-el-liderazgo-voluntarios-y-la-unidad-de-la-iglesia\\\/\",\"name\":\"El nuevo presidente Wilson reflexiona sobre el liderazgo, voluntarios y la unidad de la iglesia - Iglesia Adventista del S\u00e9ptimo D\u00eda - Divisi\u00f3n Interamericana\",\"isPartOf\":{\"@id\":\"https:\\\/\\\/interamerica.org\\\/es\\\/#website\"},\"datePublished\":\"2010-06-26T04:00:00+00:00\",\"dateModified\":\"2017-06-02T12:59:36+00:00\",\"author\":{\"@id\":\"https:\\\/\\\/interamerica.org\\\/es\\\/#\\\/schema\\\/person\\\/68ede8bdc292885bb76c1e3810e73c39\"},\"breadcrumb\":{\"@id\":\"https:\\\/\\\/interamerica.org\\\/es\\\/2010\\\/06\\\/el-nuevo-presidente-wilson-reflexiona-sobre-el-liderazgo-voluntarios-y-la-unidad-de-la-iglesia\\\/#breadcrumb\"},\"inLanguage\":\"es\",\"potentialAction\":[{\"@type\":\"ReadAction\",\"target\":[\"https:\\\/\\\/interamerica.org\\\/es\\\/2010\\\/06\\\/el-nuevo-presidente-wilson-reflexiona-sobre-el-liderazgo-voluntarios-y-la-unidad-de-la-iglesia\\\/\"]}]},{\"@type\":\"BreadcrumbList\",\"@id\":\"https:\\\/\\\/interamerica.org\\\/es\\\/2010\\\/06\\\/el-nuevo-presidente-wilson-reflexiona-sobre-el-liderazgo-voluntarios-y-la-unidad-de-la-iglesia\\\/#breadcrumb\",\"itemListElement\":[{\"@type\":\"ListItem\",\"position\":1,\"name\":\"Home\",\"item\":\"https:\\\/\\\/interamerica.org\\\/es\\\/\"},{\"@type\":\"ListItem\",\"position\":2,\"name\":\"El nuevo presidente Wilson reflexiona sobre el liderazgo, voluntarios y la unidad de la iglesia\"}]},{\"@type\":\"WebSite\",\"@id\":\"https:\\\/\\\/interamerica.org\\\/es\\\/#website\",\"url\":\"https:\\\/\\\/interamerica.org\\\/es\\\/\",\"name\":\"Iglesia Adventista del S\u00e9ptimo D\u00eda - Divisi\u00f3n Interamericana\",\"description\":\"\",\"potentialAction\":[{\"@type\":\"SearchAction\",\"target\":{\"@type\":\"EntryPoint\",\"urlTemplate\":\"https:\\\/\\\/interamerica.org\\\/es\\\/?s={search_term_string}\"},\"query-input\":{\"@type\":\"PropertyValueSpecification\",\"valueRequired\":true,\"valueName\":\"search_term_string\"}}],\"inLanguage\":\"es\"},{\"@type\":\"Person\",\"@id\":\"https:\\\/\\\/interamerica.org\\\/es\\\/#\\\/schema\\\/person\\\/68ede8bdc292885bb76c1e3810e73c39\",\"name\":\"Lorenzo Verduzco\",\"image\":{\"@type\":\"ImageObject\",\"inLanguage\":\"es\",\"@id\":\"https:\\\/\\\/secure.gravatar.com\\\/avatar\\\/fb81a55b6218459490a9c1dc841a34909185b81904c5337b4b27f7a6fd60c49e?s=96&d=mm&r=g\",\"url\":\"https:\\\/\\\/secure.gravatar.com\\\/avatar\\\/fb81a55b6218459490a9c1dc841a34909185b81904c5337b4b27f7a6fd60c49e?s=96&d=mm&r=g\",\"contentUrl\":\"https:\\\/\\\/secure.gravatar.com\\\/avatar\\\/fb81a55b6218459490a9c1dc841a34909185b81904c5337b4b27f7a6fd60c49e?s=96&d=mm&r=g\",\"caption\":\"Lorenzo Verduzco\"}}]}<\/script>\n<!-- \/ Yoast SEO plugin. -->","yoast_head_json":{"title":"El nuevo presidente Wilson reflexiona sobre el liderazgo, voluntarios y la unidad de la iglesia - Iglesia Adventista del S\u00e9ptimo D\u00eda - Divisi\u00f3n Interamericana","robots":{"index":"index","follow":"follow","max-snippet":"max-snippet:-1","max-image-preview":"max-image-preview:large","max-video-preview":"max-video-preview:-1"},"canonical":"https:\/\/interamerica.org\/es\/2010\/06\/el-nuevo-presidente-wilson-reflexiona-sobre-el-liderazgo-voluntarios-y-la-unidad-de-la-iglesia\/","og_locale":"es_ES","og_type":"article","og_title":"El nuevo presidente Wilson reflexiona sobre el liderazgo, voluntarios y la unidad de la iglesia - Iglesia Adventista del S\u00e9ptimo D\u00eda - Divisi\u00f3n Interamericana","og_description":"El presidente de la Asociaci\u00f3n General de los Adventistas del S\u00e9ptimo D\u00eda, el pastor Ted Wilson se sent\u00f3 con el editor a nivel mundial de las revistas Adventist Review y Adventist World, Bill Knott y el director de comunicaci&o","og_url":"https:\/\/interamerica.org\/es\/2010\/06\/el-nuevo-presidente-wilson-reflexiona-sobre-el-liderazgo-voluntarios-y-la-unidad-de-la-iglesia\/","og_site_name":"Iglesia Adventista del S\u00e9ptimo D\u00eda - Divisi\u00f3n Interamericana","article_published_time":"2010-06-26T04:00:00+00:00","article_modified_time":"2017-06-02T12:59:36+00:00","author":"Lorenzo Verduzco","twitter_card":"summary_large_image","twitter_misc":{"Escrito por":"Lorenzo Verduzco","Tiempo de lectura":"8 minutos"},"schema":{"@context":"https:\/\/schema.org","@graph":[{"@type":"Article","@id":"https:\/\/interamerica.org\/es\/2010\/06\/el-nuevo-presidente-wilson-reflexiona-sobre-el-liderazgo-voluntarios-y-la-unidad-de-la-iglesia\/#article","isPartOf":{"@id":"https:\/\/interamerica.org\/es\/2010\/06\/el-nuevo-presidente-wilson-reflexiona-sobre-el-liderazgo-voluntarios-y-la-unidad-de-la-iglesia\/"},"author":{"name":"Lorenzo Verduzco","@id":"https:\/\/interamerica.org\/es\/#\/schema\/person\/68ede8bdc292885bb76c1e3810e73c39"},"headline":"El nuevo presidente Wilson reflexiona sobre el liderazgo, voluntarios y la unidad de la iglesia","datePublished":"2010-06-26T04:00:00+00:00","dateModified":"2017-06-02T12:59:36+00:00","mainEntityOfPage":{"@id":"https:\/\/interamerica.org\/es\/2010\/06\/el-nuevo-presidente-wilson-reflexiona-sobre-el-liderazgo-voluntarios-y-la-unidad-de-la-iglesia\/"},"wordCount":1678,"articleSection":["Archivo"],"inLanguage":"es"},{"@type":"WebPage","@id":"https:\/\/interamerica.org\/es\/2010\/06\/el-nuevo-presidente-wilson-reflexiona-sobre-el-liderazgo-voluntarios-y-la-unidad-de-la-iglesia\/","url":"https:\/\/interamerica.org\/es\/2010\/06\/el-nuevo-presidente-wilson-reflexiona-sobre-el-liderazgo-voluntarios-y-la-unidad-de-la-iglesia\/","name":"El nuevo presidente Wilson reflexiona sobre el liderazgo, voluntarios y la unidad de la iglesia - Iglesia Adventista del S\u00e9ptimo D\u00eda - Divisi\u00f3n Interamericana","isPartOf":{"@id":"https:\/\/interamerica.org\/es\/#website"},"datePublished":"2010-06-26T04:00:00+00:00","dateModified":"2017-06-02T12:59:36+00:00","author":{"@id":"https:\/\/interamerica.org\/es\/#\/schema\/person\/68ede8bdc292885bb76c1e3810e73c39"},"breadcrumb":{"@id":"https:\/\/interamerica.org\/es\/2010\/06\/el-nuevo-presidente-wilson-reflexiona-sobre-el-liderazgo-voluntarios-y-la-unidad-de-la-iglesia\/#breadcrumb"},"inLanguage":"es","potentialAction":[{"@type":"ReadAction","target":["https:\/\/interamerica.org\/es\/2010\/06\/el-nuevo-presidente-wilson-reflexiona-sobre-el-liderazgo-voluntarios-y-la-unidad-de-la-iglesia\/"]}]},{"@type":"BreadcrumbList","@id":"https:\/\/interamerica.org\/es\/2010\/06\/el-nuevo-presidente-wilson-reflexiona-sobre-el-liderazgo-voluntarios-y-la-unidad-de-la-iglesia\/#breadcrumb","itemListElement":[{"@type":"ListItem","position":1,"name":"Home","item":"https:\/\/interamerica.org\/es\/"},{"@type":"ListItem","position":2,"name":"El nuevo presidente Wilson reflexiona sobre el liderazgo, voluntarios y la unidad de la iglesia"}]},{"@type":"WebSite","@id":"https:\/\/interamerica.org\/es\/#website","url":"https:\/\/interamerica.org\/es\/","name":"Iglesia Adventista del S\u00e9ptimo D\u00eda - Divisi\u00f3n Interamericana","description":"","potentialAction":[{"@type":"SearchAction","target":{"@type":"EntryPoint","urlTemplate":"https:\/\/interamerica.org\/es\/?s={search_term_string}"},"query-input":{"@type":"PropertyValueSpecification","valueRequired":true,"valueName":"search_term_string"}}],"inLanguage":"es"},{"@type":"Person","@id":"https:\/\/interamerica.org\/es\/#\/schema\/person\/68ede8bdc292885bb76c1e3810e73c39","name":"Lorenzo Verduzco","image":{"@type":"ImageObject","inLanguage":"es","@id":"https:\/\/secure.gravatar.com\/avatar\/fb81a55b6218459490a9c1dc841a34909185b81904c5337b4b27f7a6fd60c49e?s=96&d=mm&r=g","url":"https:\/\/secure.gravatar.com\/avatar\/fb81a55b6218459490a9c1dc841a34909185b81904c5337b4b27f7a6fd60c49e?s=96&d=mm&r=g","contentUrl":"https:\/\/secure.gravatar.com\/avatar\/fb81a55b6218459490a9c1dc841a34909185b81904c5337b4b27f7a6fd60c49e?s=96&d=mm&r=g","caption":"Lorenzo Verduzco"}}]}},"_links":{"self":[{"href":"https:\/\/interamerica.org\/es\/wp-json\/wp\/v2\/posts\/11591","targetHints":{"allow":["GET"]}}],"collection":[{"href":"https:\/\/interamerica.org\/es\/wp-json\/wp\/v2\/posts"}],"about":[{"href":"https:\/\/interamerica.org\/es\/wp-json\/wp\/v2\/types\/post"}],"author":[{"embeddable":true,"href":"https:\/\/interamerica.org\/es\/wp-json\/wp\/v2\/users\/1"}],"replies":[{"embeddable":true,"href":"https:\/\/interamerica.org\/es\/wp-json\/wp\/v2\/comments?post=11591"}],"version-history":[{"count":0,"href":"https:\/\/interamerica.org\/es\/wp-json\/wp\/v2\/posts\/11591\/revisions"}],"wp:attachment":[{"href":"https:\/\/interamerica.org\/es\/wp-json\/wp\/v2\/media?parent=11591"}],"wp:term":[{"taxonomy":"category","embeddable":true,"href":"https:\/\/interamerica.org\/es\/wp-json\/wp\/v2\/categories?post=11591"},{"taxonomy":"post_tag","embeddable":true,"href":"https:\/\/interamerica.org\/es\/wp-json\/wp\/v2\/tags?post=11591"}],"curies":[{"name":"wp","href":"https:\/\/api.w.org\/{rel}","templated":true}]}}