{"id":11592,"date":"2010-06-25T00:00:00","date_gmt":"2010-06-25T04:00:00","guid":{"rendered":"http:\/\/192.81.217.108\/interamerica\/2010\/06\/la-iahfc-cautiva-a-los-visitantes-de-todos-los-paises\/"},"modified":"2017-06-02T08:59:44","modified_gmt":"2017-06-02T12:59:44","slug":"la-iahfc-cautiva-a-los-visitantes-de-todos-los-paises","status":"publish","type":"post","link":"https:\/\/interamerica.org\/es\/2010\/06\/la-iahfc-cautiva-a-los-visitantes-de-todos-los-paises\/","title":{"rendered":"La IAHFC cautiva a los visitantes de todos los pa\u00edses"},"content":{"rendered":"<p>June 25, 2010 &#8211; Atlanta, Georgia, United States&#8230;[Lizbeth Elejalde\/IAD]M\u00e1s de 1000 personas han pasado durante los primeros d\u00edas  de Congreso por el m\u00f3dulo de exhibici\u00f3n de la Compa\u00f1\u00eda Interamericana de Alimentos Saludables. Para hoy las cifras van en aumento. Se inicia el conteo y 30 segundos es el tiempo que una persona tiene para mostrar su agilidad con un juego de vasos; escoger el logo de una de las empresas tales como Colpac, Venepan, Icolpan o Soyapac que aparecen en el background del m\u00f3dulo y lanzar un dado al aire buscando que el logo que quede arriba sea el mismo que la persona ha escogido; o hacer una serie de flexiones de pecho en un tiempo determinado. Son estas las maneras en que ni\u00f1os y adultos participan divertidamente cuando se aproximan al espacio de la Compa\u00f1\u00eda de Alimentos en el Georgia World Congress Center.Este es el resultado del trabajo de un equipo de personas que durante 6 meses han estado planeando la mejor forma para que hermanos y visitantes al evento de la Iglesia Adventista conozcan que existe la Compa\u00f1\u00eda de Alimentos en 7 pa\u00edses: M\u00e9xico, Venezuela, Trinidad y Tobago, Republica Dominicana, Hait\u00ed, Costa Rica y Colombia; y que en ellos hace presencia mediante sus  sucursales: Colpac, Venepan, Soyapac, Productos Viva Mejor, Caribbean Health Foods Ltd, Icolpan, Cetebedi, Productos Granix, y Boulangene Adventist.El Gerente de Colpac M\u00e9xico, Jos\u00e9 Flores y el Gerente de Venepan, Gerardo Chac\u00edn  -quienes hacen parte de las 4 personas encargadas de la atenci\u00f3n al p\u00fablico en el m\u00f3dulo-  explican que la idea de los juegos es llamar la atenci\u00f3n de los visitantes y lograr que los bol\u00edgrafos, limas, espejos, paquetes de galletas y pad mouse que ganen como obsequio en las actividades del stand se conviertan en un recuerdo de la Compa\u00f1\u00eda Interamericana de Alimentos Saludables y del agradable tiempo que pasaron para obtener su regalo.<\/p>\n","protected":false},"excerpt":{"rendered":"<p>M\u00e1s de 1000 personas han pasado durante los primeros d\u00edas  de Congreso por el m\u00f3dulo de exhibici\u00f3n de la Compa\u00f1\u00eda Interamericana de Alimentos Saludables. Para hoy las cifras van en aumento.<\/p>\n","protected":false},"author":1,"featured_media":0,"comment_status":"closed","ping_status":"closed","sticky":false,"template":"","format":"standard","meta":{"_acf_changed":false,"footnotes":""},"categories":[8],"tags":[],"class_list":["post-11592","post","type-post","status-publish","format-standard","hentry","category-archivo"],"acf":[],"yoast_head":"<!-- This site is optimized with the Yoast SEO plugin v27.3 - https:\/\/yoast.com\/product\/yoast-seo-wordpress\/ -->\n<title>La IAHFC cautiva a los visitantes de todos los pa\u00edses - Iglesia Adventista del S\u00e9ptimo D\u00eda - Divisi\u00f3n Interamericana<\/title>\n<meta name=\"robots\" content=\"index, follow, max-snippet:-1, max-image-preview:large, max-video-preview:-1\" \/>\n<link rel=\"canonical\" href=\"https:\/\/interamerica.org\/es\/2010\/06\/la-iahfc-cautiva-a-los-visitantes-de-todos-los-paises\/\" \/>\n<meta property=\"og:locale\" content=\"es_ES\" \/>\n<meta property=\"og:type\" content=\"article\" \/>\n<meta property=\"og:title\" content=\"La IAHFC cautiva a los visitantes de todos los pa\u00edses - Iglesia Adventista del S\u00e9ptimo D\u00eda - Divisi\u00f3n Interamericana\" \/>\n<meta property=\"og:description\" content=\"M\u00e1s de 1000 personas han pasado durante los primeros d\u00edas de Congreso por el m\u00f3dulo de exhibici\u00f3n de la Compa\u00f1\u00eda Interamericana de Alimentos Saludables. Para hoy las cifras van en aumento.\" \/>\n<meta property=\"og:url\" content=\"https:\/\/interamerica.org\/es\/2010\/06\/la-iahfc-cautiva-a-los-visitantes-de-todos-los-paises\/\" \/>\n<meta property=\"og:site_name\" content=\"Iglesia Adventista del S\u00e9ptimo D\u00eda - Divisi\u00f3n Interamericana\" \/>\n<meta property=\"article:published_time\" content=\"2010-06-25T04:00:00+00:00\" \/>\n<meta property=\"article:modified_time\" content=\"2017-06-02T12:59:44+00:00\" \/>\n<meta name=\"author\" content=\"Lorenzo Verduzco\" \/>\n<meta name=\"twitter:card\" content=\"summary_large_image\" \/>\n<meta name=\"twitter:label1\" content=\"Escrito por\" \/>\n\t<meta name=\"twitter:data1\" content=\"Lorenzo Verduzco\" \/>\n\t<meta name=\"twitter:label2\" content=\"Tiempo de lectura\" \/>\n\t<meta name=\"twitter:data2\" content=\"2 minutos\" \/>\n<script type=\"application\/ld+json\" class=\"yoast-schema-graph\">{\"@context\":\"https:\\\/\\\/schema.org\",\"@graph\":[{\"@type\":\"Article\",\"@id\":\"https:\\\/\\\/interamerica.org\\\/es\\\/2010\\\/06\\\/la-iahfc-cautiva-a-los-visitantes-de-todos-los-paises\\\/#article\",\"isPartOf\":{\"@id\":\"https:\\\/\\\/interamerica.org\\\/es\\\/2010\\\/06\\\/la-iahfc-cautiva-a-los-visitantes-de-todos-los-paises\\\/\"},\"author\":{\"name\":\"Lorenzo Verduzco\",\"@id\":\"https:\\\/\\\/interamerica.org\\\/es\\\/#\\\/schema\\\/person\\\/68ede8bdc292885bb76c1e3810e73c39\"},\"headline\":\"La IAHFC cautiva a los visitantes de todos los pa\u00edses\",\"datePublished\":\"2010-06-25T04:00:00+00:00\",\"dateModified\":\"2017-06-02T12:59:44+00:00\",\"mainEntityOfPage\":{\"@id\":\"https:\\\/\\\/interamerica.org\\\/es\\\/2010\\\/06\\\/la-iahfc-cautiva-a-los-visitantes-de-todos-los-paises\\\/\"},\"wordCount\":338,\"articleSection\":[\"Archivo\"],\"inLanguage\":\"es\"},{\"@type\":\"WebPage\",\"@id\":\"https:\\\/\\\/interamerica.org\\\/es\\\/2010\\\/06\\\/la-iahfc-cautiva-a-los-visitantes-de-todos-los-paises\\\/\",\"url\":\"https:\\\/\\\/interamerica.org\\\/es\\\/2010\\\/06\\\/la-iahfc-cautiva-a-los-visitantes-de-todos-los-paises\\\/\",\"name\":\"La IAHFC cautiva a los visitantes de todos los pa\u00edses - Iglesia Adventista del S\u00e9ptimo D\u00eda - Divisi\u00f3n Interamericana\",\"isPartOf\":{\"@id\":\"https:\\\/\\\/interamerica.org\\\/es\\\/#website\"},\"datePublished\":\"2010-06-25T04:00:00+00:00\",\"dateModified\":\"2017-06-02T12:59:44+00:00\",\"author\":{\"@id\":\"https:\\\/\\\/interamerica.org\\\/es\\\/#\\\/schema\\\/person\\\/68ede8bdc292885bb76c1e3810e73c39\"},\"breadcrumb\":{\"@id\":\"https:\\\/\\\/interamerica.org\\\/es\\\/2010\\\/06\\\/la-iahfc-cautiva-a-los-visitantes-de-todos-los-paises\\\/#breadcrumb\"},\"inLanguage\":\"es\",\"potentialAction\":[{\"@type\":\"ReadAction\",\"target\":[\"https:\\\/\\\/interamerica.org\\\/es\\\/2010\\\/06\\\/la-iahfc-cautiva-a-los-visitantes-de-todos-los-paises\\\/\"]}]},{\"@type\":\"BreadcrumbList\",\"@id\":\"https:\\\/\\\/interamerica.org\\\/es\\\/2010\\\/06\\\/la-iahfc-cautiva-a-los-visitantes-de-todos-los-paises\\\/#breadcrumb\",\"itemListElement\":[{\"@type\":\"ListItem\",\"position\":1,\"name\":\"Home\",\"item\":\"https:\\\/\\\/interamerica.org\\\/es\\\/\"},{\"@type\":\"ListItem\",\"position\":2,\"name\":\"La IAHFC cautiva a los visitantes de todos los pa\u00edses\"}]},{\"@type\":\"WebSite\",\"@id\":\"https:\\\/\\\/interamerica.org\\\/es\\\/#website\",\"url\":\"https:\\\/\\\/interamerica.org\\\/es\\\/\",\"name\":\"Iglesia Adventista del S\u00e9ptimo D\u00eda - Divisi\u00f3n Interamericana\",\"description\":\"\",\"potentialAction\":[{\"@type\":\"SearchAction\",\"target\":{\"@type\":\"EntryPoint\",\"urlTemplate\":\"https:\\\/\\\/interamerica.org\\\/es\\\/?s={search_term_string}\"},\"query-input\":{\"@type\":\"PropertyValueSpecification\",\"valueRequired\":true,\"valueName\":\"search_term_string\"}}],\"inLanguage\":\"es\"},{\"@type\":\"Person\",\"@id\":\"https:\\\/\\\/interamerica.org\\\/es\\\/#\\\/schema\\\/person\\\/68ede8bdc292885bb76c1e3810e73c39\",\"name\":\"Lorenzo Verduzco\",\"image\":{\"@type\":\"ImageObject\",\"inLanguage\":\"es\",\"@id\":\"https:\\\/\\\/secure.gravatar.com\\\/avatar\\\/fb81a55b6218459490a9c1dc841a34909185b81904c5337b4b27f7a6fd60c49e?s=96&d=mm&r=g\",\"url\":\"https:\\\/\\\/secure.gravatar.com\\\/avatar\\\/fb81a55b6218459490a9c1dc841a34909185b81904c5337b4b27f7a6fd60c49e?s=96&d=mm&r=g\",\"contentUrl\":\"https:\\\/\\\/secure.gravatar.com\\\/avatar\\\/fb81a55b6218459490a9c1dc841a34909185b81904c5337b4b27f7a6fd60c49e?s=96&d=mm&r=g\",\"caption\":\"Lorenzo Verduzco\"}}]}<\/script>\n<!-- \/ Yoast SEO plugin. -->","yoast_head_json":{"title":"La IAHFC cautiva a los visitantes de todos los pa\u00edses - Iglesia Adventista del S\u00e9ptimo D\u00eda - Divisi\u00f3n Interamericana","robots":{"index":"index","follow":"follow","max-snippet":"max-snippet:-1","max-image-preview":"max-image-preview:large","max-video-preview":"max-video-preview:-1"},"canonical":"https:\/\/interamerica.org\/es\/2010\/06\/la-iahfc-cautiva-a-los-visitantes-de-todos-los-paises\/","og_locale":"es_ES","og_type":"article","og_title":"La IAHFC cautiva a los visitantes de todos los pa\u00edses - Iglesia Adventista del S\u00e9ptimo D\u00eda - Divisi\u00f3n Interamericana","og_description":"M\u00e1s de 1000 personas han pasado durante los primeros d\u00edas de Congreso por el m\u00f3dulo de exhibici\u00f3n de la Compa\u00f1\u00eda Interamericana de Alimentos Saludables. Para hoy las cifras van en aumento.","og_url":"https:\/\/interamerica.org\/es\/2010\/06\/la-iahfc-cautiva-a-los-visitantes-de-todos-los-paises\/","og_site_name":"Iglesia Adventista del S\u00e9ptimo D\u00eda - Divisi\u00f3n Interamericana","article_published_time":"2010-06-25T04:00:00+00:00","article_modified_time":"2017-06-02T12:59:44+00:00","author":"Lorenzo Verduzco","twitter_card":"summary_large_image","twitter_misc":{"Escrito por":"Lorenzo Verduzco","Tiempo de lectura":"2 minutos"},"schema":{"@context":"https:\/\/schema.org","@graph":[{"@type":"Article","@id":"https:\/\/interamerica.org\/es\/2010\/06\/la-iahfc-cautiva-a-los-visitantes-de-todos-los-paises\/#article","isPartOf":{"@id":"https:\/\/interamerica.org\/es\/2010\/06\/la-iahfc-cautiva-a-los-visitantes-de-todos-los-paises\/"},"author":{"name":"Lorenzo Verduzco","@id":"https:\/\/interamerica.org\/es\/#\/schema\/person\/68ede8bdc292885bb76c1e3810e73c39"},"headline":"La IAHFC cautiva a los visitantes de todos los pa\u00edses","datePublished":"2010-06-25T04:00:00+00:00","dateModified":"2017-06-02T12:59:44+00:00","mainEntityOfPage":{"@id":"https:\/\/interamerica.org\/es\/2010\/06\/la-iahfc-cautiva-a-los-visitantes-de-todos-los-paises\/"},"wordCount":338,"articleSection":["Archivo"],"inLanguage":"es"},{"@type":"WebPage","@id":"https:\/\/interamerica.org\/es\/2010\/06\/la-iahfc-cautiva-a-los-visitantes-de-todos-los-paises\/","url":"https:\/\/interamerica.org\/es\/2010\/06\/la-iahfc-cautiva-a-los-visitantes-de-todos-los-paises\/","name":"La IAHFC cautiva a los visitantes de todos los pa\u00edses - Iglesia Adventista del S\u00e9ptimo D\u00eda - Divisi\u00f3n Interamericana","isPartOf":{"@id":"https:\/\/interamerica.org\/es\/#website"},"datePublished":"2010-06-25T04:00:00+00:00","dateModified":"2017-06-02T12:59:44+00:00","author":{"@id":"https:\/\/interamerica.org\/es\/#\/schema\/person\/68ede8bdc292885bb76c1e3810e73c39"},"breadcrumb":{"@id":"https:\/\/interamerica.org\/es\/2010\/06\/la-iahfc-cautiva-a-los-visitantes-de-todos-los-paises\/#breadcrumb"},"inLanguage":"es","potentialAction":[{"@type":"ReadAction","target":["https:\/\/interamerica.org\/es\/2010\/06\/la-iahfc-cautiva-a-los-visitantes-de-todos-los-paises\/"]}]},{"@type":"BreadcrumbList","@id":"https:\/\/interamerica.org\/es\/2010\/06\/la-iahfc-cautiva-a-los-visitantes-de-todos-los-paises\/#breadcrumb","itemListElement":[{"@type":"ListItem","position":1,"name":"Home","item":"https:\/\/interamerica.org\/es\/"},{"@type":"ListItem","position":2,"name":"La IAHFC cautiva a los visitantes de todos los pa\u00edses"}]},{"@type":"WebSite","@id":"https:\/\/interamerica.org\/es\/#website","url":"https:\/\/interamerica.org\/es\/","name":"Iglesia Adventista del S\u00e9ptimo D\u00eda - Divisi\u00f3n Interamericana","description":"","potentialAction":[{"@type":"SearchAction","target":{"@type":"EntryPoint","urlTemplate":"https:\/\/interamerica.org\/es\/?s={search_term_string}"},"query-input":{"@type":"PropertyValueSpecification","valueRequired":true,"valueName":"search_term_string"}}],"inLanguage":"es"},{"@type":"Person","@id":"https:\/\/interamerica.org\/es\/#\/schema\/person\/68ede8bdc292885bb76c1e3810e73c39","name":"Lorenzo Verduzco","image":{"@type":"ImageObject","inLanguage":"es","@id":"https:\/\/secure.gravatar.com\/avatar\/fb81a55b6218459490a9c1dc841a34909185b81904c5337b4b27f7a6fd60c49e?s=96&d=mm&r=g","url":"https:\/\/secure.gravatar.com\/avatar\/fb81a55b6218459490a9c1dc841a34909185b81904c5337b4b27f7a6fd60c49e?s=96&d=mm&r=g","contentUrl":"https:\/\/secure.gravatar.com\/avatar\/fb81a55b6218459490a9c1dc841a34909185b81904c5337b4b27f7a6fd60c49e?s=96&d=mm&r=g","caption":"Lorenzo Verduzco"}}]}},"_links":{"self":[{"href":"https:\/\/interamerica.org\/es\/wp-json\/wp\/v2\/posts\/11592","targetHints":{"allow":["GET"]}}],"collection":[{"href":"https:\/\/interamerica.org\/es\/wp-json\/wp\/v2\/posts"}],"about":[{"href":"https:\/\/interamerica.org\/es\/wp-json\/wp\/v2\/types\/post"}],"author":[{"embeddable":true,"href":"https:\/\/interamerica.org\/es\/wp-json\/wp\/v2\/users\/1"}],"replies":[{"embeddable":true,"href":"https:\/\/interamerica.org\/es\/wp-json\/wp\/v2\/comments?post=11592"}],"version-history":[{"count":0,"href":"https:\/\/interamerica.org\/es\/wp-json\/wp\/v2\/posts\/11592\/revisions"}],"wp:attachment":[{"href":"https:\/\/interamerica.org\/es\/wp-json\/wp\/v2\/media?parent=11592"}],"wp:term":[{"taxonomy":"category","embeddable":true,"href":"https:\/\/interamerica.org\/es\/wp-json\/wp\/v2\/categories?post=11592"},{"taxonomy":"post_tag","embeddable":true,"href":"https:\/\/interamerica.org\/es\/wp-json\/wp\/v2\/tags?post=11592"}],"curies":[{"name":"wp","href":"https:\/\/api.w.org\/{rel}","templated":true}]}}