{"id":11593,"date":"2010-06-26T00:00:00","date_gmt":"2010-06-26T04:00:00","guid":{"rendered":"http:\/\/192.81.217.108\/interamerica\/2010\/06\/victimas-del-derramamiento-de-aceite-en-el-golfo-son-recordados-en-el-servicio-de-adoracion\/"},"modified":"2017-06-02T08:59:37","modified_gmt":"2017-06-02T12:59:37","slug":"victimas-del-derramamiento-de-aceite-en-el-golfo-son-recordados-en-el-servicio-de-adoracion","status":"publish","type":"post","link":"https:\/\/interamerica.org\/es\/2010\/06\/victimas-del-derramamiento-de-aceite-en-el-golfo-son-recordados-en-el-servicio-de-adoracion\/","title":{"rendered":"V\u00edctimas del derramamiento de aceite en el Golfo son recordados en el servicio de adoraci\u00f3n"},"content":{"rendered":"<p>Atlanta, Georgia, Estados Unidos, 26 de junio de 2010&#8230; Stephen Ch\u00e1vez, Revista Adventista <\/p>\n<p>El servicio principal de adoraci\u00f3n durante el primer s\u00e1bado del congreso mundial de la Igiesla Adventista del S\u00e9ptimo D\u00eda incluy\u00f3 una expresi\u00f3n de apoyo en oraci\u00f3n por aquellos afectados por el continuo derramamiento de aceite de BP en el Golfo de M\u00e9xico. <\/p>\n<p>La demostraci\u00f3n p\u00fablica vino como una respuesta adventista a llamados a la oraci\u00f3n por parte de los gobernadores de cuatro de los estados que rodean el golfo: Louisiana, Alabama, Mississippi, y Texas. <\/p>\n<p>Bobby Jindal, gobernador de Louisiana, el estado m\u00e1s afectado por el desastre, expidi\u00f3 una proclamaci\u00f3n el jueves, declarando el domingo 27 de junio un \u00abD\u00eda de Oraci\u00f3n en todo el Estado\u00bb. <\/p>\n<p>En su propia declaraci\u00f3n, el gobernador de Texas Rick Perry dijo: \u00abQuiero urgir a los habitantes de Texas de todas las confesiones y tradiciones religiosas a ofrecer oraci\u00f3n ese d\u00eda por la sanidad de individuos, la reconstrucci\u00f3n de comunidades, y la restauraci\u00f3n de todo el ambiente de la costa del Golfo, despu\u00e9s de este desastre\u00bb. <\/p>\n<p>Cerca de 40.000 adventistas del s\u00e9ptimo d\u00eda reunidos en el Georgia Dome para el congreso de la Asociaci\u00f3n General esta ma\u00f1ana apartaron unos momentos durante el servicio de adoraci\u00f3n para que Lowell Cooper, uno de los vicepresidentes generales de la Iglesia Adventista a nivel mundial, orase por los afectados por la tragedia. <\/p>\n<p>En su oraci\u00f3n, Cooper dijo: \u00abDe manera especial, en este momento pensamos especialmente en aquellos cuyas vidas han sido marcadas tan profundamente por el hambre, la guerra y el desastre. Oramos por aquellos en este pa\u00eds cuyo sustento ha sido puesto en peligro por el derramamiento de aceite en el \u00e1rea del golfo. Que nuestra preocupaci\u00f3n y simpat\u00eda colectivas provoquen una respuesta que inspire esperanza y entregue ayuda a aquellos que sufren m\u00e1s\u00bb. <\/p>\n<p>La idea de llevar este asunto ante los adventistas reunidos en el Georgia Dome surgi\u00f3 el viernes 25 de junio por la ma\u00f1ana de parte de Jan Paulsen, presidente reci\u00e9n jubilado de la iglesia adventista mundial, durante el Comit\u00e9 Orientador en la ma\u00f1ana. En vista de los informes de los medios de comunicaci\u00f3n acerca de las proclamaciones hechas por varios gobernadores, Paulsen anim\u00f3 a los que estaban planeando el servicio de adoraci\u00f3n para que hiciesen de esto un asunto de oraci\u00f3n en el servicio de adoraci\u00f3n del s\u00e1bado por la ma\u00f1ana. <\/p>\n<p>\u00abLos gobernadores de estos estados han expedido un llamado a la oraci\u00f3n\u00bb, dijo Paulsen. \u00abLa oraci\u00f3n es parte de nuestras vidas. Necesitamos expresar solidaridad con aquellos que han sido afectados tan directamente por esta tragedia\u00bb. <\/p>\n","protected":false},"excerpt":{"rendered":"<p>El servicio principal de adoraci\u00f3n durante el primer s\u00e1bado del congreso mundial de la Igiesla Adventista del S\u00e9ptimo D\u00eda incluy\u00f3 una expresi\u00f3n de apoyo en oraci\u00f3n por aquellos afectados por el continuo d<\/p>\n","protected":false},"author":1,"featured_media":0,"comment_status":"closed","ping_status":"closed","sticky":false,"template":"","format":"standard","meta":{"_acf_changed":false,"footnotes":""},"categories":[8],"tags":[],"class_list":["post-11593","post","type-post","status-publish","format-standard","hentry","category-archivo"],"acf":[],"yoast_head":"<!-- This site is optimized with the Yoast SEO plugin v27.3 - https:\/\/yoast.com\/product\/yoast-seo-wordpress\/ -->\n<title>V\u00edctimas del derramamiento de aceite en el Golfo son recordados en el servicio de adoraci\u00f3n - Iglesia Adventista del S\u00e9ptimo D\u00eda - Divisi\u00f3n Interamericana<\/title>\n<meta name=\"robots\" content=\"index, follow, max-snippet:-1, max-image-preview:large, max-video-preview:-1\" \/>\n<link rel=\"canonical\" href=\"https:\/\/interamerica.org\/es\/2010\/06\/victimas-del-derramamiento-de-aceite-en-el-golfo-son-recordados-en-el-servicio-de-adoracion\/\" \/>\n<meta property=\"og:locale\" content=\"es_ES\" \/>\n<meta property=\"og:type\" content=\"article\" \/>\n<meta property=\"og:title\" content=\"V\u00edctimas del derramamiento de aceite en el Golfo son recordados en el servicio de adoraci\u00f3n - Iglesia Adventista del S\u00e9ptimo D\u00eda - Divisi\u00f3n Interamericana\" \/>\n<meta property=\"og:description\" content=\"El servicio principal de adoraci\u00f3n durante el primer s\u00e1bado del congreso mundial de la Igiesla Adventista del S\u00e9ptimo D\u00eda incluy\u00f3 una expresi\u00f3n de apoyo en oraci\u00f3n por aquellos afectados por el continuo d\" \/>\n<meta property=\"og:url\" content=\"https:\/\/interamerica.org\/es\/2010\/06\/victimas-del-derramamiento-de-aceite-en-el-golfo-son-recordados-en-el-servicio-de-adoracion\/\" \/>\n<meta property=\"og:site_name\" content=\"Iglesia Adventista del S\u00e9ptimo D\u00eda - Divisi\u00f3n Interamericana\" \/>\n<meta property=\"article:published_time\" content=\"2010-06-26T04:00:00+00:00\" \/>\n<meta property=\"article:modified_time\" content=\"2017-06-02T12:59:37+00:00\" \/>\n<meta name=\"author\" content=\"Lorenzo Verduzco\" \/>\n<meta name=\"twitter:card\" content=\"summary_large_image\" \/>\n<meta name=\"twitter:label1\" content=\"Escrito por\" \/>\n\t<meta name=\"twitter:data1\" content=\"Lorenzo Verduzco\" \/>\n\t<meta name=\"twitter:label2\" content=\"Tiempo de lectura\" \/>\n\t<meta name=\"twitter:data2\" content=\"2 minutos\" \/>\n<script type=\"application\/ld+json\" class=\"yoast-schema-graph\">{\"@context\":\"https:\\\/\\\/schema.org\",\"@graph\":[{\"@type\":\"Article\",\"@id\":\"https:\\\/\\\/interamerica.org\\\/es\\\/2010\\\/06\\\/victimas-del-derramamiento-de-aceite-en-el-golfo-son-recordados-en-el-servicio-de-adoracion\\\/#article\",\"isPartOf\":{\"@id\":\"https:\\\/\\\/interamerica.org\\\/es\\\/2010\\\/06\\\/victimas-del-derramamiento-de-aceite-en-el-golfo-son-recordados-en-el-servicio-de-adoracion\\\/\"},\"author\":{\"name\":\"Lorenzo Verduzco\",\"@id\":\"https:\\\/\\\/interamerica.org\\\/es\\\/#\\\/schema\\\/person\\\/68ede8bdc292885bb76c1e3810e73c39\"},\"headline\":\"V\u00edctimas del derramamiento de aceite en el Golfo son recordados en el servicio de adoraci\u00f3n\",\"datePublished\":\"2010-06-26T04:00:00+00:00\",\"dateModified\":\"2017-06-02T12:59:37+00:00\",\"mainEntityOfPage\":{\"@id\":\"https:\\\/\\\/interamerica.org\\\/es\\\/2010\\\/06\\\/victimas-del-derramamiento-de-aceite-en-el-golfo-son-recordados-en-el-servicio-de-adoracion\\\/\"},\"wordCount\":478,\"articleSection\":[\"Archivo\"],\"inLanguage\":\"es\"},{\"@type\":\"WebPage\",\"@id\":\"https:\\\/\\\/interamerica.org\\\/es\\\/2010\\\/06\\\/victimas-del-derramamiento-de-aceite-en-el-golfo-son-recordados-en-el-servicio-de-adoracion\\\/\",\"url\":\"https:\\\/\\\/interamerica.org\\\/es\\\/2010\\\/06\\\/victimas-del-derramamiento-de-aceite-en-el-golfo-son-recordados-en-el-servicio-de-adoracion\\\/\",\"name\":\"V\u00edctimas del derramamiento de aceite en el Golfo son recordados en el servicio de adoraci\u00f3n - Iglesia Adventista del S\u00e9ptimo D\u00eda - Divisi\u00f3n Interamericana\",\"isPartOf\":{\"@id\":\"https:\\\/\\\/interamerica.org\\\/es\\\/#website\"},\"datePublished\":\"2010-06-26T04:00:00+00:00\",\"dateModified\":\"2017-06-02T12:59:37+00:00\",\"author\":{\"@id\":\"https:\\\/\\\/interamerica.org\\\/es\\\/#\\\/schema\\\/person\\\/68ede8bdc292885bb76c1e3810e73c39\"},\"breadcrumb\":{\"@id\":\"https:\\\/\\\/interamerica.org\\\/es\\\/2010\\\/06\\\/victimas-del-derramamiento-de-aceite-en-el-golfo-son-recordados-en-el-servicio-de-adoracion\\\/#breadcrumb\"},\"inLanguage\":\"es\",\"potentialAction\":[{\"@type\":\"ReadAction\",\"target\":[\"https:\\\/\\\/interamerica.org\\\/es\\\/2010\\\/06\\\/victimas-del-derramamiento-de-aceite-en-el-golfo-son-recordados-en-el-servicio-de-adoracion\\\/\"]}]},{\"@type\":\"BreadcrumbList\",\"@id\":\"https:\\\/\\\/interamerica.org\\\/es\\\/2010\\\/06\\\/victimas-del-derramamiento-de-aceite-en-el-golfo-son-recordados-en-el-servicio-de-adoracion\\\/#breadcrumb\",\"itemListElement\":[{\"@type\":\"ListItem\",\"position\":1,\"name\":\"Home\",\"item\":\"https:\\\/\\\/interamerica.org\\\/es\\\/\"},{\"@type\":\"ListItem\",\"position\":2,\"name\":\"V\u00edctimas del derramamiento de aceite en el Golfo son recordados en el servicio de adoraci\u00f3n\"}]},{\"@type\":\"WebSite\",\"@id\":\"https:\\\/\\\/interamerica.org\\\/es\\\/#website\",\"url\":\"https:\\\/\\\/interamerica.org\\\/es\\\/\",\"name\":\"Iglesia Adventista del S\u00e9ptimo D\u00eda - Divisi\u00f3n Interamericana\",\"description\":\"\",\"potentialAction\":[{\"@type\":\"SearchAction\",\"target\":{\"@type\":\"EntryPoint\",\"urlTemplate\":\"https:\\\/\\\/interamerica.org\\\/es\\\/?s={search_term_string}\"},\"query-input\":{\"@type\":\"PropertyValueSpecification\",\"valueRequired\":true,\"valueName\":\"search_term_string\"}}],\"inLanguage\":\"es\"},{\"@type\":\"Person\",\"@id\":\"https:\\\/\\\/interamerica.org\\\/es\\\/#\\\/schema\\\/person\\\/68ede8bdc292885bb76c1e3810e73c39\",\"name\":\"Lorenzo Verduzco\",\"image\":{\"@type\":\"ImageObject\",\"inLanguage\":\"es\",\"@id\":\"https:\\\/\\\/secure.gravatar.com\\\/avatar\\\/fb81a55b6218459490a9c1dc841a34909185b81904c5337b4b27f7a6fd60c49e?s=96&d=mm&r=g\",\"url\":\"https:\\\/\\\/secure.gravatar.com\\\/avatar\\\/fb81a55b6218459490a9c1dc841a34909185b81904c5337b4b27f7a6fd60c49e?s=96&d=mm&r=g\",\"contentUrl\":\"https:\\\/\\\/secure.gravatar.com\\\/avatar\\\/fb81a55b6218459490a9c1dc841a34909185b81904c5337b4b27f7a6fd60c49e?s=96&d=mm&r=g\",\"caption\":\"Lorenzo Verduzco\"}}]}<\/script>\n<!-- \/ Yoast SEO plugin. -->","yoast_head_json":{"title":"V\u00edctimas del derramamiento de aceite en el Golfo son recordados en el servicio de adoraci\u00f3n - Iglesia Adventista del S\u00e9ptimo D\u00eda - Divisi\u00f3n Interamericana","robots":{"index":"index","follow":"follow","max-snippet":"max-snippet:-1","max-image-preview":"max-image-preview:large","max-video-preview":"max-video-preview:-1"},"canonical":"https:\/\/interamerica.org\/es\/2010\/06\/victimas-del-derramamiento-de-aceite-en-el-golfo-son-recordados-en-el-servicio-de-adoracion\/","og_locale":"es_ES","og_type":"article","og_title":"V\u00edctimas del derramamiento de aceite en el Golfo son recordados en el servicio de adoraci\u00f3n - Iglesia Adventista del S\u00e9ptimo D\u00eda - Divisi\u00f3n Interamericana","og_description":"El servicio principal de adoraci\u00f3n durante el primer s\u00e1bado del congreso mundial de la Igiesla Adventista del S\u00e9ptimo D\u00eda incluy\u00f3 una expresi\u00f3n de apoyo en oraci\u00f3n por aquellos afectados por el continuo d","og_url":"https:\/\/interamerica.org\/es\/2010\/06\/victimas-del-derramamiento-de-aceite-en-el-golfo-son-recordados-en-el-servicio-de-adoracion\/","og_site_name":"Iglesia Adventista del S\u00e9ptimo D\u00eda - Divisi\u00f3n Interamericana","article_published_time":"2010-06-26T04:00:00+00:00","article_modified_time":"2017-06-02T12:59:37+00:00","author":"Lorenzo Verduzco","twitter_card":"summary_large_image","twitter_misc":{"Escrito por":"Lorenzo Verduzco","Tiempo de lectura":"2 minutos"},"schema":{"@context":"https:\/\/schema.org","@graph":[{"@type":"Article","@id":"https:\/\/interamerica.org\/es\/2010\/06\/victimas-del-derramamiento-de-aceite-en-el-golfo-son-recordados-en-el-servicio-de-adoracion\/#article","isPartOf":{"@id":"https:\/\/interamerica.org\/es\/2010\/06\/victimas-del-derramamiento-de-aceite-en-el-golfo-son-recordados-en-el-servicio-de-adoracion\/"},"author":{"name":"Lorenzo Verduzco","@id":"https:\/\/interamerica.org\/es\/#\/schema\/person\/68ede8bdc292885bb76c1e3810e73c39"},"headline":"V\u00edctimas del derramamiento de aceite en el Golfo son recordados en el servicio de adoraci\u00f3n","datePublished":"2010-06-26T04:00:00+00:00","dateModified":"2017-06-02T12:59:37+00:00","mainEntityOfPage":{"@id":"https:\/\/interamerica.org\/es\/2010\/06\/victimas-del-derramamiento-de-aceite-en-el-golfo-son-recordados-en-el-servicio-de-adoracion\/"},"wordCount":478,"articleSection":["Archivo"],"inLanguage":"es"},{"@type":"WebPage","@id":"https:\/\/interamerica.org\/es\/2010\/06\/victimas-del-derramamiento-de-aceite-en-el-golfo-son-recordados-en-el-servicio-de-adoracion\/","url":"https:\/\/interamerica.org\/es\/2010\/06\/victimas-del-derramamiento-de-aceite-en-el-golfo-son-recordados-en-el-servicio-de-adoracion\/","name":"V\u00edctimas del derramamiento de aceite en el Golfo son recordados en el servicio de adoraci\u00f3n - Iglesia Adventista del S\u00e9ptimo D\u00eda - Divisi\u00f3n Interamericana","isPartOf":{"@id":"https:\/\/interamerica.org\/es\/#website"},"datePublished":"2010-06-26T04:00:00+00:00","dateModified":"2017-06-02T12:59:37+00:00","author":{"@id":"https:\/\/interamerica.org\/es\/#\/schema\/person\/68ede8bdc292885bb76c1e3810e73c39"},"breadcrumb":{"@id":"https:\/\/interamerica.org\/es\/2010\/06\/victimas-del-derramamiento-de-aceite-en-el-golfo-son-recordados-en-el-servicio-de-adoracion\/#breadcrumb"},"inLanguage":"es","potentialAction":[{"@type":"ReadAction","target":["https:\/\/interamerica.org\/es\/2010\/06\/victimas-del-derramamiento-de-aceite-en-el-golfo-son-recordados-en-el-servicio-de-adoracion\/"]}]},{"@type":"BreadcrumbList","@id":"https:\/\/interamerica.org\/es\/2010\/06\/victimas-del-derramamiento-de-aceite-en-el-golfo-son-recordados-en-el-servicio-de-adoracion\/#breadcrumb","itemListElement":[{"@type":"ListItem","position":1,"name":"Home","item":"https:\/\/interamerica.org\/es\/"},{"@type":"ListItem","position":2,"name":"V\u00edctimas del derramamiento de aceite en el Golfo son recordados en el servicio de adoraci\u00f3n"}]},{"@type":"WebSite","@id":"https:\/\/interamerica.org\/es\/#website","url":"https:\/\/interamerica.org\/es\/","name":"Iglesia Adventista del S\u00e9ptimo D\u00eda - Divisi\u00f3n Interamericana","description":"","potentialAction":[{"@type":"SearchAction","target":{"@type":"EntryPoint","urlTemplate":"https:\/\/interamerica.org\/es\/?s={search_term_string}"},"query-input":{"@type":"PropertyValueSpecification","valueRequired":true,"valueName":"search_term_string"}}],"inLanguage":"es"},{"@type":"Person","@id":"https:\/\/interamerica.org\/es\/#\/schema\/person\/68ede8bdc292885bb76c1e3810e73c39","name":"Lorenzo Verduzco","image":{"@type":"ImageObject","inLanguage":"es","@id":"https:\/\/secure.gravatar.com\/avatar\/fb81a55b6218459490a9c1dc841a34909185b81904c5337b4b27f7a6fd60c49e?s=96&d=mm&r=g","url":"https:\/\/secure.gravatar.com\/avatar\/fb81a55b6218459490a9c1dc841a34909185b81904c5337b4b27f7a6fd60c49e?s=96&d=mm&r=g","contentUrl":"https:\/\/secure.gravatar.com\/avatar\/fb81a55b6218459490a9c1dc841a34909185b81904c5337b4b27f7a6fd60c49e?s=96&d=mm&r=g","caption":"Lorenzo Verduzco"}}]}},"_links":{"self":[{"href":"https:\/\/interamerica.org\/es\/wp-json\/wp\/v2\/posts\/11593","targetHints":{"allow":["GET"]}}],"collection":[{"href":"https:\/\/interamerica.org\/es\/wp-json\/wp\/v2\/posts"}],"about":[{"href":"https:\/\/interamerica.org\/es\/wp-json\/wp\/v2\/types\/post"}],"author":[{"embeddable":true,"href":"https:\/\/interamerica.org\/es\/wp-json\/wp\/v2\/users\/1"}],"replies":[{"embeddable":true,"href":"https:\/\/interamerica.org\/es\/wp-json\/wp\/v2\/comments?post=11593"}],"version-history":[{"count":0,"href":"https:\/\/interamerica.org\/es\/wp-json\/wp\/v2\/posts\/11593\/revisions"}],"wp:attachment":[{"href":"https:\/\/interamerica.org\/es\/wp-json\/wp\/v2\/media?parent=11593"}],"wp:term":[{"taxonomy":"category","embeddable":true,"href":"https:\/\/interamerica.org\/es\/wp-json\/wp\/v2\/categories?post=11593"},{"taxonomy":"post_tag","embeddable":true,"href":"https:\/\/interamerica.org\/es\/wp-json\/wp\/v2\/tags?post=11593"}],"curies":[{"name":"wp","href":"https:\/\/api.w.org\/{rel}","templated":true}]}}