{"id":11594,"date":"2010-06-25T00:00:00","date_gmt":"2010-06-25T04:00:00","guid":{"rendered":"http:\/\/192.81.217.108\/interamerica\/2010\/06\/saludos-desde-tierras-lejanas-para-los-jovenes-en-interamerica\/"},"modified":"2017-06-02T08:59:44","modified_gmt":"2017-06-02T12:59:44","slug":"saludos-desde-tierras-lejanas-para-los-jovenes-en-interamerica","status":"publish","type":"post","link":"https:\/\/interamerica.org\/es\/2010\/06\/saludos-desde-tierras-lejanas-para-los-jovenes-en-interamerica\/","title":{"rendered":"Saludos desde tierras lejanas para los j\u00f3venes en Interam\u00e9rica"},"content":{"rendered":"<p>June 25, 2010 &#8211; Atlanta, Georgia, United States&#8230;[Lizbeth Elejalde\/DIA] <\/p>\n<p>Aun cuando las millas los separan, un s\u00f3lo prop\u00f3sito les une. <\/p>\n<p>Miles de adventistas del s\u00e9ptimo d\u00eda provenientes de diferentes pa\u00edses y culturas alrededor del mundo se han congregado en el congreso n\u00famero 59 en el congreso de la Asociaci\u00f3n General en Atlanta, Georgia, unidos por un lazo singular: su fe en Cristo y el deseo de continuar la obra de la salvaci\u00f3n. <\/p>\n<p>Kwon Young Sook y Chun Eun Kyung pertenecen a la Iglesia Adventista en Korea. Ellos vinieron para buscar j\u00f3venes provenientes de otras partes del mundo para conectarse. <\/p>\n<p>Ellos dijeron que pastores y grupos misioneros de su divisi\u00f3n est\u00e1n siendo enviados para organizar iglesias en otros pa\u00edses como Jap\u00f3n, China, Mongolia y Taiw\u00e1n, entre otros. <\/p>\n<p>\u00abSabemos que Interam\u00e9rica ha sido una de las divisiones que ha mostrado r\u00e1pido crecimiento, y eso nos alegra much\u00edsimo\u00bb, dijeron elos. \u00abEllos est\u00e1n haciendo un buen trabajo, y estamos orgullosos de que ellos sean nuestros hermanos y hermanas\u00bb. <\/p>\n<p>Daniel Cane Alkan, de 15 a\u00f1os de edad, es de la Iglesia Adventista de Esmirna en Turqu\u00eda. El trabaja con su padre Kemal Alkan haciendo proyectos de evangelismo y organizando grupos tur\u00edsticos a lugares b\u00edblicos como Grecia, Israel, Siria, Jordania y El L\u00edbano. <\/p>\n<p>\u00abHemos estado trabajando con nuestras familias de modo que m\u00e1s personas puedan saber m\u00e1s del gozo de vivir una vida cristiana\u00bb, dijeron ellos. \u00abSabemos que cada persona en sus pa\u00edses han hecho los mismos esfuerzos\u00bb. <\/p>\n<p>\u00abLes invitamos a averiguar acerca de nuestros proyectos e invitarlos a nuestro pa\u00eds\u00bb, dijo Alkan. \u00abLes deseamos fortaleza para continuar la obra que ha sido confiada a nosotros\u00bb. <\/p><\/p>\n","protected":false},"excerpt":{"rendered":"<p>Aun cuando las millas los separan, un s\u00f3lo prop\u00f3sito les une.<\/p>\n","protected":false},"author":1,"featured_media":0,"comment_status":"closed","ping_status":"closed","sticky":false,"template":"","format":"standard","meta":{"_acf_changed":false,"footnotes":""},"categories":[8],"tags":[],"class_list":["post-11594","post","type-post","status-publish","format-standard","hentry","category-archivo"],"acf":[],"yoast_head":"<!-- This site is optimized with the Yoast SEO plugin v27.3 - https:\/\/yoast.com\/product\/yoast-seo-wordpress\/ -->\n<title>Saludos desde tierras lejanas para los j\u00f3venes en Interam\u00e9rica - Iglesia Adventista del S\u00e9ptimo D\u00eda - Divisi\u00f3n Interamericana<\/title>\n<meta name=\"robots\" content=\"index, follow, max-snippet:-1, max-image-preview:large, max-video-preview:-1\" \/>\n<link rel=\"canonical\" href=\"https:\/\/interamerica.org\/es\/2010\/06\/saludos-desde-tierras-lejanas-para-los-jovenes-en-interamerica\/\" \/>\n<meta property=\"og:locale\" content=\"es_ES\" \/>\n<meta property=\"og:type\" content=\"article\" \/>\n<meta property=\"og:title\" content=\"Saludos desde tierras lejanas para los j\u00f3venes en Interam\u00e9rica - Iglesia Adventista del S\u00e9ptimo D\u00eda - Divisi\u00f3n Interamericana\" \/>\n<meta property=\"og:description\" content=\"Aun cuando las millas los separan, un s\u00f3lo prop\u00f3sito les une.\" \/>\n<meta property=\"og:url\" content=\"https:\/\/interamerica.org\/es\/2010\/06\/saludos-desde-tierras-lejanas-para-los-jovenes-en-interamerica\/\" \/>\n<meta property=\"og:site_name\" content=\"Iglesia Adventista del S\u00e9ptimo D\u00eda - Divisi\u00f3n Interamericana\" \/>\n<meta property=\"article:published_time\" content=\"2010-06-25T04:00:00+00:00\" \/>\n<meta property=\"article:modified_time\" content=\"2017-06-02T12:59:44+00:00\" \/>\n<meta name=\"author\" content=\"Lorenzo Verduzco\" \/>\n<meta name=\"twitter:card\" content=\"summary_large_image\" \/>\n<meta name=\"twitter:label1\" content=\"Escrito por\" \/>\n\t<meta name=\"twitter:data1\" content=\"Lorenzo Verduzco\" \/>\n\t<meta name=\"twitter:label2\" content=\"Tiempo de lectura\" \/>\n\t<meta name=\"twitter:data2\" content=\"1 minuto\" \/>\n<script type=\"application\/ld+json\" class=\"yoast-schema-graph\">{\"@context\":\"https:\\\/\\\/schema.org\",\"@graph\":[{\"@type\":\"Article\",\"@id\":\"https:\\\/\\\/interamerica.org\\\/es\\\/2010\\\/06\\\/saludos-desde-tierras-lejanas-para-los-jovenes-en-interamerica\\\/#article\",\"isPartOf\":{\"@id\":\"https:\\\/\\\/interamerica.org\\\/es\\\/2010\\\/06\\\/saludos-desde-tierras-lejanas-para-los-jovenes-en-interamerica\\\/\"},\"author\":{\"name\":\"Lorenzo Verduzco\",\"@id\":\"https:\\\/\\\/interamerica.org\\\/es\\\/#\\\/schema\\\/person\\\/68ede8bdc292885bb76c1e3810e73c39\"},\"headline\":\"Saludos desde tierras lejanas para los j\u00f3venes en Interam\u00e9rica\",\"datePublished\":\"2010-06-25T04:00:00+00:00\",\"dateModified\":\"2017-06-02T12:59:44+00:00\",\"mainEntityOfPage\":{\"@id\":\"https:\\\/\\\/interamerica.org\\\/es\\\/2010\\\/06\\\/saludos-desde-tierras-lejanas-para-los-jovenes-en-interamerica\\\/\"},\"wordCount\":306,\"articleSection\":[\"Archivo\"],\"inLanguage\":\"es\"},{\"@type\":\"WebPage\",\"@id\":\"https:\\\/\\\/interamerica.org\\\/es\\\/2010\\\/06\\\/saludos-desde-tierras-lejanas-para-los-jovenes-en-interamerica\\\/\",\"url\":\"https:\\\/\\\/interamerica.org\\\/es\\\/2010\\\/06\\\/saludos-desde-tierras-lejanas-para-los-jovenes-en-interamerica\\\/\",\"name\":\"Saludos desde tierras lejanas para los j\u00f3venes en Interam\u00e9rica - Iglesia Adventista del S\u00e9ptimo D\u00eda - Divisi\u00f3n Interamericana\",\"isPartOf\":{\"@id\":\"https:\\\/\\\/interamerica.org\\\/es\\\/#website\"},\"datePublished\":\"2010-06-25T04:00:00+00:00\",\"dateModified\":\"2017-06-02T12:59:44+00:00\",\"author\":{\"@id\":\"https:\\\/\\\/interamerica.org\\\/es\\\/#\\\/schema\\\/person\\\/68ede8bdc292885bb76c1e3810e73c39\"},\"breadcrumb\":{\"@id\":\"https:\\\/\\\/interamerica.org\\\/es\\\/2010\\\/06\\\/saludos-desde-tierras-lejanas-para-los-jovenes-en-interamerica\\\/#breadcrumb\"},\"inLanguage\":\"es\",\"potentialAction\":[{\"@type\":\"ReadAction\",\"target\":[\"https:\\\/\\\/interamerica.org\\\/es\\\/2010\\\/06\\\/saludos-desde-tierras-lejanas-para-los-jovenes-en-interamerica\\\/\"]}]},{\"@type\":\"BreadcrumbList\",\"@id\":\"https:\\\/\\\/interamerica.org\\\/es\\\/2010\\\/06\\\/saludos-desde-tierras-lejanas-para-los-jovenes-en-interamerica\\\/#breadcrumb\",\"itemListElement\":[{\"@type\":\"ListItem\",\"position\":1,\"name\":\"Home\",\"item\":\"https:\\\/\\\/interamerica.org\\\/es\\\/\"},{\"@type\":\"ListItem\",\"position\":2,\"name\":\"Saludos desde tierras lejanas para los j\u00f3venes en Interam\u00e9rica\"}]},{\"@type\":\"WebSite\",\"@id\":\"https:\\\/\\\/interamerica.org\\\/es\\\/#website\",\"url\":\"https:\\\/\\\/interamerica.org\\\/es\\\/\",\"name\":\"Iglesia Adventista del S\u00e9ptimo D\u00eda - Divisi\u00f3n Interamericana\",\"description\":\"\",\"potentialAction\":[{\"@type\":\"SearchAction\",\"target\":{\"@type\":\"EntryPoint\",\"urlTemplate\":\"https:\\\/\\\/interamerica.org\\\/es\\\/?s={search_term_string}\"},\"query-input\":{\"@type\":\"PropertyValueSpecification\",\"valueRequired\":true,\"valueName\":\"search_term_string\"}}],\"inLanguage\":\"es\"},{\"@type\":\"Person\",\"@id\":\"https:\\\/\\\/interamerica.org\\\/es\\\/#\\\/schema\\\/person\\\/68ede8bdc292885bb76c1e3810e73c39\",\"name\":\"Lorenzo Verduzco\",\"image\":{\"@type\":\"ImageObject\",\"inLanguage\":\"es\",\"@id\":\"https:\\\/\\\/secure.gravatar.com\\\/avatar\\\/fb81a55b6218459490a9c1dc841a34909185b81904c5337b4b27f7a6fd60c49e?s=96&d=mm&r=g\",\"url\":\"https:\\\/\\\/secure.gravatar.com\\\/avatar\\\/fb81a55b6218459490a9c1dc841a34909185b81904c5337b4b27f7a6fd60c49e?s=96&d=mm&r=g\",\"contentUrl\":\"https:\\\/\\\/secure.gravatar.com\\\/avatar\\\/fb81a55b6218459490a9c1dc841a34909185b81904c5337b4b27f7a6fd60c49e?s=96&d=mm&r=g\",\"caption\":\"Lorenzo Verduzco\"}}]}<\/script>\n<!-- \/ Yoast SEO plugin. -->","yoast_head_json":{"title":"Saludos desde tierras lejanas para los j\u00f3venes en Interam\u00e9rica - Iglesia Adventista del S\u00e9ptimo D\u00eda - Divisi\u00f3n Interamericana","robots":{"index":"index","follow":"follow","max-snippet":"max-snippet:-1","max-image-preview":"max-image-preview:large","max-video-preview":"max-video-preview:-1"},"canonical":"https:\/\/interamerica.org\/es\/2010\/06\/saludos-desde-tierras-lejanas-para-los-jovenes-en-interamerica\/","og_locale":"es_ES","og_type":"article","og_title":"Saludos desde tierras lejanas para los j\u00f3venes en Interam\u00e9rica - Iglesia Adventista del S\u00e9ptimo D\u00eda - Divisi\u00f3n Interamericana","og_description":"Aun cuando las millas los separan, un s\u00f3lo prop\u00f3sito les une.","og_url":"https:\/\/interamerica.org\/es\/2010\/06\/saludos-desde-tierras-lejanas-para-los-jovenes-en-interamerica\/","og_site_name":"Iglesia Adventista del S\u00e9ptimo D\u00eda - Divisi\u00f3n Interamericana","article_published_time":"2010-06-25T04:00:00+00:00","article_modified_time":"2017-06-02T12:59:44+00:00","author":"Lorenzo Verduzco","twitter_card":"summary_large_image","twitter_misc":{"Escrito por":"Lorenzo Verduzco","Tiempo de lectura":"1 minuto"},"schema":{"@context":"https:\/\/schema.org","@graph":[{"@type":"Article","@id":"https:\/\/interamerica.org\/es\/2010\/06\/saludos-desde-tierras-lejanas-para-los-jovenes-en-interamerica\/#article","isPartOf":{"@id":"https:\/\/interamerica.org\/es\/2010\/06\/saludos-desde-tierras-lejanas-para-los-jovenes-en-interamerica\/"},"author":{"name":"Lorenzo Verduzco","@id":"https:\/\/interamerica.org\/es\/#\/schema\/person\/68ede8bdc292885bb76c1e3810e73c39"},"headline":"Saludos desde tierras lejanas para los j\u00f3venes en Interam\u00e9rica","datePublished":"2010-06-25T04:00:00+00:00","dateModified":"2017-06-02T12:59:44+00:00","mainEntityOfPage":{"@id":"https:\/\/interamerica.org\/es\/2010\/06\/saludos-desde-tierras-lejanas-para-los-jovenes-en-interamerica\/"},"wordCount":306,"articleSection":["Archivo"],"inLanguage":"es"},{"@type":"WebPage","@id":"https:\/\/interamerica.org\/es\/2010\/06\/saludos-desde-tierras-lejanas-para-los-jovenes-en-interamerica\/","url":"https:\/\/interamerica.org\/es\/2010\/06\/saludos-desde-tierras-lejanas-para-los-jovenes-en-interamerica\/","name":"Saludos desde tierras lejanas para los j\u00f3venes en Interam\u00e9rica - Iglesia Adventista del S\u00e9ptimo D\u00eda - Divisi\u00f3n Interamericana","isPartOf":{"@id":"https:\/\/interamerica.org\/es\/#website"},"datePublished":"2010-06-25T04:00:00+00:00","dateModified":"2017-06-02T12:59:44+00:00","author":{"@id":"https:\/\/interamerica.org\/es\/#\/schema\/person\/68ede8bdc292885bb76c1e3810e73c39"},"breadcrumb":{"@id":"https:\/\/interamerica.org\/es\/2010\/06\/saludos-desde-tierras-lejanas-para-los-jovenes-en-interamerica\/#breadcrumb"},"inLanguage":"es","potentialAction":[{"@type":"ReadAction","target":["https:\/\/interamerica.org\/es\/2010\/06\/saludos-desde-tierras-lejanas-para-los-jovenes-en-interamerica\/"]}]},{"@type":"BreadcrumbList","@id":"https:\/\/interamerica.org\/es\/2010\/06\/saludos-desde-tierras-lejanas-para-los-jovenes-en-interamerica\/#breadcrumb","itemListElement":[{"@type":"ListItem","position":1,"name":"Home","item":"https:\/\/interamerica.org\/es\/"},{"@type":"ListItem","position":2,"name":"Saludos desde tierras lejanas para los j\u00f3venes en Interam\u00e9rica"}]},{"@type":"WebSite","@id":"https:\/\/interamerica.org\/es\/#website","url":"https:\/\/interamerica.org\/es\/","name":"Iglesia Adventista del S\u00e9ptimo D\u00eda - Divisi\u00f3n Interamericana","description":"","potentialAction":[{"@type":"SearchAction","target":{"@type":"EntryPoint","urlTemplate":"https:\/\/interamerica.org\/es\/?s={search_term_string}"},"query-input":{"@type":"PropertyValueSpecification","valueRequired":true,"valueName":"search_term_string"}}],"inLanguage":"es"},{"@type":"Person","@id":"https:\/\/interamerica.org\/es\/#\/schema\/person\/68ede8bdc292885bb76c1e3810e73c39","name":"Lorenzo Verduzco","image":{"@type":"ImageObject","inLanguage":"es","@id":"https:\/\/secure.gravatar.com\/avatar\/fb81a55b6218459490a9c1dc841a34909185b81904c5337b4b27f7a6fd60c49e?s=96&d=mm&r=g","url":"https:\/\/secure.gravatar.com\/avatar\/fb81a55b6218459490a9c1dc841a34909185b81904c5337b4b27f7a6fd60c49e?s=96&d=mm&r=g","contentUrl":"https:\/\/secure.gravatar.com\/avatar\/fb81a55b6218459490a9c1dc841a34909185b81904c5337b4b27f7a6fd60c49e?s=96&d=mm&r=g","caption":"Lorenzo Verduzco"}}]}},"_links":{"self":[{"href":"https:\/\/interamerica.org\/es\/wp-json\/wp\/v2\/posts\/11594","targetHints":{"allow":["GET"]}}],"collection":[{"href":"https:\/\/interamerica.org\/es\/wp-json\/wp\/v2\/posts"}],"about":[{"href":"https:\/\/interamerica.org\/es\/wp-json\/wp\/v2\/types\/post"}],"author":[{"embeddable":true,"href":"https:\/\/interamerica.org\/es\/wp-json\/wp\/v2\/users\/1"}],"replies":[{"embeddable":true,"href":"https:\/\/interamerica.org\/es\/wp-json\/wp\/v2\/comments?post=11594"}],"version-history":[{"count":0,"href":"https:\/\/interamerica.org\/es\/wp-json\/wp\/v2\/posts\/11594\/revisions"}],"wp:attachment":[{"href":"https:\/\/interamerica.org\/es\/wp-json\/wp\/v2\/media?parent=11594"}],"wp:term":[{"taxonomy":"category","embeddable":true,"href":"https:\/\/interamerica.org\/es\/wp-json\/wp\/v2\/categories?post=11594"},{"taxonomy":"post_tag","embeddable":true,"href":"https:\/\/interamerica.org\/es\/wp-json\/wp\/v2\/tags?post=11594"}],"curies":[{"name":"wp","href":"https:\/\/api.w.org\/{rel}","templated":true}]}}