{"id":11595,"date":"2010-06-26T00:00:00","date_gmt":"2010-06-26T04:00:00","guid":{"rendered":"http:\/\/192.81.217.108\/interamerica\/2010\/06\/sudafrica-y-norteamerica-presentan-al-congreso-informes-de-cinco-anos\/"},"modified":"2017-06-02T08:59:38","modified_gmt":"2017-06-02T12:59:38","slug":"sudafrica-y-norteamerica-presentan-al-congreso-informes-de-cinco-anos","status":"publish","type":"post","link":"https:\/\/interamerica.org\/es\/2010\/06\/sudafrica-y-norteamerica-presentan-al-congreso-informes-de-cinco-anos\/","title":{"rendered":"Sud\u00e1frica y Norteam\u00e9rica presentan al congreso informes de cinco a\u00f1os"},"content":{"rendered":"<p>Atlanta, Georgia, Estados Unidos, 26 de junio de 2010&#8230; Edwin Manuel Garc\u00eda\/ANN <\/p>\n<p>Las campa\u00f1as evangel\u00edsticas adventistas del s\u00e9ptimo d\u00eda normalmente atraen a decenas de miles de adoradores a los estadios en Sud\u00e1frica, donde la feligres\u00eda de la iglesia ha crecido hasta 2,5 millones de miembros. <\/p>\n<p>Y en norteam\u00e9rica, la feligres\u00eda de la iglesia ha crecido hasta una altura r\u00e9cord de m\u00e1s de un mill\u00f3n, incluyendo cerca de 50.000 personas bautizadas en 2009. <\/p>\n<p>Esos fueron los asuntos sobresalientes de los informes formales presentados por el presidente de la regi\u00f3n de Africa del Sur y el Oceano Indico, Paul S. Ratsara, el presidente de la regi\u00f3n norteamericana Don Schneider, y otros l\u00edderes de ambas regiones en el congreso de la Asociaci\u00f3n General en la noche del s\u00e1bado. <\/p>\n<p>En Sud\u00e1frica, muchos de los miembros reci\u00e9n bautizados reciben entrenamiento formal en evangelismo, mientras otros se unen a esfuerzos abarcantes para enfrentar necesidades cr\u00edticas, tales como ayudar a menores de edad cuyos padres han muerto de VIH\/SIDA. <\/p>\n<p>Ratsara abri\u00f3 el informe desde el podio, en pie con docenas de miembros de la regi\u00f3n, que cubre 23 pa\u00edses, incluyendo Angola, Sud\u00e1frica y Madagascar. <\/p>\n<p>Muchos sosten\u00edan un cuerno pl\u00e1stico largo llamado vuvuzela, un instrumento nacional extremadamente popular con los aficionados en Sud\u00e1frica en los juegos de f\u00fatbol de la Copa Mundial 2010, donde los equipos se han quejado respecto al ruido, que suena como el sonido de un mont\u00f3n de abejas. <\/p>\n<p>\u00abEste es el tambor en Africa para el siglo XXI\u00bb, dijo Ratsara a los varios miles presentes en el Georgia Dome, antes de que la delegaci\u00f3n hiciese sonar los cuernos. <\/p>\n<p>El informe en v\u00eddeo con una duraci\u00f3n de 20 minutos se enfoc\u00f3 fuertemente en esfuerzos evangel\u00edsticos, una explosi\u00f3n en la construcci\u00f3n de iglesias, escuelas, universidades, hospitales y centros de medios de comunicaci\u00f3n, as\u00ed como lainfluencia positiva que la iglesia est\u00e1 teniendo en el continente. <\/p>\n<p>Un segmento resalt\u00f3 el programa \u00abPescadores de Hombres\u00bb en Zambia, una campa\u00f1a evangel\u00edstica que entren\u00f3 a 3.000 nuevos miembros a compartir su fe el d\u00eda despu\u00e9s de ser bautizados. El programa ha sido implementado en diversos pa\u00edses, ayudando a impulsar el \u00e1rea para convertirse en la regi\u00f3n de m\u00e1s r\u00e1pido crecimiento entre las 13 regiones mundiales. <\/p>\n<p>La presentaci\u00f3n en v\u00eddeo de la regi\u00f3n norteamericana inici\u00f3 con una escena que presentaba al movimiento adventista desde 1844 y los or\u00edgenes de la Iglesia Adventista del S\u00e9ptimo D\u00eda, entonces en r\u00e1pido crecimiento. <\/p>\n<p>Algunas de las escenas filmadas en tono sepia mostraban un sal\u00f3n de conferencia donde los primeros l\u00edderes hablaban acerca del crecimiento de la iglesia&#8211;entonces las c\u00e1maras hicieron un cambio hacia un moderno sal\u00f3n de conferencias donde los l\u00edderes de la actualidad recitaban con satisfacci\u00f3n estad\u00edsticas claves para demostrar el crecimiento de la iglesia, tales como: <\/p>\n<p>&#8211; 200.000 bautismos en los pasados cinco a\u00f1os<br  \/>&#8211; M\u00e1s de 300 instalaciones m\u00e9dicas<br  \/>&#8211; 109 academias, 15 instituciones universitarias, m\u00e1s de 750 escuelas primarias, y cerca de 400 centros de ni\u00f1ez temprana. <\/p>\n<p>\u00abLa educaci\u00f3n adventista es evangelismo\u00bb, declar\u00f3 Larry Blackmer, vicepresidente de educaci\u00f3n en la regi\u00f3n. <\/p>\n<p>El v\u00eddeo tambi\u00e9n present\u00f3 esfuerzos evangel\u00edsticos en los Estados Unidos y Canad\u00e1 en nombre de Ministerio de la Mujer, el Departamento de J\u00f3venes, Servicios Comunitarios, y Ministerios de Medios de Comunicaci\u00f3n Adventistas, entre otros departamentos. <\/p>\n<p>Tambi\u00e9n se cuenta la historia de Judith Miranda, miembro de la iglesia en California del Sur, quien &#8211;junto con un amigo, toc\u00f3 en miles de puertas en la elegante ciudad de Malib\u00fa, como parte de su esfuerzo de evangelismo personal. <\/p>\n<p>El resultado del esfuerzo fue satisfactorio: el verano de 2008 fue testigo de la inauguraci\u00f3n de los servicios de Malibu Seventh-day Adventist Fellowship. <\/p>\n","protected":false},"excerpt":{"rendered":"<p>Las campa\u00f1as evangel\u00edsticas adventistas del s\u00e9ptimo d\u00eda normalmente atraen a decenas de miles de adoradores a los estadios en Sud\u00e1frica, donde la feligres\u00eda de la iglesia ha crecido hasta 2,5 millones de miembro<\/p>\n","protected":false},"author":1,"featured_media":0,"comment_status":"closed","ping_status":"closed","sticky":false,"template":"","format":"standard","meta":{"_acf_changed":false,"footnotes":""},"categories":[8],"tags":[],"class_list":["post-11595","post","type-post","status-publish","format-standard","hentry","category-archivo"],"acf":[],"yoast_head":"<!-- This site is optimized with the Yoast SEO plugin v27.3 - https:\/\/yoast.com\/product\/yoast-seo-wordpress\/ -->\n<title>Sud\u00e1frica y Norteam\u00e9rica presentan al congreso informes de cinco a\u00f1os - Iglesia Adventista del S\u00e9ptimo D\u00eda - Divisi\u00f3n Interamericana<\/title>\n<meta name=\"robots\" content=\"index, follow, max-snippet:-1, max-image-preview:large, max-video-preview:-1\" \/>\n<link rel=\"canonical\" href=\"https:\/\/interamerica.org\/es\/2010\/06\/sudafrica-y-norteamerica-presentan-al-congreso-informes-de-cinco-anos\/\" \/>\n<meta property=\"og:locale\" content=\"es_ES\" \/>\n<meta property=\"og:type\" content=\"article\" \/>\n<meta property=\"og:title\" content=\"Sud\u00e1frica y Norteam\u00e9rica presentan al congreso informes de cinco a\u00f1os - Iglesia Adventista del S\u00e9ptimo D\u00eda - Divisi\u00f3n Interamericana\" \/>\n<meta property=\"og:description\" content=\"Las campa\u00f1as evangel\u00edsticas adventistas del s\u00e9ptimo d\u00eda normalmente atraen a decenas de miles de adoradores a los estadios en Sud\u00e1frica, donde la feligres\u00eda de la iglesia ha crecido hasta 2,5 millones de miembro\" \/>\n<meta property=\"og:url\" content=\"https:\/\/interamerica.org\/es\/2010\/06\/sudafrica-y-norteamerica-presentan-al-congreso-informes-de-cinco-anos\/\" \/>\n<meta property=\"og:site_name\" content=\"Iglesia Adventista del S\u00e9ptimo D\u00eda - Divisi\u00f3n Interamericana\" \/>\n<meta property=\"article:published_time\" content=\"2010-06-26T04:00:00+00:00\" \/>\n<meta property=\"article:modified_time\" content=\"2017-06-02T12:59:38+00:00\" \/>\n<meta name=\"author\" content=\"Lorenzo Verduzco\" \/>\n<meta name=\"twitter:card\" content=\"summary_large_image\" \/>\n<meta name=\"twitter:label1\" content=\"Escrito por\" \/>\n\t<meta name=\"twitter:data1\" content=\"Lorenzo Verduzco\" \/>\n\t<meta name=\"twitter:label2\" content=\"Tiempo de lectura\" \/>\n\t<meta name=\"twitter:data2\" content=\"3 minutos\" \/>\n<script type=\"application\/ld+json\" class=\"yoast-schema-graph\">{\"@context\":\"https:\\\/\\\/schema.org\",\"@graph\":[{\"@type\":\"Article\",\"@id\":\"https:\\\/\\\/interamerica.org\\\/es\\\/2010\\\/06\\\/sudafrica-y-norteamerica-presentan-al-congreso-informes-de-cinco-anos\\\/#article\",\"isPartOf\":{\"@id\":\"https:\\\/\\\/interamerica.org\\\/es\\\/2010\\\/06\\\/sudafrica-y-norteamerica-presentan-al-congreso-informes-de-cinco-anos\\\/\"},\"author\":{\"name\":\"Lorenzo Verduzco\",\"@id\":\"https:\\\/\\\/interamerica.org\\\/es\\\/#\\\/schema\\\/person\\\/68ede8bdc292885bb76c1e3810e73c39\"},\"headline\":\"Sud\u00e1frica y Norteam\u00e9rica presentan al congreso informes de cinco a\u00f1os\",\"datePublished\":\"2010-06-26T04:00:00+00:00\",\"dateModified\":\"2017-06-02T12:59:38+00:00\",\"mainEntityOfPage\":{\"@id\":\"https:\\\/\\\/interamerica.org\\\/es\\\/2010\\\/06\\\/sudafrica-y-norteamerica-presentan-al-congreso-informes-de-cinco-anos\\\/\"},\"wordCount\":664,\"articleSection\":[\"Archivo\"],\"inLanguage\":\"es\"},{\"@type\":\"WebPage\",\"@id\":\"https:\\\/\\\/interamerica.org\\\/es\\\/2010\\\/06\\\/sudafrica-y-norteamerica-presentan-al-congreso-informes-de-cinco-anos\\\/\",\"url\":\"https:\\\/\\\/interamerica.org\\\/es\\\/2010\\\/06\\\/sudafrica-y-norteamerica-presentan-al-congreso-informes-de-cinco-anos\\\/\",\"name\":\"Sud\u00e1frica y Norteam\u00e9rica presentan al congreso informes de cinco a\u00f1os - Iglesia Adventista del S\u00e9ptimo D\u00eda - Divisi\u00f3n Interamericana\",\"isPartOf\":{\"@id\":\"https:\\\/\\\/interamerica.org\\\/es\\\/#website\"},\"datePublished\":\"2010-06-26T04:00:00+00:00\",\"dateModified\":\"2017-06-02T12:59:38+00:00\",\"author\":{\"@id\":\"https:\\\/\\\/interamerica.org\\\/es\\\/#\\\/schema\\\/person\\\/68ede8bdc292885bb76c1e3810e73c39\"},\"breadcrumb\":{\"@id\":\"https:\\\/\\\/interamerica.org\\\/es\\\/2010\\\/06\\\/sudafrica-y-norteamerica-presentan-al-congreso-informes-de-cinco-anos\\\/#breadcrumb\"},\"inLanguage\":\"es\",\"potentialAction\":[{\"@type\":\"ReadAction\",\"target\":[\"https:\\\/\\\/interamerica.org\\\/es\\\/2010\\\/06\\\/sudafrica-y-norteamerica-presentan-al-congreso-informes-de-cinco-anos\\\/\"]}]},{\"@type\":\"BreadcrumbList\",\"@id\":\"https:\\\/\\\/interamerica.org\\\/es\\\/2010\\\/06\\\/sudafrica-y-norteamerica-presentan-al-congreso-informes-de-cinco-anos\\\/#breadcrumb\",\"itemListElement\":[{\"@type\":\"ListItem\",\"position\":1,\"name\":\"Home\",\"item\":\"https:\\\/\\\/interamerica.org\\\/es\\\/\"},{\"@type\":\"ListItem\",\"position\":2,\"name\":\"Sud\u00e1frica y Norteam\u00e9rica presentan al congreso informes de cinco a\u00f1os\"}]},{\"@type\":\"WebSite\",\"@id\":\"https:\\\/\\\/interamerica.org\\\/es\\\/#website\",\"url\":\"https:\\\/\\\/interamerica.org\\\/es\\\/\",\"name\":\"Iglesia Adventista del S\u00e9ptimo D\u00eda - Divisi\u00f3n Interamericana\",\"description\":\"\",\"potentialAction\":[{\"@type\":\"SearchAction\",\"target\":{\"@type\":\"EntryPoint\",\"urlTemplate\":\"https:\\\/\\\/interamerica.org\\\/es\\\/?s={search_term_string}\"},\"query-input\":{\"@type\":\"PropertyValueSpecification\",\"valueRequired\":true,\"valueName\":\"search_term_string\"}}],\"inLanguage\":\"es\"},{\"@type\":\"Person\",\"@id\":\"https:\\\/\\\/interamerica.org\\\/es\\\/#\\\/schema\\\/person\\\/68ede8bdc292885bb76c1e3810e73c39\",\"name\":\"Lorenzo Verduzco\",\"image\":{\"@type\":\"ImageObject\",\"inLanguage\":\"es\",\"@id\":\"https:\\\/\\\/secure.gravatar.com\\\/avatar\\\/fb81a55b6218459490a9c1dc841a34909185b81904c5337b4b27f7a6fd60c49e?s=96&d=mm&r=g\",\"url\":\"https:\\\/\\\/secure.gravatar.com\\\/avatar\\\/fb81a55b6218459490a9c1dc841a34909185b81904c5337b4b27f7a6fd60c49e?s=96&d=mm&r=g\",\"contentUrl\":\"https:\\\/\\\/secure.gravatar.com\\\/avatar\\\/fb81a55b6218459490a9c1dc841a34909185b81904c5337b4b27f7a6fd60c49e?s=96&d=mm&r=g\",\"caption\":\"Lorenzo Verduzco\"}}]}<\/script>\n<!-- \/ Yoast SEO plugin. -->","yoast_head_json":{"title":"Sud\u00e1frica y Norteam\u00e9rica presentan al congreso informes de cinco a\u00f1os - Iglesia Adventista del S\u00e9ptimo D\u00eda - Divisi\u00f3n Interamericana","robots":{"index":"index","follow":"follow","max-snippet":"max-snippet:-1","max-image-preview":"max-image-preview:large","max-video-preview":"max-video-preview:-1"},"canonical":"https:\/\/interamerica.org\/es\/2010\/06\/sudafrica-y-norteamerica-presentan-al-congreso-informes-de-cinco-anos\/","og_locale":"es_ES","og_type":"article","og_title":"Sud\u00e1frica y Norteam\u00e9rica presentan al congreso informes de cinco a\u00f1os - Iglesia Adventista del S\u00e9ptimo D\u00eda - Divisi\u00f3n Interamericana","og_description":"Las campa\u00f1as evangel\u00edsticas adventistas del s\u00e9ptimo d\u00eda normalmente atraen a decenas de miles de adoradores a los estadios en Sud\u00e1frica, donde la feligres\u00eda de la iglesia ha crecido hasta 2,5 millones de miembro","og_url":"https:\/\/interamerica.org\/es\/2010\/06\/sudafrica-y-norteamerica-presentan-al-congreso-informes-de-cinco-anos\/","og_site_name":"Iglesia Adventista del S\u00e9ptimo D\u00eda - Divisi\u00f3n Interamericana","article_published_time":"2010-06-26T04:00:00+00:00","article_modified_time":"2017-06-02T12:59:38+00:00","author":"Lorenzo Verduzco","twitter_card":"summary_large_image","twitter_misc":{"Escrito por":"Lorenzo Verduzco","Tiempo de lectura":"3 minutos"},"schema":{"@context":"https:\/\/schema.org","@graph":[{"@type":"Article","@id":"https:\/\/interamerica.org\/es\/2010\/06\/sudafrica-y-norteamerica-presentan-al-congreso-informes-de-cinco-anos\/#article","isPartOf":{"@id":"https:\/\/interamerica.org\/es\/2010\/06\/sudafrica-y-norteamerica-presentan-al-congreso-informes-de-cinco-anos\/"},"author":{"name":"Lorenzo Verduzco","@id":"https:\/\/interamerica.org\/es\/#\/schema\/person\/68ede8bdc292885bb76c1e3810e73c39"},"headline":"Sud\u00e1frica y Norteam\u00e9rica presentan al congreso informes de cinco a\u00f1os","datePublished":"2010-06-26T04:00:00+00:00","dateModified":"2017-06-02T12:59:38+00:00","mainEntityOfPage":{"@id":"https:\/\/interamerica.org\/es\/2010\/06\/sudafrica-y-norteamerica-presentan-al-congreso-informes-de-cinco-anos\/"},"wordCount":664,"articleSection":["Archivo"],"inLanguage":"es"},{"@type":"WebPage","@id":"https:\/\/interamerica.org\/es\/2010\/06\/sudafrica-y-norteamerica-presentan-al-congreso-informes-de-cinco-anos\/","url":"https:\/\/interamerica.org\/es\/2010\/06\/sudafrica-y-norteamerica-presentan-al-congreso-informes-de-cinco-anos\/","name":"Sud\u00e1frica y Norteam\u00e9rica presentan al congreso informes de cinco a\u00f1os - Iglesia Adventista del S\u00e9ptimo D\u00eda - Divisi\u00f3n Interamericana","isPartOf":{"@id":"https:\/\/interamerica.org\/es\/#website"},"datePublished":"2010-06-26T04:00:00+00:00","dateModified":"2017-06-02T12:59:38+00:00","author":{"@id":"https:\/\/interamerica.org\/es\/#\/schema\/person\/68ede8bdc292885bb76c1e3810e73c39"},"breadcrumb":{"@id":"https:\/\/interamerica.org\/es\/2010\/06\/sudafrica-y-norteamerica-presentan-al-congreso-informes-de-cinco-anos\/#breadcrumb"},"inLanguage":"es","potentialAction":[{"@type":"ReadAction","target":["https:\/\/interamerica.org\/es\/2010\/06\/sudafrica-y-norteamerica-presentan-al-congreso-informes-de-cinco-anos\/"]}]},{"@type":"BreadcrumbList","@id":"https:\/\/interamerica.org\/es\/2010\/06\/sudafrica-y-norteamerica-presentan-al-congreso-informes-de-cinco-anos\/#breadcrumb","itemListElement":[{"@type":"ListItem","position":1,"name":"Home","item":"https:\/\/interamerica.org\/es\/"},{"@type":"ListItem","position":2,"name":"Sud\u00e1frica y Norteam\u00e9rica presentan al congreso informes de cinco a\u00f1os"}]},{"@type":"WebSite","@id":"https:\/\/interamerica.org\/es\/#website","url":"https:\/\/interamerica.org\/es\/","name":"Iglesia Adventista del S\u00e9ptimo D\u00eda - Divisi\u00f3n Interamericana","description":"","potentialAction":[{"@type":"SearchAction","target":{"@type":"EntryPoint","urlTemplate":"https:\/\/interamerica.org\/es\/?s={search_term_string}"},"query-input":{"@type":"PropertyValueSpecification","valueRequired":true,"valueName":"search_term_string"}}],"inLanguage":"es"},{"@type":"Person","@id":"https:\/\/interamerica.org\/es\/#\/schema\/person\/68ede8bdc292885bb76c1e3810e73c39","name":"Lorenzo Verduzco","image":{"@type":"ImageObject","inLanguage":"es","@id":"https:\/\/secure.gravatar.com\/avatar\/fb81a55b6218459490a9c1dc841a34909185b81904c5337b4b27f7a6fd60c49e?s=96&d=mm&r=g","url":"https:\/\/secure.gravatar.com\/avatar\/fb81a55b6218459490a9c1dc841a34909185b81904c5337b4b27f7a6fd60c49e?s=96&d=mm&r=g","contentUrl":"https:\/\/secure.gravatar.com\/avatar\/fb81a55b6218459490a9c1dc841a34909185b81904c5337b4b27f7a6fd60c49e?s=96&d=mm&r=g","caption":"Lorenzo Verduzco"}}]}},"_links":{"self":[{"href":"https:\/\/interamerica.org\/es\/wp-json\/wp\/v2\/posts\/11595","targetHints":{"allow":["GET"]}}],"collection":[{"href":"https:\/\/interamerica.org\/es\/wp-json\/wp\/v2\/posts"}],"about":[{"href":"https:\/\/interamerica.org\/es\/wp-json\/wp\/v2\/types\/post"}],"author":[{"embeddable":true,"href":"https:\/\/interamerica.org\/es\/wp-json\/wp\/v2\/users\/1"}],"replies":[{"embeddable":true,"href":"https:\/\/interamerica.org\/es\/wp-json\/wp\/v2\/comments?post=11595"}],"version-history":[{"count":0,"href":"https:\/\/interamerica.org\/es\/wp-json\/wp\/v2\/posts\/11595\/revisions"}],"wp:attachment":[{"href":"https:\/\/interamerica.org\/es\/wp-json\/wp\/v2\/media?parent=11595"}],"wp:term":[{"taxonomy":"category","embeddable":true,"href":"https:\/\/interamerica.org\/es\/wp-json\/wp\/v2\/categories?post=11595"},{"taxonomy":"post_tag","embeddable":true,"href":"https:\/\/interamerica.org\/es\/wp-json\/wp\/v2\/tags?post=11595"}],"curies":[{"name":"wp","href":"https:\/\/api.w.org\/{rel}","templated":true}]}}