{"id":11596,"date":"2010-06-26T00:00:00","date_gmt":"2010-06-26T04:00:00","guid":{"rendered":"http:\/\/192.81.217.108\/interamerica\/2010\/06\/interamerica-miles-se-dirigen-a-las-exhibiciones-el-primer-sabadi-del-congreso-de-la-asociacion-general\/"},"modified":"2017-06-02T08:59:39","modified_gmt":"2017-06-02T12:59:39","slug":"interamerica-miles-se-dirigen-a-las-exhibiciones-el-primer-sabadi-del-congreso-de-la-asociacion-general","status":"publish","type":"post","link":"https:\/\/interamerica.org\/es\/2010\/06\/interamerica-miles-se-dirigen-a-las-exhibiciones-el-primer-sabadi-del-congreso-de-la-asociacion-general\/","title":{"rendered":"Interam\u00e9rica: Miles se dirigen a las exhibiciones el primer s\u00e1badi del congreso de la Asociaci\u00f3n General"},"content":{"rendered":"<p>Atlanta, Georgia, Estados Unidos, 26 de junio de 2010&#8230;[Libna Stevens\/DIA] <\/p>\n<p>Miles de personas se apresuraron al Pasillo de Exhibiciones del Georgia World Congress Center during durante el primer s\u00e1bado del congreso de 10 d\u00edas de la Asociaci\u00f3n General en Atlanta, Georgia, el 26 de junio de 2010. <\/p>\n<p>En el cub\u00edculo de exhibici\u00f3n de la Divisi\u00f3n Interamericana hab\u00eda dos regiones representadas que atrajeron cientos de adventistas del s\u00e9ptimo d\u00eda para disfrutar varias ejecuciones musicales y recibir objetos de recuerdo.  <\/p>\n<p>Con cerca de 300.000 miembros de iglesia, la iglesia adventista en la Rep\u00fablica Dominicana maneja diversas instituciones y seis campos locales en la isla. <\/p>\n<p>\u201cNosotros somos un pueblo c\u00e1lido, feliz y temeroso de Dios en nuestra isla\u00bb, dijo el pastor Cesario Acevedo, presidente de la iglesia en la Rep\u00fablica Dominicana. \u201cNuestra iglesia est\u00e1 creciendo firmemente por causa de los esfuerzos unidos de nuestros pastores y laicos\u201d. El a\u00f1o pasado, 17.000 personas fueron bautizadas, dijo el pastor Acevedo.  <\/p>\n<p>De acuerdo con Acevedo, el hospital m\u00e1s reciente dirigido por la Uni\u00f3n est\u00e1 proveyendo un excelente servicio a la comunidad en su ciudad capital de Santo Domingo. <\/p>\n<p>La iglesia tambi\u00e9n maneja 618 iglesias y congregaciones, varias estaciones de radio y docenas de escuelas. <\/p>\n<p>La Uni\u00f3n Mexicana del Norte tambi\u00e9n atrajo a cientos de visitantes a sus decoraciones coloridas y folcl\u00f3ricas. Los visitantes hicieron fila para posar para una foto vestidos con el sombrero y el pa\u00f1uelo mexicanos.  <\/p>\n<p>Cubriendo un territorio grande, la Uni\u00f3n Mexicana del Norte tiene m\u00e1s de 122.000 miembros de iglesia.  <\/p>\n<p>\u00abTenemos un gran desaf\u00edo porque nuestro territorio tiene 14 de los 31 estados que constituyen M\u00e9xico\u00bb, dijo el pastor Abner De los Santos, presidente de la iglesia en el norte de M\u00e9xico. \u00abPero con el gran desaf\u00edo de alcanzar a millones en nuestro territorio, nuestros l\u00edderes y miembros est\u00e1n trabajando duro para evangelizar nuestro territorio, apresur\u00e1ndo as\u00ed la segunda venida de Jes\u00fas\u00bb.  <\/p>\n<p>Con docenas de escuelas, la iglesia en el norte de M\u00e9xico maneja 517 iglesias y congregaciones, y docenas de escuelas. <\/p>\n<p>Para ver un informe en v\u00eddeo de la actividad de hoy en el cub\u00edculo de exhibici\u00f3n de la Divisi\u00f3n Interamericana, <a  href=\"\/users\/index.php?language=en&#038;type=subsection&#038;id=289\">haga clic aqu\u00ed<\/a ><!--EndFragment--> <\/p>\n","protected":false},"excerpt":{"rendered":"<p>Miles de personas se apresuraron al Pasillo de Exhibiciones del Georgia World Congress Center during durante el primer s\u00e1bado del congreso de 10 d\u00edas de la Asociaci\u00f3n General en Atlanta, Georgia, el 26 de junio de 2010.<\/p>\n","protected":false},"author":1,"featured_media":0,"comment_status":"closed","ping_status":"closed","sticky":false,"template":"","format":"standard","meta":{"_acf_changed":false,"footnotes":""},"categories":[8],"tags":[],"class_list":["post-11596","post","type-post","status-publish","format-standard","hentry","category-archivo"],"acf":[],"yoast_head":"<!-- This site is optimized with the Yoast SEO plugin v27.3 - https:\/\/yoast.com\/product\/yoast-seo-wordpress\/ -->\n<title>Interam\u00e9rica: Miles se dirigen a las exhibiciones el primer s\u00e1badi del congreso de la Asociaci\u00f3n General - Iglesia Adventista del S\u00e9ptimo D\u00eda - Divisi\u00f3n Interamericana<\/title>\n<meta name=\"robots\" content=\"index, follow, max-snippet:-1, max-image-preview:large, max-video-preview:-1\" \/>\n<link rel=\"canonical\" href=\"https:\/\/interamerica.org\/es\/2010\/06\/interamerica-miles-se-dirigen-a-las-exhibiciones-el-primer-sabadi-del-congreso-de-la-asociacion-general\/\" \/>\n<meta property=\"og:locale\" content=\"es_ES\" \/>\n<meta property=\"og:type\" content=\"article\" \/>\n<meta property=\"og:title\" content=\"Interam\u00e9rica: Miles se dirigen a las exhibiciones el primer s\u00e1badi del congreso de la Asociaci\u00f3n General - Iglesia Adventista del S\u00e9ptimo D\u00eda - Divisi\u00f3n Interamericana\" \/>\n<meta property=\"og:description\" content=\"Miles de personas se apresuraron al Pasillo de Exhibiciones del Georgia World Congress Center during durante el primer s\u00e1bado del congreso de 10 d\u00edas de la Asociaci\u00f3n General en Atlanta, Georgia, el 26 de junio de 2010.\" \/>\n<meta property=\"og:url\" content=\"https:\/\/interamerica.org\/es\/2010\/06\/interamerica-miles-se-dirigen-a-las-exhibiciones-el-primer-sabadi-del-congreso-de-la-asociacion-general\/\" \/>\n<meta property=\"og:site_name\" content=\"Iglesia Adventista del S\u00e9ptimo D\u00eda - Divisi\u00f3n Interamericana\" \/>\n<meta property=\"article:published_time\" content=\"2010-06-26T04:00:00+00:00\" \/>\n<meta property=\"article:modified_time\" content=\"2017-06-02T12:59:39+00:00\" \/>\n<meta name=\"author\" content=\"Lorenzo Verduzco\" \/>\n<meta name=\"twitter:card\" content=\"summary_large_image\" \/>\n<meta name=\"twitter:label1\" content=\"Escrito por\" \/>\n\t<meta name=\"twitter:data1\" content=\"Lorenzo Verduzco\" \/>\n\t<meta name=\"twitter:label2\" content=\"Tiempo de lectura\" \/>\n\t<meta name=\"twitter:data2\" content=\"2 minutos\" \/>\n<script type=\"application\/ld+json\" class=\"yoast-schema-graph\">{\"@context\":\"https:\\\/\\\/schema.org\",\"@graph\":[{\"@type\":\"Article\",\"@id\":\"https:\\\/\\\/interamerica.org\\\/es\\\/2010\\\/06\\\/interamerica-miles-se-dirigen-a-las-exhibiciones-el-primer-sabadi-del-congreso-de-la-asociacion-general\\\/#article\",\"isPartOf\":{\"@id\":\"https:\\\/\\\/interamerica.org\\\/es\\\/2010\\\/06\\\/interamerica-miles-se-dirigen-a-las-exhibiciones-el-primer-sabadi-del-congreso-de-la-asociacion-general\\\/\"},\"author\":{\"name\":\"Lorenzo Verduzco\",\"@id\":\"https:\\\/\\\/interamerica.org\\\/es\\\/#\\\/schema\\\/person\\\/68ede8bdc292885bb76c1e3810e73c39\"},\"headline\":\"Interam\u00e9rica: Miles se dirigen a las exhibiciones el primer s\u00e1badi del congreso de la Asociaci\u00f3n General\",\"datePublished\":\"2010-06-26T04:00:00+00:00\",\"dateModified\":\"2017-06-02T12:59:39+00:00\",\"mainEntityOfPage\":{\"@id\":\"https:\\\/\\\/interamerica.org\\\/es\\\/2010\\\/06\\\/interamerica-miles-se-dirigen-a-las-exhibiciones-el-primer-sabadi-del-congreso-de-la-asociacion-general\\\/\"},\"wordCount\":397,\"articleSection\":[\"Archivo\"],\"inLanguage\":\"es\"},{\"@type\":\"WebPage\",\"@id\":\"https:\\\/\\\/interamerica.org\\\/es\\\/2010\\\/06\\\/interamerica-miles-se-dirigen-a-las-exhibiciones-el-primer-sabadi-del-congreso-de-la-asociacion-general\\\/\",\"url\":\"https:\\\/\\\/interamerica.org\\\/es\\\/2010\\\/06\\\/interamerica-miles-se-dirigen-a-las-exhibiciones-el-primer-sabadi-del-congreso-de-la-asociacion-general\\\/\",\"name\":\"Interam\u00e9rica: Miles se dirigen a las exhibiciones el primer s\u00e1badi del congreso de la Asociaci\u00f3n General - Iglesia Adventista del S\u00e9ptimo D\u00eda - Divisi\u00f3n Interamericana\",\"isPartOf\":{\"@id\":\"https:\\\/\\\/interamerica.org\\\/es\\\/#website\"},\"datePublished\":\"2010-06-26T04:00:00+00:00\",\"dateModified\":\"2017-06-02T12:59:39+00:00\",\"author\":{\"@id\":\"https:\\\/\\\/interamerica.org\\\/es\\\/#\\\/schema\\\/person\\\/68ede8bdc292885bb76c1e3810e73c39\"},\"breadcrumb\":{\"@id\":\"https:\\\/\\\/interamerica.org\\\/es\\\/2010\\\/06\\\/interamerica-miles-se-dirigen-a-las-exhibiciones-el-primer-sabadi-del-congreso-de-la-asociacion-general\\\/#breadcrumb\"},\"inLanguage\":\"es\",\"potentialAction\":[{\"@type\":\"ReadAction\",\"target\":[\"https:\\\/\\\/interamerica.org\\\/es\\\/2010\\\/06\\\/interamerica-miles-se-dirigen-a-las-exhibiciones-el-primer-sabadi-del-congreso-de-la-asociacion-general\\\/\"]}]},{\"@type\":\"BreadcrumbList\",\"@id\":\"https:\\\/\\\/interamerica.org\\\/es\\\/2010\\\/06\\\/interamerica-miles-se-dirigen-a-las-exhibiciones-el-primer-sabadi-del-congreso-de-la-asociacion-general\\\/#breadcrumb\",\"itemListElement\":[{\"@type\":\"ListItem\",\"position\":1,\"name\":\"Home\",\"item\":\"https:\\\/\\\/interamerica.org\\\/es\\\/\"},{\"@type\":\"ListItem\",\"position\":2,\"name\":\"Interam\u00e9rica: Miles se dirigen a las exhibiciones el primer s\u00e1badi del congreso de la Asociaci\u00f3n General\"}]},{\"@type\":\"WebSite\",\"@id\":\"https:\\\/\\\/interamerica.org\\\/es\\\/#website\",\"url\":\"https:\\\/\\\/interamerica.org\\\/es\\\/\",\"name\":\"Iglesia Adventista del S\u00e9ptimo D\u00eda - Divisi\u00f3n Interamericana\",\"description\":\"\",\"potentialAction\":[{\"@type\":\"SearchAction\",\"target\":{\"@type\":\"EntryPoint\",\"urlTemplate\":\"https:\\\/\\\/interamerica.org\\\/es\\\/?s={search_term_string}\"},\"query-input\":{\"@type\":\"PropertyValueSpecification\",\"valueRequired\":true,\"valueName\":\"search_term_string\"}}],\"inLanguage\":\"es\"},{\"@type\":\"Person\",\"@id\":\"https:\\\/\\\/interamerica.org\\\/es\\\/#\\\/schema\\\/person\\\/68ede8bdc292885bb76c1e3810e73c39\",\"name\":\"Lorenzo Verduzco\",\"image\":{\"@type\":\"ImageObject\",\"inLanguage\":\"es\",\"@id\":\"https:\\\/\\\/secure.gravatar.com\\\/avatar\\\/fb81a55b6218459490a9c1dc841a34909185b81904c5337b4b27f7a6fd60c49e?s=96&d=mm&r=g\",\"url\":\"https:\\\/\\\/secure.gravatar.com\\\/avatar\\\/fb81a55b6218459490a9c1dc841a34909185b81904c5337b4b27f7a6fd60c49e?s=96&d=mm&r=g\",\"contentUrl\":\"https:\\\/\\\/secure.gravatar.com\\\/avatar\\\/fb81a55b6218459490a9c1dc841a34909185b81904c5337b4b27f7a6fd60c49e?s=96&d=mm&r=g\",\"caption\":\"Lorenzo Verduzco\"}}]}<\/script>\n<!-- \/ Yoast SEO plugin. -->","yoast_head_json":{"title":"Interam\u00e9rica: Miles se dirigen a las exhibiciones el primer s\u00e1badi del congreso de la Asociaci\u00f3n General - Iglesia Adventista del S\u00e9ptimo D\u00eda - Divisi\u00f3n Interamericana","robots":{"index":"index","follow":"follow","max-snippet":"max-snippet:-1","max-image-preview":"max-image-preview:large","max-video-preview":"max-video-preview:-1"},"canonical":"https:\/\/interamerica.org\/es\/2010\/06\/interamerica-miles-se-dirigen-a-las-exhibiciones-el-primer-sabadi-del-congreso-de-la-asociacion-general\/","og_locale":"es_ES","og_type":"article","og_title":"Interam\u00e9rica: Miles se dirigen a las exhibiciones el primer s\u00e1badi del congreso de la Asociaci\u00f3n General - Iglesia Adventista del S\u00e9ptimo D\u00eda - Divisi\u00f3n Interamericana","og_description":"Miles de personas se apresuraron al Pasillo de Exhibiciones del Georgia World Congress Center during durante el primer s\u00e1bado del congreso de 10 d\u00edas de la Asociaci\u00f3n General en Atlanta, Georgia, el 26 de junio de 2010.","og_url":"https:\/\/interamerica.org\/es\/2010\/06\/interamerica-miles-se-dirigen-a-las-exhibiciones-el-primer-sabadi-del-congreso-de-la-asociacion-general\/","og_site_name":"Iglesia Adventista del S\u00e9ptimo D\u00eda - Divisi\u00f3n Interamericana","article_published_time":"2010-06-26T04:00:00+00:00","article_modified_time":"2017-06-02T12:59:39+00:00","author":"Lorenzo Verduzco","twitter_card":"summary_large_image","twitter_misc":{"Escrito por":"Lorenzo Verduzco","Tiempo de lectura":"2 minutos"},"schema":{"@context":"https:\/\/schema.org","@graph":[{"@type":"Article","@id":"https:\/\/interamerica.org\/es\/2010\/06\/interamerica-miles-se-dirigen-a-las-exhibiciones-el-primer-sabadi-del-congreso-de-la-asociacion-general\/#article","isPartOf":{"@id":"https:\/\/interamerica.org\/es\/2010\/06\/interamerica-miles-se-dirigen-a-las-exhibiciones-el-primer-sabadi-del-congreso-de-la-asociacion-general\/"},"author":{"name":"Lorenzo Verduzco","@id":"https:\/\/interamerica.org\/es\/#\/schema\/person\/68ede8bdc292885bb76c1e3810e73c39"},"headline":"Interam\u00e9rica: Miles se dirigen a las exhibiciones el primer s\u00e1badi del congreso de la Asociaci\u00f3n General","datePublished":"2010-06-26T04:00:00+00:00","dateModified":"2017-06-02T12:59:39+00:00","mainEntityOfPage":{"@id":"https:\/\/interamerica.org\/es\/2010\/06\/interamerica-miles-se-dirigen-a-las-exhibiciones-el-primer-sabadi-del-congreso-de-la-asociacion-general\/"},"wordCount":397,"articleSection":["Archivo"],"inLanguage":"es"},{"@type":"WebPage","@id":"https:\/\/interamerica.org\/es\/2010\/06\/interamerica-miles-se-dirigen-a-las-exhibiciones-el-primer-sabadi-del-congreso-de-la-asociacion-general\/","url":"https:\/\/interamerica.org\/es\/2010\/06\/interamerica-miles-se-dirigen-a-las-exhibiciones-el-primer-sabadi-del-congreso-de-la-asociacion-general\/","name":"Interam\u00e9rica: Miles se dirigen a las exhibiciones el primer s\u00e1badi del congreso de la Asociaci\u00f3n General - Iglesia Adventista del S\u00e9ptimo D\u00eda - Divisi\u00f3n Interamericana","isPartOf":{"@id":"https:\/\/interamerica.org\/es\/#website"},"datePublished":"2010-06-26T04:00:00+00:00","dateModified":"2017-06-02T12:59:39+00:00","author":{"@id":"https:\/\/interamerica.org\/es\/#\/schema\/person\/68ede8bdc292885bb76c1e3810e73c39"},"breadcrumb":{"@id":"https:\/\/interamerica.org\/es\/2010\/06\/interamerica-miles-se-dirigen-a-las-exhibiciones-el-primer-sabadi-del-congreso-de-la-asociacion-general\/#breadcrumb"},"inLanguage":"es","potentialAction":[{"@type":"ReadAction","target":["https:\/\/interamerica.org\/es\/2010\/06\/interamerica-miles-se-dirigen-a-las-exhibiciones-el-primer-sabadi-del-congreso-de-la-asociacion-general\/"]}]},{"@type":"BreadcrumbList","@id":"https:\/\/interamerica.org\/es\/2010\/06\/interamerica-miles-se-dirigen-a-las-exhibiciones-el-primer-sabadi-del-congreso-de-la-asociacion-general\/#breadcrumb","itemListElement":[{"@type":"ListItem","position":1,"name":"Home","item":"https:\/\/interamerica.org\/es\/"},{"@type":"ListItem","position":2,"name":"Interam\u00e9rica: Miles se dirigen a las exhibiciones el primer s\u00e1badi del congreso de la Asociaci\u00f3n General"}]},{"@type":"WebSite","@id":"https:\/\/interamerica.org\/es\/#website","url":"https:\/\/interamerica.org\/es\/","name":"Iglesia Adventista del S\u00e9ptimo D\u00eda - Divisi\u00f3n Interamericana","description":"","potentialAction":[{"@type":"SearchAction","target":{"@type":"EntryPoint","urlTemplate":"https:\/\/interamerica.org\/es\/?s={search_term_string}"},"query-input":{"@type":"PropertyValueSpecification","valueRequired":true,"valueName":"search_term_string"}}],"inLanguage":"es"},{"@type":"Person","@id":"https:\/\/interamerica.org\/es\/#\/schema\/person\/68ede8bdc292885bb76c1e3810e73c39","name":"Lorenzo Verduzco","image":{"@type":"ImageObject","inLanguage":"es","@id":"https:\/\/secure.gravatar.com\/avatar\/fb81a55b6218459490a9c1dc841a34909185b81904c5337b4b27f7a6fd60c49e?s=96&d=mm&r=g","url":"https:\/\/secure.gravatar.com\/avatar\/fb81a55b6218459490a9c1dc841a34909185b81904c5337b4b27f7a6fd60c49e?s=96&d=mm&r=g","contentUrl":"https:\/\/secure.gravatar.com\/avatar\/fb81a55b6218459490a9c1dc841a34909185b81904c5337b4b27f7a6fd60c49e?s=96&d=mm&r=g","caption":"Lorenzo Verduzco"}}]}},"_links":{"self":[{"href":"https:\/\/interamerica.org\/es\/wp-json\/wp\/v2\/posts\/11596","targetHints":{"allow":["GET"]}}],"collection":[{"href":"https:\/\/interamerica.org\/es\/wp-json\/wp\/v2\/posts"}],"about":[{"href":"https:\/\/interamerica.org\/es\/wp-json\/wp\/v2\/types\/post"}],"author":[{"embeddable":true,"href":"https:\/\/interamerica.org\/es\/wp-json\/wp\/v2\/users\/1"}],"replies":[{"embeddable":true,"href":"https:\/\/interamerica.org\/es\/wp-json\/wp\/v2\/comments?post=11596"}],"version-history":[{"count":0,"href":"https:\/\/interamerica.org\/es\/wp-json\/wp\/v2\/posts\/11596\/revisions"}],"wp:attachment":[{"href":"https:\/\/interamerica.org\/es\/wp-json\/wp\/v2\/media?parent=11596"}],"wp:term":[{"taxonomy":"category","embeddable":true,"href":"https:\/\/interamerica.org\/es\/wp-json\/wp\/v2\/categories?post=11596"},{"taxonomy":"post_tag","embeddable":true,"href":"https:\/\/interamerica.org\/es\/wp-json\/wp\/v2\/tags?post=11596"}],"curies":[{"name":"wp","href":"https:\/\/api.w.org\/{rel}","templated":true}]}}