{"id":11597,"date":"2010-06-27T00:00:00","date_gmt":"2010-06-27T04:00:00","guid":{"rendered":"http:\/\/192.81.217.108\/interamerica\/2010\/06\/propuesta-de-cambio-de-tiempo-en-la-eleccion-de-asociados-departamentales-no-es-aprobado\/"},"modified":"2017-06-02T08:59:32","modified_gmt":"2017-06-02T12:59:32","slug":"propuesta-de-cambio-de-tiempo-en-la-eleccion-de-asociados-departamentales-no-es-aprobado","status":"publish","type":"post","link":"https:\/\/interamerica.org\/es\/2010\/06\/propuesta-de-cambio-de-tiempo-en-la-eleccion-de-asociados-departamentales-no-es-aprobado\/","title":{"rendered":"Propuesta de cambio de tiempo en la elecci\u00f3n de asociados departamentales no es aprobado"},"content":{"rendered":"<p>Atlanta, Georgia, Estados Unidos, 27 de junio de 2010&#8230; Elizabeth Lechleithner\/ANN <\/p>\n<p>Los delegados de la Iglesia Adventista del S\u00e9ptimo D\u00eda rechazaron hoy una propuesta que habr\u00eda alterado el marco de tiempo para escoger a los directores asociados de los departamentos de la sede mundial de la iglesia. <\/p>\n<p>La propuesta habr\u00eda transferido esas designaciones desde la Asociaci\u00f3n General hacia la subsiguiente reuni\u00f3n de negocios celebrada en octubre. <\/p>\n<p>Los oficiales de la iglesia iniciaron el punto para dar a los reci\u00e9n elegidos directores de departamentos m\u00e1s tiempo para dar forma a sus respectivos departamentos esogiendo asociados complementarios. En el pasado, algunos delegados han sugerido que, dado el volumen de elecciones aprobadas en el congreso, el proceso de elecci\u00f3n de asociados es efectuado de manera precipitada, habiendo falta de discusi\u00f3n y consideraci\u00f3n. <\/p>\n<p>\u00ab\u00bfEstamos pidi\u00e9ndoleal Comit\u00e9 de Nominaciones que haga demasiadas cosas, demasiado r\u00e1pidamente\u00bb pregunt\u00f3 a los delegados el antiguo presidente de la iglesia mundial, Jan Paulsen, mientras introduc\u00eda la discusi\u00f3n sobre el reglamento en el Georgia Dome esta ma\u00f1ana. <\/p>\n<p>La Constituci\u00f3n y los Reglamentos deben permitir que los negocios de la iglesia se efect\u00faen de la manera \u00abm\u00e1s eficiente y efectiva\u00bb, dijo \u00e9l, desafiando a los delegados a considerar si el ajuste era necesario para servir mejor a la misi\u00f3n de la iglesia. <\/p>\n<p>Despu\u00e9s de una discusi\u00f3n larga y cargada de opiniones, la mayor\u00eda de dos tercios necesaria para pasar a un cambio constitucional no fue lograda. Los delegados a favor y encontra de la propuesta levantaron sus tarjetas amarillas de votaci\u00f3n en el momento respectivo para un conteo f\u00edsico, revelando que se obtuvieron 828 de los 1029 votos necesarios, lo cual hizo caer la propuesta. <\/p>\n<p>Muchos delegados que se opon\u00edan al cambio citaron representaci\u00f3n y log\u00edstica. Algunos parec\u00edan temer que el punto amenazaba la autoridad del Comit\u00e9 de Nominaciones para elegir los asociados, mientras otros cuestionaban si el asunto era pr\u00e1ctico. <\/p>\n<p>\u00abEl director tendr\u00e1 la carga de dos personas hasta que el asociado pueda venir a servir en su posici\u00f3n\u00bb, dijo Heather-Dawn Small, directora de Ministerio de la Mujer para la iglesia mundial, quien especulaba que un asociado elegido en octubre podr\u00eda no llegar a su cargo hasta ocho o diez meses m\u00e1s tarde, debido a asuntos relacionados con visas de inmigraci\u00f3n para candidatos del exterior. <\/p>\n<p>Aquellos a favor dijeron que funcionar por unos pocos meses sin un asociado asegurar\u00eda que se eligiese el mejor candidato posible. <\/p>\n<p>\u00abNuestras actividades departamentales son especializadas; necesitamos expertos para hacer ese trabajo\u00bb, dijo Kone Allah-Ridy, quien representa al \u00c1frica Centrooccidental. <\/p>\n<p>\u00ab\u00bfPor qu\u00e9 no simplemente comenzar el trabajo del Comit\u00e9 de Nominaciones m\u00e1s temprano durante el congreso\u00bb, sugiri\u00f3 un delegado, ech\u00e1ndole la culpa a las limitaciones del tiempo por la mayor\u00eda de las presiones que los miembros sienten al elegir los asociados durante la reuni\u00f3n de negocios de diez d\u00edas. <\/p>\n<p>\u00abSi podemos elegir al presidente de la iglesia mundial en menos de cuatro horas, de seguro que podemos elegir a los asociados en un per\u00edodo de tiempo similar\u00bb, dijo Gina S. Brown, miembro del Comit\u00e9 de Nominaciones y representante de Norteam\u00e9rica. Ella cuestion\u00f3 si el tiempo era realmente el problema. <\/p>\n<p>El rechazo de la propuesta le deja al Comit\u00e9 de Nominaciones solamente 15 minutos para elegir a cada uno de los oficiales restantes, dado el n\u00famero de elecciones restantes y la cantidad de tiempo restante durante el congreso, dijo Robert Kyle, director del Comit\u00e9 de Nominaciones. <\/p>\n<p>Si los delegados hubiesen aprobado el punto, los miembros del comit\u00e9 hubiesen tenido 21 minutos, dijo Kyle a los delegados. <\/p>\n<p>Varios delegados debatieron respecto a si aplazar la decisi\u00f3n para la reuni\u00f3n del Comit\u00e9 Ejecutivo de la iglesia en octubre realmente hac\u00eda alguna diferencia en cuesti\u00f3n de representaci\u00f3n. Kevin Jackson, de la regi\u00f3n de la iglesia en el Pac\u00edfico Sur, dijo que la \u00abdiferencia clave\u00bb fue la inclusi\u00f3n de los presidentes de cada una de las 13 regiones mundiales de la iglesia en el Comit\u00e9 Ejecutivo. <\/p>\n<p>\u00abYo sugerir\u00eda que su inclusi\u00f3n en realidad a\u00f1ade rigor al proceso, mejorando la calidad de las decisiones\u00bb, dijo Jackson. <\/p>\n<p>Los oficiales de la iglesia que moderaban la discusi\u00f3n confirmaron que el Comit\u00e9 Ejecutivo, con 305 miembros, es un grupo m\u00e1s grande que el Comit\u00e9 de Nominaciones, que tiene algo m\u00e1s de 200 miembros. <\/p>\n<p>Sin embargo, los delegados se\u00f1alaron que aprobar el cambio bloquear\u00eda efectivamente los votos de la delegaci\u00f3nd e 2400 miembros. Los delegados del congreso pueden votar aceptar o rechazar cualquier recomendaci\u00f3n hecha ppor el Comit\u00e9 de Nominaciones, ampliando las posibilidades de opiniones, mientras en el Concilio Anual no hay ning\u00fan grupo de revisi\u00f3n o confirmaci\u00f3n para las decisiones del Comit\u00e9 Ejecutivo. <\/p>\n<p>Pero los delegados al congreso eligen al Comit\u00e9 de Nominaciones de la iglesia, as\u00ed que por qu\u00e9 no confiar\u00edan ellos en su decisi\u00f3n?, pregunt\u00f3 Gede\u00f3n Chimaeze Nwaogwugwu, representante de la iglesia en la regi\u00f3n de Africa Centrooccidental. \u00ab\u00bfHemos perdido acaso la confianza en el Comit\u00e9 Ejecutivo de la iglesia?\u00bb Si es as\u00ed, eso significa que tehemos que descartar toda la estructura de la iglesia\u00bb, dijo \u00e9l. <\/p>\n<p>Notablemente, muchos directores de departamentos de la sede mundial de la iglesia, incluyendo a Small and Garland Dulan, en la direcci\u00f3n del departamento de educaci\u00f3n de la iglesia mundial, expresaron oposici\u00f3n al cambio. Mucho del apoyo para la medida parec\u00eda venr de los delegados que representaban otros niveles de administraci\u00f3n. <\/p>\n<p>Hab\u00eda excepciones, sin embargo. Richard Osborn, delegado representante de la Asociaci\u00f3n General, quien sirvi\u00f3 anteriormente en un Comit\u00e9 de Nominaciones, dijo que \u00e9l y sus colegas sent\u00edan \u00abenorme presi\u00f3n\u00bb para tomar decisiones r\u00e1pidas en lugar de decisiones bien pensadas. \u00abEl caos desarrollado hacia el final de la semana condujo a decisiones bastante pobres\u00bb, dijo \u00e9l. <\/p>\n<p>\u00abNosotros tomamos m\u00e1s tiempo para escoger un profesor de primaria que para escoger algunos de los principales l\u00edderes de la iglesia\u00bb. <\/p>\n","protected":false},"excerpt":{"rendered":"<p>Los delegados de la Iglesia Adventista del S\u00e9ptimo D\u00eda rechazaron hoy una propuesta que habr\u00eda alterado el marco de tiempo para escoger a los directores asociados de los departamentos de la sede mundial de la iglesia.<\/p>\n","protected":false},"author":1,"featured_media":0,"comment_status":"closed","ping_status":"closed","sticky":false,"template":"","format":"standard","meta":{"_acf_changed":false,"footnotes":""},"categories":[8],"tags":[],"class_list":["post-11597","post","type-post","status-publish","format-standard","hentry","category-archivo"],"acf":[],"yoast_head":"<!-- This site is optimized with the Yoast SEO plugin v27.3 - https:\/\/yoast.com\/product\/yoast-seo-wordpress\/ -->\n<title>Propuesta de cambio de tiempo en la elecci\u00f3n de asociados departamentales no es aprobado - Iglesia Adventista del S\u00e9ptimo D\u00eda - Divisi\u00f3n Interamericana<\/title>\n<meta name=\"robots\" content=\"index, follow, max-snippet:-1, max-image-preview:large, max-video-preview:-1\" \/>\n<link rel=\"canonical\" href=\"https:\/\/interamerica.org\/es\/2010\/06\/propuesta-de-cambio-de-tiempo-en-la-eleccion-de-asociados-departamentales-no-es-aprobado\/\" \/>\n<meta property=\"og:locale\" content=\"es_ES\" \/>\n<meta property=\"og:type\" content=\"article\" \/>\n<meta property=\"og:title\" content=\"Propuesta de cambio de tiempo en la elecci\u00f3n de asociados departamentales no es aprobado - Iglesia Adventista del S\u00e9ptimo D\u00eda - Divisi\u00f3n Interamericana\" \/>\n<meta property=\"og:description\" content=\"Los delegados de la Iglesia Adventista del S\u00e9ptimo D\u00eda rechazaron hoy una propuesta que habr\u00eda alterado el marco de tiempo para escoger a los directores asociados de los departamentos de la sede mundial de la iglesia.\" \/>\n<meta property=\"og:url\" content=\"https:\/\/interamerica.org\/es\/2010\/06\/propuesta-de-cambio-de-tiempo-en-la-eleccion-de-asociados-departamentales-no-es-aprobado\/\" \/>\n<meta property=\"og:site_name\" content=\"Iglesia Adventista del S\u00e9ptimo D\u00eda - Divisi\u00f3n Interamericana\" \/>\n<meta property=\"article:published_time\" content=\"2010-06-27T04:00:00+00:00\" \/>\n<meta property=\"article:modified_time\" content=\"2017-06-02T12:59:32+00:00\" \/>\n<meta name=\"author\" content=\"Lorenzo Verduzco\" \/>\n<meta name=\"twitter:card\" content=\"summary_large_image\" \/>\n<meta name=\"twitter:label1\" content=\"Escrito por\" \/>\n\t<meta name=\"twitter:data1\" content=\"Lorenzo Verduzco\" \/>\n\t<meta name=\"twitter:label2\" content=\"Tiempo de lectura\" \/>\n\t<meta name=\"twitter:data2\" content=\"5 minutos\" \/>\n<script type=\"application\/ld+json\" class=\"yoast-schema-graph\">{\"@context\":\"https:\\\/\\\/schema.org\",\"@graph\":[{\"@type\":\"Article\",\"@id\":\"https:\\\/\\\/interamerica.org\\\/es\\\/2010\\\/06\\\/propuesta-de-cambio-de-tiempo-en-la-eleccion-de-asociados-departamentales-no-es-aprobado\\\/#article\",\"isPartOf\":{\"@id\":\"https:\\\/\\\/interamerica.org\\\/es\\\/2010\\\/06\\\/propuesta-de-cambio-de-tiempo-en-la-eleccion-de-asociados-departamentales-no-es-aprobado\\\/\"},\"author\":{\"name\":\"Lorenzo Verduzco\",\"@id\":\"https:\\\/\\\/interamerica.org\\\/es\\\/#\\\/schema\\\/person\\\/68ede8bdc292885bb76c1e3810e73c39\"},\"headline\":\"Propuesta de cambio de tiempo en la elecci\u00f3n de asociados departamentales no es aprobado\",\"datePublished\":\"2010-06-27T04:00:00+00:00\",\"dateModified\":\"2017-06-02T12:59:32+00:00\",\"mainEntityOfPage\":{\"@id\":\"https:\\\/\\\/interamerica.org\\\/es\\\/2010\\\/06\\\/propuesta-de-cambio-de-tiempo-en-la-eleccion-de-asociados-departamentales-no-es-aprobado\\\/\"},\"wordCount\":1036,\"articleSection\":[\"Archivo\"],\"inLanguage\":\"es\"},{\"@type\":\"WebPage\",\"@id\":\"https:\\\/\\\/interamerica.org\\\/es\\\/2010\\\/06\\\/propuesta-de-cambio-de-tiempo-en-la-eleccion-de-asociados-departamentales-no-es-aprobado\\\/\",\"url\":\"https:\\\/\\\/interamerica.org\\\/es\\\/2010\\\/06\\\/propuesta-de-cambio-de-tiempo-en-la-eleccion-de-asociados-departamentales-no-es-aprobado\\\/\",\"name\":\"Propuesta de cambio de tiempo en la elecci\u00f3n de asociados departamentales no es aprobado - Iglesia Adventista del S\u00e9ptimo D\u00eda - Divisi\u00f3n Interamericana\",\"isPartOf\":{\"@id\":\"https:\\\/\\\/interamerica.org\\\/es\\\/#website\"},\"datePublished\":\"2010-06-27T04:00:00+00:00\",\"dateModified\":\"2017-06-02T12:59:32+00:00\",\"author\":{\"@id\":\"https:\\\/\\\/interamerica.org\\\/es\\\/#\\\/schema\\\/person\\\/68ede8bdc292885bb76c1e3810e73c39\"},\"breadcrumb\":{\"@id\":\"https:\\\/\\\/interamerica.org\\\/es\\\/2010\\\/06\\\/propuesta-de-cambio-de-tiempo-en-la-eleccion-de-asociados-departamentales-no-es-aprobado\\\/#breadcrumb\"},\"inLanguage\":\"es\",\"potentialAction\":[{\"@type\":\"ReadAction\",\"target\":[\"https:\\\/\\\/interamerica.org\\\/es\\\/2010\\\/06\\\/propuesta-de-cambio-de-tiempo-en-la-eleccion-de-asociados-departamentales-no-es-aprobado\\\/\"]}]},{\"@type\":\"BreadcrumbList\",\"@id\":\"https:\\\/\\\/interamerica.org\\\/es\\\/2010\\\/06\\\/propuesta-de-cambio-de-tiempo-en-la-eleccion-de-asociados-departamentales-no-es-aprobado\\\/#breadcrumb\",\"itemListElement\":[{\"@type\":\"ListItem\",\"position\":1,\"name\":\"Home\",\"item\":\"https:\\\/\\\/interamerica.org\\\/es\\\/\"},{\"@type\":\"ListItem\",\"position\":2,\"name\":\"Propuesta de cambio de tiempo en la elecci\u00f3n de asociados departamentales no es aprobado\"}]},{\"@type\":\"WebSite\",\"@id\":\"https:\\\/\\\/interamerica.org\\\/es\\\/#website\",\"url\":\"https:\\\/\\\/interamerica.org\\\/es\\\/\",\"name\":\"Iglesia Adventista del S\u00e9ptimo D\u00eda - Divisi\u00f3n Interamericana\",\"description\":\"\",\"potentialAction\":[{\"@type\":\"SearchAction\",\"target\":{\"@type\":\"EntryPoint\",\"urlTemplate\":\"https:\\\/\\\/interamerica.org\\\/es\\\/?s={search_term_string}\"},\"query-input\":{\"@type\":\"PropertyValueSpecification\",\"valueRequired\":true,\"valueName\":\"search_term_string\"}}],\"inLanguage\":\"es\"},{\"@type\":\"Person\",\"@id\":\"https:\\\/\\\/interamerica.org\\\/es\\\/#\\\/schema\\\/person\\\/68ede8bdc292885bb76c1e3810e73c39\",\"name\":\"Lorenzo Verduzco\",\"image\":{\"@type\":\"ImageObject\",\"inLanguage\":\"es\",\"@id\":\"https:\\\/\\\/secure.gravatar.com\\\/avatar\\\/fb81a55b6218459490a9c1dc841a34909185b81904c5337b4b27f7a6fd60c49e?s=96&d=mm&r=g\",\"url\":\"https:\\\/\\\/secure.gravatar.com\\\/avatar\\\/fb81a55b6218459490a9c1dc841a34909185b81904c5337b4b27f7a6fd60c49e?s=96&d=mm&r=g\",\"contentUrl\":\"https:\\\/\\\/secure.gravatar.com\\\/avatar\\\/fb81a55b6218459490a9c1dc841a34909185b81904c5337b4b27f7a6fd60c49e?s=96&d=mm&r=g\",\"caption\":\"Lorenzo Verduzco\"}}]}<\/script>\n<!-- \/ Yoast SEO plugin. -->","yoast_head_json":{"title":"Propuesta de cambio de tiempo en la elecci\u00f3n de asociados departamentales no es aprobado - Iglesia Adventista del S\u00e9ptimo D\u00eda - Divisi\u00f3n Interamericana","robots":{"index":"index","follow":"follow","max-snippet":"max-snippet:-1","max-image-preview":"max-image-preview:large","max-video-preview":"max-video-preview:-1"},"canonical":"https:\/\/interamerica.org\/es\/2010\/06\/propuesta-de-cambio-de-tiempo-en-la-eleccion-de-asociados-departamentales-no-es-aprobado\/","og_locale":"es_ES","og_type":"article","og_title":"Propuesta de cambio de tiempo en la elecci\u00f3n de asociados departamentales no es aprobado - Iglesia Adventista del S\u00e9ptimo D\u00eda - Divisi\u00f3n Interamericana","og_description":"Los delegados de la Iglesia Adventista del S\u00e9ptimo D\u00eda rechazaron hoy una propuesta que habr\u00eda alterado el marco de tiempo para escoger a los directores asociados de los departamentos de la sede mundial de la iglesia.","og_url":"https:\/\/interamerica.org\/es\/2010\/06\/propuesta-de-cambio-de-tiempo-en-la-eleccion-de-asociados-departamentales-no-es-aprobado\/","og_site_name":"Iglesia Adventista del S\u00e9ptimo D\u00eda - Divisi\u00f3n Interamericana","article_published_time":"2010-06-27T04:00:00+00:00","article_modified_time":"2017-06-02T12:59:32+00:00","author":"Lorenzo Verduzco","twitter_card":"summary_large_image","twitter_misc":{"Escrito por":"Lorenzo Verduzco","Tiempo de lectura":"5 minutos"},"schema":{"@context":"https:\/\/schema.org","@graph":[{"@type":"Article","@id":"https:\/\/interamerica.org\/es\/2010\/06\/propuesta-de-cambio-de-tiempo-en-la-eleccion-de-asociados-departamentales-no-es-aprobado\/#article","isPartOf":{"@id":"https:\/\/interamerica.org\/es\/2010\/06\/propuesta-de-cambio-de-tiempo-en-la-eleccion-de-asociados-departamentales-no-es-aprobado\/"},"author":{"name":"Lorenzo Verduzco","@id":"https:\/\/interamerica.org\/es\/#\/schema\/person\/68ede8bdc292885bb76c1e3810e73c39"},"headline":"Propuesta de cambio de tiempo en la elecci\u00f3n de asociados departamentales no es aprobado","datePublished":"2010-06-27T04:00:00+00:00","dateModified":"2017-06-02T12:59:32+00:00","mainEntityOfPage":{"@id":"https:\/\/interamerica.org\/es\/2010\/06\/propuesta-de-cambio-de-tiempo-en-la-eleccion-de-asociados-departamentales-no-es-aprobado\/"},"wordCount":1036,"articleSection":["Archivo"],"inLanguage":"es"},{"@type":"WebPage","@id":"https:\/\/interamerica.org\/es\/2010\/06\/propuesta-de-cambio-de-tiempo-en-la-eleccion-de-asociados-departamentales-no-es-aprobado\/","url":"https:\/\/interamerica.org\/es\/2010\/06\/propuesta-de-cambio-de-tiempo-en-la-eleccion-de-asociados-departamentales-no-es-aprobado\/","name":"Propuesta de cambio de tiempo en la elecci\u00f3n de asociados departamentales no es aprobado - Iglesia Adventista del S\u00e9ptimo D\u00eda - Divisi\u00f3n Interamericana","isPartOf":{"@id":"https:\/\/interamerica.org\/es\/#website"},"datePublished":"2010-06-27T04:00:00+00:00","dateModified":"2017-06-02T12:59:32+00:00","author":{"@id":"https:\/\/interamerica.org\/es\/#\/schema\/person\/68ede8bdc292885bb76c1e3810e73c39"},"breadcrumb":{"@id":"https:\/\/interamerica.org\/es\/2010\/06\/propuesta-de-cambio-de-tiempo-en-la-eleccion-de-asociados-departamentales-no-es-aprobado\/#breadcrumb"},"inLanguage":"es","potentialAction":[{"@type":"ReadAction","target":["https:\/\/interamerica.org\/es\/2010\/06\/propuesta-de-cambio-de-tiempo-en-la-eleccion-de-asociados-departamentales-no-es-aprobado\/"]}]},{"@type":"BreadcrumbList","@id":"https:\/\/interamerica.org\/es\/2010\/06\/propuesta-de-cambio-de-tiempo-en-la-eleccion-de-asociados-departamentales-no-es-aprobado\/#breadcrumb","itemListElement":[{"@type":"ListItem","position":1,"name":"Home","item":"https:\/\/interamerica.org\/es\/"},{"@type":"ListItem","position":2,"name":"Propuesta de cambio de tiempo en la elecci\u00f3n de asociados departamentales no es aprobado"}]},{"@type":"WebSite","@id":"https:\/\/interamerica.org\/es\/#website","url":"https:\/\/interamerica.org\/es\/","name":"Iglesia Adventista del S\u00e9ptimo D\u00eda - Divisi\u00f3n Interamericana","description":"","potentialAction":[{"@type":"SearchAction","target":{"@type":"EntryPoint","urlTemplate":"https:\/\/interamerica.org\/es\/?s={search_term_string}"},"query-input":{"@type":"PropertyValueSpecification","valueRequired":true,"valueName":"search_term_string"}}],"inLanguage":"es"},{"@type":"Person","@id":"https:\/\/interamerica.org\/es\/#\/schema\/person\/68ede8bdc292885bb76c1e3810e73c39","name":"Lorenzo Verduzco","image":{"@type":"ImageObject","inLanguage":"es","@id":"https:\/\/secure.gravatar.com\/avatar\/fb81a55b6218459490a9c1dc841a34909185b81904c5337b4b27f7a6fd60c49e?s=96&d=mm&r=g","url":"https:\/\/secure.gravatar.com\/avatar\/fb81a55b6218459490a9c1dc841a34909185b81904c5337b4b27f7a6fd60c49e?s=96&d=mm&r=g","contentUrl":"https:\/\/secure.gravatar.com\/avatar\/fb81a55b6218459490a9c1dc841a34909185b81904c5337b4b27f7a6fd60c49e?s=96&d=mm&r=g","caption":"Lorenzo Verduzco"}}]}},"_links":{"self":[{"href":"https:\/\/interamerica.org\/es\/wp-json\/wp\/v2\/posts\/11597","targetHints":{"allow":["GET"]}}],"collection":[{"href":"https:\/\/interamerica.org\/es\/wp-json\/wp\/v2\/posts"}],"about":[{"href":"https:\/\/interamerica.org\/es\/wp-json\/wp\/v2\/types\/post"}],"author":[{"embeddable":true,"href":"https:\/\/interamerica.org\/es\/wp-json\/wp\/v2\/users\/1"}],"replies":[{"embeddable":true,"href":"https:\/\/interamerica.org\/es\/wp-json\/wp\/v2\/comments?post=11597"}],"version-history":[{"count":0,"href":"https:\/\/interamerica.org\/es\/wp-json\/wp\/v2\/posts\/11597\/revisions"}],"wp:attachment":[{"href":"https:\/\/interamerica.org\/es\/wp-json\/wp\/v2\/media?parent=11597"}],"wp:term":[{"taxonomy":"category","embeddable":true,"href":"https:\/\/interamerica.org\/es\/wp-json\/wp\/v2\/categories?post=11597"},{"taxonomy":"post_tag","embeddable":true,"href":"https:\/\/interamerica.org\/es\/wp-json\/wp\/v2\/tags?post=11597"}],"curies":[{"name":"wp","href":"https:\/\/api.w.org\/{rel}","templated":true}]}}