{"id":11601,"date":"2010-06-28T00:00:00","date_gmt":"2010-06-28T04:00:00","guid":{"rendered":"http:\/\/192.81.217.108\/interamerica\/2010\/06\/interamerica-israel-leito-reelegido-presidente-de-la-iglesia-mas-numerosa-a-nivel-mundial\/"},"modified":"2017-06-02T08:59:28","modified_gmt":"2017-06-02T12:59:28","slug":"interamerica-israel-leito-reelegido-presidente-de-la-iglesia-mas-numerosa-a-nivel-mundial","status":"publish","type":"post","link":"https:\/\/interamerica.org\/es\/2010\/06\/interamerica-israel-leito-reelegido-presidente-de-la-iglesia-mas-numerosa-a-nivel-mundial\/","title":{"rendered":"Interam\u00e9rica: Israel Leito reelegido presidente de la iglesia m\u00e1s numerosa a nivel mundial"},"content":{"rendered":"<p>28 de junio, 2010 &#8211; Atlanta Georgia, Estados Unidos&#8230;[Libna Stevens\/DIA] <\/p>\n<p>El pastor Israel Leito, de 65 a\u00f1os de edad, presidente de la Iglesia Adventista del S\u00e9ptimo D\u00eda en Interam\u00e9rica fue reelegido el lunes 28 de junio, para servir otros cinco a\u00f1os como presidente de la vasta y creciente feligres\u00eda. <\/p>\n<p>El pastor Leito fue confirmado por la delegaci\u00f3n a la Sesi\u00f3n de la AG despu\u00e9s que su nombre fue sometido por el Comit\u00e9 de Nombramiento de la iglesia a nivel mundial. <\/p>\n<p>El pastor Leito, que ha sido presidente de la Divisi\u00f3n Interamericana desde 1994, ha dirigido la iglesia de 1 milli\u00f3n de miembros a 3.3 millones. <\/p>\n<p>Sus 40 a\u00f1os de servicio denominacional incluyen m\u00e1s de 32 a\u00f1os en Interam\u00e9rica, los Pa\u00edses Bajos, Am\u00e9rica Central y la sede de la DIA. <\/p>\n<p>Oriundo de Curacao, el pastor Leito empez\u00f3 su carrera con la iglesia en 1969 como pastor de distrito en la Misi\u00f3n de las Antillas Nerlandesas. Luego se desempe\u00f1\u00f3 como director de ministerios juveniles en la sede de la Divisi\u00f3n Interamericana en Miami. De 1986 a 1993 el pastor Leito sirvi\u00f3 como director de Ministerios de la Iglesia en la Asociaci\u00f3n General. <\/p>\n<p>El pastor Leito es un ministro ordenado que est\u00e1 terminando estudios doctorales en comunicaci\u00f3n organizacional para psicolog\u00eda industrial de Howard University, un grado de Maestr\u00eda en psicolog\u00eda de la consejer\u00eda de Villa Nueva University, un doctorado <em >Honoris Causa <\/em >en leyes de la Universidad Adventista Antillana, as\u00ed como un doctorado <em >Honoris Causa <\/em >en Divinidad de Northern Adventist University. <\/p>\n<p>El pastor Leito est\u00e1 casado con Ludmila Mercedez Monte Leito. La pareja tiene un hijo, una hija y tres nietos. <\/p>\n","protected":false},"excerpt":{"rendered":"<p>El pastor Israel Leito, de 65 a\u00f1os de edad, presidente de la Iglesia Adventista del S\u00e9ptimo D\u00eda en Interam\u00e9rica fue reelegido el lunes 28 de junio, para servir otros cinco a\u00f1os como presidente de la vasta y creciente fel<\/p>\n","protected":false},"author":1,"featured_media":0,"comment_status":"closed","ping_status":"closed","sticky":false,"template":"","format":"standard","meta":{"_acf_changed":false,"footnotes":""},"categories":[8],"tags":[],"class_list":["post-11601","post","type-post","status-publish","format-standard","hentry","category-archivo"],"acf":[],"yoast_head":"<!-- This site is optimized with the Yoast SEO plugin v27.3 - https:\/\/yoast.com\/product\/yoast-seo-wordpress\/ -->\n<title>Interam\u00e9rica: Israel Leito reelegido presidente de la iglesia m\u00e1s numerosa a nivel mundial - Iglesia Adventista del S\u00e9ptimo D\u00eda - Divisi\u00f3n Interamericana<\/title>\n<meta name=\"robots\" content=\"index, follow, max-snippet:-1, max-image-preview:large, max-video-preview:-1\" \/>\n<link rel=\"canonical\" href=\"https:\/\/interamerica.org\/es\/2010\/06\/interamerica-israel-leito-reelegido-presidente-de-la-iglesia-mas-numerosa-a-nivel-mundial\/\" \/>\n<meta property=\"og:locale\" content=\"es_ES\" \/>\n<meta property=\"og:type\" content=\"article\" \/>\n<meta property=\"og:title\" content=\"Interam\u00e9rica: Israel Leito reelegido presidente de la iglesia m\u00e1s numerosa a nivel mundial - Iglesia Adventista del S\u00e9ptimo D\u00eda - Divisi\u00f3n Interamericana\" \/>\n<meta property=\"og:description\" content=\"El pastor Israel Leito, de 65 a\u00f1os de edad, presidente de la Iglesia Adventista del S\u00e9ptimo D\u00eda en Interam\u00e9rica fue reelegido el lunes 28 de junio, para servir otros cinco a\u00f1os como presidente de la vasta y creciente fel\" \/>\n<meta property=\"og:url\" content=\"https:\/\/interamerica.org\/es\/2010\/06\/interamerica-israel-leito-reelegido-presidente-de-la-iglesia-mas-numerosa-a-nivel-mundial\/\" \/>\n<meta property=\"og:site_name\" content=\"Iglesia Adventista del S\u00e9ptimo D\u00eda - Divisi\u00f3n Interamericana\" \/>\n<meta property=\"article:published_time\" content=\"2010-06-28T04:00:00+00:00\" \/>\n<meta property=\"article:modified_time\" content=\"2017-06-02T12:59:28+00:00\" \/>\n<meta name=\"author\" content=\"Lorenzo Verduzco\" \/>\n<meta name=\"twitter:card\" content=\"summary_large_image\" \/>\n<meta name=\"twitter:label1\" content=\"Escrito por\" \/>\n\t<meta name=\"twitter:data1\" content=\"Lorenzo Verduzco\" \/>\n\t<meta name=\"twitter:label2\" content=\"Tiempo de lectura\" \/>\n\t<meta name=\"twitter:data2\" content=\"1 minuto\" \/>\n<script type=\"application\/ld+json\" class=\"yoast-schema-graph\">{\"@context\":\"https:\\\/\\\/schema.org\",\"@graph\":[{\"@type\":\"Article\",\"@id\":\"https:\\\/\\\/interamerica.org\\\/es\\\/2010\\\/06\\\/interamerica-israel-leito-reelegido-presidente-de-la-iglesia-mas-numerosa-a-nivel-mundial\\\/#article\",\"isPartOf\":{\"@id\":\"https:\\\/\\\/interamerica.org\\\/es\\\/2010\\\/06\\\/interamerica-israel-leito-reelegido-presidente-de-la-iglesia-mas-numerosa-a-nivel-mundial\\\/\"},\"author\":{\"name\":\"Lorenzo Verduzco\",\"@id\":\"https:\\\/\\\/interamerica.org\\\/es\\\/#\\\/schema\\\/person\\\/68ede8bdc292885bb76c1e3810e73c39\"},\"headline\":\"Interam\u00e9rica: Israel Leito reelegido presidente de la iglesia m\u00e1s numerosa a nivel mundial\",\"datePublished\":\"2010-06-28T04:00:00+00:00\",\"dateModified\":\"2017-06-02T12:59:28+00:00\",\"mainEntityOfPage\":{\"@id\":\"https:\\\/\\\/interamerica.org\\\/es\\\/2010\\\/06\\\/interamerica-israel-leito-reelegido-presidente-de-la-iglesia-mas-numerosa-a-nivel-mundial\\\/\"},\"wordCount\":297,\"articleSection\":[\"Archivo\"],\"inLanguage\":\"es\"},{\"@type\":\"WebPage\",\"@id\":\"https:\\\/\\\/interamerica.org\\\/es\\\/2010\\\/06\\\/interamerica-israel-leito-reelegido-presidente-de-la-iglesia-mas-numerosa-a-nivel-mundial\\\/\",\"url\":\"https:\\\/\\\/interamerica.org\\\/es\\\/2010\\\/06\\\/interamerica-israel-leito-reelegido-presidente-de-la-iglesia-mas-numerosa-a-nivel-mundial\\\/\",\"name\":\"Interam\u00e9rica: Israel Leito reelegido presidente de la iglesia m\u00e1s numerosa a nivel mundial - Iglesia Adventista del S\u00e9ptimo D\u00eda - Divisi\u00f3n Interamericana\",\"isPartOf\":{\"@id\":\"https:\\\/\\\/interamerica.org\\\/es\\\/#website\"},\"datePublished\":\"2010-06-28T04:00:00+00:00\",\"dateModified\":\"2017-06-02T12:59:28+00:00\",\"author\":{\"@id\":\"https:\\\/\\\/interamerica.org\\\/es\\\/#\\\/schema\\\/person\\\/68ede8bdc292885bb76c1e3810e73c39\"},\"breadcrumb\":{\"@id\":\"https:\\\/\\\/interamerica.org\\\/es\\\/2010\\\/06\\\/interamerica-israel-leito-reelegido-presidente-de-la-iglesia-mas-numerosa-a-nivel-mundial\\\/#breadcrumb\"},\"inLanguage\":\"es\",\"potentialAction\":[{\"@type\":\"ReadAction\",\"target\":[\"https:\\\/\\\/interamerica.org\\\/es\\\/2010\\\/06\\\/interamerica-israel-leito-reelegido-presidente-de-la-iglesia-mas-numerosa-a-nivel-mundial\\\/\"]}]},{\"@type\":\"BreadcrumbList\",\"@id\":\"https:\\\/\\\/interamerica.org\\\/es\\\/2010\\\/06\\\/interamerica-israel-leito-reelegido-presidente-de-la-iglesia-mas-numerosa-a-nivel-mundial\\\/#breadcrumb\",\"itemListElement\":[{\"@type\":\"ListItem\",\"position\":1,\"name\":\"Home\",\"item\":\"https:\\\/\\\/interamerica.org\\\/es\\\/\"},{\"@type\":\"ListItem\",\"position\":2,\"name\":\"Interam\u00e9rica: Israel Leito reelegido presidente de la iglesia m\u00e1s numerosa a nivel mundial\"}]},{\"@type\":\"WebSite\",\"@id\":\"https:\\\/\\\/interamerica.org\\\/es\\\/#website\",\"url\":\"https:\\\/\\\/interamerica.org\\\/es\\\/\",\"name\":\"Iglesia Adventista del S\u00e9ptimo D\u00eda - Divisi\u00f3n Interamericana\",\"description\":\"\",\"potentialAction\":[{\"@type\":\"SearchAction\",\"target\":{\"@type\":\"EntryPoint\",\"urlTemplate\":\"https:\\\/\\\/interamerica.org\\\/es\\\/?s={search_term_string}\"},\"query-input\":{\"@type\":\"PropertyValueSpecification\",\"valueRequired\":true,\"valueName\":\"search_term_string\"}}],\"inLanguage\":\"es\"},{\"@type\":\"Person\",\"@id\":\"https:\\\/\\\/interamerica.org\\\/es\\\/#\\\/schema\\\/person\\\/68ede8bdc292885bb76c1e3810e73c39\",\"name\":\"Lorenzo Verduzco\",\"image\":{\"@type\":\"ImageObject\",\"inLanguage\":\"es\",\"@id\":\"https:\\\/\\\/secure.gravatar.com\\\/avatar\\\/fb81a55b6218459490a9c1dc841a34909185b81904c5337b4b27f7a6fd60c49e?s=96&d=mm&r=g\",\"url\":\"https:\\\/\\\/secure.gravatar.com\\\/avatar\\\/fb81a55b6218459490a9c1dc841a34909185b81904c5337b4b27f7a6fd60c49e?s=96&d=mm&r=g\",\"contentUrl\":\"https:\\\/\\\/secure.gravatar.com\\\/avatar\\\/fb81a55b6218459490a9c1dc841a34909185b81904c5337b4b27f7a6fd60c49e?s=96&d=mm&r=g\",\"caption\":\"Lorenzo Verduzco\"}}]}<\/script>\n<!-- \/ Yoast SEO plugin. -->","yoast_head_json":{"title":"Interam\u00e9rica: Israel Leito reelegido presidente de la iglesia m\u00e1s numerosa a nivel mundial - Iglesia Adventista del S\u00e9ptimo D\u00eda - Divisi\u00f3n Interamericana","robots":{"index":"index","follow":"follow","max-snippet":"max-snippet:-1","max-image-preview":"max-image-preview:large","max-video-preview":"max-video-preview:-1"},"canonical":"https:\/\/interamerica.org\/es\/2010\/06\/interamerica-israel-leito-reelegido-presidente-de-la-iglesia-mas-numerosa-a-nivel-mundial\/","og_locale":"es_ES","og_type":"article","og_title":"Interam\u00e9rica: Israel Leito reelegido presidente de la iglesia m\u00e1s numerosa a nivel mundial - Iglesia Adventista del S\u00e9ptimo D\u00eda - Divisi\u00f3n Interamericana","og_description":"El pastor Israel Leito, de 65 a\u00f1os de edad, presidente de la Iglesia Adventista del S\u00e9ptimo D\u00eda en Interam\u00e9rica fue reelegido el lunes 28 de junio, para servir otros cinco a\u00f1os como presidente de la vasta y creciente fel","og_url":"https:\/\/interamerica.org\/es\/2010\/06\/interamerica-israel-leito-reelegido-presidente-de-la-iglesia-mas-numerosa-a-nivel-mundial\/","og_site_name":"Iglesia Adventista del S\u00e9ptimo D\u00eda - Divisi\u00f3n Interamericana","article_published_time":"2010-06-28T04:00:00+00:00","article_modified_time":"2017-06-02T12:59:28+00:00","author":"Lorenzo Verduzco","twitter_card":"summary_large_image","twitter_misc":{"Escrito por":"Lorenzo Verduzco","Tiempo de lectura":"1 minuto"},"schema":{"@context":"https:\/\/schema.org","@graph":[{"@type":"Article","@id":"https:\/\/interamerica.org\/es\/2010\/06\/interamerica-israel-leito-reelegido-presidente-de-la-iglesia-mas-numerosa-a-nivel-mundial\/#article","isPartOf":{"@id":"https:\/\/interamerica.org\/es\/2010\/06\/interamerica-israel-leito-reelegido-presidente-de-la-iglesia-mas-numerosa-a-nivel-mundial\/"},"author":{"name":"Lorenzo Verduzco","@id":"https:\/\/interamerica.org\/es\/#\/schema\/person\/68ede8bdc292885bb76c1e3810e73c39"},"headline":"Interam\u00e9rica: Israel Leito reelegido presidente de la iglesia m\u00e1s numerosa a nivel mundial","datePublished":"2010-06-28T04:00:00+00:00","dateModified":"2017-06-02T12:59:28+00:00","mainEntityOfPage":{"@id":"https:\/\/interamerica.org\/es\/2010\/06\/interamerica-israel-leito-reelegido-presidente-de-la-iglesia-mas-numerosa-a-nivel-mundial\/"},"wordCount":297,"articleSection":["Archivo"],"inLanguage":"es"},{"@type":"WebPage","@id":"https:\/\/interamerica.org\/es\/2010\/06\/interamerica-israel-leito-reelegido-presidente-de-la-iglesia-mas-numerosa-a-nivel-mundial\/","url":"https:\/\/interamerica.org\/es\/2010\/06\/interamerica-israel-leito-reelegido-presidente-de-la-iglesia-mas-numerosa-a-nivel-mundial\/","name":"Interam\u00e9rica: Israel Leito reelegido presidente de la iglesia m\u00e1s numerosa a nivel mundial - Iglesia Adventista del S\u00e9ptimo D\u00eda - Divisi\u00f3n Interamericana","isPartOf":{"@id":"https:\/\/interamerica.org\/es\/#website"},"datePublished":"2010-06-28T04:00:00+00:00","dateModified":"2017-06-02T12:59:28+00:00","author":{"@id":"https:\/\/interamerica.org\/es\/#\/schema\/person\/68ede8bdc292885bb76c1e3810e73c39"},"breadcrumb":{"@id":"https:\/\/interamerica.org\/es\/2010\/06\/interamerica-israel-leito-reelegido-presidente-de-la-iglesia-mas-numerosa-a-nivel-mundial\/#breadcrumb"},"inLanguage":"es","potentialAction":[{"@type":"ReadAction","target":["https:\/\/interamerica.org\/es\/2010\/06\/interamerica-israel-leito-reelegido-presidente-de-la-iglesia-mas-numerosa-a-nivel-mundial\/"]}]},{"@type":"BreadcrumbList","@id":"https:\/\/interamerica.org\/es\/2010\/06\/interamerica-israel-leito-reelegido-presidente-de-la-iglesia-mas-numerosa-a-nivel-mundial\/#breadcrumb","itemListElement":[{"@type":"ListItem","position":1,"name":"Home","item":"https:\/\/interamerica.org\/es\/"},{"@type":"ListItem","position":2,"name":"Interam\u00e9rica: Israel Leito reelegido presidente de la iglesia m\u00e1s numerosa a nivel mundial"}]},{"@type":"WebSite","@id":"https:\/\/interamerica.org\/es\/#website","url":"https:\/\/interamerica.org\/es\/","name":"Iglesia Adventista del S\u00e9ptimo D\u00eda - Divisi\u00f3n Interamericana","description":"","potentialAction":[{"@type":"SearchAction","target":{"@type":"EntryPoint","urlTemplate":"https:\/\/interamerica.org\/es\/?s={search_term_string}"},"query-input":{"@type":"PropertyValueSpecification","valueRequired":true,"valueName":"search_term_string"}}],"inLanguage":"es"},{"@type":"Person","@id":"https:\/\/interamerica.org\/es\/#\/schema\/person\/68ede8bdc292885bb76c1e3810e73c39","name":"Lorenzo Verduzco","image":{"@type":"ImageObject","inLanguage":"es","@id":"https:\/\/secure.gravatar.com\/avatar\/fb81a55b6218459490a9c1dc841a34909185b81904c5337b4b27f7a6fd60c49e?s=96&d=mm&r=g","url":"https:\/\/secure.gravatar.com\/avatar\/fb81a55b6218459490a9c1dc841a34909185b81904c5337b4b27f7a6fd60c49e?s=96&d=mm&r=g","contentUrl":"https:\/\/secure.gravatar.com\/avatar\/fb81a55b6218459490a9c1dc841a34909185b81904c5337b4b27f7a6fd60c49e?s=96&d=mm&r=g","caption":"Lorenzo Verduzco"}}]}},"_links":{"self":[{"href":"https:\/\/interamerica.org\/es\/wp-json\/wp\/v2\/posts\/11601","targetHints":{"allow":["GET"]}}],"collection":[{"href":"https:\/\/interamerica.org\/es\/wp-json\/wp\/v2\/posts"}],"about":[{"href":"https:\/\/interamerica.org\/es\/wp-json\/wp\/v2\/types\/post"}],"author":[{"embeddable":true,"href":"https:\/\/interamerica.org\/es\/wp-json\/wp\/v2\/users\/1"}],"replies":[{"embeddable":true,"href":"https:\/\/interamerica.org\/es\/wp-json\/wp\/v2\/comments?post=11601"}],"version-history":[{"count":0,"href":"https:\/\/interamerica.org\/es\/wp-json\/wp\/v2\/posts\/11601\/revisions"}],"wp:attachment":[{"href":"https:\/\/interamerica.org\/es\/wp-json\/wp\/v2\/media?parent=11601"}],"wp:term":[{"taxonomy":"category","embeddable":true,"href":"https:\/\/interamerica.org\/es\/wp-json\/wp\/v2\/categories?post=11601"},{"taxonomy":"post_tag","embeddable":true,"href":"https:\/\/interamerica.org\/es\/wp-json\/wp\/v2\/tags?post=11601"}],"curies":[{"name":"wp","href":"https:\/\/api.w.org\/{rel}","templated":true}]}}