{"id":11602,"date":"2010-06-28T00:00:00","date_gmt":"2010-06-28T04:00:00","guid":{"rendered":"http:\/\/192.81.217.108\/interamerica\/2010\/06\/interamerica-delegados-eligen-secretario-y-tesorero-de-la-iglesia\/"},"modified":"2017-06-02T08:59:29","modified_gmt":"2017-06-02T12:59:29","slug":"interamerica-delegados-eligen-secretario-y-tesorero-de-la-iglesia","status":"publish","type":"post","link":"https:\/\/interamerica.org\/es\/2010\/06\/interamerica-delegados-eligen-secretario-y-tesorero-de-la-iglesia\/","title":{"rendered":"Interam\u00e9rica:  Delegados eligen secretario y tesorero de la iglesia"},"content":{"rendered":"<p><em >28 de junio, 2010 &#8211; Atlanta, Georgia, Estados Unidos&#8230;[<\/em >Libna Stevens<em >\/DIA]<\/em > <\/p>\n<p>Horas despu\u00e9s que la Sesi\u00f3n General vot\u00f3 reelegir al Pastor Israel Leito como presidente para la iglesia en Interam\u00e9rica y otros l\u00edderes de la iglesia mundial, el doctor Elie Henry fue elegido como secretario ejecutivo y Feliberto Verduzco reelegido tesorero de la Divisi\u00f3n Interamericana (DIA). <\/p>\n<p>El doctor Elie Henry, de 54 a\u00f1os de edad, ha servido como uno de tres vicepresidentes en la DIA desde el a\u00f1o 2000. Henry tiene m\u00e1s de 31 a\u00f1os de servicio denominacional en Interam\u00e9rica y posee un Th.D en teolog\u00eda y un <em >Master&#39;s in Theology Strabourg<\/em > de Francia. <\/p>\n<p>Nativo de Hait\u00ed, la carrera del doctor Henry comenz\u00f3 como pastor distrital en Hait\u00ed, luego como presidente de Uni\u00f3n. Tambi\u00e9n ha servido como director de Recursos Humanos de la DIA. <\/p>\n<p>El doctor Henry est\u00e1 casado con Ketlie Henry y tienen tres hijas. <\/p>\n<p>Filiberto Verduzco, de 58 a\u00f1os de edad, ha servido como tesorero de la iglesia en Interam\u00e9rica desde el a\u00f1o 2000. Verduzco tiene m\u00e1s de 30 a\u00f1os de servicio denominacional en Interam\u00e9rica y tiene un grado de Maestr\u00eda en Administraci\u00f3n de Negocios del Instituto Tecnol\u00f3gico de Sonora, M\u00e9xico. <\/p>\n<p>Nacido en M\u00e9xico, el servicio de Verduzco a la iglesia comenz\u00f3 como gerente general de la Compa\u00f1\u00eda de Alimentos Saludables Colpac &#8212; una sucursal de la Compa\u00f1\u00eda de Alimentos Saludables de Interam\u00e9rica. Sus a\u00f1os de servicio tambi\u00e9n incluyen vicepresidente de finanzas y vicepresidente de desarrollo de la Universidad de Montemorelos en M\u00e9xico. <\/p>\n<p>Verduzco esta casado con Alma Yanes y tienen dos hijos y cinco nietos. <\/p>\n<p>Otros l\u00edderes de la Divisi\u00f3n Interamericana ser\u00e1n elegidos esta semana. <\/p>\n<p>Para las m\u00e1s recientes noticias sobre la Sesi\u00f3n de la AG, visite www.interamerica.org  <\/p>\n","protected":false},"excerpt":{"rendered":"<p>Horas despu\u00e9s que la Sesi\u00f3n General vot\u00f3 reelegir al Pastor Israel Leito como presidente para la iglesia en Interam\u00e9rica y otros l\u00edderes de la iglesia mundial, el doctor Elie Henry fue elegido como secretario ejecutivo y<\/p>\n","protected":false},"author":1,"featured_media":0,"comment_status":"closed","ping_status":"closed","sticky":false,"template":"","format":"standard","meta":{"_acf_changed":false,"footnotes":""},"categories":[8],"tags":[],"class_list":["post-11602","post","type-post","status-publish","format-standard","hentry","category-archivo"],"acf":[],"yoast_head":"<!-- This site is optimized with the Yoast SEO plugin v27.3 - https:\/\/yoast.com\/product\/yoast-seo-wordpress\/ -->\n<title>Interam\u00e9rica: Delegados eligen secretario y tesorero de la iglesia - Iglesia Adventista del S\u00e9ptimo D\u00eda - Divisi\u00f3n Interamericana<\/title>\n<meta name=\"robots\" content=\"index, follow, max-snippet:-1, max-image-preview:large, max-video-preview:-1\" \/>\n<link rel=\"canonical\" href=\"https:\/\/interamerica.org\/es\/2010\/06\/interamerica-delegados-eligen-secretario-y-tesorero-de-la-iglesia\/\" \/>\n<meta property=\"og:locale\" content=\"es_ES\" \/>\n<meta property=\"og:type\" content=\"article\" \/>\n<meta property=\"og:title\" content=\"Interam\u00e9rica: Delegados eligen secretario y tesorero de la iglesia - Iglesia Adventista del S\u00e9ptimo D\u00eda - Divisi\u00f3n Interamericana\" \/>\n<meta property=\"og:description\" content=\"Horas despu\u00e9s que la Sesi\u00f3n General vot\u00f3 reelegir al Pastor Israel Leito como presidente para la iglesia en Interam\u00e9rica y otros l\u00edderes de la iglesia mundial, el doctor Elie Henry fue elegido como secretario ejecutivo y\" \/>\n<meta property=\"og:url\" content=\"https:\/\/interamerica.org\/es\/2010\/06\/interamerica-delegados-eligen-secretario-y-tesorero-de-la-iglesia\/\" \/>\n<meta property=\"og:site_name\" content=\"Iglesia Adventista del S\u00e9ptimo D\u00eda - Divisi\u00f3n Interamericana\" \/>\n<meta property=\"article:published_time\" content=\"2010-06-28T04:00:00+00:00\" \/>\n<meta property=\"article:modified_time\" content=\"2017-06-02T12:59:29+00:00\" \/>\n<meta name=\"author\" content=\"Lorenzo Verduzco\" \/>\n<meta name=\"twitter:card\" content=\"summary_large_image\" \/>\n<meta name=\"twitter:label1\" content=\"Escrito por\" \/>\n\t<meta name=\"twitter:data1\" content=\"Lorenzo Verduzco\" \/>\n\t<meta name=\"twitter:label2\" content=\"Tiempo de lectura\" \/>\n\t<meta name=\"twitter:data2\" content=\"2 minutos\" \/>\n<script type=\"application\/ld+json\" class=\"yoast-schema-graph\">{\"@context\":\"https:\\\/\\\/schema.org\",\"@graph\":[{\"@type\":\"Article\",\"@id\":\"https:\\\/\\\/interamerica.org\\\/es\\\/2010\\\/06\\\/interamerica-delegados-eligen-secretario-y-tesorero-de-la-iglesia\\\/#article\",\"isPartOf\":{\"@id\":\"https:\\\/\\\/interamerica.org\\\/es\\\/2010\\\/06\\\/interamerica-delegados-eligen-secretario-y-tesorero-de-la-iglesia\\\/\"},\"author\":{\"name\":\"Lorenzo Verduzco\",\"@id\":\"https:\\\/\\\/interamerica.org\\\/es\\\/#\\\/schema\\\/person\\\/68ede8bdc292885bb76c1e3810e73c39\"},\"headline\":\"Interam\u00e9rica: Delegados eligen secretario y tesorero de la iglesia\",\"datePublished\":\"2010-06-28T04:00:00+00:00\",\"dateModified\":\"2017-06-02T12:59:29+00:00\",\"mainEntityOfPage\":{\"@id\":\"https:\\\/\\\/interamerica.org\\\/es\\\/2010\\\/06\\\/interamerica-delegados-eligen-secretario-y-tesorero-de-la-iglesia\\\/\"},\"wordCount\":323,\"articleSection\":[\"Archivo\"],\"inLanguage\":\"es\"},{\"@type\":\"WebPage\",\"@id\":\"https:\\\/\\\/interamerica.org\\\/es\\\/2010\\\/06\\\/interamerica-delegados-eligen-secretario-y-tesorero-de-la-iglesia\\\/\",\"url\":\"https:\\\/\\\/interamerica.org\\\/es\\\/2010\\\/06\\\/interamerica-delegados-eligen-secretario-y-tesorero-de-la-iglesia\\\/\",\"name\":\"Interam\u00e9rica: Delegados eligen secretario y tesorero de la iglesia - Iglesia Adventista del S\u00e9ptimo D\u00eda - Divisi\u00f3n Interamericana\",\"isPartOf\":{\"@id\":\"https:\\\/\\\/interamerica.org\\\/es\\\/#website\"},\"datePublished\":\"2010-06-28T04:00:00+00:00\",\"dateModified\":\"2017-06-02T12:59:29+00:00\",\"author\":{\"@id\":\"https:\\\/\\\/interamerica.org\\\/es\\\/#\\\/schema\\\/person\\\/68ede8bdc292885bb76c1e3810e73c39\"},\"breadcrumb\":{\"@id\":\"https:\\\/\\\/interamerica.org\\\/es\\\/2010\\\/06\\\/interamerica-delegados-eligen-secretario-y-tesorero-de-la-iglesia\\\/#breadcrumb\"},\"inLanguage\":\"es\",\"potentialAction\":[{\"@type\":\"ReadAction\",\"target\":[\"https:\\\/\\\/interamerica.org\\\/es\\\/2010\\\/06\\\/interamerica-delegados-eligen-secretario-y-tesorero-de-la-iglesia\\\/\"]}]},{\"@type\":\"BreadcrumbList\",\"@id\":\"https:\\\/\\\/interamerica.org\\\/es\\\/2010\\\/06\\\/interamerica-delegados-eligen-secretario-y-tesorero-de-la-iglesia\\\/#breadcrumb\",\"itemListElement\":[{\"@type\":\"ListItem\",\"position\":1,\"name\":\"Home\",\"item\":\"https:\\\/\\\/interamerica.org\\\/es\\\/\"},{\"@type\":\"ListItem\",\"position\":2,\"name\":\"Interam\u00e9rica: Delegados eligen secretario y tesorero de la iglesia\"}]},{\"@type\":\"WebSite\",\"@id\":\"https:\\\/\\\/interamerica.org\\\/es\\\/#website\",\"url\":\"https:\\\/\\\/interamerica.org\\\/es\\\/\",\"name\":\"Iglesia Adventista del S\u00e9ptimo D\u00eda - Divisi\u00f3n Interamericana\",\"description\":\"\",\"potentialAction\":[{\"@type\":\"SearchAction\",\"target\":{\"@type\":\"EntryPoint\",\"urlTemplate\":\"https:\\\/\\\/interamerica.org\\\/es\\\/?s={search_term_string}\"},\"query-input\":{\"@type\":\"PropertyValueSpecification\",\"valueRequired\":true,\"valueName\":\"search_term_string\"}}],\"inLanguage\":\"es\"},{\"@type\":\"Person\",\"@id\":\"https:\\\/\\\/interamerica.org\\\/es\\\/#\\\/schema\\\/person\\\/68ede8bdc292885bb76c1e3810e73c39\",\"name\":\"Lorenzo Verduzco\",\"image\":{\"@type\":\"ImageObject\",\"inLanguage\":\"es\",\"@id\":\"https:\\\/\\\/secure.gravatar.com\\\/avatar\\\/fb81a55b6218459490a9c1dc841a34909185b81904c5337b4b27f7a6fd60c49e?s=96&d=mm&r=g\",\"url\":\"https:\\\/\\\/secure.gravatar.com\\\/avatar\\\/fb81a55b6218459490a9c1dc841a34909185b81904c5337b4b27f7a6fd60c49e?s=96&d=mm&r=g\",\"contentUrl\":\"https:\\\/\\\/secure.gravatar.com\\\/avatar\\\/fb81a55b6218459490a9c1dc841a34909185b81904c5337b4b27f7a6fd60c49e?s=96&d=mm&r=g\",\"caption\":\"Lorenzo Verduzco\"}}]}<\/script>\n<!-- \/ Yoast SEO plugin. -->","yoast_head_json":{"title":"Interam\u00e9rica: Delegados eligen secretario y tesorero de la iglesia - Iglesia Adventista del S\u00e9ptimo D\u00eda - Divisi\u00f3n Interamericana","robots":{"index":"index","follow":"follow","max-snippet":"max-snippet:-1","max-image-preview":"max-image-preview:large","max-video-preview":"max-video-preview:-1"},"canonical":"https:\/\/interamerica.org\/es\/2010\/06\/interamerica-delegados-eligen-secretario-y-tesorero-de-la-iglesia\/","og_locale":"es_ES","og_type":"article","og_title":"Interam\u00e9rica: Delegados eligen secretario y tesorero de la iglesia - Iglesia Adventista del S\u00e9ptimo D\u00eda - Divisi\u00f3n Interamericana","og_description":"Horas despu\u00e9s que la Sesi\u00f3n General vot\u00f3 reelegir al Pastor Israel Leito como presidente para la iglesia en Interam\u00e9rica y otros l\u00edderes de la iglesia mundial, el doctor Elie Henry fue elegido como secretario ejecutivo y","og_url":"https:\/\/interamerica.org\/es\/2010\/06\/interamerica-delegados-eligen-secretario-y-tesorero-de-la-iglesia\/","og_site_name":"Iglesia Adventista del S\u00e9ptimo D\u00eda - Divisi\u00f3n Interamericana","article_published_time":"2010-06-28T04:00:00+00:00","article_modified_time":"2017-06-02T12:59:29+00:00","author":"Lorenzo Verduzco","twitter_card":"summary_large_image","twitter_misc":{"Escrito por":"Lorenzo Verduzco","Tiempo de lectura":"2 minutos"},"schema":{"@context":"https:\/\/schema.org","@graph":[{"@type":"Article","@id":"https:\/\/interamerica.org\/es\/2010\/06\/interamerica-delegados-eligen-secretario-y-tesorero-de-la-iglesia\/#article","isPartOf":{"@id":"https:\/\/interamerica.org\/es\/2010\/06\/interamerica-delegados-eligen-secretario-y-tesorero-de-la-iglesia\/"},"author":{"name":"Lorenzo Verduzco","@id":"https:\/\/interamerica.org\/es\/#\/schema\/person\/68ede8bdc292885bb76c1e3810e73c39"},"headline":"Interam\u00e9rica: Delegados eligen secretario y tesorero de la iglesia","datePublished":"2010-06-28T04:00:00+00:00","dateModified":"2017-06-02T12:59:29+00:00","mainEntityOfPage":{"@id":"https:\/\/interamerica.org\/es\/2010\/06\/interamerica-delegados-eligen-secretario-y-tesorero-de-la-iglesia\/"},"wordCount":323,"articleSection":["Archivo"],"inLanguage":"es"},{"@type":"WebPage","@id":"https:\/\/interamerica.org\/es\/2010\/06\/interamerica-delegados-eligen-secretario-y-tesorero-de-la-iglesia\/","url":"https:\/\/interamerica.org\/es\/2010\/06\/interamerica-delegados-eligen-secretario-y-tesorero-de-la-iglesia\/","name":"Interam\u00e9rica: Delegados eligen secretario y tesorero de la iglesia - Iglesia Adventista del S\u00e9ptimo D\u00eda - Divisi\u00f3n Interamericana","isPartOf":{"@id":"https:\/\/interamerica.org\/es\/#website"},"datePublished":"2010-06-28T04:00:00+00:00","dateModified":"2017-06-02T12:59:29+00:00","author":{"@id":"https:\/\/interamerica.org\/es\/#\/schema\/person\/68ede8bdc292885bb76c1e3810e73c39"},"breadcrumb":{"@id":"https:\/\/interamerica.org\/es\/2010\/06\/interamerica-delegados-eligen-secretario-y-tesorero-de-la-iglesia\/#breadcrumb"},"inLanguage":"es","potentialAction":[{"@type":"ReadAction","target":["https:\/\/interamerica.org\/es\/2010\/06\/interamerica-delegados-eligen-secretario-y-tesorero-de-la-iglesia\/"]}]},{"@type":"BreadcrumbList","@id":"https:\/\/interamerica.org\/es\/2010\/06\/interamerica-delegados-eligen-secretario-y-tesorero-de-la-iglesia\/#breadcrumb","itemListElement":[{"@type":"ListItem","position":1,"name":"Home","item":"https:\/\/interamerica.org\/es\/"},{"@type":"ListItem","position":2,"name":"Interam\u00e9rica: Delegados eligen secretario y tesorero de la iglesia"}]},{"@type":"WebSite","@id":"https:\/\/interamerica.org\/es\/#website","url":"https:\/\/interamerica.org\/es\/","name":"Iglesia Adventista del S\u00e9ptimo D\u00eda - Divisi\u00f3n Interamericana","description":"","potentialAction":[{"@type":"SearchAction","target":{"@type":"EntryPoint","urlTemplate":"https:\/\/interamerica.org\/es\/?s={search_term_string}"},"query-input":{"@type":"PropertyValueSpecification","valueRequired":true,"valueName":"search_term_string"}}],"inLanguage":"es"},{"@type":"Person","@id":"https:\/\/interamerica.org\/es\/#\/schema\/person\/68ede8bdc292885bb76c1e3810e73c39","name":"Lorenzo Verduzco","image":{"@type":"ImageObject","inLanguage":"es","@id":"https:\/\/secure.gravatar.com\/avatar\/fb81a55b6218459490a9c1dc841a34909185b81904c5337b4b27f7a6fd60c49e?s=96&d=mm&r=g","url":"https:\/\/secure.gravatar.com\/avatar\/fb81a55b6218459490a9c1dc841a34909185b81904c5337b4b27f7a6fd60c49e?s=96&d=mm&r=g","contentUrl":"https:\/\/secure.gravatar.com\/avatar\/fb81a55b6218459490a9c1dc841a34909185b81904c5337b4b27f7a6fd60c49e?s=96&d=mm&r=g","caption":"Lorenzo Verduzco"}}]}},"_links":{"self":[{"href":"https:\/\/interamerica.org\/es\/wp-json\/wp\/v2\/posts\/11602","targetHints":{"allow":["GET"]}}],"collection":[{"href":"https:\/\/interamerica.org\/es\/wp-json\/wp\/v2\/posts"}],"about":[{"href":"https:\/\/interamerica.org\/es\/wp-json\/wp\/v2\/types\/post"}],"author":[{"embeddable":true,"href":"https:\/\/interamerica.org\/es\/wp-json\/wp\/v2\/users\/1"}],"replies":[{"embeddable":true,"href":"https:\/\/interamerica.org\/es\/wp-json\/wp\/v2\/comments?post=11602"}],"version-history":[{"count":0,"href":"https:\/\/interamerica.org\/es\/wp-json\/wp\/v2\/posts\/11602\/revisions"}],"wp:attachment":[{"href":"https:\/\/interamerica.org\/es\/wp-json\/wp\/v2\/media?parent=11602"}],"wp:term":[{"taxonomy":"category","embeddable":true,"href":"https:\/\/interamerica.org\/es\/wp-json\/wp\/v2\/categories?post=11602"},{"taxonomy":"post_tag","embeddable":true,"href":"https:\/\/interamerica.org\/es\/wp-json\/wp\/v2\/tags?post=11602"}],"curies":[{"name":"wp","href":"https:\/\/api.w.org\/{rel}","templated":true}]}}