{"id":11603,"date":"2010-06-28T00:00:00","date_gmt":"2010-06-28T04:00:00","guid":{"rendered":"http:\/\/192.81.217.108\/interamerica\/2010\/06\/jackson-dirigira-la-iglesia-en-norteamerica-ruguri-biaggi-dirigiran-las-areas-de-division-africa-oriental-rusia\/"},"modified":"2017-06-02T08:59:30","modified_gmt":"2017-06-02T12:59:30","slug":"jackson-dirigira-la-iglesia-en-norteamerica-ruguri-biaggi-dirigiran-las-areas-de-division-africa-oriental-rusia","status":"publish","type":"post","link":"https:\/\/interamerica.org\/es\/2010\/06\/jackson-dirigira-la-iglesia-en-norteamerica-ruguri-biaggi-dirigiran-las-areas-de-division-africa-oriental-rusia\/","title":{"rendered":"Jackson dirigir\u00e1 la iglesia en Norteam\u00e9rica; Ruguri, Biaggi dirigir\u00e1n las \u00e1reas de divisi\u00f3n \u00c1frica Oriental, Rusia."},"content":{"rendered":"<p>28 de junio 2010, Atlanta, Georgia, Estados Unidos&#8230;Mark A. Kellner, Adventist Review <\/p>\n<p>Dan Jackson, presidente de la Iglesia Adventista del S\u00e9ptimo D\u00eda en Canad\u00e1 es el nuevo presidente de la iglesia de Norteam\u00e9rica, elegido el 28 de junio por delegados de la iglesia a nivel mundial en su sesi\u00f3n de negocios en Atlanta, Georgia. <\/p>\n<p>Jackson de 61 a\u00f1os de edad, fue propuesto por el comit\u00e9 de nombramientos de la iglesia y confirmado por los delegados a la Sesi\u00f3n de la Asociaci\u00f3n General. \u00c9l remplaza a Don Schneider, que ha servido como presidente desde el a\u00f1o 2000. <\/p>\n<p>Por separado, Lisa M. Beardsley ha llegado a ser la primera mujer en servir en la Iglesia Adventista como Directora de Educaci\u00f3n. Ella tiene una Maestr\u00eda en Salud P\u00fablica de <em >Loma Linda University<\/em >, un doctorado en Psicolog\u00eda de la Educaci\u00f3n de la Universidad de Hawai&#39;i en Manoa, y una Maestr\u00eda en Administraci\u00f3n de Negocios de la <em >Claremont Graduate University en California<\/em >. <\/p>\n<p>Beardsley, previamente vicerectora para asuntos acad\u00e9micos en Loma Linda University, vino a la sede mundial en 2005 como una asociada en el Departamento de Educaci\u00f3n. <\/p>\n<p>Willie y Elaine Oliver, quienes lideran actualmente Ministerios de la Familia para la iglesia en Norteam\u00e9rica, suceder\u00e1n a Ron y Karen Flowers en la direcci\u00f3n del programa para la iglesia. <\/p>\n<p>Willie Oliver tiene un doctorado en Sociolog\u00eda de la Familia, y grado de maestr\u00eda en Consejer\u00eda Pastoral y Sociolog\u00eda de la Familia. Elaine tiene estudios graduados en Educaci\u00f3n Superior con concentraciones en desarrollo del estudiante y consejer\u00eda. Es vicepresidenta asociada para la administraci\u00f3n de matr\u00edcula en la Universidad Adventista de Washington y sirve junto a Willie en el ministerio, dirigiendo conferencias matrimoniales, retiros, y seminarios de relaciones. Los Oliveras han estado casados por 25 a\u00f1os y son los padres de los estudiantes universitarios Jessica y Julian. <\/p>\n<p>El nuevo presidente de Norteam\u00e9rica, que ha sido presentado en un perfil adventista a nivel mundial, en febrero de 2010, reaccion\u00f3 a su elecci\u00f3n: \u00abDios nunca nos llama para hacer cosas que nosotros podemos hacer, y este asunto es mucho mayor que yo. Pero \u00e9l ha llamado, y yo acepto esto con la m\u00e1s grande humildad y con  extrema gratitud a Don Schneider\u00bb, dijo Jackson. <\/p>\n<p>Respondiendo al voto, Schneider dijo, \u00abJackson es un maravilloso cristiano que su liderazgo ha demostrado una dedicaci\u00f3n a la misi\u00f3n de la Iglesia Adventista del S\u00e9ptimo D\u00eda\u00bb. Jacson es nativo de Canad\u00e1 y, con la excepci\u00f3n de cinco a\u00f1os de servicio en la Divisi\u00f3n Sure\u00f1a de Asia, ha vivido y ministrado en Canad\u00e1. Es graduado de Canadian Union College (en la actualidad Canadian University College) y de Andrews University, de donde  tiene un Master of Arts en Religi\u00f3n en teolog\u00eda sistem\u00e1tica. <\/p>\n<p>Durante su carrera, Jackson has servido a la iglesia como pastor, maestro y administrador. En la actualidad es el presidente de la Iglesia Adventista del S\u00e9ptimo D\u00eda en Canad\u00e1. Dan y Donna, su esposa, tienen tres hijos y cuatro nietos. <\/p>\n<p>\u00abMis pensamientos y oraciones est\u00e1n con \u00e9l\u00bb, dijo Carlton Byrd, pastor de la Iglesia Adventista del S\u00e9ptimo D\u00eda Bereana de Atlanta. \u00abTuve el privilegio de conocerle en la  sesi\u00f3n y estoy deseoso de trabajar con \u00e9l\u00bb. <\/p>\n<p>Jackson es uno de tres nuevos presidentes de divisi\u00f3n en la iglesia adventista. Blasious M. Ruguri es el nuevo presidente de la iglesia en <em >East-Central \u00c1frica,<\/em > rempazando a Geoffrey G. Mbwana, que fue elegido como uno de los vicepresidentes generales a nivel mundial. Gullermo E. Biaggi suceder\u00e1 a Artur A. Stele como presidente de la Divisi\u00f3n Euro-Asi\u00e1tica; Stele tanbi\u00e9n fue legido como un vicepresidente general.   <\/p>\n<\/p>\n<p>Otros presidentes regionales fueron reelegidos a sus puestos: Bruno R. Vertallier en \u00c1frica Europea; Israel Leito, Interam\u00e9rica; Jairyong Lee, Asia Pac\u00edficoa del Norte; Erton C. Cohler, Sudam\u00e9rica; Barry D. Oliver, Pac\u00edfico Sur; Paul S. Ratsara, Oceano \u00cdndico -Africa del Sur; John Rathinaraj, Asia del Sur; Alberto C Gulfan, Asia Sure\u00f1a del Pac\u00edfico; Bertil Wiklander, Trans-Europea y Gilbert Wari, \u00c1freica Centro-Occidental. <\/p>\n<p> Reportaje adicional por George Johnson, Jr. <\/p>\n","protected":false},"excerpt":{"rendered":"<p>Dan Jackson, presidente de la Iglesia Adventista del S\u00e9ptimo D\u00eda en Canad\u00e1 es el nuevo presidente de la iglesia de Norteam\u00e9rica, elegido el 28 de junio por delegados de la iglesia a nivel mundial en su sesi\u00f3n de negocios<\/p>\n","protected":false},"author":1,"featured_media":0,"comment_status":"closed","ping_status":"closed","sticky":false,"template":"","format":"standard","meta":{"_acf_changed":false,"footnotes":""},"categories":[8],"tags":[],"class_list":["post-11603","post","type-post","status-publish","format-standard","hentry","category-archivo"],"acf":[],"yoast_head":"<!-- This site is optimized with the Yoast SEO plugin v27.3 - https:\/\/yoast.com\/product\/yoast-seo-wordpress\/ -->\n<title>Jackson dirigir\u00e1 la iglesia en Norteam\u00e9rica; Ruguri, Biaggi dirigir\u00e1n las \u00e1reas de divisi\u00f3n \u00c1frica Oriental, Rusia. - Iglesia Adventista del S\u00e9ptimo D\u00eda - Divisi\u00f3n Interamericana<\/title>\n<meta name=\"robots\" content=\"index, follow, max-snippet:-1, max-image-preview:large, max-video-preview:-1\" \/>\n<link rel=\"canonical\" href=\"https:\/\/interamerica.org\/es\/2010\/06\/jackson-dirigira-la-iglesia-en-norteamerica-ruguri-biaggi-dirigiran-las-areas-de-division-africa-oriental-rusia\/\" \/>\n<meta property=\"og:locale\" content=\"es_ES\" \/>\n<meta property=\"og:type\" content=\"article\" \/>\n<meta property=\"og:title\" content=\"Jackson dirigir\u00e1 la iglesia en Norteam\u00e9rica; Ruguri, Biaggi dirigir\u00e1n las \u00e1reas de divisi\u00f3n \u00c1frica Oriental, Rusia. - Iglesia Adventista del S\u00e9ptimo D\u00eda - Divisi\u00f3n Interamericana\" \/>\n<meta property=\"og:description\" content=\"Dan Jackson, presidente de la Iglesia Adventista del S\u00e9ptimo D\u00eda en Canad\u00e1 es el nuevo presidente de la iglesia de Norteam\u00e9rica, elegido el 28 de junio por delegados de la iglesia a nivel mundial en su sesi\u00f3n de negocios\" \/>\n<meta property=\"og:url\" content=\"https:\/\/interamerica.org\/es\/2010\/06\/jackson-dirigira-la-iglesia-en-norteamerica-ruguri-biaggi-dirigiran-las-areas-de-division-africa-oriental-rusia\/\" \/>\n<meta property=\"og:site_name\" content=\"Iglesia Adventista del S\u00e9ptimo D\u00eda - Divisi\u00f3n Interamericana\" \/>\n<meta property=\"article:published_time\" content=\"2010-06-28T04:00:00+00:00\" \/>\n<meta property=\"article:modified_time\" content=\"2017-06-02T12:59:30+00:00\" \/>\n<meta name=\"author\" content=\"Lorenzo Verduzco\" \/>\n<meta name=\"twitter:card\" content=\"summary_large_image\" \/>\n<meta name=\"twitter:label1\" content=\"Escrito por\" \/>\n\t<meta name=\"twitter:data1\" content=\"Lorenzo Verduzco\" \/>\n\t<meta name=\"twitter:label2\" content=\"Tiempo de lectura\" \/>\n\t<meta name=\"twitter:data2\" content=\"4 minutos\" \/>\n<script type=\"application\/ld+json\" class=\"yoast-schema-graph\">{\"@context\":\"https:\\\/\\\/schema.org\",\"@graph\":[{\"@type\":\"Article\",\"@id\":\"https:\\\/\\\/interamerica.org\\\/es\\\/2010\\\/06\\\/jackson-dirigira-la-iglesia-en-norteamerica-ruguri-biaggi-dirigiran-las-areas-de-division-africa-oriental-rusia\\\/#article\",\"isPartOf\":{\"@id\":\"https:\\\/\\\/interamerica.org\\\/es\\\/2010\\\/06\\\/jackson-dirigira-la-iglesia-en-norteamerica-ruguri-biaggi-dirigiran-las-areas-de-division-africa-oriental-rusia\\\/\"},\"author\":{\"name\":\"Lorenzo Verduzco\",\"@id\":\"https:\\\/\\\/interamerica.org\\\/es\\\/#\\\/schema\\\/person\\\/68ede8bdc292885bb76c1e3810e73c39\"},\"headline\":\"Jackson dirigir\u00e1 la iglesia en Norteam\u00e9rica; Ruguri, Biaggi dirigir\u00e1n las \u00e1reas de divisi\u00f3n \u00c1frica Oriental, Rusia.\",\"datePublished\":\"2010-06-28T04:00:00+00:00\",\"dateModified\":\"2017-06-02T12:59:30+00:00\",\"mainEntityOfPage\":{\"@id\":\"https:\\\/\\\/interamerica.org\\\/es\\\/2010\\\/06\\\/jackson-dirigira-la-iglesia-en-norteamerica-ruguri-biaggi-dirigiran-las-areas-de-division-africa-oriental-rusia\\\/\"},\"wordCount\":723,\"articleSection\":[\"Archivo\"],\"inLanguage\":\"es\"},{\"@type\":\"WebPage\",\"@id\":\"https:\\\/\\\/interamerica.org\\\/es\\\/2010\\\/06\\\/jackson-dirigira-la-iglesia-en-norteamerica-ruguri-biaggi-dirigiran-las-areas-de-division-africa-oriental-rusia\\\/\",\"url\":\"https:\\\/\\\/interamerica.org\\\/es\\\/2010\\\/06\\\/jackson-dirigira-la-iglesia-en-norteamerica-ruguri-biaggi-dirigiran-las-areas-de-division-africa-oriental-rusia\\\/\",\"name\":\"Jackson dirigir\u00e1 la iglesia en Norteam\u00e9rica; Ruguri, Biaggi dirigir\u00e1n las \u00e1reas de divisi\u00f3n \u00c1frica Oriental, Rusia. - Iglesia Adventista del S\u00e9ptimo D\u00eda - Divisi\u00f3n Interamericana\",\"isPartOf\":{\"@id\":\"https:\\\/\\\/interamerica.org\\\/es\\\/#website\"},\"datePublished\":\"2010-06-28T04:00:00+00:00\",\"dateModified\":\"2017-06-02T12:59:30+00:00\",\"author\":{\"@id\":\"https:\\\/\\\/interamerica.org\\\/es\\\/#\\\/schema\\\/person\\\/68ede8bdc292885bb76c1e3810e73c39\"},\"breadcrumb\":{\"@id\":\"https:\\\/\\\/interamerica.org\\\/es\\\/2010\\\/06\\\/jackson-dirigira-la-iglesia-en-norteamerica-ruguri-biaggi-dirigiran-las-areas-de-division-africa-oriental-rusia\\\/#breadcrumb\"},\"inLanguage\":\"es\",\"potentialAction\":[{\"@type\":\"ReadAction\",\"target\":[\"https:\\\/\\\/interamerica.org\\\/es\\\/2010\\\/06\\\/jackson-dirigira-la-iglesia-en-norteamerica-ruguri-biaggi-dirigiran-las-areas-de-division-africa-oriental-rusia\\\/\"]}]},{\"@type\":\"BreadcrumbList\",\"@id\":\"https:\\\/\\\/interamerica.org\\\/es\\\/2010\\\/06\\\/jackson-dirigira-la-iglesia-en-norteamerica-ruguri-biaggi-dirigiran-las-areas-de-division-africa-oriental-rusia\\\/#breadcrumb\",\"itemListElement\":[{\"@type\":\"ListItem\",\"position\":1,\"name\":\"Home\",\"item\":\"https:\\\/\\\/interamerica.org\\\/es\\\/\"},{\"@type\":\"ListItem\",\"position\":2,\"name\":\"Jackson dirigir\u00e1 la iglesia en Norteam\u00e9rica; Ruguri, Biaggi dirigir\u00e1n las \u00e1reas de divisi\u00f3n \u00c1frica Oriental, Rusia.\"}]},{\"@type\":\"WebSite\",\"@id\":\"https:\\\/\\\/interamerica.org\\\/es\\\/#website\",\"url\":\"https:\\\/\\\/interamerica.org\\\/es\\\/\",\"name\":\"Iglesia Adventista del S\u00e9ptimo D\u00eda - Divisi\u00f3n Interamericana\",\"description\":\"\",\"potentialAction\":[{\"@type\":\"SearchAction\",\"target\":{\"@type\":\"EntryPoint\",\"urlTemplate\":\"https:\\\/\\\/interamerica.org\\\/es\\\/?s={search_term_string}\"},\"query-input\":{\"@type\":\"PropertyValueSpecification\",\"valueRequired\":true,\"valueName\":\"search_term_string\"}}],\"inLanguage\":\"es\"},{\"@type\":\"Person\",\"@id\":\"https:\\\/\\\/interamerica.org\\\/es\\\/#\\\/schema\\\/person\\\/68ede8bdc292885bb76c1e3810e73c39\",\"name\":\"Lorenzo Verduzco\",\"image\":{\"@type\":\"ImageObject\",\"inLanguage\":\"es\",\"@id\":\"https:\\\/\\\/secure.gravatar.com\\\/avatar\\\/fb81a55b6218459490a9c1dc841a34909185b81904c5337b4b27f7a6fd60c49e?s=96&d=mm&r=g\",\"url\":\"https:\\\/\\\/secure.gravatar.com\\\/avatar\\\/fb81a55b6218459490a9c1dc841a34909185b81904c5337b4b27f7a6fd60c49e?s=96&d=mm&r=g\",\"contentUrl\":\"https:\\\/\\\/secure.gravatar.com\\\/avatar\\\/fb81a55b6218459490a9c1dc841a34909185b81904c5337b4b27f7a6fd60c49e?s=96&d=mm&r=g\",\"caption\":\"Lorenzo Verduzco\"}}]}<\/script>\n<!-- \/ Yoast SEO plugin. -->","yoast_head_json":{"title":"Jackson dirigir\u00e1 la iglesia en Norteam\u00e9rica; Ruguri, Biaggi dirigir\u00e1n las \u00e1reas de divisi\u00f3n \u00c1frica Oriental, Rusia. - Iglesia Adventista del S\u00e9ptimo D\u00eda - Divisi\u00f3n Interamericana","robots":{"index":"index","follow":"follow","max-snippet":"max-snippet:-1","max-image-preview":"max-image-preview:large","max-video-preview":"max-video-preview:-1"},"canonical":"https:\/\/interamerica.org\/es\/2010\/06\/jackson-dirigira-la-iglesia-en-norteamerica-ruguri-biaggi-dirigiran-las-areas-de-division-africa-oriental-rusia\/","og_locale":"es_ES","og_type":"article","og_title":"Jackson dirigir\u00e1 la iglesia en Norteam\u00e9rica; Ruguri, Biaggi dirigir\u00e1n las \u00e1reas de divisi\u00f3n \u00c1frica Oriental, Rusia. - Iglesia Adventista del S\u00e9ptimo D\u00eda - Divisi\u00f3n Interamericana","og_description":"Dan Jackson, presidente de la Iglesia Adventista del S\u00e9ptimo D\u00eda en Canad\u00e1 es el nuevo presidente de la iglesia de Norteam\u00e9rica, elegido el 28 de junio por delegados de la iglesia a nivel mundial en su sesi\u00f3n de negocios","og_url":"https:\/\/interamerica.org\/es\/2010\/06\/jackson-dirigira-la-iglesia-en-norteamerica-ruguri-biaggi-dirigiran-las-areas-de-division-africa-oriental-rusia\/","og_site_name":"Iglesia Adventista del S\u00e9ptimo D\u00eda - Divisi\u00f3n Interamericana","article_published_time":"2010-06-28T04:00:00+00:00","article_modified_time":"2017-06-02T12:59:30+00:00","author":"Lorenzo Verduzco","twitter_card":"summary_large_image","twitter_misc":{"Escrito por":"Lorenzo Verduzco","Tiempo de lectura":"4 minutos"},"schema":{"@context":"https:\/\/schema.org","@graph":[{"@type":"Article","@id":"https:\/\/interamerica.org\/es\/2010\/06\/jackson-dirigira-la-iglesia-en-norteamerica-ruguri-biaggi-dirigiran-las-areas-de-division-africa-oriental-rusia\/#article","isPartOf":{"@id":"https:\/\/interamerica.org\/es\/2010\/06\/jackson-dirigira-la-iglesia-en-norteamerica-ruguri-biaggi-dirigiran-las-areas-de-division-africa-oriental-rusia\/"},"author":{"name":"Lorenzo Verduzco","@id":"https:\/\/interamerica.org\/es\/#\/schema\/person\/68ede8bdc292885bb76c1e3810e73c39"},"headline":"Jackson dirigir\u00e1 la iglesia en Norteam\u00e9rica; Ruguri, Biaggi dirigir\u00e1n las \u00e1reas de divisi\u00f3n \u00c1frica Oriental, Rusia.","datePublished":"2010-06-28T04:00:00+00:00","dateModified":"2017-06-02T12:59:30+00:00","mainEntityOfPage":{"@id":"https:\/\/interamerica.org\/es\/2010\/06\/jackson-dirigira-la-iglesia-en-norteamerica-ruguri-biaggi-dirigiran-las-areas-de-division-africa-oriental-rusia\/"},"wordCount":723,"articleSection":["Archivo"],"inLanguage":"es"},{"@type":"WebPage","@id":"https:\/\/interamerica.org\/es\/2010\/06\/jackson-dirigira-la-iglesia-en-norteamerica-ruguri-biaggi-dirigiran-las-areas-de-division-africa-oriental-rusia\/","url":"https:\/\/interamerica.org\/es\/2010\/06\/jackson-dirigira-la-iglesia-en-norteamerica-ruguri-biaggi-dirigiran-las-areas-de-division-africa-oriental-rusia\/","name":"Jackson dirigir\u00e1 la iglesia en Norteam\u00e9rica; Ruguri, Biaggi dirigir\u00e1n las \u00e1reas de divisi\u00f3n \u00c1frica Oriental, Rusia. - Iglesia Adventista del S\u00e9ptimo D\u00eda - Divisi\u00f3n Interamericana","isPartOf":{"@id":"https:\/\/interamerica.org\/es\/#website"},"datePublished":"2010-06-28T04:00:00+00:00","dateModified":"2017-06-02T12:59:30+00:00","author":{"@id":"https:\/\/interamerica.org\/es\/#\/schema\/person\/68ede8bdc292885bb76c1e3810e73c39"},"breadcrumb":{"@id":"https:\/\/interamerica.org\/es\/2010\/06\/jackson-dirigira-la-iglesia-en-norteamerica-ruguri-biaggi-dirigiran-las-areas-de-division-africa-oriental-rusia\/#breadcrumb"},"inLanguage":"es","potentialAction":[{"@type":"ReadAction","target":["https:\/\/interamerica.org\/es\/2010\/06\/jackson-dirigira-la-iglesia-en-norteamerica-ruguri-biaggi-dirigiran-las-areas-de-division-africa-oriental-rusia\/"]}]},{"@type":"BreadcrumbList","@id":"https:\/\/interamerica.org\/es\/2010\/06\/jackson-dirigira-la-iglesia-en-norteamerica-ruguri-biaggi-dirigiran-las-areas-de-division-africa-oriental-rusia\/#breadcrumb","itemListElement":[{"@type":"ListItem","position":1,"name":"Home","item":"https:\/\/interamerica.org\/es\/"},{"@type":"ListItem","position":2,"name":"Jackson dirigir\u00e1 la iglesia en Norteam\u00e9rica; Ruguri, Biaggi dirigir\u00e1n las \u00e1reas de divisi\u00f3n \u00c1frica Oriental, Rusia."}]},{"@type":"WebSite","@id":"https:\/\/interamerica.org\/es\/#website","url":"https:\/\/interamerica.org\/es\/","name":"Iglesia Adventista del S\u00e9ptimo D\u00eda - Divisi\u00f3n Interamericana","description":"","potentialAction":[{"@type":"SearchAction","target":{"@type":"EntryPoint","urlTemplate":"https:\/\/interamerica.org\/es\/?s={search_term_string}"},"query-input":{"@type":"PropertyValueSpecification","valueRequired":true,"valueName":"search_term_string"}}],"inLanguage":"es"},{"@type":"Person","@id":"https:\/\/interamerica.org\/es\/#\/schema\/person\/68ede8bdc292885bb76c1e3810e73c39","name":"Lorenzo Verduzco","image":{"@type":"ImageObject","inLanguage":"es","@id":"https:\/\/secure.gravatar.com\/avatar\/fb81a55b6218459490a9c1dc841a34909185b81904c5337b4b27f7a6fd60c49e?s=96&d=mm&r=g","url":"https:\/\/secure.gravatar.com\/avatar\/fb81a55b6218459490a9c1dc841a34909185b81904c5337b4b27f7a6fd60c49e?s=96&d=mm&r=g","contentUrl":"https:\/\/secure.gravatar.com\/avatar\/fb81a55b6218459490a9c1dc841a34909185b81904c5337b4b27f7a6fd60c49e?s=96&d=mm&r=g","caption":"Lorenzo Verduzco"}}]}},"_links":{"self":[{"href":"https:\/\/interamerica.org\/es\/wp-json\/wp\/v2\/posts\/11603","targetHints":{"allow":["GET"]}}],"collection":[{"href":"https:\/\/interamerica.org\/es\/wp-json\/wp\/v2\/posts"}],"about":[{"href":"https:\/\/interamerica.org\/es\/wp-json\/wp\/v2\/types\/post"}],"author":[{"embeddable":true,"href":"https:\/\/interamerica.org\/es\/wp-json\/wp\/v2\/users\/1"}],"replies":[{"embeddable":true,"href":"https:\/\/interamerica.org\/es\/wp-json\/wp\/v2\/comments?post=11603"}],"version-history":[{"count":0,"href":"https:\/\/interamerica.org\/es\/wp-json\/wp\/v2\/posts\/11603\/revisions"}],"wp:attachment":[{"href":"https:\/\/interamerica.org\/es\/wp-json\/wp\/v2\/media?parent=11603"}],"wp:term":[{"taxonomy":"category","embeddable":true,"href":"https:\/\/interamerica.org\/es\/wp-json\/wp\/v2\/categories?post=11603"},{"taxonomy":"post_tag","embeddable":true,"href":"https:\/\/interamerica.org\/es\/wp-json\/wp\/v2\/tags?post=11603"}],"curies":[{"name":"wp","href":"https:\/\/api.w.org\/{rel}","templated":true}]}}