{"id":11604,"date":"2010-06-27T00:00:00","date_gmt":"2010-06-27T04:00:00","guid":{"rendered":"http:\/\/192.81.217.108\/interamerica\/2010\/06\/exhibicion-de-interamerica-todavia-atre-a-cientos-de-personas-durante-el-cuarto-dia\/"},"modified":"2017-06-02T08:59:35","modified_gmt":"2017-06-02T12:59:35","slug":"exhibicion-de-interamerica-todavia-atre-a-cientos-de-personas-durante-el-cuarto-dia","status":"publish","type":"post","link":"https:\/\/interamerica.org\/es\/2010\/06\/exhibicion-de-interamerica-todavia-atre-a-cientos-de-personas-durante-el-cuarto-dia\/","title":{"rendered":"Exhibici\u00f3n de Interam\u00e9rica todav\u00eda atre a cientos de personas durante el cuarto d\u00eda"},"content":{"rendered":"<p>Atlanta, Georgia, Estados Unidos, 27 de junio de 2010&#8230;[Libna Stevens\/DIA] <\/p>\n<p><strong >Uni\u00f3n Caribe <\/strong ><br  \/>La Banda de Acero de la Uni\u00f3n Caribe hizo sonar sus tambores por todo el pasillo de exhibiciones en el Georgia World Congress Center durante el d\u00eda cuatro de las reuniones de negocios de la iglesia en Atlanta, Georgia. <\/p>\n<p>Docenas se reunieron en el cub\u00edculo de la Divisi\u00f3n Interamericana para ver y escuchar la m\u00fasica de estos tambores que son instrumentos tradicionales en esta regi\u00f3n de cerca de 20 islas. <\/p>\n<p>\u00abNuestra iglesia en el Caribe est\u00e1 alcanzando a la gente a trav\u00e9s de la obra del evangelismo\u00bb, dice James Daniel, director de comunicaci\u00f3n para la iglesia en la regi\u00f3n de la Uni\u00f3n Caribe. \u00abSomos un pueblo que baja al valle a esparcir el mensaje\u00bb. <\/p>\n<p>El ministerio de los peque\u00f1os grupos es un elemento fundamental al traer nuevos creyentes a la iglesia. <\/p>\n<p>Compuesta por ocho campos locales, la Uni\u00f3n Caribe maneja cerca de 600 iglesias y congregaciones y tiene m\u00e1s de 209.000 miembros de iglesia. <\/p>\n<p><strong >Uni\u00f3n Centroamericana Central <\/strong ><\/p>\n<p>Ostentando la uni\u00f3n m\u00e1s grande en la Divisi\u00f3n Interamericana con m\u00e1s de 416.000 miembros de iglesia, la Uni\u00f3n Centroamericana Central est\u00e1 compuesta por los pa\u00edses de Honduras y El Salvador. <\/p>\n<p>\u00abNuestra gente en Honduras y El Salvador se caracterizan por ser un pueblo encendido con el Esp\u00edritu Santo, y un equipo de laicos comprometidos trabajando en nuestros peque\u00f1os grupos y congregaciones\u00bb, dice Walter Ciguenza, director de comunicaci\u00f3n para la iglesia en la Uni\u00f3n Centroamericana Central. <\/p>\n<p>Con m\u00e1s de 1.000 peque\u00f1as congregaciones, el pastor Ciguenza dice que la f\u00f3rmula secreta para el \u00e9xito en el crecimiento de la iglesia es \u00abtrabajo duro, trabajo duro, y trabajo duro. Es algo as\u00ed como el perfume de los campeones\u00bb, dijo \u00e9l. <\/p>\n<p>Para ver un reporte en v\u00eddeo de la actividad de hoy en el cub\u00edculo de exhibici\u00f3n de la Divisi\u00f3n Interamericana, haga clic aqu\u00ed. <\/p>\n","protected":false},"excerpt":{"rendered":"<p>La Banda de Acero de la Uni\u00f3n Caribe hizo sonar sus tambores por todo el pasillo de exhibiciones en el Georgia World Congress Center durante el d\u00eda cuatro de las reuniones de negocios de la iglesia en Atlanta, Georgia.<\/p>\n","protected":false},"author":1,"featured_media":0,"comment_status":"closed","ping_status":"closed","sticky":false,"template":"","format":"standard","meta":{"_acf_changed":false,"footnotes":""},"categories":[8],"tags":[],"class_list":["post-11604","post","type-post","status-publish","format-standard","hentry","category-archivo"],"acf":[],"yoast_head":"<!-- This site is optimized with the Yoast SEO plugin v27.3 - https:\/\/yoast.com\/product\/yoast-seo-wordpress\/ -->\n<title>Exhibici\u00f3n de Interam\u00e9rica todav\u00eda atre a cientos de personas durante el cuarto d\u00eda - Iglesia Adventista del S\u00e9ptimo D\u00eda - Divisi\u00f3n Interamericana<\/title>\n<meta name=\"robots\" content=\"index, follow, max-snippet:-1, max-image-preview:large, max-video-preview:-1\" \/>\n<link rel=\"canonical\" href=\"https:\/\/interamerica.org\/es\/2010\/06\/exhibicion-de-interamerica-todavia-atre-a-cientos-de-personas-durante-el-cuarto-dia\/\" \/>\n<meta property=\"og:locale\" content=\"es_ES\" \/>\n<meta property=\"og:type\" content=\"article\" \/>\n<meta property=\"og:title\" content=\"Exhibici\u00f3n de Interam\u00e9rica todav\u00eda atre a cientos de personas durante el cuarto d\u00eda - Iglesia Adventista del S\u00e9ptimo D\u00eda - Divisi\u00f3n Interamericana\" \/>\n<meta property=\"og:description\" content=\"La Banda de Acero de la Uni\u00f3n Caribe hizo sonar sus tambores por todo el pasillo de exhibiciones en el Georgia World Congress Center durante el d\u00eda cuatro de las reuniones de negocios de la iglesia en Atlanta, Georgia.\" \/>\n<meta property=\"og:url\" content=\"https:\/\/interamerica.org\/es\/2010\/06\/exhibicion-de-interamerica-todavia-atre-a-cientos-de-personas-durante-el-cuarto-dia\/\" \/>\n<meta property=\"og:site_name\" content=\"Iglesia Adventista del S\u00e9ptimo D\u00eda - Divisi\u00f3n Interamericana\" \/>\n<meta property=\"article:published_time\" content=\"2010-06-27T04:00:00+00:00\" \/>\n<meta property=\"article:modified_time\" content=\"2017-06-02T12:59:35+00:00\" \/>\n<meta name=\"author\" content=\"Lorenzo Verduzco\" \/>\n<meta name=\"twitter:card\" content=\"summary_large_image\" \/>\n<meta name=\"twitter:label1\" content=\"Escrito por\" \/>\n\t<meta name=\"twitter:data1\" content=\"Lorenzo Verduzco\" \/>\n\t<meta name=\"twitter:label2\" content=\"Tiempo de lectura\" \/>\n\t<meta name=\"twitter:data2\" content=\"2 minutos\" \/>\n<script type=\"application\/ld+json\" class=\"yoast-schema-graph\">{\"@context\":\"https:\\\/\\\/schema.org\",\"@graph\":[{\"@type\":\"Article\",\"@id\":\"https:\\\/\\\/interamerica.org\\\/es\\\/2010\\\/06\\\/exhibicion-de-interamerica-todavia-atre-a-cientos-de-personas-durante-el-cuarto-dia\\\/#article\",\"isPartOf\":{\"@id\":\"https:\\\/\\\/interamerica.org\\\/es\\\/2010\\\/06\\\/exhibicion-de-interamerica-todavia-atre-a-cientos-de-personas-durante-el-cuarto-dia\\\/\"},\"author\":{\"name\":\"Lorenzo Verduzco\",\"@id\":\"https:\\\/\\\/interamerica.org\\\/es\\\/#\\\/schema\\\/person\\\/68ede8bdc292885bb76c1e3810e73c39\"},\"headline\":\"Exhibici\u00f3n de Interam\u00e9rica todav\u00eda atre a cientos de personas durante el cuarto d\u00eda\",\"datePublished\":\"2010-06-27T04:00:00+00:00\",\"dateModified\":\"2017-06-02T12:59:35+00:00\",\"mainEntityOfPage\":{\"@id\":\"https:\\\/\\\/interamerica.org\\\/es\\\/2010\\\/06\\\/exhibicion-de-interamerica-todavia-atre-a-cientos-de-personas-durante-el-cuarto-dia\\\/\"},\"wordCount\":353,\"articleSection\":[\"Archivo\"],\"inLanguage\":\"es\"},{\"@type\":\"WebPage\",\"@id\":\"https:\\\/\\\/interamerica.org\\\/es\\\/2010\\\/06\\\/exhibicion-de-interamerica-todavia-atre-a-cientos-de-personas-durante-el-cuarto-dia\\\/\",\"url\":\"https:\\\/\\\/interamerica.org\\\/es\\\/2010\\\/06\\\/exhibicion-de-interamerica-todavia-atre-a-cientos-de-personas-durante-el-cuarto-dia\\\/\",\"name\":\"Exhibici\u00f3n de Interam\u00e9rica todav\u00eda atre a cientos de personas durante el cuarto d\u00eda - Iglesia Adventista del S\u00e9ptimo D\u00eda - Divisi\u00f3n Interamericana\",\"isPartOf\":{\"@id\":\"https:\\\/\\\/interamerica.org\\\/es\\\/#website\"},\"datePublished\":\"2010-06-27T04:00:00+00:00\",\"dateModified\":\"2017-06-02T12:59:35+00:00\",\"author\":{\"@id\":\"https:\\\/\\\/interamerica.org\\\/es\\\/#\\\/schema\\\/person\\\/68ede8bdc292885bb76c1e3810e73c39\"},\"breadcrumb\":{\"@id\":\"https:\\\/\\\/interamerica.org\\\/es\\\/2010\\\/06\\\/exhibicion-de-interamerica-todavia-atre-a-cientos-de-personas-durante-el-cuarto-dia\\\/#breadcrumb\"},\"inLanguage\":\"es\",\"potentialAction\":[{\"@type\":\"ReadAction\",\"target\":[\"https:\\\/\\\/interamerica.org\\\/es\\\/2010\\\/06\\\/exhibicion-de-interamerica-todavia-atre-a-cientos-de-personas-durante-el-cuarto-dia\\\/\"]}]},{\"@type\":\"BreadcrumbList\",\"@id\":\"https:\\\/\\\/interamerica.org\\\/es\\\/2010\\\/06\\\/exhibicion-de-interamerica-todavia-atre-a-cientos-de-personas-durante-el-cuarto-dia\\\/#breadcrumb\",\"itemListElement\":[{\"@type\":\"ListItem\",\"position\":1,\"name\":\"Home\",\"item\":\"https:\\\/\\\/interamerica.org\\\/es\\\/\"},{\"@type\":\"ListItem\",\"position\":2,\"name\":\"Exhibici\u00f3n de Interam\u00e9rica todav\u00eda atre a cientos de personas durante el cuarto d\u00eda\"}]},{\"@type\":\"WebSite\",\"@id\":\"https:\\\/\\\/interamerica.org\\\/es\\\/#website\",\"url\":\"https:\\\/\\\/interamerica.org\\\/es\\\/\",\"name\":\"Iglesia Adventista del S\u00e9ptimo D\u00eda - Divisi\u00f3n Interamericana\",\"description\":\"\",\"potentialAction\":[{\"@type\":\"SearchAction\",\"target\":{\"@type\":\"EntryPoint\",\"urlTemplate\":\"https:\\\/\\\/interamerica.org\\\/es\\\/?s={search_term_string}\"},\"query-input\":{\"@type\":\"PropertyValueSpecification\",\"valueRequired\":true,\"valueName\":\"search_term_string\"}}],\"inLanguage\":\"es\"},{\"@type\":\"Person\",\"@id\":\"https:\\\/\\\/interamerica.org\\\/es\\\/#\\\/schema\\\/person\\\/68ede8bdc292885bb76c1e3810e73c39\",\"name\":\"Lorenzo Verduzco\",\"image\":{\"@type\":\"ImageObject\",\"inLanguage\":\"es\",\"@id\":\"https:\\\/\\\/secure.gravatar.com\\\/avatar\\\/fb81a55b6218459490a9c1dc841a34909185b81904c5337b4b27f7a6fd60c49e?s=96&d=mm&r=g\",\"url\":\"https:\\\/\\\/secure.gravatar.com\\\/avatar\\\/fb81a55b6218459490a9c1dc841a34909185b81904c5337b4b27f7a6fd60c49e?s=96&d=mm&r=g\",\"contentUrl\":\"https:\\\/\\\/secure.gravatar.com\\\/avatar\\\/fb81a55b6218459490a9c1dc841a34909185b81904c5337b4b27f7a6fd60c49e?s=96&d=mm&r=g\",\"caption\":\"Lorenzo Verduzco\"}}]}<\/script>\n<!-- \/ Yoast SEO plugin. -->","yoast_head_json":{"title":"Exhibici\u00f3n de Interam\u00e9rica todav\u00eda atre a cientos de personas durante el cuarto d\u00eda - Iglesia Adventista del S\u00e9ptimo D\u00eda - Divisi\u00f3n Interamericana","robots":{"index":"index","follow":"follow","max-snippet":"max-snippet:-1","max-image-preview":"max-image-preview:large","max-video-preview":"max-video-preview:-1"},"canonical":"https:\/\/interamerica.org\/es\/2010\/06\/exhibicion-de-interamerica-todavia-atre-a-cientos-de-personas-durante-el-cuarto-dia\/","og_locale":"es_ES","og_type":"article","og_title":"Exhibici\u00f3n de Interam\u00e9rica todav\u00eda atre a cientos de personas durante el cuarto d\u00eda - Iglesia Adventista del S\u00e9ptimo D\u00eda - Divisi\u00f3n Interamericana","og_description":"La Banda de Acero de la Uni\u00f3n Caribe hizo sonar sus tambores por todo el pasillo de exhibiciones en el Georgia World Congress Center durante el d\u00eda cuatro de las reuniones de negocios de la iglesia en Atlanta, Georgia.","og_url":"https:\/\/interamerica.org\/es\/2010\/06\/exhibicion-de-interamerica-todavia-atre-a-cientos-de-personas-durante-el-cuarto-dia\/","og_site_name":"Iglesia Adventista del S\u00e9ptimo D\u00eda - Divisi\u00f3n Interamericana","article_published_time":"2010-06-27T04:00:00+00:00","article_modified_time":"2017-06-02T12:59:35+00:00","author":"Lorenzo Verduzco","twitter_card":"summary_large_image","twitter_misc":{"Escrito por":"Lorenzo Verduzco","Tiempo de lectura":"2 minutos"},"schema":{"@context":"https:\/\/schema.org","@graph":[{"@type":"Article","@id":"https:\/\/interamerica.org\/es\/2010\/06\/exhibicion-de-interamerica-todavia-atre-a-cientos-de-personas-durante-el-cuarto-dia\/#article","isPartOf":{"@id":"https:\/\/interamerica.org\/es\/2010\/06\/exhibicion-de-interamerica-todavia-atre-a-cientos-de-personas-durante-el-cuarto-dia\/"},"author":{"name":"Lorenzo Verduzco","@id":"https:\/\/interamerica.org\/es\/#\/schema\/person\/68ede8bdc292885bb76c1e3810e73c39"},"headline":"Exhibici\u00f3n de Interam\u00e9rica todav\u00eda atre a cientos de personas durante el cuarto d\u00eda","datePublished":"2010-06-27T04:00:00+00:00","dateModified":"2017-06-02T12:59:35+00:00","mainEntityOfPage":{"@id":"https:\/\/interamerica.org\/es\/2010\/06\/exhibicion-de-interamerica-todavia-atre-a-cientos-de-personas-durante-el-cuarto-dia\/"},"wordCount":353,"articleSection":["Archivo"],"inLanguage":"es"},{"@type":"WebPage","@id":"https:\/\/interamerica.org\/es\/2010\/06\/exhibicion-de-interamerica-todavia-atre-a-cientos-de-personas-durante-el-cuarto-dia\/","url":"https:\/\/interamerica.org\/es\/2010\/06\/exhibicion-de-interamerica-todavia-atre-a-cientos-de-personas-durante-el-cuarto-dia\/","name":"Exhibici\u00f3n de Interam\u00e9rica todav\u00eda atre a cientos de personas durante el cuarto d\u00eda - Iglesia Adventista del S\u00e9ptimo D\u00eda - Divisi\u00f3n Interamericana","isPartOf":{"@id":"https:\/\/interamerica.org\/es\/#website"},"datePublished":"2010-06-27T04:00:00+00:00","dateModified":"2017-06-02T12:59:35+00:00","author":{"@id":"https:\/\/interamerica.org\/es\/#\/schema\/person\/68ede8bdc292885bb76c1e3810e73c39"},"breadcrumb":{"@id":"https:\/\/interamerica.org\/es\/2010\/06\/exhibicion-de-interamerica-todavia-atre-a-cientos-de-personas-durante-el-cuarto-dia\/#breadcrumb"},"inLanguage":"es","potentialAction":[{"@type":"ReadAction","target":["https:\/\/interamerica.org\/es\/2010\/06\/exhibicion-de-interamerica-todavia-atre-a-cientos-de-personas-durante-el-cuarto-dia\/"]}]},{"@type":"BreadcrumbList","@id":"https:\/\/interamerica.org\/es\/2010\/06\/exhibicion-de-interamerica-todavia-atre-a-cientos-de-personas-durante-el-cuarto-dia\/#breadcrumb","itemListElement":[{"@type":"ListItem","position":1,"name":"Home","item":"https:\/\/interamerica.org\/es\/"},{"@type":"ListItem","position":2,"name":"Exhibici\u00f3n de Interam\u00e9rica todav\u00eda atre a cientos de personas durante el cuarto d\u00eda"}]},{"@type":"WebSite","@id":"https:\/\/interamerica.org\/es\/#website","url":"https:\/\/interamerica.org\/es\/","name":"Iglesia Adventista del S\u00e9ptimo D\u00eda - Divisi\u00f3n Interamericana","description":"","potentialAction":[{"@type":"SearchAction","target":{"@type":"EntryPoint","urlTemplate":"https:\/\/interamerica.org\/es\/?s={search_term_string}"},"query-input":{"@type":"PropertyValueSpecification","valueRequired":true,"valueName":"search_term_string"}}],"inLanguage":"es"},{"@type":"Person","@id":"https:\/\/interamerica.org\/es\/#\/schema\/person\/68ede8bdc292885bb76c1e3810e73c39","name":"Lorenzo Verduzco","image":{"@type":"ImageObject","inLanguage":"es","@id":"https:\/\/secure.gravatar.com\/avatar\/fb81a55b6218459490a9c1dc841a34909185b81904c5337b4b27f7a6fd60c49e?s=96&d=mm&r=g","url":"https:\/\/secure.gravatar.com\/avatar\/fb81a55b6218459490a9c1dc841a34909185b81904c5337b4b27f7a6fd60c49e?s=96&d=mm&r=g","contentUrl":"https:\/\/secure.gravatar.com\/avatar\/fb81a55b6218459490a9c1dc841a34909185b81904c5337b4b27f7a6fd60c49e?s=96&d=mm&r=g","caption":"Lorenzo Verduzco"}}]}},"_links":{"self":[{"href":"https:\/\/interamerica.org\/es\/wp-json\/wp\/v2\/posts\/11604","targetHints":{"allow":["GET"]}}],"collection":[{"href":"https:\/\/interamerica.org\/es\/wp-json\/wp\/v2\/posts"}],"about":[{"href":"https:\/\/interamerica.org\/es\/wp-json\/wp\/v2\/types\/post"}],"author":[{"embeddable":true,"href":"https:\/\/interamerica.org\/es\/wp-json\/wp\/v2\/users\/1"}],"replies":[{"embeddable":true,"href":"https:\/\/interamerica.org\/es\/wp-json\/wp\/v2\/comments?post=11604"}],"version-history":[{"count":0,"href":"https:\/\/interamerica.org\/es\/wp-json\/wp\/v2\/posts\/11604\/revisions"}],"wp:attachment":[{"href":"https:\/\/interamerica.org\/es\/wp-json\/wp\/v2\/media?parent=11604"}],"wp:term":[{"taxonomy":"category","embeddable":true,"href":"https:\/\/interamerica.org\/es\/wp-json\/wp\/v2\/categories?post=11604"},{"taxonomy":"post_tag","embeddable":true,"href":"https:\/\/interamerica.org\/es\/wp-json\/wp\/v2\/tags?post=11604"}],"curies":[{"name":"wp","href":"https:\/\/api.w.org\/{rel}","templated":true}]}}