{"id":11605,"date":"2010-06-28T00:00:00","date_gmt":"2010-06-28T04:00:00","guid":{"rendered":"http:\/\/192.81.217.108\/interamerica\/2010\/06\/mas-oficiales-adventistas-elegidos-para-desempenos-internacionales\/"},"modified":"2017-06-02T08:59:31","modified_gmt":"2017-06-02T12:59:31","slug":"mas-oficiales-adventistas-elegidos-para-desempenos-internacionales","status":"publish","type":"post","link":"https:\/\/interamerica.org\/es\/2010\/06\/mas-oficiales-adventistas-elegidos-para-desempenos-internacionales\/","title":{"rendered":"M\u00e1s oficiales adventistas elegidos para desempe\u00f1os internacionales"},"content":{"rendered":"<p>28 de junio, 2010, Atlanta, Georgiea, Estados Unidos&#8230;Edwin Manuel Garc\u00eda\/ANN  <\/p>\n<p>El lunes, los delegados de la Sesi\u00f3n de la Asociaci\u00f3n General nombraron 25 oficiales para servir como secretarios y tesoreros en las 13 regiones internacionales de la iglesia adventista del s\u00e9ptimo d\u00eda. <\/p>\n<p>Los nombrados incluy\u00f3 solo una mujer, lo cual provoc\u00f3 fuerte protesta de parte de un delegado europeo que trat\u00f3 sin \u00e9xito de persuadir a los votantes a rechazar los nominados, diciendo que la lista \u00abme preocupa en gran manera\u00bb porque estaba dominada por hombres. <\/p>\n<p>\u00abCreo que en una iglesia donde el 60 por ciento de la poblaci\u00f3n consiste de mujeres, deber\u00eda haber una representaci\u00f3n em el liderazgo\u00bb, dijo el delegado Jurrien Den Hollander de la regi\u00f3n Trans Europea de la iglesia. <\/p>\n<p>Aunque la declaraci\u00f3n del delegado fue recibida por aplausos en tres ocasiones, su moci\u00f3n de rechazar la lista y enviarla de nuevo al comit\u00e9 fue derrotada audiblemente. <\/p>\n<p>Los oficiales fueron escogidos por delegados de sus respectivas regiones durante reuniones de sus comit\u00e9s respectivos de regi\u00f3n tenidos a trav\u00e9s del Centro Mundial de Convenciones de Georgia el lunes &#8212; justo despu\u00e9s que fueron seleccionados los presidentes de las divisiones. Los nombres recomendados fueron luego enviados al Comit\u00e9 de Nombramientos de la Asociaci\u00f3n General, que a su vez present\u00f3 la lista al cuerpo de delegados en pleno para aprobaci\u00f3n. <\/p>\n<p>A continuaci\u00f3n la lista de las regiones mundiales y los oficiales elegidos para servir en cada una por los pr\u00f3ximos cindo a\u00f1os:  <\/p>\n<p>\u00c1frica Centroriental &#8211; Secretario: Nathaniel M. Walemba, vicerector de <em >University of Eastern Africa<\/em > en Kenya; Tesorero: Jerome Habimana, asistente del tesorero de la regi\u00f3n. <\/p>\n<p>Euro-\u00c1frica &#8211; Secretario: Gabriel E. Maurer, incumbente; Tesorero: Norbert Zens, Auditor de la Asociaci\u00f3n General en Alemania. <\/p>\n<p>Euro-Asia &#8211; Secretario: Vladimir A. Krupskyi, presidente de la Uni\u00f3n Ukraniana; el tesorero ser\u00e1 elegido m\u00e1s tarde. <\/p>\n<p>Interam\u00e9rica &#8211; Secretario: Elie Henry, un vicepresidente de la regi\u00f3n; Tesorero: Filiberto M. Verduzco, incumbente. <\/p>\n<p>Norteam\u00e9rica &#8211; Secretario: G. Alexander Bryant, incumbente; Tesorero: G. Thomas Evans, incumbente. <\/p>\n<p>Asia-Pac\u00edfico Norte\u00f1o &#8211; Secretario: Akeri Suzuki, incumbente; Tesorero: Kenneth Osborn, tesorero asociado para Norteam\u00e9rica. <\/p>\n<p>Sudam\u00e9rica &#8211; Secretario: Magdiel Perez, secretario interiino de la regi\u00f3n; Tesorero: Marlon de Souza Lopes, director de Novo Tempo, Canal Hope  de televisi\u00f3n en Brasil. <\/p>\n<p>Sur del Pac\u00edfico &#8211; Secretario: Lawrence P. Tanabose, incumbente; Treasurer: Rodney G. Brady, incumbente. <\/p>\n<p>\u00c1frica Sure\u00f1a-Oc\u00e9ano \u00cdndico &#8211; Secretario: Solomon Maphosa, incumbente; Tesorero: Goodwell Nthani, incumbente. <\/p>\n<p>Southern Asia &#8211; Secretario: Gordon Christo, incumbente; Treasurer: G. S. Robert Clive, incumbente. <\/p>\n<p>Asoa del Sur-Pac\u00edfico &#8211; Secretario: Saw Samuel, director departamental en la Uni\u00f3n Misi\u00f3n del Sudeste de Asia;  Tesorero: Keith Heinrich, incumbente. <\/p>\n<p>Trans-Europe &#8211; Secretario: Audrey Andersson, un ministro comisionado y secretario de la Asociaci\u00f3n Uni\u00f3n de Iglesias Sueca, la \u00fanica mujer asignada a una posici\u00f3n; Tesorero: Johann E. Johannsson, incumbente. <\/p>\n<p>\u00c1frica Central del Oeste &#8211; Secretario: Onaolapo Ajibade, incumbente; Treasurer: Emmanuel S. D. Manu, incumbente. <\/p><\/p>\n","protected":false},"excerpt":{"rendered":"<p>El lunes, los delegados de la Sesi\u00f3n de la Asociaci\u00f3n General nombraron 25 oficiales para servir como secretarios y tesoreros en las 13 regiones internacionales de la iglesia adventista del s\u00e9ptimo d\u00eda.<\/p>\n","protected":false},"author":1,"featured_media":0,"comment_status":"closed","ping_status":"closed","sticky":false,"template":"","format":"standard","meta":{"_acf_changed":false,"footnotes":""},"categories":[8],"tags":[],"class_list":["post-11605","post","type-post","status-publish","format-standard","hentry","category-archivo"],"acf":[],"yoast_head":"<!-- This site is optimized with the Yoast SEO plugin v27.3 - https:\/\/yoast.com\/product\/yoast-seo-wordpress\/ -->\n<title>M\u00e1s oficiales adventistas elegidos para desempe\u00f1os internacionales - Iglesia Adventista del S\u00e9ptimo D\u00eda - Divisi\u00f3n Interamericana<\/title>\n<meta name=\"robots\" content=\"index, follow, max-snippet:-1, max-image-preview:large, max-video-preview:-1\" \/>\n<link rel=\"canonical\" href=\"https:\/\/interamerica.org\/es\/2010\/06\/mas-oficiales-adventistas-elegidos-para-desempenos-internacionales\/\" \/>\n<meta property=\"og:locale\" content=\"es_ES\" \/>\n<meta property=\"og:type\" content=\"article\" \/>\n<meta property=\"og:title\" content=\"M\u00e1s oficiales adventistas elegidos para desempe\u00f1os internacionales - Iglesia Adventista del S\u00e9ptimo D\u00eda - Divisi\u00f3n Interamericana\" \/>\n<meta property=\"og:description\" content=\"El lunes, los delegados de la Sesi\u00f3n de la Asociaci\u00f3n General nombraron 25 oficiales para servir como secretarios y tesoreros en las 13 regiones internacionales de la iglesia adventista del s\u00e9ptimo d\u00eda.\" \/>\n<meta property=\"og:url\" content=\"https:\/\/interamerica.org\/es\/2010\/06\/mas-oficiales-adventistas-elegidos-para-desempenos-internacionales\/\" \/>\n<meta property=\"og:site_name\" content=\"Iglesia Adventista del S\u00e9ptimo D\u00eda - Divisi\u00f3n Interamericana\" \/>\n<meta property=\"article:published_time\" content=\"2010-06-28T04:00:00+00:00\" \/>\n<meta property=\"article:modified_time\" content=\"2017-06-02T12:59:31+00:00\" \/>\n<meta name=\"author\" content=\"Lorenzo Verduzco\" \/>\n<meta name=\"twitter:card\" content=\"summary_large_image\" \/>\n<meta name=\"twitter:label1\" content=\"Escrito por\" \/>\n\t<meta name=\"twitter:data1\" content=\"Lorenzo Verduzco\" \/>\n\t<meta name=\"twitter:label2\" content=\"Tiempo de lectura\" \/>\n\t<meta name=\"twitter:data2\" content=\"3 minutos\" \/>\n<script type=\"application\/ld+json\" class=\"yoast-schema-graph\">{\"@context\":\"https:\\\/\\\/schema.org\",\"@graph\":[{\"@type\":\"Article\",\"@id\":\"https:\\\/\\\/interamerica.org\\\/es\\\/2010\\\/06\\\/mas-oficiales-adventistas-elegidos-para-desempenos-internacionales\\\/#article\",\"isPartOf\":{\"@id\":\"https:\\\/\\\/interamerica.org\\\/es\\\/2010\\\/06\\\/mas-oficiales-adventistas-elegidos-para-desempenos-internacionales\\\/\"},\"author\":{\"name\":\"Lorenzo Verduzco\",\"@id\":\"https:\\\/\\\/interamerica.org\\\/es\\\/#\\\/schema\\\/person\\\/68ede8bdc292885bb76c1e3810e73c39\"},\"headline\":\"M\u00e1s oficiales adventistas elegidos para desempe\u00f1os internacionales\",\"datePublished\":\"2010-06-28T04:00:00+00:00\",\"dateModified\":\"2017-06-02T12:59:31+00:00\",\"mainEntityOfPage\":{\"@id\":\"https:\\\/\\\/interamerica.org\\\/es\\\/2010\\\/06\\\/mas-oficiales-adventistas-elegidos-para-desempenos-internacionales\\\/\"},\"wordCount\":519,\"articleSection\":[\"Archivo\"],\"inLanguage\":\"es\"},{\"@type\":\"WebPage\",\"@id\":\"https:\\\/\\\/interamerica.org\\\/es\\\/2010\\\/06\\\/mas-oficiales-adventistas-elegidos-para-desempenos-internacionales\\\/\",\"url\":\"https:\\\/\\\/interamerica.org\\\/es\\\/2010\\\/06\\\/mas-oficiales-adventistas-elegidos-para-desempenos-internacionales\\\/\",\"name\":\"M\u00e1s oficiales adventistas elegidos para desempe\u00f1os internacionales - Iglesia Adventista del S\u00e9ptimo D\u00eda - Divisi\u00f3n Interamericana\",\"isPartOf\":{\"@id\":\"https:\\\/\\\/interamerica.org\\\/es\\\/#website\"},\"datePublished\":\"2010-06-28T04:00:00+00:00\",\"dateModified\":\"2017-06-02T12:59:31+00:00\",\"author\":{\"@id\":\"https:\\\/\\\/interamerica.org\\\/es\\\/#\\\/schema\\\/person\\\/68ede8bdc292885bb76c1e3810e73c39\"},\"breadcrumb\":{\"@id\":\"https:\\\/\\\/interamerica.org\\\/es\\\/2010\\\/06\\\/mas-oficiales-adventistas-elegidos-para-desempenos-internacionales\\\/#breadcrumb\"},\"inLanguage\":\"es\",\"potentialAction\":[{\"@type\":\"ReadAction\",\"target\":[\"https:\\\/\\\/interamerica.org\\\/es\\\/2010\\\/06\\\/mas-oficiales-adventistas-elegidos-para-desempenos-internacionales\\\/\"]}]},{\"@type\":\"BreadcrumbList\",\"@id\":\"https:\\\/\\\/interamerica.org\\\/es\\\/2010\\\/06\\\/mas-oficiales-adventistas-elegidos-para-desempenos-internacionales\\\/#breadcrumb\",\"itemListElement\":[{\"@type\":\"ListItem\",\"position\":1,\"name\":\"Home\",\"item\":\"https:\\\/\\\/interamerica.org\\\/es\\\/\"},{\"@type\":\"ListItem\",\"position\":2,\"name\":\"M\u00e1s oficiales adventistas elegidos para desempe\u00f1os internacionales\"}]},{\"@type\":\"WebSite\",\"@id\":\"https:\\\/\\\/interamerica.org\\\/es\\\/#website\",\"url\":\"https:\\\/\\\/interamerica.org\\\/es\\\/\",\"name\":\"Iglesia Adventista del S\u00e9ptimo D\u00eda - Divisi\u00f3n Interamericana\",\"description\":\"\",\"potentialAction\":[{\"@type\":\"SearchAction\",\"target\":{\"@type\":\"EntryPoint\",\"urlTemplate\":\"https:\\\/\\\/interamerica.org\\\/es\\\/?s={search_term_string}\"},\"query-input\":{\"@type\":\"PropertyValueSpecification\",\"valueRequired\":true,\"valueName\":\"search_term_string\"}}],\"inLanguage\":\"es\"},{\"@type\":\"Person\",\"@id\":\"https:\\\/\\\/interamerica.org\\\/es\\\/#\\\/schema\\\/person\\\/68ede8bdc292885bb76c1e3810e73c39\",\"name\":\"Lorenzo Verduzco\",\"image\":{\"@type\":\"ImageObject\",\"inLanguage\":\"es\",\"@id\":\"https:\\\/\\\/secure.gravatar.com\\\/avatar\\\/fb81a55b6218459490a9c1dc841a34909185b81904c5337b4b27f7a6fd60c49e?s=96&d=mm&r=g\",\"url\":\"https:\\\/\\\/secure.gravatar.com\\\/avatar\\\/fb81a55b6218459490a9c1dc841a34909185b81904c5337b4b27f7a6fd60c49e?s=96&d=mm&r=g\",\"contentUrl\":\"https:\\\/\\\/secure.gravatar.com\\\/avatar\\\/fb81a55b6218459490a9c1dc841a34909185b81904c5337b4b27f7a6fd60c49e?s=96&d=mm&r=g\",\"caption\":\"Lorenzo Verduzco\"}}]}<\/script>\n<!-- \/ Yoast SEO plugin. -->","yoast_head_json":{"title":"M\u00e1s oficiales adventistas elegidos para desempe\u00f1os internacionales - Iglesia Adventista del S\u00e9ptimo D\u00eda - Divisi\u00f3n Interamericana","robots":{"index":"index","follow":"follow","max-snippet":"max-snippet:-1","max-image-preview":"max-image-preview:large","max-video-preview":"max-video-preview:-1"},"canonical":"https:\/\/interamerica.org\/es\/2010\/06\/mas-oficiales-adventistas-elegidos-para-desempenos-internacionales\/","og_locale":"es_ES","og_type":"article","og_title":"M\u00e1s oficiales adventistas elegidos para desempe\u00f1os internacionales - Iglesia Adventista del S\u00e9ptimo D\u00eda - Divisi\u00f3n Interamericana","og_description":"El lunes, los delegados de la Sesi\u00f3n de la Asociaci\u00f3n General nombraron 25 oficiales para servir como secretarios y tesoreros en las 13 regiones internacionales de la iglesia adventista del s\u00e9ptimo d\u00eda.","og_url":"https:\/\/interamerica.org\/es\/2010\/06\/mas-oficiales-adventistas-elegidos-para-desempenos-internacionales\/","og_site_name":"Iglesia Adventista del S\u00e9ptimo D\u00eda - Divisi\u00f3n Interamericana","article_published_time":"2010-06-28T04:00:00+00:00","article_modified_time":"2017-06-02T12:59:31+00:00","author":"Lorenzo Verduzco","twitter_card":"summary_large_image","twitter_misc":{"Escrito por":"Lorenzo Verduzco","Tiempo de lectura":"3 minutos"},"schema":{"@context":"https:\/\/schema.org","@graph":[{"@type":"Article","@id":"https:\/\/interamerica.org\/es\/2010\/06\/mas-oficiales-adventistas-elegidos-para-desempenos-internacionales\/#article","isPartOf":{"@id":"https:\/\/interamerica.org\/es\/2010\/06\/mas-oficiales-adventistas-elegidos-para-desempenos-internacionales\/"},"author":{"name":"Lorenzo Verduzco","@id":"https:\/\/interamerica.org\/es\/#\/schema\/person\/68ede8bdc292885bb76c1e3810e73c39"},"headline":"M\u00e1s oficiales adventistas elegidos para desempe\u00f1os internacionales","datePublished":"2010-06-28T04:00:00+00:00","dateModified":"2017-06-02T12:59:31+00:00","mainEntityOfPage":{"@id":"https:\/\/interamerica.org\/es\/2010\/06\/mas-oficiales-adventistas-elegidos-para-desempenos-internacionales\/"},"wordCount":519,"articleSection":["Archivo"],"inLanguage":"es"},{"@type":"WebPage","@id":"https:\/\/interamerica.org\/es\/2010\/06\/mas-oficiales-adventistas-elegidos-para-desempenos-internacionales\/","url":"https:\/\/interamerica.org\/es\/2010\/06\/mas-oficiales-adventistas-elegidos-para-desempenos-internacionales\/","name":"M\u00e1s oficiales adventistas elegidos para desempe\u00f1os internacionales - Iglesia Adventista del S\u00e9ptimo D\u00eda - Divisi\u00f3n Interamericana","isPartOf":{"@id":"https:\/\/interamerica.org\/es\/#website"},"datePublished":"2010-06-28T04:00:00+00:00","dateModified":"2017-06-02T12:59:31+00:00","author":{"@id":"https:\/\/interamerica.org\/es\/#\/schema\/person\/68ede8bdc292885bb76c1e3810e73c39"},"breadcrumb":{"@id":"https:\/\/interamerica.org\/es\/2010\/06\/mas-oficiales-adventistas-elegidos-para-desempenos-internacionales\/#breadcrumb"},"inLanguage":"es","potentialAction":[{"@type":"ReadAction","target":["https:\/\/interamerica.org\/es\/2010\/06\/mas-oficiales-adventistas-elegidos-para-desempenos-internacionales\/"]}]},{"@type":"BreadcrumbList","@id":"https:\/\/interamerica.org\/es\/2010\/06\/mas-oficiales-adventistas-elegidos-para-desempenos-internacionales\/#breadcrumb","itemListElement":[{"@type":"ListItem","position":1,"name":"Home","item":"https:\/\/interamerica.org\/es\/"},{"@type":"ListItem","position":2,"name":"M\u00e1s oficiales adventistas elegidos para desempe\u00f1os internacionales"}]},{"@type":"WebSite","@id":"https:\/\/interamerica.org\/es\/#website","url":"https:\/\/interamerica.org\/es\/","name":"Iglesia Adventista del S\u00e9ptimo D\u00eda - Divisi\u00f3n Interamericana","description":"","potentialAction":[{"@type":"SearchAction","target":{"@type":"EntryPoint","urlTemplate":"https:\/\/interamerica.org\/es\/?s={search_term_string}"},"query-input":{"@type":"PropertyValueSpecification","valueRequired":true,"valueName":"search_term_string"}}],"inLanguage":"es"},{"@type":"Person","@id":"https:\/\/interamerica.org\/es\/#\/schema\/person\/68ede8bdc292885bb76c1e3810e73c39","name":"Lorenzo Verduzco","image":{"@type":"ImageObject","inLanguage":"es","@id":"https:\/\/secure.gravatar.com\/avatar\/fb81a55b6218459490a9c1dc841a34909185b81904c5337b4b27f7a6fd60c49e?s=96&d=mm&r=g","url":"https:\/\/secure.gravatar.com\/avatar\/fb81a55b6218459490a9c1dc841a34909185b81904c5337b4b27f7a6fd60c49e?s=96&d=mm&r=g","contentUrl":"https:\/\/secure.gravatar.com\/avatar\/fb81a55b6218459490a9c1dc841a34909185b81904c5337b4b27f7a6fd60c49e?s=96&d=mm&r=g","caption":"Lorenzo Verduzco"}}]}},"_links":{"self":[{"href":"https:\/\/interamerica.org\/es\/wp-json\/wp\/v2\/posts\/11605","targetHints":{"allow":["GET"]}}],"collection":[{"href":"https:\/\/interamerica.org\/es\/wp-json\/wp\/v2\/posts"}],"about":[{"href":"https:\/\/interamerica.org\/es\/wp-json\/wp\/v2\/types\/post"}],"author":[{"embeddable":true,"href":"https:\/\/interamerica.org\/es\/wp-json\/wp\/v2\/users\/1"}],"replies":[{"embeddable":true,"href":"https:\/\/interamerica.org\/es\/wp-json\/wp\/v2\/comments?post=11605"}],"version-history":[{"count":0,"href":"https:\/\/interamerica.org\/es\/wp-json\/wp\/v2\/posts\/11605\/revisions"}],"wp:attachment":[{"href":"https:\/\/interamerica.org\/es\/wp-json\/wp\/v2\/media?parent=11605"}],"wp:term":[{"taxonomy":"category","embeddable":true,"href":"https:\/\/interamerica.org\/es\/wp-json\/wp\/v2\/categories?post=11605"},{"taxonomy":"post_tag","embeddable":true,"href":"https:\/\/interamerica.org\/es\/wp-json\/wp\/v2\/tags?post=11605"}],"curies":[{"name":"wp","href":"https:\/\/api.w.org\/{rel}","templated":true}]}}