{"id":11606,"date":"2010-06-29T00:00:00","date_gmt":"2010-06-29T04:00:00","guid":{"rendered":"http:\/\/192.81.217.108\/interamerica\/2010\/06\/sillas-vacias-de-delegados-preocupa-a-los-lideres-de-la-iglesia\/"},"modified":"2017-06-02T08:59:25","modified_gmt":"2017-06-02T12:59:25","slug":"sillas-vacias-de-delegados-preocupa-a-los-lideres-de-la-iglesia","status":"publish","type":"post","link":"https:\/\/interamerica.org\/es\/2010\/06\/sillas-vacias-de-delegados-preocupa-a-los-lideres-de-la-iglesia\/","title":{"rendered":"Sillas vac\u00edas de delegados preocupa a los l\u00edderes de la iglesia"},"content":{"rendered":"<p>28 de junio 2010, Atlanta, Georgia, Estados Unidos&#8230;Arin Gencer\/ANN <\/p>\n<p>Cuando los l\u00edderes de la Iglesia Adventista del S\u00e9ptimo D\u00eda se preparan para empezar las reuniones de negocio del domingo por la tarde de la Sesi\u00f3n Mundial 59, una cantidad de asientos en las l\u00edmpidas filas en el piso de la Arena de Georgia estaban notablemente vac\u00edos.   <\/p>\n<p>La ausencia de muchos delegados urgi\u00f3 al presidente de las reuniones de negocio, Gerry Karst a expresar su preocupaci\u00f3n sobre la situaci\u00f3n.   <\/p>\n<p>\u00abMe gustar\u00eda animarles, si tienen colegas que se sientan cerca de ustedes o son parte de de su delegaci\u00f3n, que usted tenga una peque\u00f1a conversaci\u00f3n en privado con ellos y recordarles de su responsabilidad de estar aqu\u00ed cuando se re\u00fane la sesi\u00f3n\u00bb, dijo Karst.  \u00abLa organizaci\u00f3n ha pagado por su viaje para venir. Se espera que est\u00e9n aqu\u00ed\u00bb. <\/p>\n<p>Los comentarios de Karst reflejan la algo dram\u00e1tica merma en asistencia desde la sesi\u00f3n de la ma\u00f1ana, cuando al menos 1,550 delegados estaban presentes &#8211; a\u00fan muy por debajo del total de 2,410 seleccionados por la Sesi\u00f3n de la Asociaci\u00f3n General.   <\/p>\n<p>En verdad, encontrar un asiento durante las reuniones de negocio es cualquier pero un reto, cuando docenas de asientos, regularmente, permanecen vac\u00edas, pregunt\u00e1ndose d\u00f3nde est\u00e1n algunos delegados durante las sesiones. <\/p>\n<p>Representando cada regi\u00f3n de la iglesia a nivel mundial y sus sedes, los delegados tiene poder para votar sobre asuntos de la agenda, incluyendo liderazgo y reglamentos de la iglesia. Cada regi\u00f3n paga por el viaje, hotel y alimentos para sus delegados e invitados especiales, adem\u00e1s de un vi\u00e1tico diario de $30.00 d\u00f3lares, dijo Sheri Clemmer, asociado de planes de la iglesia para las reuniones.   <\/p>\n<p>Hasta el lunes por la tarde, 2,222 delegados se hab\u00edan registrado para la Sesi\u00f3n, dijo Rosa Banks, directora de registraci\u00f3n y secretaria asociada de la Asociaci\u00f3n General. Banks agreg\u00f3 que esperaba que la mayor\u00eda se registrara para el martes o mi\u00e9rcoles.   <\/p>\n<p>Como representantes de los intereses de su regi\u00f3n, los delegados no est\u00e1n supuestos a faltar a ninguna reuni\u00f3n de negocio\u00bb, dijo George Egwakhe, un tesorero asociado de la sede de la iglesia adventista a nivel mundial. \u00abEs muy importante que ellos participen y voten.\u00bb <\/p>\n<p>A\u00fan, dijo Egwakhe, muchos de los delegados no est\u00e1n en el piso de la Arena porque est\u00e1n asistiendo a comit\u00e9s, donde votan sobre los m\u00e1ximos l\u00edderes de sus respectivas regiones y tratan con negocios particulares a sus \u00e1reas.   <\/p>\n<p>\u00abPara ellos, eso es tambi\u00e9n muy, muy importante\u00bb, agregando que algunos consideran que la mayor\u00eda de los negocios terminaron una vez que los oficiales de la Asociaci\u00f3n General son elegidos. <\/p>\n<p>And by Friday, he said, things will likely get worse: Most of the delegates go shopping, trying to squeeze in purchases before they depart for their home countries. <\/p>\n<p>\u00abNo se asombren; es parte de la rutina,\u00bb dijo Egwakhe, recordando su experiencia como tesorero regional. \u00abEsto no es nuevo\u00bb. <\/p>\n","protected":false},"excerpt":{"rendered":"<p>Cuando los l\u00edderes de la iglesia adventista del s\u00e9ptimo d\u00eda a nivel mundial se preparaban para las reuniones de negocios del domingo por la terde de la Sesi\u00f3n Mundial n\u00famero 59, un n\u00famero de asientos en las filas<\/p>\n","protected":false},"author":1,"featured_media":0,"comment_status":"closed","ping_status":"closed","sticky":false,"template":"","format":"standard","meta":{"_acf_changed":false,"footnotes":""},"categories":[8],"tags":[],"class_list":["post-11606","post","type-post","status-publish","format-standard","hentry","category-archivo"],"acf":[],"yoast_head":"<!-- This site is optimized with the Yoast SEO plugin v27.3 - https:\/\/yoast.com\/product\/yoast-seo-wordpress\/ -->\n<title>Sillas vac\u00edas de delegados preocupa a los l\u00edderes de la iglesia - Iglesia Adventista del S\u00e9ptimo D\u00eda - Divisi\u00f3n Interamericana<\/title>\n<meta name=\"robots\" content=\"index, follow, max-snippet:-1, max-image-preview:large, max-video-preview:-1\" \/>\n<link rel=\"canonical\" href=\"https:\/\/interamerica.org\/es\/2010\/06\/sillas-vacias-de-delegados-preocupa-a-los-lideres-de-la-iglesia\/\" \/>\n<meta property=\"og:locale\" content=\"es_ES\" \/>\n<meta property=\"og:type\" content=\"article\" \/>\n<meta property=\"og:title\" content=\"Sillas vac\u00edas de delegados preocupa a los l\u00edderes de la iglesia - Iglesia Adventista del S\u00e9ptimo D\u00eda - Divisi\u00f3n Interamericana\" \/>\n<meta property=\"og:description\" content=\"Cuando los l\u00edderes de la iglesia adventista del s\u00e9ptimo d\u00eda a nivel mundial se preparaban para las reuniones de negocios del domingo por la terde de la Sesi\u00f3n Mundial n\u00famero 59, un n\u00famero de asientos en las filas\" \/>\n<meta property=\"og:url\" content=\"https:\/\/interamerica.org\/es\/2010\/06\/sillas-vacias-de-delegados-preocupa-a-los-lideres-de-la-iglesia\/\" \/>\n<meta property=\"og:site_name\" content=\"Iglesia Adventista del S\u00e9ptimo D\u00eda - Divisi\u00f3n Interamericana\" \/>\n<meta property=\"article:published_time\" content=\"2010-06-29T04:00:00+00:00\" \/>\n<meta property=\"article:modified_time\" content=\"2017-06-02T12:59:25+00:00\" \/>\n<meta name=\"author\" content=\"Lorenzo Verduzco\" \/>\n<meta name=\"twitter:card\" content=\"summary_large_image\" \/>\n<meta name=\"twitter:label1\" content=\"Escrito por\" \/>\n\t<meta name=\"twitter:data1\" content=\"Lorenzo Verduzco\" \/>\n\t<meta name=\"twitter:label2\" content=\"Tiempo de lectura\" \/>\n\t<meta name=\"twitter:data2\" content=\"3 minutos\" \/>\n<script type=\"application\/ld+json\" class=\"yoast-schema-graph\">{\"@context\":\"https:\\\/\\\/schema.org\",\"@graph\":[{\"@type\":\"Article\",\"@id\":\"https:\\\/\\\/interamerica.org\\\/es\\\/2010\\\/06\\\/sillas-vacias-de-delegados-preocupa-a-los-lideres-de-la-iglesia\\\/#article\",\"isPartOf\":{\"@id\":\"https:\\\/\\\/interamerica.org\\\/es\\\/2010\\\/06\\\/sillas-vacias-de-delegados-preocupa-a-los-lideres-de-la-iglesia\\\/\"},\"author\":{\"name\":\"Lorenzo Verduzco\",\"@id\":\"https:\\\/\\\/interamerica.org\\\/es\\\/#\\\/schema\\\/person\\\/68ede8bdc292885bb76c1e3810e73c39\"},\"headline\":\"Sillas vac\u00edas de delegados preocupa a los l\u00edderes de la iglesia\",\"datePublished\":\"2010-06-29T04:00:00+00:00\",\"dateModified\":\"2017-06-02T12:59:25+00:00\",\"mainEntityOfPage\":{\"@id\":\"https:\\\/\\\/interamerica.org\\\/es\\\/2010\\\/06\\\/sillas-vacias-de-delegados-preocupa-a-los-lideres-de-la-iglesia\\\/\"},\"wordCount\":530,\"articleSection\":[\"Archivo\"],\"inLanguage\":\"es\"},{\"@type\":\"WebPage\",\"@id\":\"https:\\\/\\\/interamerica.org\\\/es\\\/2010\\\/06\\\/sillas-vacias-de-delegados-preocupa-a-los-lideres-de-la-iglesia\\\/\",\"url\":\"https:\\\/\\\/interamerica.org\\\/es\\\/2010\\\/06\\\/sillas-vacias-de-delegados-preocupa-a-los-lideres-de-la-iglesia\\\/\",\"name\":\"Sillas vac\u00edas de delegados preocupa a los l\u00edderes de la iglesia - Iglesia Adventista del S\u00e9ptimo D\u00eda - Divisi\u00f3n Interamericana\",\"isPartOf\":{\"@id\":\"https:\\\/\\\/interamerica.org\\\/es\\\/#website\"},\"datePublished\":\"2010-06-29T04:00:00+00:00\",\"dateModified\":\"2017-06-02T12:59:25+00:00\",\"author\":{\"@id\":\"https:\\\/\\\/interamerica.org\\\/es\\\/#\\\/schema\\\/person\\\/68ede8bdc292885bb76c1e3810e73c39\"},\"breadcrumb\":{\"@id\":\"https:\\\/\\\/interamerica.org\\\/es\\\/2010\\\/06\\\/sillas-vacias-de-delegados-preocupa-a-los-lideres-de-la-iglesia\\\/#breadcrumb\"},\"inLanguage\":\"es\",\"potentialAction\":[{\"@type\":\"ReadAction\",\"target\":[\"https:\\\/\\\/interamerica.org\\\/es\\\/2010\\\/06\\\/sillas-vacias-de-delegados-preocupa-a-los-lideres-de-la-iglesia\\\/\"]}]},{\"@type\":\"BreadcrumbList\",\"@id\":\"https:\\\/\\\/interamerica.org\\\/es\\\/2010\\\/06\\\/sillas-vacias-de-delegados-preocupa-a-los-lideres-de-la-iglesia\\\/#breadcrumb\",\"itemListElement\":[{\"@type\":\"ListItem\",\"position\":1,\"name\":\"Home\",\"item\":\"https:\\\/\\\/interamerica.org\\\/es\\\/\"},{\"@type\":\"ListItem\",\"position\":2,\"name\":\"Sillas vac\u00edas de delegados preocupa a los l\u00edderes de la iglesia\"}]},{\"@type\":\"WebSite\",\"@id\":\"https:\\\/\\\/interamerica.org\\\/es\\\/#website\",\"url\":\"https:\\\/\\\/interamerica.org\\\/es\\\/\",\"name\":\"Iglesia Adventista del S\u00e9ptimo D\u00eda - Divisi\u00f3n Interamericana\",\"description\":\"\",\"potentialAction\":[{\"@type\":\"SearchAction\",\"target\":{\"@type\":\"EntryPoint\",\"urlTemplate\":\"https:\\\/\\\/interamerica.org\\\/es\\\/?s={search_term_string}\"},\"query-input\":{\"@type\":\"PropertyValueSpecification\",\"valueRequired\":true,\"valueName\":\"search_term_string\"}}],\"inLanguage\":\"es\"},{\"@type\":\"Person\",\"@id\":\"https:\\\/\\\/interamerica.org\\\/es\\\/#\\\/schema\\\/person\\\/68ede8bdc292885bb76c1e3810e73c39\",\"name\":\"Lorenzo Verduzco\",\"image\":{\"@type\":\"ImageObject\",\"inLanguage\":\"es\",\"@id\":\"https:\\\/\\\/secure.gravatar.com\\\/avatar\\\/fb81a55b6218459490a9c1dc841a34909185b81904c5337b4b27f7a6fd60c49e?s=96&d=mm&r=g\",\"url\":\"https:\\\/\\\/secure.gravatar.com\\\/avatar\\\/fb81a55b6218459490a9c1dc841a34909185b81904c5337b4b27f7a6fd60c49e?s=96&d=mm&r=g\",\"contentUrl\":\"https:\\\/\\\/secure.gravatar.com\\\/avatar\\\/fb81a55b6218459490a9c1dc841a34909185b81904c5337b4b27f7a6fd60c49e?s=96&d=mm&r=g\",\"caption\":\"Lorenzo Verduzco\"}}]}<\/script>\n<!-- \/ Yoast SEO plugin. -->","yoast_head_json":{"title":"Sillas vac\u00edas de delegados preocupa a los l\u00edderes de la iglesia - Iglesia Adventista del S\u00e9ptimo D\u00eda - Divisi\u00f3n Interamericana","robots":{"index":"index","follow":"follow","max-snippet":"max-snippet:-1","max-image-preview":"max-image-preview:large","max-video-preview":"max-video-preview:-1"},"canonical":"https:\/\/interamerica.org\/es\/2010\/06\/sillas-vacias-de-delegados-preocupa-a-los-lideres-de-la-iglesia\/","og_locale":"es_ES","og_type":"article","og_title":"Sillas vac\u00edas de delegados preocupa a los l\u00edderes de la iglesia - Iglesia Adventista del S\u00e9ptimo D\u00eda - Divisi\u00f3n Interamericana","og_description":"Cuando los l\u00edderes de la iglesia adventista del s\u00e9ptimo d\u00eda a nivel mundial se preparaban para las reuniones de negocios del domingo por la terde de la Sesi\u00f3n Mundial n\u00famero 59, un n\u00famero de asientos en las filas","og_url":"https:\/\/interamerica.org\/es\/2010\/06\/sillas-vacias-de-delegados-preocupa-a-los-lideres-de-la-iglesia\/","og_site_name":"Iglesia Adventista del S\u00e9ptimo D\u00eda - Divisi\u00f3n Interamericana","article_published_time":"2010-06-29T04:00:00+00:00","article_modified_time":"2017-06-02T12:59:25+00:00","author":"Lorenzo Verduzco","twitter_card":"summary_large_image","twitter_misc":{"Escrito por":"Lorenzo Verduzco","Tiempo de lectura":"3 minutos"},"schema":{"@context":"https:\/\/schema.org","@graph":[{"@type":"Article","@id":"https:\/\/interamerica.org\/es\/2010\/06\/sillas-vacias-de-delegados-preocupa-a-los-lideres-de-la-iglesia\/#article","isPartOf":{"@id":"https:\/\/interamerica.org\/es\/2010\/06\/sillas-vacias-de-delegados-preocupa-a-los-lideres-de-la-iglesia\/"},"author":{"name":"Lorenzo Verduzco","@id":"https:\/\/interamerica.org\/es\/#\/schema\/person\/68ede8bdc292885bb76c1e3810e73c39"},"headline":"Sillas vac\u00edas de delegados preocupa a los l\u00edderes de la iglesia","datePublished":"2010-06-29T04:00:00+00:00","dateModified":"2017-06-02T12:59:25+00:00","mainEntityOfPage":{"@id":"https:\/\/interamerica.org\/es\/2010\/06\/sillas-vacias-de-delegados-preocupa-a-los-lideres-de-la-iglesia\/"},"wordCount":530,"articleSection":["Archivo"],"inLanguage":"es"},{"@type":"WebPage","@id":"https:\/\/interamerica.org\/es\/2010\/06\/sillas-vacias-de-delegados-preocupa-a-los-lideres-de-la-iglesia\/","url":"https:\/\/interamerica.org\/es\/2010\/06\/sillas-vacias-de-delegados-preocupa-a-los-lideres-de-la-iglesia\/","name":"Sillas vac\u00edas de delegados preocupa a los l\u00edderes de la iglesia - Iglesia Adventista del S\u00e9ptimo D\u00eda - Divisi\u00f3n Interamericana","isPartOf":{"@id":"https:\/\/interamerica.org\/es\/#website"},"datePublished":"2010-06-29T04:00:00+00:00","dateModified":"2017-06-02T12:59:25+00:00","author":{"@id":"https:\/\/interamerica.org\/es\/#\/schema\/person\/68ede8bdc292885bb76c1e3810e73c39"},"breadcrumb":{"@id":"https:\/\/interamerica.org\/es\/2010\/06\/sillas-vacias-de-delegados-preocupa-a-los-lideres-de-la-iglesia\/#breadcrumb"},"inLanguage":"es","potentialAction":[{"@type":"ReadAction","target":["https:\/\/interamerica.org\/es\/2010\/06\/sillas-vacias-de-delegados-preocupa-a-los-lideres-de-la-iglesia\/"]}]},{"@type":"BreadcrumbList","@id":"https:\/\/interamerica.org\/es\/2010\/06\/sillas-vacias-de-delegados-preocupa-a-los-lideres-de-la-iglesia\/#breadcrumb","itemListElement":[{"@type":"ListItem","position":1,"name":"Home","item":"https:\/\/interamerica.org\/es\/"},{"@type":"ListItem","position":2,"name":"Sillas vac\u00edas de delegados preocupa a los l\u00edderes de la iglesia"}]},{"@type":"WebSite","@id":"https:\/\/interamerica.org\/es\/#website","url":"https:\/\/interamerica.org\/es\/","name":"Iglesia Adventista del S\u00e9ptimo D\u00eda - Divisi\u00f3n Interamericana","description":"","potentialAction":[{"@type":"SearchAction","target":{"@type":"EntryPoint","urlTemplate":"https:\/\/interamerica.org\/es\/?s={search_term_string}"},"query-input":{"@type":"PropertyValueSpecification","valueRequired":true,"valueName":"search_term_string"}}],"inLanguage":"es"},{"@type":"Person","@id":"https:\/\/interamerica.org\/es\/#\/schema\/person\/68ede8bdc292885bb76c1e3810e73c39","name":"Lorenzo Verduzco","image":{"@type":"ImageObject","inLanguage":"es","@id":"https:\/\/secure.gravatar.com\/avatar\/fb81a55b6218459490a9c1dc841a34909185b81904c5337b4b27f7a6fd60c49e?s=96&d=mm&r=g","url":"https:\/\/secure.gravatar.com\/avatar\/fb81a55b6218459490a9c1dc841a34909185b81904c5337b4b27f7a6fd60c49e?s=96&d=mm&r=g","contentUrl":"https:\/\/secure.gravatar.com\/avatar\/fb81a55b6218459490a9c1dc841a34909185b81904c5337b4b27f7a6fd60c49e?s=96&d=mm&r=g","caption":"Lorenzo Verduzco"}}]}},"_links":{"self":[{"href":"https:\/\/interamerica.org\/es\/wp-json\/wp\/v2\/posts\/11606","targetHints":{"allow":["GET"]}}],"collection":[{"href":"https:\/\/interamerica.org\/es\/wp-json\/wp\/v2\/posts"}],"about":[{"href":"https:\/\/interamerica.org\/es\/wp-json\/wp\/v2\/types\/post"}],"author":[{"embeddable":true,"href":"https:\/\/interamerica.org\/es\/wp-json\/wp\/v2\/users\/1"}],"replies":[{"embeddable":true,"href":"https:\/\/interamerica.org\/es\/wp-json\/wp\/v2\/comments?post=11606"}],"version-history":[{"count":0,"href":"https:\/\/interamerica.org\/es\/wp-json\/wp\/v2\/posts\/11606\/revisions"}],"wp:attachment":[{"href":"https:\/\/interamerica.org\/es\/wp-json\/wp\/v2\/media?parent=11606"}],"wp:term":[{"taxonomy":"category","embeddable":true,"href":"https:\/\/interamerica.org\/es\/wp-json\/wp\/v2\/categories?post=11606"},{"taxonomy":"post_tag","embeddable":true,"href":"https:\/\/interamerica.org\/es\/wp-json\/wp\/v2\/tags?post=11606"}],"curies":[{"name":"wp","href":"https:\/\/api.w.org\/{rel}","templated":true}]}}