{"id":11607,"date":"2010-06-29T00:00:00","date_gmt":"2010-06-29T04:00:00","guid":{"rendered":"http:\/\/192.81.217.108\/interamerica\/2010\/06\/cinco-lideres-adventistas-de-nivel-medio-son-reelegidos\/"},"modified":"2017-06-02T08:59:26","modified_gmt":"2017-06-02T12:59:26","slug":"cinco-lideres-adventistas-de-nivel-medio-son-reelegidos","status":"publish","type":"post","link":"https:\/\/interamerica.org\/es\/2010\/06\/cinco-lideres-adventistas-de-nivel-medio-son-reelegidos\/","title":{"rendered":"Cinco l\u00edderes adventistas de nivel medio son reelegidos"},"content":{"rendered":"<p>Atlanta, Georgia, Estados Unidos, 29 de junio de 2010&#8230; Edwin Manuel Garcia\/ANN <\/p>\n<p>Los l\u00edderes de la Iglesia Adventista del S\u00e9ptimo D\u00eda aprob\u00f3 mantener cinco oficiales de nivel medio en sus posiciones actuales como secretarios de campo en una reuni\u00f3n el d\u00eda 29 de junio. <\/p>\n<p>Los delegados reunidos en el Georgia Dome de Atlanta para el congreso de la iglesia adventista mundial tambi\u00e9n aprobaron retener ocho directores de departamentos. <\/p>\n<p>Los secretarios generales de campo continuar\u00e1n siendo: <\/p>\n<p>Paul S. Brantley, director, Oficina de Evaluaci\u00f3n y Efectividad en Programas. Antiguo profesor universitario, Brantley ha dirigido la oficina desde 2007. <\/p>\n<p>Gary D. Krause, quien ha estado en esa posici\u00f3n desde 2004. Krause tambi\u00e9n sirve como director de la Oficina de Misi\u00f3n Adventista. <\/p>\n<p>Angel Manuel Rodriguez, quien como secretario de campo ha sido director asociado del Institudo de Investigaci\u00f3n B\u00edblica desde 2002. El sirvi\u00f3 anteriormente en Interam\u00e9rica. <\/p>\n<p>Charles Sandefur, quien ha sido presidente de ADRA desde 2002 y tambi\u00e9n ha sido presidente de asociaci\u00f3n. <\/p>\n<p>Brad Thorp, quien ha servido como secretario de campo desde 2005. El es director de Hope Channel, y ha sido evangelista en Euroa, Africa y Norteam\u00e9rica. <\/p>\n<p>Los cinco nombres, recomendados por el Comit\u00e9 de Nominaciones, provocaron una queja en el micr\u00f3fono en el piso central del Georgia Dome. Un delegado de Europa expres\u00f3 su desilusi\u00f3n de que los candidatos \u00abotra vez\u00bb son todos hombres. <\/p>\n<p>En respuesta, el director del comit\u00e9, Robert Kyte, dijo que el grupo que \u00e9l dirige, que tiene m\u00e1s de 200 miembros y se re\u00fane en privado, est\u00e1 intentando llenar posiciones con mujeres \u00absiempre que sea posible\u00bb.<br  \/>  <\/p>\n<p>Los ocho directores de departamentos reelegidos en sus posiciones son: <\/p>\n<p>Heather-Dawn Small, directora de Ministerios de la Mujer desde 2005. Ella sirvi\u00f3 anteriormente como directora de ministerio infantil, y en funciones de ministerio de la mujer en Interam\u00e9rica. <\/p>\n<p>Jonathan Kuntaraf, director de Escuela Sab\u00e1tica y Ministerio Personal desde 2005. Kuntaraf sirvi\u00f3 anteriormente en la antigua Divisi\u00f3n de Asia Pac\u00edfico como director asociado de ministerios de iglesia. <\/p>\n<p>Linda Koh, directora de Ministerio Infantil desde 2003. Ella ha servido como asociada de ministerio infantil en la Divisi\u00f3n del Lejano Oriente, y tambi\u00e9n en la misma posici\u00f3n en la Divisi\u00f3n de Asia Pac\u00edfico. <\/p>\n<p>El Dr. Allan Hanysides, director de Ministerios de la Salud desde 1998. Hanysides sirvi\u00f3 anteriormente como director de salud y temperancia en Euro\u00e1frica y como director m\u00e9dico de hospital. <\/p>\n<p>John Graz, director de Asuntos P\u00fablicos y Libertad Religiosa desde 1995. El sirvi\u00f3 anteriormente como director de comunicaci\u00f3n de la Divisi\u00f3n de Eur\u00e1frica. <\/p>\n<p>Howard Faigao, director de Publicaciones desde 2005. Faigao trabaj\u00f3 anteriormente en publicaciones en Asia del Sur. <\/p>\n<p>Erika Puni, directora de Mayordom\u00eda desde 2005. Puni, antiguo profesor de Avondale College, tambi\u00e9n fue director de mayordom\u00eda en la divisi\u00f3n antes de mudarse a Maryland para trabajar en la Asociaci\u00f3n General. <\/p>\n<p>Gary Councell, director de Servicios Adventistas de Capellan\u00eda. Councell sirvi\u00f3 36 a\u00f1os como capell\u00e1n militar de los Estados Unidos mientras simult\u00e1neamente pastoreaba 11 iglesias. <\/p>\n","protected":false},"excerpt":{"rendered":"<p>Los l\u00edderes de la Iglesia Adventista del S\u00e9ptimo D\u00eda aprob\u00f3 mantener cinco oficiales de nivel medio en sus posiciones actuales como secretarios de campo en una reuni\u00f3n el d\u00eda 29 de junio.<\/p>\n","protected":false},"author":1,"featured_media":0,"comment_status":"closed","ping_status":"closed","sticky":false,"template":"","format":"standard","meta":{"_acf_changed":false,"footnotes":""},"categories":[8],"tags":[],"class_list":["post-11607","post","type-post","status-publish","format-standard","hentry","category-archivo"],"acf":[],"yoast_head":"<!-- This site is optimized with the Yoast SEO plugin v27.3 - https:\/\/yoast.com\/product\/yoast-seo-wordpress\/ -->\n<title>Cinco l\u00edderes adventistas de nivel medio son reelegidos - Iglesia Adventista del S\u00e9ptimo D\u00eda - Divisi\u00f3n Interamericana<\/title>\n<meta name=\"robots\" content=\"index, follow, max-snippet:-1, max-image-preview:large, max-video-preview:-1\" \/>\n<link rel=\"canonical\" href=\"https:\/\/interamerica.org\/es\/2010\/06\/cinco-lideres-adventistas-de-nivel-medio-son-reelegidos\/\" \/>\n<meta property=\"og:locale\" content=\"es_ES\" \/>\n<meta property=\"og:type\" content=\"article\" \/>\n<meta property=\"og:title\" content=\"Cinco l\u00edderes adventistas de nivel medio son reelegidos - Iglesia Adventista del S\u00e9ptimo D\u00eda - Divisi\u00f3n Interamericana\" \/>\n<meta property=\"og:description\" content=\"Los l\u00edderes de la Iglesia Adventista del S\u00e9ptimo D\u00eda aprob\u00f3 mantener cinco oficiales de nivel medio en sus posiciones actuales como secretarios de campo en una reuni\u00f3n el d\u00eda 29 de junio.\" \/>\n<meta property=\"og:url\" content=\"https:\/\/interamerica.org\/es\/2010\/06\/cinco-lideres-adventistas-de-nivel-medio-son-reelegidos\/\" \/>\n<meta property=\"og:site_name\" content=\"Iglesia Adventista del S\u00e9ptimo D\u00eda - Divisi\u00f3n Interamericana\" \/>\n<meta property=\"article:published_time\" content=\"2010-06-29T04:00:00+00:00\" \/>\n<meta property=\"article:modified_time\" content=\"2017-06-02T12:59:26+00:00\" \/>\n<meta name=\"author\" content=\"Lorenzo Verduzco\" \/>\n<meta name=\"twitter:card\" content=\"summary_large_image\" \/>\n<meta name=\"twitter:label1\" content=\"Escrito por\" \/>\n\t<meta name=\"twitter:data1\" content=\"Lorenzo Verduzco\" \/>\n\t<meta name=\"twitter:label2\" content=\"Tiempo de lectura\" \/>\n\t<meta name=\"twitter:data2\" content=\"3 minutos\" \/>\n<script type=\"application\/ld+json\" class=\"yoast-schema-graph\">{\"@context\":\"https:\\\/\\\/schema.org\",\"@graph\":[{\"@type\":\"Article\",\"@id\":\"https:\\\/\\\/interamerica.org\\\/es\\\/2010\\\/06\\\/cinco-lideres-adventistas-de-nivel-medio-son-reelegidos\\\/#article\",\"isPartOf\":{\"@id\":\"https:\\\/\\\/interamerica.org\\\/es\\\/2010\\\/06\\\/cinco-lideres-adventistas-de-nivel-medio-son-reelegidos\\\/\"},\"author\":{\"name\":\"Lorenzo Verduzco\",\"@id\":\"https:\\\/\\\/interamerica.org\\\/es\\\/#\\\/schema\\\/person\\\/68ede8bdc292885bb76c1e3810e73c39\"},\"headline\":\"Cinco l\u00edderes adventistas de nivel medio son reelegidos\",\"datePublished\":\"2010-06-29T04:00:00+00:00\",\"dateModified\":\"2017-06-02T12:59:26+00:00\",\"mainEntityOfPage\":{\"@id\":\"https:\\\/\\\/interamerica.org\\\/es\\\/2010\\\/06\\\/cinco-lideres-adventistas-de-nivel-medio-son-reelegidos\\\/\"},\"wordCount\":520,\"articleSection\":[\"Archivo\"],\"inLanguage\":\"es\"},{\"@type\":\"WebPage\",\"@id\":\"https:\\\/\\\/interamerica.org\\\/es\\\/2010\\\/06\\\/cinco-lideres-adventistas-de-nivel-medio-son-reelegidos\\\/\",\"url\":\"https:\\\/\\\/interamerica.org\\\/es\\\/2010\\\/06\\\/cinco-lideres-adventistas-de-nivel-medio-son-reelegidos\\\/\",\"name\":\"Cinco l\u00edderes adventistas de nivel medio son reelegidos - Iglesia Adventista del S\u00e9ptimo D\u00eda - Divisi\u00f3n Interamericana\",\"isPartOf\":{\"@id\":\"https:\\\/\\\/interamerica.org\\\/es\\\/#website\"},\"datePublished\":\"2010-06-29T04:00:00+00:00\",\"dateModified\":\"2017-06-02T12:59:26+00:00\",\"author\":{\"@id\":\"https:\\\/\\\/interamerica.org\\\/es\\\/#\\\/schema\\\/person\\\/68ede8bdc292885bb76c1e3810e73c39\"},\"breadcrumb\":{\"@id\":\"https:\\\/\\\/interamerica.org\\\/es\\\/2010\\\/06\\\/cinco-lideres-adventistas-de-nivel-medio-son-reelegidos\\\/#breadcrumb\"},\"inLanguage\":\"es\",\"potentialAction\":[{\"@type\":\"ReadAction\",\"target\":[\"https:\\\/\\\/interamerica.org\\\/es\\\/2010\\\/06\\\/cinco-lideres-adventistas-de-nivel-medio-son-reelegidos\\\/\"]}]},{\"@type\":\"BreadcrumbList\",\"@id\":\"https:\\\/\\\/interamerica.org\\\/es\\\/2010\\\/06\\\/cinco-lideres-adventistas-de-nivel-medio-son-reelegidos\\\/#breadcrumb\",\"itemListElement\":[{\"@type\":\"ListItem\",\"position\":1,\"name\":\"Home\",\"item\":\"https:\\\/\\\/interamerica.org\\\/es\\\/\"},{\"@type\":\"ListItem\",\"position\":2,\"name\":\"Cinco l\u00edderes adventistas de nivel medio son reelegidos\"}]},{\"@type\":\"WebSite\",\"@id\":\"https:\\\/\\\/interamerica.org\\\/es\\\/#website\",\"url\":\"https:\\\/\\\/interamerica.org\\\/es\\\/\",\"name\":\"Iglesia Adventista del S\u00e9ptimo D\u00eda - Divisi\u00f3n Interamericana\",\"description\":\"\",\"potentialAction\":[{\"@type\":\"SearchAction\",\"target\":{\"@type\":\"EntryPoint\",\"urlTemplate\":\"https:\\\/\\\/interamerica.org\\\/es\\\/?s={search_term_string}\"},\"query-input\":{\"@type\":\"PropertyValueSpecification\",\"valueRequired\":true,\"valueName\":\"search_term_string\"}}],\"inLanguage\":\"es\"},{\"@type\":\"Person\",\"@id\":\"https:\\\/\\\/interamerica.org\\\/es\\\/#\\\/schema\\\/person\\\/68ede8bdc292885bb76c1e3810e73c39\",\"name\":\"Lorenzo Verduzco\",\"image\":{\"@type\":\"ImageObject\",\"inLanguage\":\"es\",\"@id\":\"https:\\\/\\\/secure.gravatar.com\\\/avatar\\\/fb81a55b6218459490a9c1dc841a34909185b81904c5337b4b27f7a6fd60c49e?s=96&d=mm&r=g\",\"url\":\"https:\\\/\\\/secure.gravatar.com\\\/avatar\\\/fb81a55b6218459490a9c1dc841a34909185b81904c5337b4b27f7a6fd60c49e?s=96&d=mm&r=g\",\"contentUrl\":\"https:\\\/\\\/secure.gravatar.com\\\/avatar\\\/fb81a55b6218459490a9c1dc841a34909185b81904c5337b4b27f7a6fd60c49e?s=96&d=mm&r=g\",\"caption\":\"Lorenzo Verduzco\"}}]}<\/script>\n<!-- \/ Yoast SEO plugin. -->","yoast_head_json":{"title":"Cinco l\u00edderes adventistas de nivel medio son reelegidos - Iglesia Adventista del S\u00e9ptimo D\u00eda - Divisi\u00f3n Interamericana","robots":{"index":"index","follow":"follow","max-snippet":"max-snippet:-1","max-image-preview":"max-image-preview:large","max-video-preview":"max-video-preview:-1"},"canonical":"https:\/\/interamerica.org\/es\/2010\/06\/cinco-lideres-adventistas-de-nivel-medio-son-reelegidos\/","og_locale":"es_ES","og_type":"article","og_title":"Cinco l\u00edderes adventistas de nivel medio son reelegidos - Iglesia Adventista del S\u00e9ptimo D\u00eda - Divisi\u00f3n Interamericana","og_description":"Los l\u00edderes de la Iglesia Adventista del S\u00e9ptimo D\u00eda aprob\u00f3 mantener cinco oficiales de nivel medio en sus posiciones actuales como secretarios de campo en una reuni\u00f3n el d\u00eda 29 de junio.","og_url":"https:\/\/interamerica.org\/es\/2010\/06\/cinco-lideres-adventistas-de-nivel-medio-son-reelegidos\/","og_site_name":"Iglesia Adventista del S\u00e9ptimo D\u00eda - Divisi\u00f3n Interamericana","article_published_time":"2010-06-29T04:00:00+00:00","article_modified_time":"2017-06-02T12:59:26+00:00","author":"Lorenzo Verduzco","twitter_card":"summary_large_image","twitter_misc":{"Escrito por":"Lorenzo Verduzco","Tiempo de lectura":"3 minutos"},"schema":{"@context":"https:\/\/schema.org","@graph":[{"@type":"Article","@id":"https:\/\/interamerica.org\/es\/2010\/06\/cinco-lideres-adventistas-de-nivel-medio-son-reelegidos\/#article","isPartOf":{"@id":"https:\/\/interamerica.org\/es\/2010\/06\/cinco-lideres-adventistas-de-nivel-medio-son-reelegidos\/"},"author":{"name":"Lorenzo Verduzco","@id":"https:\/\/interamerica.org\/es\/#\/schema\/person\/68ede8bdc292885bb76c1e3810e73c39"},"headline":"Cinco l\u00edderes adventistas de nivel medio son reelegidos","datePublished":"2010-06-29T04:00:00+00:00","dateModified":"2017-06-02T12:59:26+00:00","mainEntityOfPage":{"@id":"https:\/\/interamerica.org\/es\/2010\/06\/cinco-lideres-adventistas-de-nivel-medio-son-reelegidos\/"},"wordCount":520,"articleSection":["Archivo"],"inLanguage":"es"},{"@type":"WebPage","@id":"https:\/\/interamerica.org\/es\/2010\/06\/cinco-lideres-adventistas-de-nivel-medio-son-reelegidos\/","url":"https:\/\/interamerica.org\/es\/2010\/06\/cinco-lideres-adventistas-de-nivel-medio-son-reelegidos\/","name":"Cinco l\u00edderes adventistas de nivel medio son reelegidos - Iglesia Adventista del S\u00e9ptimo D\u00eda - Divisi\u00f3n Interamericana","isPartOf":{"@id":"https:\/\/interamerica.org\/es\/#website"},"datePublished":"2010-06-29T04:00:00+00:00","dateModified":"2017-06-02T12:59:26+00:00","author":{"@id":"https:\/\/interamerica.org\/es\/#\/schema\/person\/68ede8bdc292885bb76c1e3810e73c39"},"breadcrumb":{"@id":"https:\/\/interamerica.org\/es\/2010\/06\/cinco-lideres-adventistas-de-nivel-medio-son-reelegidos\/#breadcrumb"},"inLanguage":"es","potentialAction":[{"@type":"ReadAction","target":["https:\/\/interamerica.org\/es\/2010\/06\/cinco-lideres-adventistas-de-nivel-medio-son-reelegidos\/"]}]},{"@type":"BreadcrumbList","@id":"https:\/\/interamerica.org\/es\/2010\/06\/cinco-lideres-adventistas-de-nivel-medio-son-reelegidos\/#breadcrumb","itemListElement":[{"@type":"ListItem","position":1,"name":"Home","item":"https:\/\/interamerica.org\/es\/"},{"@type":"ListItem","position":2,"name":"Cinco l\u00edderes adventistas de nivel medio son reelegidos"}]},{"@type":"WebSite","@id":"https:\/\/interamerica.org\/es\/#website","url":"https:\/\/interamerica.org\/es\/","name":"Iglesia Adventista del S\u00e9ptimo D\u00eda - Divisi\u00f3n Interamericana","description":"","potentialAction":[{"@type":"SearchAction","target":{"@type":"EntryPoint","urlTemplate":"https:\/\/interamerica.org\/es\/?s={search_term_string}"},"query-input":{"@type":"PropertyValueSpecification","valueRequired":true,"valueName":"search_term_string"}}],"inLanguage":"es"},{"@type":"Person","@id":"https:\/\/interamerica.org\/es\/#\/schema\/person\/68ede8bdc292885bb76c1e3810e73c39","name":"Lorenzo Verduzco","image":{"@type":"ImageObject","inLanguage":"es","@id":"https:\/\/secure.gravatar.com\/avatar\/fb81a55b6218459490a9c1dc841a34909185b81904c5337b4b27f7a6fd60c49e?s=96&d=mm&r=g","url":"https:\/\/secure.gravatar.com\/avatar\/fb81a55b6218459490a9c1dc841a34909185b81904c5337b4b27f7a6fd60c49e?s=96&d=mm&r=g","contentUrl":"https:\/\/secure.gravatar.com\/avatar\/fb81a55b6218459490a9c1dc841a34909185b81904c5337b4b27f7a6fd60c49e?s=96&d=mm&r=g","caption":"Lorenzo Verduzco"}}]}},"_links":{"self":[{"href":"https:\/\/interamerica.org\/es\/wp-json\/wp\/v2\/posts\/11607","targetHints":{"allow":["GET"]}}],"collection":[{"href":"https:\/\/interamerica.org\/es\/wp-json\/wp\/v2\/posts"}],"about":[{"href":"https:\/\/interamerica.org\/es\/wp-json\/wp\/v2\/types\/post"}],"author":[{"embeddable":true,"href":"https:\/\/interamerica.org\/es\/wp-json\/wp\/v2\/users\/1"}],"replies":[{"embeddable":true,"href":"https:\/\/interamerica.org\/es\/wp-json\/wp\/v2\/comments?post=11607"}],"version-history":[{"count":0,"href":"https:\/\/interamerica.org\/es\/wp-json\/wp\/v2\/posts\/11607\/revisions"}],"wp:attachment":[{"href":"https:\/\/interamerica.org\/es\/wp-json\/wp\/v2\/media?parent=11607"}],"wp:term":[{"taxonomy":"category","embeddable":true,"href":"https:\/\/interamerica.org\/es\/wp-json\/wp\/v2\/categories?post=11607"},{"taxonomy":"post_tag","embeddable":true,"href":"https:\/\/interamerica.org\/es\/wp-json\/wp\/v2\/tags?post=11607"}],"curies":[{"name":"wp","href":"https:\/\/api.w.org\/{rel}","templated":true}]}}