{"id":11608,"date":"2010-06-28T00:00:00","date_gmt":"2010-06-28T04:00:00","guid":{"rendered":"http:\/\/192.81.217.108\/interamerica\/2010\/06\/la-exhibicion-de-interamerica-presenta-dos-grandes-regiones-de-la-iglesia\/"},"modified":"2017-06-02T08:59:31","modified_gmt":"2017-06-02T12:59:31","slug":"la-exhibicion-de-interamerica-presenta-dos-grandes-regiones-de-la-iglesia","status":"publish","type":"post","link":"https:\/\/interamerica.org\/es\/2010\/06\/la-exhibicion-de-interamerica-presenta-dos-grandes-regiones-de-la-iglesia\/","title":{"rendered":"La exhibici\u00f3n de Interam\u00e9rica presenta dos grandes regiones de la iglesia"},"content":{"rendered":"<p><em >Atlanta, Georgia, Estados Unidos<\/em >, 28 de junio de 2010&#8230;[Libna Stevens\/DIA] <\/p>\n<p>El d\u00eda seis en el cub\u00edculo de exhibici\u00f3n de Interam\u00e9rica en el <em >Georgia World Congress<\/em > <em >Center<\/em > en Atlanta, atrajo a muchos visitantes para ver qu\u00e9 regalos coloridos estaban presentando las uniones de Hait\u00ed y de Guatemala. <\/p>\n<p><strong >Uni\u00f3n Haitiana<\/strong ><br  \/>Con m\u00e1s de 335.000 adventistas del s\u00e9ptimo d\u00eda, la Uni\u00f3n Haitiana es la segunda regi\u00f3n m\u00e1s grande de Interam\u00e9rica. Ubicado en la Isla Espanola, Hait\u00ed contin\u00faa creciendo cada mes, aun en medio de la adversidad, dicen los l\u00edderes de la iglesia. <\/p>\n<p>\u00abNosotros somos un pueblo que cree en Dios aun cuando, a veces, se habla acerca de la influencia del vuduismo, pero el pueblo haitiano es un pueblo religioso\u00bb, dice Emmanuel Benoit, administrador general de la estaci\u00f3n adventista de radio en Hait\u00ed, Voix de L&#39;esperance. <\/p>\n<p>Benoit atribuye esa fuerte creencia en Dios como la raz\u00f3n por la cual la iglesia est\u00e1 creciendo m\u00e1s y m\u00e1s en Hait\u00ed. <\/p>\n<p>\u00abSo\u00f1amos con que nuestros hijos sean educados y tengan \u00e9xito\u00bb, dijo una mujer que naci\u00f3 en Hait\u00ed pero ahora vive en los Estados Unidos. <\/p>\n<p>Aunque la iglesia fue afectada por el destructor terremoto que golpe\u00f3 el pa\u00eds en enero, las iglesias est\u00e1n siendo reconstruidas, y las escuelas adventistas est\u00e1n funcionando otra vez. <\/p>\n<p>Docenas de recuerdos y arte nativo fueron distribuidos en el cub\u00edculo de exhibici\u00f3n. <\/p>\n<p><strong >Uni\u00f3n de Guatemala <\/strong ><br  \/>Con sus m\u00e1s de 209.000 adventistas del s\u00e9ptimo d\u00eda y cerca de 688 iglesias y congregaciones, la Uni\u00f3n de Guatemala est\u00e1 compuesta por seis campos locales. <\/p>\n<p>Con una rica mezcla de culturas, m\u00e1s de 22 dialectos, Guatemala tiene una ciudad cosmopolita con una mezcla de lo antiguo y lo moderno, as\u00ed como una sed por la verdad, dijeron los l\u00edderes de la iglesia. <\/p>\n<p>Con m\u00e1s de tres millones de personas, la iglesia en la ciudad de Guatemala tiene tres campos locales que contin\u00faan dando grandes pasos para alcanzar a la gente con el evangelio. <\/p>\n<p>Entre los regalos distribuidos en el cub\u00edculo de la Uni\u00f3n de Guatemala estuvieron arte tradicional, lapiceros, llaveros y m\u00e1s. <\/p>\n<p>Para observar un v\u00eddeo de la actividad de hoy en el cub\u00edculo de exhibici\u00f3n de la Divisi\u00f3n Interamericana, haga clic aqu\u00ed. <\/p>\n","protected":false},"excerpt":{"rendered":"<p>El d\u00eda seis en el cub\u00edculo de exhibici\u00f3n de Interam\u00e9rica en el Georgia World Congress Center en Atlanta, atrajo a muchos visitantes para ver qu\u00e9 regalos coloridos estaban presentando las uniones de Hait\u00ed y<\/p>\n","protected":false},"author":1,"featured_media":0,"comment_status":"closed","ping_status":"closed","sticky":false,"template":"","format":"standard","meta":{"_acf_changed":false,"footnotes":""},"categories":[8],"tags":[],"class_list":["post-11608","post","type-post","status-publish","format-standard","hentry","category-archivo"],"acf":[],"yoast_head":"<!-- This site is optimized with the Yoast SEO plugin v27.3 - https:\/\/yoast.com\/product\/yoast-seo-wordpress\/ -->\n<title>La exhibici\u00f3n de Interam\u00e9rica presenta dos grandes regiones de la iglesia - Iglesia Adventista del S\u00e9ptimo D\u00eda - Divisi\u00f3n Interamericana<\/title>\n<meta name=\"robots\" content=\"index, follow, max-snippet:-1, max-image-preview:large, max-video-preview:-1\" \/>\n<link rel=\"canonical\" href=\"https:\/\/interamerica.org\/es\/2010\/06\/la-exhibicion-de-interamerica-presenta-dos-grandes-regiones-de-la-iglesia\/\" \/>\n<meta property=\"og:locale\" content=\"es_ES\" \/>\n<meta property=\"og:type\" content=\"article\" \/>\n<meta property=\"og:title\" content=\"La exhibici\u00f3n de Interam\u00e9rica presenta dos grandes regiones de la iglesia - Iglesia Adventista del S\u00e9ptimo D\u00eda - Divisi\u00f3n Interamericana\" \/>\n<meta property=\"og:description\" content=\"El d\u00eda seis en el cub\u00edculo de exhibici\u00f3n de Interam\u00e9rica en el Georgia World Congress Center en Atlanta, atrajo a muchos visitantes para ver qu\u00e9 regalos coloridos estaban presentando las uniones de Hait\u00ed y\" \/>\n<meta property=\"og:url\" content=\"https:\/\/interamerica.org\/es\/2010\/06\/la-exhibicion-de-interamerica-presenta-dos-grandes-regiones-de-la-iglesia\/\" \/>\n<meta property=\"og:site_name\" content=\"Iglesia Adventista del S\u00e9ptimo D\u00eda - Divisi\u00f3n Interamericana\" \/>\n<meta property=\"article:published_time\" content=\"2010-06-28T04:00:00+00:00\" \/>\n<meta property=\"article:modified_time\" content=\"2017-06-02T12:59:31+00:00\" \/>\n<meta name=\"author\" content=\"Lorenzo Verduzco\" \/>\n<meta name=\"twitter:card\" content=\"summary_large_image\" \/>\n<meta name=\"twitter:label1\" content=\"Escrito por\" \/>\n\t<meta name=\"twitter:data1\" content=\"Lorenzo Verduzco\" \/>\n\t<meta name=\"twitter:label2\" content=\"Tiempo de lectura\" \/>\n\t<meta name=\"twitter:data2\" content=\"2 minutos\" \/>\n<script type=\"application\/ld+json\" class=\"yoast-schema-graph\">{\"@context\":\"https:\\\/\\\/schema.org\",\"@graph\":[{\"@type\":\"Article\",\"@id\":\"https:\\\/\\\/interamerica.org\\\/es\\\/2010\\\/06\\\/la-exhibicion-de-interamerica-presenta-dos-grandes-regiones-de-la-iglesia\\\/#article\",\"isPartOf\":{\"@id\":\"https:\\\/\\\/interamerica.org\\\/es\\\/2010\\\/06\\\/la-exhibicion-de-interamerica-presenta-dos-grandes-regiones-de-la-iglesia\\\/\"},\"author\":{\"name\":\"Lorenzo Verduzco\",\"@id\":\"https:\\\/\\\/interamerica.org\\\/es\\\/#\\\/schema\\\/person\\\/68ede8bdc292885bb76c1e3810e73c39\"},\"headline\":\"La exhibici\u00f3n de Interam\u00e9rica presenta dos grandes regiones de la iglesia\",\"datePublished\":\"2010-06-28T04:00:00+00:00\",\"dateModified\":\"2017-06-02T12:59:31+00:00\",\"mainEntityOfPage\":{\"@id\":\"https:\\\/\\\/interamerica.org\\\/es\\\/2010\\\/06\\\/la-exhibicion-de-interamerica-presenta-dos-grandes-regiones-de-la-iglesia\\\/\"},\"wordCount\":407,\"articleSection\":[\"Archivo\"],\"inLanguage\":\"es\"},{\"@type\":\"WebPage\",\"@id\":\"https:\\\/\\\/interamerica.org\\\/es\\\/2010\\\/06\\\/la-exhibicion-de-interamerica-presenta-dos-grandes-regiones-de-la-iglesia\\\/\",\"url\":\"https:\\\/\\\/interamerica.org\\\/es\\\/2010\\\/06\\\/la-exhibicion-de-interamerica-presenta-dos-grandes-regiones-de-la-iglesia\\\/\",\"name\":\"La exhibici\u00f3n de Interam\u00e9rica presenta dos grandes regiones de la iglesia - Iglesia Adventista del S\u00e9ptimo D\u00eda - Divisi\u00f3n Interamericana\",\"isPartOf\":{\"@id\":\"https:\\\/\\\/interamerica.org\\\/es\\\/#website\"},\"datePublished\":\"2010-06-28T04:00:00+00:00\",\"dateModified\":\"2017-06-02T12:59:31+00:00\",\"author\":{\"@id\":\"https:\\\/\\\/interamerica.org\\\/es\\\/#\\\/schema\\\/person\\\/68ede8bdc292885bb76c1e3810e73c39\"},\"breadcrumb\":{\"@id\":\"https:\\\/\\\/interamerica.org\\\/es\\\/2010\\\/06\\\/la-exhibicion-de-interamerica-presenta-dos-grandes-regiones-de-la-iglesia\\\/#breadcrumb\"},\"inLanguage\":\"es\",\"potentialAction\":[{\"@type\":\"ReadAction\",\"target\":[\"https:\\\/\\\/interamerica.org\\\/es\\\/2010\\\/06\\\/la-exhibicion-de-interamerica-presenta-dos-grandes-regiones-de-la-iglesia\\\/\"]}]},{\"@type\":\"BreadcrumbList\",\"@id\":\"https:\\\/\\\/interamerica.org\\\/es\\\/2010\\\/06\\\/la-exhibicion-de-interamerica-presenta-dos-grandes-regiones-de-la-iglesia\\\/#breadcrumb\",\"itemListElement\":[{\"@type\":\"ListItem\",\"position\":1,\"name\":\"Home\",\"item\":\"https:\\\/\\\/interamerica.org\\\/es\\\/\"},{\"@type\":\"ListItem\",\"position\":2,\"name\":\"La exhibici\u00f3n de Interam\u00e9rica presenta dos grandes regiones de la iglesia\"}]},{\"@type\":\"WebSite\",\"@id\":\"https:\\\/\\\/interamerica.org\\\/es\\\/#website\",\"url\":\"https:\\\/\\\/interamerica.org\\\/es\\\/\",\"name\":\"Iglesia Adventista del S\u00e9ptimo D\u00eda - Divisi\u00f3n Interamericana\",\"description\":\"\",\"potentialAction\":[{\"@type\":\"SearchAction\",\"target\":{\"@type\":\"EntryPoint\",\"urlTemplate\":\"https:\\\/\\\/interamerica.org\\\/es\\\/?s={search_term_string}\"},\"query-input\":{\"@type\":\"PropertyValueSpecification\",\"valueRequired\":true,\"valueName\":\"search_term_string\"}}],\"inLanguage\":\"es\"},{\"@type\":\"Person\",\"@id\":\"https:\\\/\\\/interamerica.org\\\/es\\\/#\\\/schema\\\/person\\\/68ede8bdc292885bb76c1e3810e73c39\",\"name\":\"Lorenzo Verduzco\",\"image\":{\"@type\":\"ImageObject\",\"inLanguage\":\"es\",\"@id\":\"https:\\\/\\\/secure.gravatar.com\\\/avatar\\\/fb81a55b6218459490a9c1dc841a34909185b81904c5337b4b27f7a6fd60c49e?s=96&d=mm&r=g\",\"url\":\"https:\\\/\\\/secure.gravatar.com\\\/avatar\\\/fb81a55b6218459490a9c1dc841a34909185b81904c5337b4b27f7a6fd60c49e?s=96&d=mm&r=g\",\"contentUrl\":\"https:\\\/\\\/secure.gravatar.com\\\/avatar\\\/fb81a55b6218459490a9c1dc841a34909185b81904c5337b4b27f7a6fd60c49e?s=96&d=mm&r=g\",\"caption\":\"Lorenzo Verduzco\"}}]}<\/script>\n<!-- \/ Yoast SEO plugin. -->","yoast_head_json":{"title":"La exhibici\u00f3n de Interam\u00e9rica presenta dos grandes regiones de la iglesia - Iglesia Adventista del S\u00e9ptimo D\u00eda - Divisi\u00f3n Interamericana","robots":{"index":"index","follow":"follow","max-snippet":"max-snippet:-1","max-image-preview":"max-image-preview:large","max-video-preview":"max-video-preview:-1"},"canonical":"https:\/\/interamerica.org\/es\/2010\/06\/la-exhibicion-de-interamerica-presenta-dos-grandes-regiones-de-la-iglesia\/","og_locale":"es_ES","og_type":"article","og_title":"La exhibici\u00f3n de Interam\u00e9rica presenta dos grandes regiones de la iglesia - Iglesia Adventista del S\u00e9ptimo D\u00eda - Divisi\u00f3n Interamericana","og_description":"El d\u00eda seis en el cub\u00edculo de exhibici\u00f3n de Interam\u00e9rica en el Georgia World Congress Center en Atlanta, atrajo a muchos visitantes para ver qu\u00e9 regalos coloridos estaban presentando las uniones de Hait\u00ed y","og_url":"https:\/\/interamerica.org\/es\/2010\/06\/la-exhibicion-de-interamerica-presenta-dos-grandes-regiones-de-la-iglesia\/","og_site_name":"Iglesia Adventista del S\u00e9ptimo D\u00eda - Divisi\u00f3n Interamericana","article_published_time":"2010-06-28T04:00:00+00:00","article_modified_time":"2017-06-02T12:59:31+00:00","author":"Lorenzo Verduzco","twitter_card":"summary_large_image","twitter_misc":{"Escrito por":"Lorenzo Verduzco","Tiempo de lectura":"2 minutos"},"schema":{"@context":"https:\/\/schema.org","@graph":[{"@type":"Article","@id":"https:\/\/interamerica.org\/es\/2010\/06\/la-exhibicion-de-interamerica-presenta-dos-grandes-regiones-de-la-iglesia\/#article","isPartOf":{"@id":"https:\/\/interamerica.org\/es\/2010\/06\/la-exhibicion-de-interamerica-presenta-dos-grandes-regiones-de-la-iglesia\/"},"author":{"name":"Lorenzo Verduzco","@id":"https:\/\/interamerica.org\/es\/#\/schema\/person\/68ede8bdc292885bb76c1e3810e73c39"},"headline":"La exhibici\u00f3n de Interam\u00e9rica presenta dos grandes regiones de la iglesia","datePublished":"2010-06-28T04:00:00+00:00","dateModified":"2017-06-02T12:59:31+00:00","mainEntityOfPage":{"@id":"https:\/\/interamerica.org\/es\/2010\/06\/la-exhibicion-de-interamerica-presenta-dos-grandes-regiones-de-la-iglesia\/"},"wordCount":407,"articleSection":["Archivo"],"inLanguage":"es"},{"@type":"WebPage","@id":"https:\/\/interamerica.org\/es\/2010\/06\/la-exhibicion-de-interamerica-presenta-dos-grandes-regiones-de-la-iglesia\/","url":"https:\/\/interamerica.org\/es\/2010\/06\/la-exhibicion-de-interamerica-presenta-dos-grandes-regiones-de-la-iglesia\/","name":"La exhibici\u00f3n de Interam\u00e9rica presenta dos grandes regiones de la iglesia - Iglesia Adventista del S\u00e9ptimo D\u00eda - Divisi\u00f3n Interamericana","isPartOf":{"@id":"https:\/\/interamerica.org\/es\/#website"},"datePublished":"2010-06-28T04:00:00+00:00","dateModified":"2017-06-02T12:59:31+00:00","author":{"@id":"https:\/\/interamerica.org\/es\/#\/schema\/person\/68ede8bdc292885bb76c1e3810e73c39"},"breadcrumb":{"@id":"https:\/\/interamerica.org\/es\/2010\/06\/la-exhibicion-de-interamerica-presenta-dos-grandes-regiones-de-la-iglesia\/#breadcrumb"},"inLanguage":"es","potentialAction":[{"@type":"ReadAction","target":["https:\/\/interamerica.org\/es\/2010\/06\/la-exhibicion-de-interamerica-presenta-dos-grandes-regiones-de-la-iglesia\/"]}]},{"@type":"BreadcrumbList","@id":"https:\/\/interamerica.org\/es\/2010\/06\/la-exhibicion-de-interamerica-presenta-dos-grandes-regiones-de-la-iglesia\/#breadcrumb","itemListElement":[{"@type":"ListItem","position":1,"name":"Home","item":"https:\/\/interamerica.org\/es\/"},{"@type":"ListItem","position":2,"name":"La exhibici\u00f3n de Interam\u00e9rica presenta dos grandes regiones de la iglesia"}]},{"@type":"WebSite","@id":"https:\/\/interamerica.org\/es\/#website","url":"https:\/\/interamerica.org\/es\/","name":"Iglesia Adventista del S\u00e9ptimo D\u00eda - Divisi\u00f3n Interamericana","description":"","potentialAction":[{"@type":"SearchAction","target":{"@type":"EntryPoint","urlTemplate":"https:\/\/interamerica.org\/es\/?s={search_term_string}"},"query-input":{"@type":"PropertyValueSpecification","valueRequired":true,"valueName":"search_term_string"}}],"inLanguage":"es"},{"@type":"Person","@id":"https:\/\/interamerica.org\/es\/#\/schema\/person\/68ede8bdc292885bb76c1e3810e73c39","name":"Lorenzo Verduzco","image":{"@type":"ImageObject","inLanguage":"es","@id":"https:\/\/secure.gravatar.com\/avatar\/fb81a55b6218459490a9c1dc841a34909185b81904c5337b4b27f7a6fd60c49e?s=96&d=mm&r=g","url":"https:\/\/secure.gravatar.com\/avatar\/fb81a55b6218459490a9c1dc841a34909185b81904c5337b4b27f7a6fd60c49e?s=96&d=mm&r=g","contentUrl":"https:\/\/secure.gravatar.com\/avatar\/fb81a55b6218459490a9c1dc841a34909185b81904c5337b4b27f7a6fd60c49e?s=96&d=mm&r=g","caption":"Lorenzo Verduzco"}}]}},"_links":{"self":[{"href":"https:\/\/interamerica.org\/es\/wp-json\/wp\/v2\/posts\/11608","targetHints":{"allow":["GET"]}}],"collection":[{"href":"https:\/\/interamerica.org\/es\/wp-json\/wp\/v2\/posts"}],"about":[{"href":"https:\/\/interamerica.org\/es\/wp-json\/wp\/v2\/types\/post"}],"author":[{"embeddable":true,"href":"https:\/\/interamerica.org\/es\/wp-json\/wp\/v2\/users\/1"}],"replies":[{"embeddable":true,"href":"https:\/\/interamerica.org\/es\/wp-json\/wp\/v2\/comments?post=11608"}],"version-history":[{"count":0,"href":"https:\/\/interamerica.org\/es\/wp-json\/wp\/v2\/posts\/11608\/revisions"}],"wp:attachment":[{"href":"https:\/\/interamerica.org\/es\/wp-json\/wp\/v2\/media?parent=11608"}],"wp:term":[{"taxonomy":"category","embeddable":true,"href":"https:\/\/interamerica.org\/es\/wp-json\/wp\/v2\/categories?post=11608"},{"taxonomy":"post_tag","embeddable":true,"href":"https:\/\/interamerica.org\/es\/wp-json\/wp\/v2\/tags?post=11608"}],"curies":[{"name":"wp","href":"https:\/\/api.w.org\/{rel}","templated":true}]}}