{"id":11609,"date":"2010-06-29T00:00:00","date_gmt":"2010-06-29T04:00:00","guid":{"rendered":"http:\/\/192.81.217.108\/interamerica\/2010\/06\/informes-de-las-regiones-de-interamerica-e-euro-africana\/"},"modified":"2017-06-02T08:59:27","modified_gmt":"2017-06-02T12:59:27","slug":"informes-de-las-regiones-de-interamerica-e-euro-africana","status":"publish","type":"post","link":"https:\/\/interamerica.org\/es\/2010\/06\/informes-de-las-regiones-de-interamerica-e-euro-africana\/","title":{"rendered":"Informes de las regiones de Interam\u00e9rica e Euro-Africana"},"content":{"rendered":"<p><em >Atlanta, Georgia, Estados Unidos,  <\/em >29 de junio, 2010&#8230;Elizabeth Lechleitner\/ANN <\/p>\n<p>La Iglesia Adventista del S\u00e9ptimo D\u00eda en \u00c1frica Europea enfrenta una enorme mezcla de culturas, sistema pol\u00edtico y religioso, pero un <em >show<\/em > televisado ar\u00e1bico y un espectacular programa del Ministerio de la Salud est\u00e1n entre las iniciativas de r\u00e1pido y \u00abconsistente\u00bb crecimiento en la regi\u00f3n. <\/p>\n<p>En Interam\u00e9rica, 60 por ciento de los adventistas est\u00e1n entre las edades de 16 y 35 a\u00f1os, contribuyendo a una feligres\u00eda juvenil que crece r\u00e1pidamente. <\/p>\n<p>Ambas regiones de la iglesia compartieron reportes de cinco a\u00f1os con delegados y cientos de emocionados espectadores, muchos aclamando su regi\u00f3n, en el <em >Georgia Dome<\/em > para el programa de esta noche. <\/p>\n<p>\u00c1frica Europea cubre 29 pa\u00edses, entre ellos Afganist\u00e1n, Turqu\u00eda, Ir\u00e1n y otros miembros de la Ventana 10-40, regi\u00f3n que se extiende desde el norte de \u00c1frica a Asia Oriental, donde el proselitismo es a menudo ilegal y muchos no son alcanzados. <\/p>\n<p>Muchos de los pa\u00edses de la regi\u00f3n enfrentan diversidad \u00e9tnica &#8212; casi la mitad de los adventistas en Espa\u00f1a emigraron de Rumania. <\/p>\n<p>\u00abTenemos aun al Vaticano aqu\u00ed\u00bb, dijo el reci\u00e9n reelegido presidente Bruno Vertalier. <\/p>\n<p>A pesar de los retos, los miembros de la regi\u00f3n encuentran las formas para impactar sus comunidades. El lanzamiento en 2008 de una transmisi\u00f3n en idioma ar\u00e1bico por Hope Channel (Esperanza TV) desde Beirut, L\u00edbano, se espera que logre avances en la regi\u00f3n. En una colaboraci\u00f3n reciente con la Organizaci\u00f3n Mundial de la Salud, con sede en la regi\u00f3n, est\u00e1 fortaleciendo la reputaci\u00f3n de la iglesia como una comunidad que se preocupa, compasiva, mostr\u00f3 un reporte en video. <\/p>\n<p>En 1999, la regi\u00f3n lanz\u00f3 exposiciones de salud, siguiendo el ejemplo de Jes\u00fas de atender las necesidades f\u00edsicas y emocionales, as\u00ed como las espirituales. Las exposiciones contin\u00faan siendo populares entre los miembros de la comunidad, quienes valoran la orientaci\u00f3n pr\u00e1ctica en el bienestar. <\/p>\n<p>\u00abHay un espacio para todo\u00bb, incluyendo el crecimiento de la iglesia, dec\u00eda el reporte. \u00abPuede que no seamos una regi\u00f3n de crecimiento r\u00e1pido, pero nuestras actividades son muchas y nos mantenemos avanzando\u00bb. <\/p>\n<p>\u00c1frica Europea registr\u00f3 cerca de 177,000 adventistas a mediados de 2009, un \u00abpeque\u00f1o aumento\u00bb  comparado con 2005 y una evidencia de los numerosos esfuerzos orientados hacia la regi\u00f3n y proyectos de impacto a la comunidad, dec\u00eda el informe. <\/p>\n<p>En Italia, un programa de experimento de la Escuela Sab\u00e1tica con enfoque a las relaciones, contacto social, y esfuerzos de alcance ha duplicado la asistencia. En Bulgaria, los adventistas compartieron el libro El Camino a Cristo en hogares, cubriendo la mitad del pa\u00eds. <\/p>\n<p>Mientras representantes de \u00c1frica Europea en la Sesi\u00f3n hab\u00edan programado bajar barras <em >Toblerone<\/em > &#8212; una barra dulce t\u00edpica de la regi\u00f3n &#8212; sobre la audiencia, restricciones de alimentos en el <em >Dome<\/em > (estadio) interfirieron. \u00abNo tendremos <em >Toblerone <\/em >esta noche, pero si ustedes se acercan al m\u00f3dulo de \u00c1frica Europea (en el sal\u00f3n de exhibici\u00f3n), usted tendr\u00e1 su <em >Toblerone\u00bb,<\/em > dijo Vetallier, mientras blandeaba una gigantesca barra de dulce. <\/p>\n<p>Representantes de la regi\u00f3n de Interam\u00e9rica marcharon sobre el escenario hacia la contagiosa m\u00fasica de los cilindros de acero. <\/p>\n<p>Antes de su reporte por video, Theart St. Pierre, presidente de la iglesia de Hait\u00ed, agradeci\u00f3 a la iglesia mundial por su \u00abapoyo, oraciones y generosidad\u00bb. <\/p>\n<p>\u00abEst\u00e1 claro que Dios es bueno, somos parte de una gran familia y esa familia est\u00e1 unida por un amor sin fronteras\u00bb, dijo St. Pierre a la audiencia. <\/p>\n<p>Interam\u00e9rica es la regi\u00f3n m\u00e1s grande de la iglesia por feligres\u00eda, con m\u00e1s de 3.2 millones de miembros. Uno de cada 12 jamaiquinos es adventista, y se hizo evidente por sus aplausos de que muchos estaban presentes en la Arena esta noche. <\/p>\n<p>El presidente de la regi\u00f3n, Israel Leito, elogi\u00f3 las \u00abideas, iniciativas y dedicaci\u00f3n\u00bb de los miembros en el informe. \u00abNo es lo que somos, es lo que hacemos\u00bb, dijo \u00e9l, repitiendo el lema de la regi\u00f3n. <\/p>\n<p>Lu\u00eds Eduardo Giraldo, un guardia de seguridad de profesi\u00f3n, se uni\u00f3 a la fuerza de la polic\u00eda poco despu\u00e9s de afiliarse como adventista para ampliar sus oportunidades para compartir su fe. Su trabajo en las calles lo llev\u00f3 a lanzar un centro de rehabilitaci\u00f3n para j\u00f3venes que batallan con la adicci\u00f3n. M\u00e1s de 30 j\u00f3venes han aceptado el mensaje adventista este a\u00f1o a trav\u00e9s del ministerio de Geraldo. <\/p>\n<p>En Jamaica Oriental, Cecil Foster, presidente de Servicios e Industrias de Laicos Adventistas dirige el <em >Good Samaritan Inn<\/em >, un lugar donde la gente que est\u00e1 en la calle puede encontrar refugio por la noche. Dos veces a la semana, cerca de 400 personas tienen su almuerzo en esa facilidad. <\/p>\n<p>Un proyecto similar en Guyana, el D\u00eda de la bondad y la compasi\u00f3n, moviliz\u00f3 a los miembros para distribuir m\u00e1s de 1 mill\u00f3n de cenas en un solo d\u00eda. <\/p>\n<p>El r\u00e1pido crecimiento en Interam\u00e9rica ha agotado los recursos pastorales en algunas \u00e1reas, pero los laicos adventistas &#8211; hombres y mujeres &#8211; est\u00e1n enfrentando el reto, organizando y cultivando iglesias.  <\/p>\n","protected":false},"excerpt":{"rendered":"<p>La iglesia adventista en \u00c1frica Europea enfrenta una enorme mezcla de culturas y un sistema pol\u00edtico y religioso, pero un show televisado ar\u00e1bico y un espectacular programa del Ministerio de la Salud est\u00e1n entre las iniciat<\/p>\n","protected":false},"author":1,"featured_media":0,"comment_status":"closed","ping_status":"closed","sticky":false,"template":"","format":"standard","meta":{"_acf_changed":false,"footnotes":""},"categories":[8],"tags":[],"class_list":["post-11609","post","type-post","status-publish","format-standard","hentry","category-archivo"],"acf":[],"yoast_head":"<!-- This site is optimized with the Yoast SEO plugin v27.3 - https:\/\/yoast.com\/product\/yoast-seo-wordpress\/ -->\n<title>Informes de las regiones de Interam\u00e9rica e Euro-Africana - Iglesia Adventista del S\u00e9ptimo D\u00eda - Divisi\u00f3n Interamericana<\/title>\n<meta name=\"robots\" content=\"index, follow, max-snippet:-1, max-image-preview:large, max-video-preview:-1\" \/>\n<link rel=\"canonical\" href=\"https:\/\/interamerica.org\/es\/2010\/06\/informes-de-las-regiones-de-interamerica-e-euro-africana\/\" \/>\n<meta property=\"og:locale\" content=\"es_ES\" \/>\n<meta property=\"og:type\" content=\"article\" \/>\n<meta property=\"og:title\" content=\"Informes de las regiones de Interam\u00e9rica e Euro-Africana - Iglesia Adventista del S\u00e9ptimo D\u00eda - Divisi\u00f3n Interamericana\" \/>\n<meta property=\"og:description\" content=\"La iglesia adventista en \u00c1frica Europea enfrenta una enorme mezcla de culturas y un sistema pol\u00edtico y religioso, pero un show televisado ar\u00e1bico y un espectacular programa del Ministerio de la Salud est\u00e1n entre las iniciat\" \/>\n<meta property=\"og:url\" content=\"https:\/\/interamerica.org\/es\/2010\/06\/informes-de-las-regiones-de-interamerica-e-euro-africana\/\" \/>\n<meta property=\"og:site_name\" content=\"Iglesia Adventista del S\u00e9ptimo D\u00eda - Divisi\u00f3n Interamericana\" \/>\n<meta property=\"article:published_time\" content=\"2010-06-29T04:00:00+00:00\" \/>\n<meta property=\"article:modified_time\" content=\"2017-06-02T12:59:27+00:00\" \/>\n<meta name=\"author\" content=\"Lorenzo Verduzco\" \/>\n<meta name=\"twitter:card\" content=\"summary_large_image\" \/>\n<meta name=\"twitter:label1\" content=\"Escrito por\" \/>\n\t<meta name=\"twitter:data1\" content=\"Lorenzo Verduzco\" \/>\n\t<meta name=\"twitter:label2\" content=\"Tiempo de lectura\" \/>\n\t<meta name=\"twitter:data2\" content=\"4 minutos\" \/>\n<script type=\"application\/ld+json\" class=\"yoast-schema-graph\">{\"@context\":\"https:\\\/\\\/schema.org\",\"@graph\":[{\"@type\":\"Article\",\"@id\":\"https:\\\/\\\/interamerica.org\\\/es\\\/2010\\\/06\\\/informes-de-las-regiones-de-interamerica-e-euro-africana\\\/#article\",\"isPartOf\":{\"@id\":\"https:\\\/\\\/interamerica.org\\\/es\\\/2010\\\/06\\\/informes-de-las-regiones-de-interamerica-e-euro-africana\\\/\"},\"author\":{\"name\":\"Lorenzo Verduzco\",\"@id\":\"https:\\\/\\\/interamerica.org\\\/es\\\/#\\\/schema\\\/person\\\/68ede8bdc292885bb76c1e3810e73c39\"},\"headline\":\"Informes de las regiones de Interam\u00e9rica e Euro-Africana\",\"datePublished\":\"2010-06-29T04:00:00+00:00\",\"dateModified\":\"2017-06-02T12:59:27+00:00\",\"mainEntityOfPage\":{\"@id\":\"https:\\\/\\\/interamerica.org\\\/es\\\/2010\\\/06\\\/informes-de-las-regiones-de-interamerica-e-euro-africana\\\/\"},\"wordCount\":890,\"articleSection\":[\"Archivo\"],\"inLanguage\":\"es\"},{\"@type\":\"WebPage\",\"@id\":\"https:\\\/\\\/interamerica.org\\\/es\\\/2010\\\/06\\\/informes-de-las-regiones-de-interamerica-e-euro-africana\\\/\",\"url\":\"https:\\\/\\\/interamerica.org\\\/es\\\/2010\\\/06\\\/informes-de-las-regiones-de-interamerica-e-euro-africana\\\/\",\"name\":\"Informes de las regiones de Interam\u00e9rica e Euro-Africana - Iglesia Adventista del S\u00e9ptimo D\u00eda - Divisi\u00f3n Interamericana\",\"isPartOf\":{\"@id\":\"https:\\\/\\\/interamerica.org\\\/es\\\/#website\"},\"datePublished\":\"2010-06-29T04:00:00+00:00\",\"dateModified\":\"2017-06-02T12:59:27+00:00\",\"author\":{\"@id\":\"https:\\\/\\\/interamerica.org\\\/es\\\/#\\\/schema\\\/person\\\/68ede8bdc292885bb76c1e3810e73c39\"},\"breadcrumb\":{\"@id\":\"https:\\\/\\\/interamerica.org\\\/es\\\/2010\\\/06\\\/informes-de-las-regiones-de-interamerica-e-euro-africana\\\/#breadcrumb\"},\"inLanguage\":\"es\",\"potentialAction\":[{\"@type\":\"ReadAction\",\"target\":[\"https:\\\/\\\/interamerica.org\\\/es\\\/2010\\\/06\\\/informes-de-las-regiones-de-interamerica-e-euro-africana\\\/\"]}]},{\"@type\":\"BreadcrumbList\",\"@id\":\"https:\\\/\\\/interamerica.org\\\/es\\\/2010\\\/06\\\/informes-de-las-regiones-de-interamerica-e-euro-africana\\\/#breadcrumb\",\"itemListElement\":[{\"@type\":\"ListItem\",\"position\":1,\"name\":\"Home\",\"item\":\"https:\\\/\\\/interamerica.org\\\/es\\\/\"},{\"@type\":\"ListItem\",\"position\":2,\"name\":\"Informes de las regiones de Interam\u00e9rica e Euro-Africana\"}]},{\"@type\":\"WebSite\",\"@id\":\"https:\\\/\\\/interamerica.org\\\/es\\\/#website\",\"url\":\"https:\\\/\\\/interamerica.org\\\/es\\\/\",\"name\":\"Iglesia Adventista del S\u00e9ptimo D\u00eda - Divisi\u00f3n Interamericana\",\"description\":\"\",\"potentialAction\":[{\"@type\":\"SearchAction\",\"target\":{\"@type\":\"EntryPoint\",\"urlTemplate\":\"https:\\\/\\\/interamerica.org\\\/es\\\/?s={search_term_string}\"},\"query-input\":{\"@type\":\"PropertyValueSpecification\",\"valueRequired\":true,\"valueName\":\"search_term_string\"}}],\"inLanguage\":\"es\"},{\"@type\":\"Person\",\"@id\":\"https:\\\/\\\/interamerica.org\\\/es\\\/#\\\/schema\\\/person\\\/68ede8bdc292885bb76c1e3810e73c39\",\"name\":\"Lorenzo Verduzco\",\"image\":{\"@type\":\"ImageObject\",\"inLanguage\":\"es\",\"@id\":\"https:\\\/\\\/secure.gravatar.com\\\/avatar\\\/fb81a55b6218459490a9c1dc841a34909185b81904c5337b4b27f7a6fd60c49e?s=96&d=mm&r=g\",\"url\":\"https:\\\/\\\/secure.gravatar.com\\\/avatar\\\/fb81a55b6218459490a9c1dc841a34909185b81904c5337b4b27f7a6fd60c49e?s=96&d=mm&r=g\",\"contentUrl\":\"https:\\\/\\\/secure.gravatar.com\\\/avatar\\\/fb81a55b6218459490a9c1dc841a34909185b81904c5337b4b27f7a6fd60c49e?s=96&d=mm&r=g\",\"caption\":\"Lorenzo Verduzco\"}}]}<\/script>\n<!-- \/ Yoast SEO plugin. -->","yoast_head_json":{"title":"Informes de las regiones de Interam\u00e9rica e Euro-Africana - Iglesia Adventista del S\u00e9ptimo D\u00eda - Divisi\u00f3n Interamericana","robots":{"index":"index","follow":"follow","max-snippet":"max-snippet:-1","max-image-preview":"max-image-preview:large","max-video-preview":"max-video-preview:-1"},"canonical":"https:\/\/interamerica.org\/es\/2010\/06\/informes-de-las-regiones-de-interamerica-e-euro-africana\/","og_locale":"es_ES","og_type":"article","og_title":"Informes de las regiones de Interam\u00e9rica e Euro-Africana - Iglesia Adventista del S\u00e9ptimo D\u00eda - Divisi\u00f3n Interamericana","og_description":"La iglesia adventista en \u00c1frica Europea enfrenta una enorme mezcla de culturas y un sistema pol\u00edtico y religioso, pero un show televisado ar\u00e1bico y un espectacular programa del Ministerio de la Salud est\u00e1n entre las iniciat","og_url":"https:\/\/interamerica.org\/es\/2010\/06\/informes-de-las-regiones-de-interamerica-e-euro-africana\/","og_site_name":"Iglesia Adventista del S\u00e9ptimo D\u00eda - Divisi\u00f3n Interamericana","article_published_time":"2010-06-29T04:00:00+00:00","article_modified_time":"2017-06-02T12:59:27+00:00","author":"Lorenzo Verduzco","twitter_card":"summary_large_image","twitter_misc":{"Escrito por":"Lorenzo Verduzco","Tiempo de lectura":"4 minutos"},"schema":{"@context":"https:\/\/schema.org","@graph":[{"@type":"Article","@id":"https:\/\/interamerica.org\/es\/2010\/06\/informes-de-las-regiones-de-interamerica-e-euro-africana\/#article","isPartOf":{"@id":"https:\/\/interamerica.org\/es\/2010\/06\/informes-de-las-regiones-de-interamerica-e-euro-africana\/"},"author":{"name":"Lorenzo Verduzco","@id":"https:\/\/interamerica.org\/es\/#\/schema\/person\/68ede8bdc292885bb76c1e3810e73c39"},"headline":"Informes de las regiones de Interam\u00e9rica e Euro-Africana","datePublished":"2010-06-29T04:00:00+00:00","dateModified":"2017-06-02T12:59:27+00:00","mainEntityOfPage":{"@id":"https:\/\/interamerica.org\/es\/2010\/06\/informes-de-las-regiones-de-interamerica-e-euro-africana\/"},"wordCount":890,"articleSection":["Archivo"],"inLanguage":"es"},{"@type":"WebPage","@id":"https:\/\/interamerica.org\/es\/2010\/06\/informes-de-las-regiones-de-interamerica-e-euro-africana\/","url":"https:\/\/interamerica.org\/es\/2010\/06\/informes-de-las-regiones-de-interamerica-e-euro-africana\/","name":"Informes de las regiones de Interam\u00e9rica e Euro-Africana - Iglesia Adventista del S\u00e9ptimo D\u00eda - Divisi\u00f3n Interamericana","isPartOf":{"@id":"https:\/\/interamerica.org\/es\/#website"},"datePublished":"2010-06-29T04:00:00+00:00","dateModified":"2017-06-02T12:59:27+00:00","author":{"@id":"https:\/\/interamerica.org\/es\/#\/schema\/person\/68ede8bdc292885bb76c1e3810e73c39"},"breadcrumb":{"@id":"https:\/\/interamerica.org\/es\/2010\/06\/informes-de-las-regiones-de-interamerica-e-euro-africana\/#breadcrumb"},"inLanguage":"es","potentialAction":[{"@type":"ReadAction","target":["https:\/\/interamerica.org\/es\/2010\/06\/informes-de-las-regiones-de-interamerica-e-euro-africana\/"]}]},{"@type":"BreadcrumbList","@id":"https:\/\/interamerica.org\/es\/2010\/06\/informes-de-las-regiones-de-interamerica-e-euro-africana\/#breadcrumb","itemListElement":[{"@type":"ListItem","position":1,"name":"Home","item":"https:\/\/interamerica.org\/es\/"},{"@type":"ListItem","position":2,"name":"Informes de las regiones de Interam\u00e9rica e Euro-Africana"}]},{"@type":"WebSite","@id":"https:\/\/interamerica.org\/es\/#website","url":"https:\/\/interamerica.org\/es\/","name":"Iglesia Adventista del S\u00e9ptimo D\u00eda - Divisi\u00f3n Interamericana","description":"","potentialAction":[{"@type":"SearchAction","target":{"@type":"EntryPoint","urlTemplate":"https:\/\/interamerica.org\/es\/?s={search_term_string}"},"query-input":{"@type":"PropertyValueSpecification","valueRequired":true,"valueName":"search_term_string"}}],"inLanguage":"es"},{"@type":"Person","@id":"https:\/\/interamerica.org\/es\/#\/schema\/person\/68ede8bdc292885bb76c1e3810e73c39","name":"Lorenzo Verduzco","image":{"@type":"ImageObject","inLanguage":"es","@id":"https:\/\/secure.gravatar.com\/avatar\/fb81a55b6218459490a9c1dc841a34909185b81904c5337b4b27f7a6fd60c49e?s=96&d=mm&r=g","url":"https:\/\/secure.gravatar.com\/avatar\/fb81a55b6218459490a9c1dc841a34909185b81904c5337b4b27f7a6fd60c49e?s=96&d=mm&r=g","contentUrl":"https:\/\/secure.gravatar.com\/avatar\/fb81a55b6218459490a9c1dc841a34909185b81904c5337b4b27f7a6fd60c49e?s=96&d=mm&r=g","caption":"Lorenzo Verduzco"}}]}},"_links":{"self":[{"href":"https:\/\/interamerica.org\/es\/wp-json\/wp\/v2\/posts\/11609","targetHints":{"allow":["GET"]}}],"collection":[{"href":"https:\/\/interamerica.org\/es\/wp-json\/wp\/v2\/posts"}],"about":[{"href":"https:\/\/interamerica.org\/es\/wp-json\/wp\/v2\/types\/post"}],"author":[{"embeddable":true,"href":"https:\/\/interamerica.org\/es\/wp-json\/wp\/v2\/users\/1"}],"replies":[{"embeddable":true,"href":"https:\/\/interamerica.org\/es\/wp-json\/wp\/v2\/comments?post=11609"}],"version-history":[{"count":0,"href":"https:\/\/interamerica.org\/es\/wp-json\/wp\/v2\/posts\/11609\/revisions"}],"wp:attachment":[{"href":"https:\/\/interamerica.org\/es\/wp-json\/wp\/v2\/media?parent=11609"}],"wp:term":[{"taxonomy":"category","embeddable":true,"href":"https:\/\/interamerica.org\/es\/wp-json\/wp\/v2\/categories?post=11609"},{"taxonomy":"post_tag","embeddable":true,"href":"https:\/\/interamerica.org\/es\/wp-json\/wp\/v2\/tags?post=11609"}],"curies":[{"name":"wp","href":"https:\/\/api.w.org\/{rel}","templated":true}]}}