{"id":11610,"date":"2010-06-29T00:00:00","date_gmt":"2010-06-29T04:00:00","guid":{"rendered":"http:\/\/192.81.217.108\/interamerica\/2010\/06\/costa-es-escogido-para-el-departamento-de-comunicacion-directores-asociados-del-departamento-son-recomendados\/"},"modified":"2017-06-02T08:59:27","modified_gmt":"2017-06-02T12:59:27","slug":"costa-es-escogido-para-el-departamento-de-comunicacion-directores-asociados-del-departamento-son-recomendados","status":"publish","type":"post","link":"https:\/\/interamerica.org\/es\/2010\/06\/costa-es-escogido-para-el-departamento-de-comunicacion-directores-asociados-del-departamento-son-recomendados\/","title":{"rendered":"Costa es escogido para el departamento de Comunicaci\u00f3n; directores asociados del departamento son recomendados"},"content":{"rendered":"<p>Atlanta, Georgia, Estados Unidos, 29 de junio de 2010 &#8230;.Arin Gencer\/ANN <\/p>\n<p>Los delegados al congreso n\u00famero 59 de la Asociaci\u00f3n General de la Iglesia Adventista del S\u00e9ptimo D\u00eda aprobaron el martes designar a Williams S. Costa Jr. como director del departamento de comunicaci\u00f3n de la iglesia mundial. El reemplaza a Rajmund Dabrowski, quien sirvi\u00f3 en esa posici\u00f3n desde 1994. <\/p>\n<p>Los delegados tambi\u00e9n recibieron los nombres de 10 nominados para diversas posiciones de director asociado, pero un delegado recomend\u00f3 que la lista fuese enviada de regreso al comit\u00e9, posponiendo el voto al respecto. <\/p>\n<p>Se espera que Julie Weslake, delegado de la regi\u00f3n del Pac\u00edfico Sur, aparezca ante el comit\u00e9 de nominaciones para explicar su solicitud. <\/p>\n<p>Costa, quien ha sido director asociado de comunicaci\u00f3n desde 2007, sirvi\u00f3 anteriormente en la regi\u00f3n sudamericana como administraci\u00f3n de producci\u00f3n televisiva, director de televisi\u00f3n satelital adventista, y director del departamento de comunicaci\u00f3n, dijo Cindy Tutsch, secretaria encargada de las notas del Comit\u00e9 de Nominaciones. <\/p>\n<p>Los nominados para directores asociados de los departamentos de la Asociaci\u00f3n General son: <\/p>\n<p>&#8211;Ministerio Infantil: Saustin K. Mfune, presidente de la Uni\u00f3n de Malawi, quien ha servido en los ministerios juvenil e invantil en varias posiciones. <\/p>\n<p>&#8211;Ministerios de Capellan\u00eda Adventista: Mario E. Ceballos, quien sirvi\u00f3 como vicepresidente para Kettering Health Network (Red de Salud Kettering) y ha sido director asociado para ministerios de capellan\u00eda desde 2008. <\/p>\n<p>&#8211;Ministerios de la Mujer: Raquel Arrais, incumbente, quien ha sido directora asociada de Ministerios de la Mujer desde 2005. <\/p>\n<p>&#8211;Escuela Sab\u00e1tica y Ministerio Personal: Gary Swanson, incumbente, quien ha servido como director asociado del departamento desde 2005. <\/p>\n<p>&#8211;Ministerios de Salud: Dr. Kathleen Kuntaraf, incumbente, quien lleg\u00f3 a ser directora asociada en 1996 y el Dr. Peter Landless, quien ha servido en esa posici\u00f3n desde 2000. El comit\u00e9 tambi\u00e9n nomin\u00f3 a Fred Hardinge, dietista registrado que ha servido como director asociado de ministerios de la salud en la Asociaci\u00f3n de Upper Columbia y ha ayudado a iniciar BibleInfo.com. <\/p>\n<p>&#8211;Departamento de Publicaciones: Wilmar Hirle, incumbente desde 2005. <\/p>\n<p>&#8211;Departamento de Asuntos P\u00fablicos y Libertad Religiosa: Barry Bussey, incumbente desde 2009, y James Standish, incumbente desde 2003. <\/p>\n","protected":false},"excerpt":{"rendered":"<p>Los delegados al congreso n\u00famero 59 de la Asociaci\u00f3n General de la Iglesia Adventista del S\u00e9ptimo D\u00eda aprobaron el martes designar a Williams S. Costa Jr. como director del departamento de comunicaci\u00f3n de la iglesia mu<\/p>\n","protected":false},"author":1,"featured_media":0,"comment_status":"closed","ping_status":"closed","sticky":false,"template":"","format":"standard","meta":{"_acf_changed":false,"footnotes":""},"categories":[8],"tags":[],"class_list":["post-11610","post","type-post","status-publish","format-standard","hentry","category-archivo"],"acf":[],"yoast_head":"<!-- This site is optimized with the Yoast SEO plugin v27.3 - https:\/\/yoast.com\/product\/yoast-seo-wordpress\/ -->\n<title>Costa es escogido para el departamento de Comunicaci\u00f3n; directores asociados del departamento son recomendados - Iglesia Adventista del S\u00e9ptimo D\u00eda - Divisi\u00f3n Interamericana<\/title>\n<meta name=\"robots\" content=\"index, follow, max-snippet:-1, max-image-preview:large, max-video-preview:-1\" \/>\n<link rel=\"canonical\" href=\"https:\/\/interamerica.org\/es\/2010\/06\/costa-es-escogido-para-el-departamento-de-comunicacion-directores-asociados-del-departamento-son-recomendados\/\" \/>\n<meta property=\"og:locale\" content=\"es_ES\" \/>\n<meta property=\"og:type\" content=\"article\" \/>\n<meta property=\"og:title\" content=\"Costa es escogido para el departamento de Comunicaci\u00f3n; directores asociados del departamento son recomendados - Iglesia Adventista del S\u00e9ptimo D\u00eda - Divisi\u00f3n Interamericana\" \/>\n<meta property=\"og:description\" content=\"Los delegados al congreso n\u00famero 59 de la Asociaci\u00f3n General de la Iglesia Adventista del S\u00e9ptimo D\u00eda aprobaron el martes designar a Williams S. Costa Jr. como director del departamento de comunicaci\u00f3n de la iglesia mu\" \/>\n<meta property=\"og:url\" content=\"https:\/\/interamerica.org\/es\/2010\/06\/costa-es-escogido-para-el-departamento-de-comunicacion-directores-asociados-del-departamento-son-recomendados\/\" \/>\n<meta property=\"og:site_name\" content=\"Iglesia Adventista del S\u00e9ptimo D\u00eda - Divisi\u00f3n Interamericana\" \/>\n<meta property=\"article:published_time\" content=\"2010-06-29T04:00:00+00:00\" \/>\n<meta property=\"article:modified_time\" content=\"2017-06-02T12:59:27+00:00\" \/>\n<meta name=\"author\" content=\"Lorenzo Verduzco\" \/>\n<meta name=\"twitter:card\" content=\"summary_large_image\" \/>\n<meta name=\"twitter:label1\" content=\"Escrito por\" \/>\n\t<meta name=\"twitter:data1\" content=\"Lorenzo Verduzco\" \/>\n\t<meta name=\"twitter:label2\" content=\"Tiempo de lectura\" \/>\n\t<meta name=\"twitter:data2\" content=\"2 minutos\" \/>\n<script type=\"application\/ld+json\" class=\"yoast-schema-graph\">{\"@context\":\"https:\\\/\\\/schema.org\",\"@graph\":[{\"@type\":\"Article\",\"@id\":\"https:\\\/\\\/interamerica.org\\\/es\\\/2010\\\/06\\\/costa-es-escogido-para-el-departamento-de-comunicacion-directores-asociados-del-departamento-son-recomendados\\\/#article\",\"isPartOf\":{\"@id\":\"https:\\\/\\\/interamerica.org\\\/es\\\/2010\\\/06\\\/costa-es-escogido-para-el-departamento-de-comunicacion-directores-asociados-del-departamento-son-recomendados\\\/\"},\"author\":{\"name\":\"Lorenzo Verduzco\",\"@id\":\"https:\\\/\\\/interamerica.org\\\/es\\\/#\\\/schema\\\/person\\\/68ede8bdc292885bb76c1e3810e73c39\"},\"headline\":\"Costa es escogido para el departamento de Comunicaci\u00f3n; directores asociados del departamento son recomendados\",\"datePublished\":\"2010-06-29T04:00:00+00:00\",\"dateModified\":\"2017-06-02T12:59:27+00:00\",\"mainEntityOfPage\":{\"@id\":\"https:\\\/\\\/interamerica.org\\\/es\\\/2010\\\/06\\\/costa-es-escogido-para-el-departamento-de-comunicacion-directores-asociados-del-departamento-son-recomendados\\\/\"},\"wordCount\":374,\"articleSection\":[\"Archivo\"],\"inLanguage\":\"es\"},{\"@type\":\"WebPage\",\"@id\":\"https:\\\/\\\/interamerica.org\\\/es\\\/2010\\\/06\\\/costa-es-escogido-para-el-departamento-de-comunicacion-directores-asociados-del-departamento-son-recomendados\\\/\",\"url\":\"https:\\\/\\\/interamerica.org\\\/es\\\/2010\\\/06\\\/costa-es-escogido-para-el-departamento-de-comunicacion-directores-asociados-del-departamento-son-recomendados\\\/\",\"name\":\"Costa es escogido para el departamento de Comunicaci\u00f3n; directores asociados del departamento son recomendados - Iglesia Adventista del S\u00e9ptimo D\u00eda - Divisi\u00f3n Interamericana\",\"isPartOf\":{\"@id\":\"https:\\\/\\\/interamerica.org\\\/es\\\/#website\"},\"datePublished\":\"2010-06-29T04:00:00+00:00\",\"dateModified\":\"2017-06-02T12:59:27+00:00\",\"author\":{\"@id\":\"https:\\\/\\\/interamerica.org\\\/es\\\/#\\\/schema\\\/person\\\/68ede8bdc292885bb76c1e3810e73c39\"},\"breadcrumb\":{\"@id\":\"https:\\\/\\\/interamerica.org\\\/es\\\/2010\\\/06\\\/costa-es-escogido-para-el-departamento-de-comunicacion-directores-asociados-del-departamento-son-recomendados\\\/#breadcrumb\"},\"inLanguage\":\"es\",\"potentialAction\":[{\"@type\":\"ReadAction\",\"target\":[\"https:\\\/\\\/interamerica.org\\\/es\\\/2010\\\/06\\\/costa-es-escogido-para-el-departamento-de-comunicacion-directores-asociados-del-departamento-son-recomendados\\\/\"]}]},{\"@type\":\"BreadcrumbList\",\"@id\":\"https:\\\/\\\/interamerica.org\\\/es\\\/2010\\\/06\\\/costa-es-escogido-para-el-departamento-de-comunicacion-directores-asociados-del-departamento-son-recomendados\\\/#breadcrumb\",\"itemListElement\":[{\"@type\":\"ListItem\",\"position\":1,\"name\":\"Home\",\"item\":\"https:\\\/\\\/interamerica.org\\\/es\\\/\"},{\"@type\":\"ListItem\",\"position\":2,\"name\":\"Costa es escogido para el departamento de Comunicaci\u00f3n; directores asociados del departamento son recomendados\"}]},{\"@type\":\"WebSite\",\"@id\":\"https:\\\/\\\/interamerica.org\\\/es\\\/#website\",\"url\":\"https:\\\/\\\/interamerica.org\\\/es\\\/\",\"name\":\"Iglesia Adventista del S\u00e9ptimo D\u00eda - Divisi\u00f3n Interamericana\",\"description\":\"\",\"potentialAction\":[{\"@type\":\"SearchAction\",\"target\":{\"@type\":\"EntryPoint\",\"urlTemplate\":\"https:\\\/\\\/interamerica.org\\\/es\\\/?s={search_term_string}\"},\"query-input\":{\"@type\":\"PropertyValueSpecification\",\"valueRequired\":true,\"valueName\":\"search_term_string\"}}],\"inLanguage\":\"es\"},{\"@type\":\"Person\",\"@id\":\"https:\\\/\\\/interamerica.org\\\/es\\\/#\\\/schema\\\/person\\\/68ede8bdc292885bb76c1e3810e73c39\",\"name\":\"Lorenzo Verduzco\",\"image\":{\"@type\":\"ImageObject\",\"inLanguage\":\"es\",\"@id\":\"https:\\\/\\\/secure.gravatar.com\\\/avatar\\\/fb81a55b6218459490a9c1dc841a34909185b81904c5337b4b27f7a6fd60c49e?s=96&d=mm&r=g\",\"url\":\"https:\\\/\\\/secure.gravatar.com\\\/avatar\\\/fb81a55b6218459490a9c1dc841a34909185b81904c5337b4b27f7a6fd60c49e?s=96&d=mm&r=g\",\"contentUrl\":\"https:\\\/\\\/secure.gravatar.com\\\/avatar\\\/fb81a55b6218459490a9c1dc841a34909185b81904c5337b4b27f7a6fd60c49e?s=96&d=mm&r=g\",\"caption\":\"Lorenzo Verduzco\"}}]}<\/script>\n<!-- \/ Yoast SEO plugin. -->","yoast_head_json":{"title":"Costa es escogido para el departamento de Comunicaci\u00f3n; directores asociados del departamento son recomendados - Iglesia Adventista del S\u00e9ptimo D\u00eda - Divisi\u00f3n Interamericana","robots":{"index":"index","follow":"follow","max-snippet":"max-snippet:-1","max-image-preview":"max-image-preview:large","max-video-preview":"max-video-preview:-1"},"canonical":"https:\/\/interamerica.org\/es\/2010\/06\/costa-es-escogido-para-el-departamento-de-comunicacion-directores-asociados-del-departamento-son-recomendados\/","og_locale":"es_ES","og_type":"article","og_title":"Costa es escogido para el departamento de Comunicaci\u00f3n; directores asociados del departamento son recomendados - Iglesia Adventista del S\u00e9ptimo D\u00eda - Divisi\u00f3n Interamericana","og_description":"Los delegados al congreso n\u00famero 59 de la Asociaci\u00f3n General de la Iglesia Adventista del S\u00e9ptimo D\u00eda aprobaron el martes designar a Williams S. Costa Jr. como director del departamento de comunicaci\u00f3n de la iglesia mu","og_url":"https:\/\/interamerica.org\/es\/2010\/06\/costa-es-escogido-para-el-departamento-de-comunicacion-directores-asociados-del-departamento-son-recomendados\/","og_site_name":"Iglesia Adventista del S\u00e9ptimo D\u00eda - Divisi\u00f3n Interamericana","article_published_time":"2010-06-29T04:00:00+00:00","article_modified_time":"2017-06-02T12:59:27+00:00","author":"Lorenzo Verduzco","twitter_card":"summary_large_image","twitter_misc":{"Escrito por":"Lorenzo Verduzco","Tiempo de lectura":"2 minutos"},"schema":{"@context":"https:\/\/schema.org","@graph":[{"@type":"Article","@id":"https:\/\/interamerica.org\/es\/2010\/06\/costa-es-escogido-para-el-departamento-de-comunicacion-directores-asociados-del-departamento-son-recomendados\/#article","isPartOf":{"@id":"https:\/\/interamerica.org\/es\/2010\/06\/costa-es-escogido-para-el-departamento-de-comunicacion-directores-asociados-del-departamento-son-recomendados\/"},"author":{"name":"Lorenzo Verduzco","@id":"https:\/\/interamerica.org\/es\/#\/schema\/person\/68ede8bdc292885bb76c1e3810e73c39"},"headline":"Costa es escogido para el departamento de Comunicaci\u00f3n; directores asociados del departamento son recomendados","datePublished":"2010-06-29T04:00:00+00:00","dateModified":"2017-06-02T12:59:27+00:00","mainEntityOfPage":{"@id":"https:\/\/interamerica.org\/es\/2010\/06\/costa-es-escogido-para-el-departamento-de-comunicacion-directores-asociados-del-departamento-son-recomendados\/"},"wordCount":374,"articleSection":["Archivo"],"inLanguage":"es"},{"@type":"WebPage","@id":"https:\/\/interamerica.org\/es\/2010\/06\/costa-es-escogido-para-el-departamento-de-comunicacion-directores-asociados-del-departamento-son-recomendados\/","url":"https:\/\/interamerica.org\/es\/2010\/06\/costa-es-escogido-para-el-departamento-de-comunicacion-directores-asociados-del-departamento-son-recomendados\/","name":"Costa es escogido para el departamento de Comunicaci\u00f3n; directores asociados del departamento son recomendados - Iglesia Adventista del S\u00e9ptimo D\u00eda - Divisi\u00f3n Interamericana","isPartOf":{"@id":"https:\/\/interamerica.org\/es\/#website"},"datePublished":"2010-06-29T04:00:00+00:00","dateModified":"2017-06-02T12:59:27+00:00","author":{"@id":"https:\/\/interamerica.org\/es\/#\/schema\/person\/68ede8bdc292885bb76c1e3810e73c39"},"breadcrumb":{"@id":"https:\/\/interamerica.org\/es\/2010\/06\/costa-es-escogido-para-el-departamento-de-comunicacion-directores-asociados-del-departamento-son-recomendados\/#breadcrumb"},"inLanguage":"es","potentialAction":[{"@type":"ReadAction","target":["https:\/\/interamerica.org\/es\/2010\/06\/costa-es-escogido-para-el-departamento-de-comunicacion-directores-asociados-del-departamento-son-recomendados\/"]}]},{"@type":"BreadcrumbList","@id":"https:\/\/interamerica.org\/es\/2010\/06\/costa-es-escogido-para-el-departamento-de-comunicacion-directores-asociados-del-departamento-son-recomendados\/#breadcrumb","itemListElement":[{"@type":"ListItem","position":1,"name":"Home","item":"https:\/\/interamerica.org\/es\/"},{"@type":"ListItem","position":2,"name":"Costa es escogido para el departamento de Comunicaci\u00f3n; directores asociados del departamento son recomendados"}]},{"@type":"WebSite","@id":"https:\/\/interamerica.org\/es\/#website","url":"https:\/\/interamerica.org\/es\/","name":"Iglesia Adventista del S\u00e9ptimo D\u00eda - Divisi\u00f3n Interamericana","description":"","potentialAction":[{"@type":"SearchAction","target":{"@type":"EntryPoint","urlTemplate":"https:\/\/interamerica.org\/es\/?s={search_term_string}"},"query-input":{"@type":"PropertyValueSpecification","valueRequired":true,"valueName":"search_term_string"}}],"inLanguage":"es"},{"@type":"Person","@id":"https:\/\/interamerica.org\/es\/#\/schema\/person\/68ede8bdc292885bb76c1e3810e73c39","name":"Lorenzo Verduzco","image":{"@type":"ImageObject","inLanguage":"es","@id":"https:\/\/secure.gravatar.com\/avatar\/fb81a55b6218459490a9c1dc841a34909185b81904c5337b4b27f7a6fd60c49e?s=96&d=mm&r=g","url":"https:\/\/secure.gravatar.com\/avatar\/fb81a55b6218459490a9c1dc841a34909185b81904c5337b4b27f7a6fd60c49e?s=96&d=mm&r=g","contentUrl":"https:\/\/secure.gravatar.com\/avatar\/fb81a55b6218459490a9c1dc841a34909185b81904c5337b4b27f7a6fd60c49e?s=96&d=mm&r=g","caption":"Lorenzo Verduzco"}}]}},"_links":{"self":[{"href":"https:\/\/interamerica.org\/es\/wp-json\/wp\/v2\/posts\/11610","targetHints":{"allow":["GET"]}}],"collection":[{"href":"https:\/\/interamerica.org\/es\/wp-json\/wp\/v2\/posts"}],"about":[{"href":"https:\/\/interamerica.org\/es\/wp-json\/wp\/v2\/types\/post"}],"author":[{"embeddable":true,"href":"https:\/\/interamerica.org\/es\/wp-json\/wp\/v2\/users\/1"}],"replies":[{"embeddable":true,"href":"https:\/\/interamerica.org\/es\/wp-json\/wp\/v2\/comments?post=11610"}],"version-history":[{"count":0,"href":"https:\/\/interamerica.org\/es\/wp-json\/wp\/v2\/posts\/11610\/revisions"}],"wp:attachment":[{"href":"https:\/\/interamerica.org\/es\/wp-json\/wp\/v2\/media?parent=11610"}],"wp:term":[{"taxonomy":"category","embeddable":true,"href":"https:\/\/interamerica.org\/es\/wp-json\/wp\/v2\/categories?post=11610"},{"taxonomy":"post_tag","embeddable":true,"href":"https:\/\/interamerica.org\/es\/wp-json\/wp\/v2\/tags?post=11610"}],"curies":[{"name":"wp","href":"https:\/\/api.w.org\/{rel}","templated":true}]}}