{"id":11612,"date":"2010-06-29T00:00:00","date_gmt":"2010-06-29T04:00:00","guid":{"rendered":"http:\/\/192.81.217.108\/interamerica\/2010\/06\/interamerica-indias-occidentales-y-puerto-rico-destacadas-en-la-exposicion-de-la-ag\/"},"modified":"2017-06-02T08:59:28","modified_gmt":"2017-06-02T12:59:28","slug":"interamerica-indias-occidentales-y-puerto-rico-destacadas-en-la-exposicion-de-la-ag","status":"publish","type":"post","link":"https:\/\/interamerica.org\/es\/2010\/06\/interamerica-indias-occidentales-y-puerto-rico-destacadas-en-la-exposicion-de-la-ag\/","title":{"rendered":"Interam\u00e9rica: Indias Occidentales y Puerto Rico destacadas en la exposici\u00f3n de la AG"},"content":{"rendered":"<p><em >29 de junio, 2010 -Atlanta, Georgia, Estados Unidos&#8230;<\/em > [Libna Stevens\/DIA] <\/p>\n<p>La multitud se aglomera para visitar la exhibici\u00f3n de la Divisi\u00f3n Interamericana en el Centro de Convecciones Mundial Georgia el d\u00eda 6 en Atlanta, Georgia.  Las personas hicieron fila para visitar los sitios y colectar peque\u00f1os regalos y recuerdos. <\/p>\n<p><strong >Uni\u00f3n de las Indias Occidentales  <\/strong ><\/p>\n<p>La Uni\u00f3n de las Indias Occidentales tiene m\u00e1s de 268,300 miembros de iglesia en su territorio, que incluye Jamaica, Las Bahamas, Islas Cayman y Turks y Caicos. <\/p>\n<p>Hace poco la Uni\u00f3n de las Indias Occidentales, que tiene su sede principal en Jamaica, fue reorganizada para convertirse en dos uniones, la Uni\u00f3n de Jamaica, que cubre Jamaica y la Uni\u00f3n Caribe\u00f1a del Atl\u00e1ntico, que es responsable por Las Bahamas, Islas Cayman y Turks y Caicos.  <\/p>\n<p>\u00abNosotros somos gente que tratamos bien a las personas\u00bb, dijo Nigel Coke, director de comunicaciones para la iglesia en Jamaica.  \u00abNuestra iglesia contin\u00faa creciendo r\u00e1pidamente, con personas que se unen a la iglesia diariamente\u00bb  Coke expres\u00f3 que un gran n\u00famero de ni\u00f1os y j\u00f3venes est\u00e1n entregando sus vidas a Cristo, lo cual continuar\u00e1 para asegurar un continuo crecimiento en la Uni\u00f3n. <\/p>\n<p>El pastor Leonardo Johnson, presidente de la Asociaci\u00f3n de las Bahamas, dijo que hay m\u00e1s de 17,000 miembros de iglesia a trav\u00e9s de toda la regi\u00f3n en Las Bahamas. <\/p>\n<p>De acuerdo a Johnson, la forma m\u00e1s efectiva para atraer gente a la iglesia en Las Bahamas, es a trav\u00e9s de lo que ellos llaman evangelismo de la amistad, donde los que no creen en lo que creemos son atra\u00eddos a la iglesia a trav\u00e9s de las relaciones con adventistas del s\u00e9ptimo d\u00eda, no por la doctrina. <\/p>\n<p><strong >Uni\u00f3n Puertorrique\u00f1a  <\/strong ><\/p>\n<p>Ubicada en el Caribe con una presencia adventista activa en la isla, la Uni\u00f3n Puertorrique\u00f1a hace alarde de unos 36,000 miembros de iglesia en m\u00e1s de 296 iglesias y congregaciones. <\/p>\n<p>\u00abTrabajamos duro en la propagaci\u00f3n del evangelio\u00bb, dijo el pastor Joel Almaguel, presidente para la iglesia en la Misi\u00f3n del Norte.  \u00abHemos sido realmente exitosos trabajando con las clases bajas y con programas que enfatizan la unidad familiar\u00bb, dijo \u00e9l. <\/p>\n<p>Cada a\u00f1o, durante los \u00faltimos a\u00f1os, la iglesia en Puerto Rico ha distribuido con \u00e9xito m\u00e1s de 300,000 revistas sobre la familia y la salud, y temas orientados a asuntos sociales tales como la violencia contra la mujer y los ni\u00f1os. <\/p>\n<p>Miles de l\u00edderes y miembros de iglesia han unido sus esfuerzos para alcanzar docenas de prisioneros en la isla, ofreciendo art\u00edculos de higiene personal, consejer\u00eda y el mensaje de esperanza. <\/p>\n<p>La iglesia en Puerto Rico tambi\u00e9n opera una universidad, un hospital, una cl\u00ednica y 24 escuelas a nivel de primaria y secundaria.  <\/p>\n<p>Para un reporte en video de las uniones Indias Occidentales y Puertorrique\u00f1a, visite <\/p>\n<p>http.\/\/<a  href=\"http:\/\/www.interamerica,org\/\">http:\/\/www.interamerica,org\/<\/a >\/users\/index.php <\/p>\n<\/p>\n<\/p>\n<\/p>\n<\/p>\n<\/p>\n<\/p><\/p>\n","protected":false},"excerpt":{"rendered":"<p>Multitud se aglomera para visitar la exhibici\u00f3n de la Divisi\u00f3n Interamricana en el Centro de Convecciones Mundial Georgia el d\u00eda 6 en Atlanta, Georgia.  Las personas hicieron fila para visitar los estantes y colectar peque\u00f1os<\/p>\n","protected":false},"author":1,"featured_media":0,"comment_status":"closed","ping_status":"closed","sticky":false,"template":"","format":"standard","meta":{"_acf_changed":false,"footnotes":""},"categories":[8],"tags":[],"class_list":["post-11612","post","type-post","status-publish","format-standard","hentry","category-archivo"],"acf":[],"yoast_head":"<!-- This site is optimized with the Yoast SEO plugin v27.3 - https:\/\/yoast.com\/product\/yoast-seo-wordpress\/ -->\n<title>Interam\u00e9rica: Indias Occidentales y Puerto Rico destacadas en la exposici\u00f3n de la AG - Iglesia Adventista del S\u00e9ptimo D\u00eda - Divisi\u00f3n Interamericana<\/title>\n<meta name=\"robots\" content=\"index, follow, max-snippet:-1, max-image-preview:large, max-video-preview:-1\" \/>\n<link rel=\"canonical\" href=\"https:\/\/interamerica.org\/es\/2010\/06\/interamerica-indias-occidentales-y-puerto-rico-destacadas-en-la-exposicion-de-la-ag\/\" \/>\n<meta property=\"og:locale\" content=\"es_ES\" \/>\n<meta property=\"og:type\" content=\"article\" \/>\n<meta property=\"og:title\" content=\"Interam\u00e9rica: Indias Occidentales y Puerto Rico destacadas en la exposici\u00f3n de la AG - Iglesia Adventista del S\u00e9ptimo D\u00eda - Divisi\u00f3n Interamericana\" \/>\n<meta property=\"og:description\" content=\"Multitud se aglomera para visitar la exhibici\u00f3n de la Divisi\u00f3n Interamricana en el Centro de Convecciones Mundial Georgia el d\u00eda 6 en Atlanta, Georgia. Las personas hicieron fila para visitar los estantes y colectar peque\u00f1os\" \/>\n<meta property=\"og:url\" content=\"https:\/\/interamerica.org\/es\/2010\/06\/interamerica-indias-occidentales-y-puerto-rico-destacadas-en-la-exposicion-de-la-ag\/\" \/>\n<meta property=\"og:site_name\" content=\"Iglesia Adventista del S\u00e9ptimo D\u00eda - Divisi\u00f3n Interamericana\" \/>\n<meta property=\"article:published_time\" content=\"2010-06-29T04:00:00+00:00\" \/>\n<meta property=\"article:modified_time\" content=\"2017-06-02T12:59:28+00:00\" \/>\n<meta name=\"author\" content=\"Lorenzo Verduzco\" \/>\n<meta name=\"twitter:card\" content=\"summary_large_image\" \/>\n<meta name=\"twitter:label1\" content=\"Escrito por\" \/>\n\t<meta name=\"twitter:data1\" content=\"Lorenzo Verduzco\" \/>\n\t<meta name=\"twitter:label2\" content=\"Tiempo de lectura\" \/>\n\t<meta name=\"twitter:data2\" content=\"2 minutos\" \/>\n<script type=\"application\/ld+json\" class=\"yoast-schema-graph\">{\"@context\":\"https:\\\/\\\/schema.org\",\"@graph\":[{\"@type\":\"Article\",\"@id\":\"https:\\\/\\\/interamerica.org\\\/es\\\/2010\\\/06\\\/interamerica-indias-occidentales-y-puerto-rico-destacadas-en-la-exposicion-de-la-ag\\\/#article\",\"isPartOf\":{\"@id\":\"https:\\\/\\\/interamerica.org\\\/es\\\/2010\\\/06\\\/interamerica-indias-occidentales-y-puerto-rico-destacadas-en-la-exposicion-de-la-ag\\\/\"},\"author\":{\"name\":\"Lorenzo Verduzco\",\"@id\":\"https:\\\/\\\/interamerica.org\\\/es\\\/#\\\/schema\\\/person\\\/68ede8bdc292885bb76c1e3810e73c39\"},\"headline\":\"Interam\u00e9rica: Indias Occidentales y Puerto Rico destacadas en la exposici\u00f3n de la AG\",\"datePublished\":\"2010-06-29T04:00:00+00:00\",\"dateModified\":\"2017-06-02T12:59:28+00:00\",\"mainEntityOfPage\":{\"@id\":\"https:\\\/\\\/interamerica.org\\\/es\\\/2010\\\/06\\\/interamerica-indias-occidentales-y-puerto-rico-destacadas-en-la-exposicion-de-la-ag\\\/\"},\"wordCount\":514,\"articleSection\":[\"Archivo\"],\"inLanguage\":\"es\"},{\"@type\":\"WebPage\",\"@id\":\"https:\\\/\\\/interamerica.org\\\/es\\\/2010\\\/06\\\/interamerica-indias-occidentales-y-puerto-rico-destacadas-en-la-exposicion-de-la-ag\\\/\",\"url\":\"https:\\\/\\\/interamerica.org\\\/es\\\/2010\\\/06\\\/interamerica-indias-occidentales-y-puerto-rico-destacadas-en-la-exposicion-de-la-ag\\\/\",\"name\":\"Interam\u00e9rica: Indias Occidentales y Puerto Rico destacadas en la exposici\u00f3n de la AG - Iglesia Adventista del S\u00e9ptimo D\u00eda - Divisi\u00f3n Interamericana\",\"isPartOf\":{\"@id\":\"https:\\\/\\\/interamerica.org\\\/es\\\/#website\"},\"datePublished\":\"2010-06-29T04:00:00+00:00\",\"dateModified\":\"2017-06-02T12:59:28+00:00\",\"author\":{\"@id\":\"https:\\\/\\\/interamerica.org\\\/es\\\/#\\\/schema\\\/person\\\/68ede8bdc292885bb76c1e3810e73c39\"},\"breadcrumb\":{\"@id\":\"https:\\\/\\\/interamerica.org\\\/es\\\/2010\\\/06\\\/interamerica-indias-occidentales-y-puerto-rico-destacadas-en-la-exposicion-de-la-ag\\\/#breadcrumb\"},\"inLanguage\":\"es\",\"potentialAction\":[{\"@type\":\"ReadAction\",\"target\":[\"https:\\\/\\\/interamerica.org\\\/es\\\/2010\\\/06\\\/interamerica-indias-occidentales-y-puerto-rico-destacadas-en-la-exposicion-de-la-ag\\\/\"]}]},{\"@type\":\"BreadcrumbList\",\"@id\":\"https:\\\/\\\/interamerica.org\\\/es\\\/2010\\\/06\\\/interamerica-indias-occidentales-y-puerto-rico-destacadas-en-la-exposicion-de-la-ag\\\/#breadcrumb\",\"itemListElement\":[{\"@type\":\"ListItem\",\"position\":1,\"name\":\"Home\",\"item\":\"https:\\\/\\\/interamerica.org\\\/es\\\/\"},{\"@type\":\"ListItem\",\"position\":2,\"name\":\"Interam\u00e9rica: Indias Occidentales y Puerto Rico destacadas en la exposici\u00f3n de la AG\"}]},{\"@type\":\"WebSite\",\"@id\":\"https:\\\/\\\/interamerica.org\\\/es\\\/#website\",\"url\":\"https:\\\/\\\/interamerica.org\\\/es\\\/\",\"name\":\"Iglesia Adventista del S\u00e9ptimo D\u00eda - Divisi\u00f3n Interamericana\",\"description\":\"\",\"potentialAction\":[{\"@type\":\"SearchAction\",\"target\":{\"@type\":\"EntryPoint\",\"urlTemplate\":\"https:\\\/\\\/interamerica.org\\\/es\\\/?s={search_term_string}\"},\"query-input\":{\"@type\":\"PropertyValueSpecification\",\"valueRequired\":true,\"valueName\":\"search_term_string\"}}],\"inLanguage\":\"es\"},{\"@type\":\"Person\",\"@id\":\"https:\\\/\\\/interamerica.org\\\/es\\\/#\\\/schema\\\/person\\\/68ede8bdc292885bb76c1e3810e73c39\",\"name\":\"Lorenzo Verduzco\",\"image\":{\"@type\":\"ImageObject\",\"inLanguage\":\"es\",\"@id\":\"https:\\\/\\\/secure.gravatar.com\\\/avatar\\\/fb81a55b6218459490a9c1dc841a34909185b81904c5337b4b27f7a6fd60c49e?s=96&d=mm&r=g\",\"url\":\"https:\\\/\\\/secure.gravatar.com\\\/avatar\\\/fb81a55b6218459490a9c1dc841a34909185b81904c5337b4b27f7a6fd60c49e?s=96&d=mm&r=g\",\"contentUrl\":\"https:\\\/\\\/secure.gravatar.com\\\/avatar\\\/fb81a55b6218459490a9c1dc841a34909185b81904c5337b4b27f7a6fd60c49e?s=96&d=mm&r=g\",\"caption\":\"Lorenzo Verduzco\"}}]}<\/script>\n<!-- \/ Yoast SEO plugin. -->","yoast_head_json":{"title":"Interam\u00e9rica: Indias Occidentales y Puerto Rico destacadas en la exposici\u00f3n de la AG - Iglesia Adventista del S\u00e9ptimo D\u00eda - Divisi\u00f3n Interamericana","robots":{"index":"index","follow":"follow","max-snippet":"max-snippet:-1","max-image-preview":"max-image-preview:large","max-video-preview":"max-video-preview:-1"},"canonical":"https:\/\/interamerica.org\/es\/2010\/06\/interamerica-indias-occidentales-y-puerto-rico-destacadas-en-la-exposicion-de-la-ag\/","og_locale":"es_ES","og_type":"article","og_title":"Interam\u00e9rica: Indias Occidentales y Puerto Rico destacadas en la exposici\u00f3n de la AG - Iglesia Adventista del S\u00e9ptimo D\u00eda - Divisi\u00f3n Interamericana","og_description":"Multitud se aglomera para visitar la exhibici\u00f3n de la Divisi\u00f3n Interamricana en el Centro de Convecciones Mundial Georgia el d\u00eda 6 en Atlanta, Georgia. Las personas hicieron fila para visitar los estantes y colectar peque\u00f1os","og_url":"https:\/\/interamerica.org\/es\/2010\/06\/interamerica-indias-occidentales-y-puerto-rico-destacadas-en-la-exposicion-de-la-ag\/","og_site_name":"Iglesia Adventista del S\u00e9ptimo D\u00eda - Divisi\u00f3n Interamericana","article_published_time":"2010-06-29T04:00:00+00:00","article_modified_time":"2017-06-02T12:59:28+00:00","author":"Lorenzo Verduzco","twitter_card":"summary_large_image","twitter_misc":{"Escrito por":"Lorenzo Verduzco","Tiempo de lectura":"2 minutos"},"schema":{"@context":"https:\/\/schema.org","@graph":[{"@type":"Article","@id":"https:\/\/interamerica.org\/es\/2010\/06\/interamerica-indias-occidentales-y-puerto-rico-destacadas-en-la-exposicion-de-la-ag\/#article","isPartOf":{"@id":"https:\/\/interamerica.org\/es\/2010\/06\/interamerica-indias-occidentales-y-puerto-rico-destacadas-en-la-exposicion-de-la-ag\/"},"author":{"name":"Lorenzo Verduzco","@id":"https:\/\/interamerica.org\/es\/#\/schema\/person\/68ede8bdc292885bb76c1e3810e73c39"},"headline":"Interam\u00e9rica: Indias Occidentales y Puerto Rico destacadas en la exposici\u00f3n de la AG","datePublished":"2010-06-29T04:00:00+00:00","dateModified":"2017-06-02T12:59:28+00:00","mainEntityOfPage":{"@id":"https:\/\/interamerica.org\/es\/2010\/06\/interamerica-indias-occidentales-y-puerto-rico-destacadas-en-la-exposicion-de-la-ag\/"},"wordCount":514,"articleSection":["Archivo"],"inLanguage":"es"},{"@type":"WebPage","@id":"https:\/\/interamerica.org\/es\/2010\/06\/interamerica-indias-occidentales-y-puerto-rico-destacadas-en-la-exposicion-de-la-ag\/","url":"https:\/\/interamerica.org\/es\/2010\/06\/interamerica-indias-occidentales-y-puerto-rico-destacadas-en-la-exposicion-de-la-ag\/","name":"Interam\u00e9rica: Indias Occidentales y Puerto Rico destacadas en la exposici\u00f3n de la AG - Iglesia Adventista del S\u00e9ptimo D\u00eda - Divisi\u00f3n Interamericana","isPartOf":{"@id":"https:\/\/interamerica.org\/es\/#website"},"datePublished":"2010-06-29T04:00:00+00:00","dateModified":"2017-06-02T12:59:28+00:00","author":{"@id":"https:\/\/interamerica.org\/es\/#\/schema\/person\/68ede8bdc292885bb76c1e3810e73c39"},"breadcrumb":{"@id":"https:\/\/interamerica.org\/es\/2010\/06\/interamerica-indias-occidentales-y-puerto-rico-destacadas-en-la-exposicion-de-la-ag\/#breadcrumb"},"inLanguage":"es","potentialAction":[{"@type":"ReadAction","target":["https:\/\/interamerica.org\/es\/2010\/06\/interamerica-indias-occidentales-y-puerto-rico-destacadas-en-la-exposicion-de-la-ag\/"]}]},{"@type":"BreadcrumbList","@id":"https:\/\/interamerica.org\/es\/2010\/06\/interamerica-indias-occidentales-y-puerto-rico-destacadas-en-la-exposicion-de-la-ag\/#breadcrumb","itemListElement":[{"@type":"ListItem","position":1,"name":"Home","item":"https:\/\/interamerica.org\/es\/"},{"@type":"ListItem","position":2,"name":"Interam\u00e9rica: Indias Occidentales y Puerto Rico destacadas en la exposici\u00f3n de la AG"}]},{"@type":"WebSite","@id":"https:\/\/interamerica.org\/es\/#website","url":"https:\/\/interamerica.org\/es\/","name":"Iglesia Adventista del S\u00e9ptimo D\u00eda - Divisi\u00f3n Interamericana","description":"","potentialAction":[{"@type":"SearchAction","target":{"@type":"EntryPoint","urlTemplate":"https:\/\/interamerica.org\/es\/?s={search_term_string}"},"query-input":{"@type":"PropertyValueSpecification","valueRequired":true,"valueName":"search_term_string"}}],"inLanguage":"es"},{"@type":"Person","@id":"https:\/\/interamerica.org\/es\/#\/schema\/person\/68ede8bdc292885bb76c1e3810e73c39","name":"Lorenzo Verduzco","image":{"@type":"ImageObject","inLanguage":"es","@id":"https:\/\/secure.gravatar.com\/avatar\/fb81a55b6218459490a9c1dc841a34909185b81904c5337b4b27f7a6fd60c49e?s=96&d=mm&r=g","url":"https:\/\/secure.gravatar.com\/avatar\/fb81a55b6218459490a9c1dc841a34909185b81904c5337b4b27f7a6fd60c49e?s=96&d=mm&r=g","contentUrl":"https:\/\/secure.gravatar.com\/avatar\/fb81a55b6218459490a9c1dc841a34909185b81904c5337b4b27f7a6fd60c49e?s=96&d=mm&r=g","caption":"Lorenzo Verduzco"}}]}},"_links":{"self":[{"href":"https:\/\/interamerica.org\/es\/wp-json\/wp\/v2\/posts\/11612","targetHints":{"allow":["GET"]}}],"collection":[{"href":"https:\/\/interamerica.org\/es\/wp-json\/wp\/v2\/posts"}],"about":[{"href":"https:\/\/interamerica.org\/es\/wp-json\/wp\/v2\/types\/post"}],"author":[{"embeddable":true,"href":"https:\/\/interamerica.org\/es\/wp-json\/wp\/v2\/users\/1"}],"replies":[{"embeddable":true,"href":"https:\/\/interamerica.org\/es\/wp-json\/wp\/v2\/comments?post=11612"}],"version-history":[{"count":0,"href":"https:\/\/interamerica.org\/es\/wp-json\/wp\/v2\/posts\/11612\/revisions"}],"wp:attachment":[{"href":"https:\/\/interamerica.org\/es\/wp-json\/wp\/v2\/media?parent=11612"}],"wp:term":[{"taxonomy":"category","embeddable":true,"href":"https:\/\/interamerica.org\/es\/wp-json\/wp\/v2\/categories?post=11612"},{"taxonomy":"post_tag","embeddable":true,"href":"https:\/\/interamerica.org\/es\/wp-json\/wp\/v2\/tags?post=11612"}],"curies":[{"name":"wp","href":"https:\/\/api.w.org\/{rel}","templated":true}]}}