{"id":11613,"date":"2010-07-01T00:00:00","date_gmt":"2010-07-01T04:00:00","guid":{"rendered":"http:\/\/192.81.217.108\/interamerica\/2010\/07\/el-comite-de-nominaciones-se-enfoca-en-los-directores-asociados\/"},"modified":"2017-06-02T08:59:19","modified_gmt":"2017-06-02T12:59:19","slug":"el-comite-de-nominaciones-se-enfoca-en-los-directores-asociados","status":"publish","type":"post","link":"https:\/\/interamerica.org\/es\/2010\/07\/el-comite-de-nominaciones-se-enfoca-en-los-directores-asociados\/","title":{"rendered":"El Comit\u00e9 de Nominaciones se enfoca en los directores asociados"},"content":{"rendered":"<p><em >Atlanta, Georgia, Estados Unidos<\/em >, 30 de junio de 2010 &#8230;Stephen Chavez, Revista Adventista <\/p>\n<\/p>\n<p>Robert Kyte, director del Comit\u00e9 de Nominaciones, e Ismael Castillo, secretario asociado, aparecieron ante los delegados del congreso en la tarde del mi\u00e9rcoles 30 de julio para presentar lo que Kyte llam\u00f3 \u00abdos informes\u00bb. <\/p>\n<p>\u00abAyer, uno de los informes que presentamos fue referido de regreso al comit\u00e9\u00bb, dijo Kyte en su declaraci\u00f3n introductoria. \u00abEl comit\u00e9 se reuni\u00f3 hoy con la persona que solicit\u00f3 que el informe fuese enviado de vuelta al comit\u00e9. El asunto fue considerado por el Comit\u00e9 de Nominaciones con cuidado y oraci\u00f3n, y vamos a volver a presentar el informe hoy en su totalidad\u00bb. <\/p>\n<p>Castillo recomend\u00f3 entonces los siguientes nombres como directores asociados de sus respectivos departamentos de la Asociaci\u00f3n General: <\/p>\n<p>Suastin Mfune, Ministerio Infantil; Mario Ceballos, Servicios de Capellan\u00eda Adventista; Raquel Arrias, Ministerios de la Mujer; Gary Swanson, Escuela Sab\u00e1tica y Ministerio Personal; Kathleen Kuntaraf, Peter Landless, y Fred Hardinge, Ministerios de la Salud; Wilmar Hirle, Ministerio de Publicaciones; Barry Bussey y James Standish, Asuntos P\u00fablicos y Libertad Religiosa. <\/p>\n<p>Las nominaciones fueron aprobadas con una mayor\u00eda visible.<br  \/>Los delegados aprobaron luego las siguientes nominaciones:<br  \/>Myron Iseminger, tesorero de la Asociaci\u00f3n de Upper Columbia en Norteam\u00e9rica, fue elegido como un subsecretario de la Asociaci\u00f3n General. <\/p>\n<p>Gilbert Cangy fue elegido director del departamento de j\u00f3venes. El sirvi\u00f3 anteriormente en Ministerio Juvenil en la Divisi\u00f3n del Pac\u00edfico Sur. <\/p>\n<p>Charles Simpson y Wilfredo Sumagaysay, ambos incumbentes, fueron regresados como directores asociados de Servicios de Fideicomiso.<br  \/><\/p>\n<p>Luis Schulz fue regresado como director asociado del Departamento de Educaci\u00f3n de la Asociaci\u00f3n General. Y otros aprobados como directores asociados en ese departamento fueron: Michael M. Lekic, antiguo director de educaci\u00f3n de la Divisi\u00f3n de Asia Pac\u00edfico Sur; John Wesley Taylor V, quien anteriormente sirvi\u00f3 en Southern Adventist University en norteam\u00e9rica; y Hudson Kibuuka, antiguo director de educaci\u00f3n de la Divisi\u00f3n del Centro y el Oriente de Africa. <\/p>\n<p>Mario Ni\u00f1o, director de mayordom\u00eda de la Divisi\u00f3n Interamericana, fue elegido como director asociado del departamento de Mayordom\u00eda. <\/p>\n","protected":false},"excerpt":{"rendered":"<p>Robert Kyte, director del Comit\u00e9 de Nominaciones, e Ismael Castillo, secretario asociado, aparecieron ante los delegados del congreso en la tarde del mi\u00e9rcoles 30 de julio para presentar lo que Kyte llam\u00f3 \u00abdos informes\u00bb.<\/p>\n","protected":false},"author":1,"featured_media":0,"comment_status":"closed","ping_status":"closed","sticky":false,"template":"","format":"standard","meta":{"_acf_changed":false,"footnotes":""},"categories":[8],"tags":[],"class_list":["post-11613","post","type-post","status-publish","format-standard","hentry","category-archivo"],"acf":[],"yoast_head":"<!-- This site is optimized with the Yoast SEO plugin v27.3 - https:\/\/yoast.com\/product\/yoast-seo-wordpress\/ -->\n<title>El Comit\u00e9 de Nominaciones se enfoca en los directores asociados - Iglesia Adventista del S\u00e9ptimo D\u00eda - Divisi\u00f3n Interamericana<\/title>\n<meta name=\"robots\" content=\"index, follow, max-snippet:-1, max-image-preview:large, max-video-preview:-1\" \/>\n<link rel=\"canonical\" href=\"https:\/\/interamerica.org\/es\/2010\/07\/el-comite-de-nominaciones-se-enfoca-en-los-directores-asociados\/\" \/>\n<meta property=\"og:locale\" content=\"es_ES\" \/>\n<meta property=\"og:type\" content=\"article\" \/>\n<meta property=\"og:title\" content=\"El Comit\u00e9 de Nominaciones se enfoca en los directores asociados - Iglesia Adventista del S\u00e9ptimo D\u00eda - Divisi\u00f3n Interamericana\" \/>\n<meta property=\"og:description\" content=\"Robert Kyte, director del Comit\u00e9 de Nominaciones, e Ismael Castillo, secretario asociado, aparecieron ante los delegados del congreso en la tarde del mi\u00e9rcoles 30 de julio para presentar lo que Kyte llam\u00f3 &quot;dos informes&quot;.\" \/>\n<meta property=\"og:url\" content=\"https:\/\/interamerica.org\/es\/2010\/07\/el-comite-de-nominaciones-se-enfoca-en-los-directores-asociados\/\" \/>\n<meta property=\"og:site_name\" content=\"Iglesia Adventista del S\u00e9ptimo D\u00eda - Divisi\u00f3n Interamericana\" \/>\n<meta property=\"article:published_time\" content=\"2010-07-01T04:00:00+00:00\" \/>\n<meta property=\"article:modified_time\" content=\"2017-06-02T12:59:19+00:00\" \/>\n<meta name=\"author\" content=\"Lorenzo Verduzco\" \/>\n<meta name=\"twitter:card\" content=\"summary_large_image\" \/>\n<meta name=\"twitter:label1\" content=\"Escrito por\" \/>\n\t<meta name=\"twitter:data1\" content=\"Lorenzo Verduzco\" \/>\n\t<meta name=\"twitter:label2\" content=\"Tiempo de lectura\" \/>\n\t<meta name=\"twitter:data2\" content=\"2 minutos\" \/>\n<script type=\"application\/ld+json\" class=\"yoast-schema-graph\">{\"@context\":\"https:\\\/\\\/schema.org\",\"@graph\":[{\"@type\":\"Article\",\"@id\":\"https:\\\/\\\/interamerica.org\\\/es\\\/2010\\\/07\\\/el-comite-de-nominaciones-se-enfoca-en-los-directores-asociados\\\/#article\",\"isPartOf\":{\"@id\":\"https:\\\/\\\/interamerica.org\\\/es\\\/2010\\\/07\\\/el-comite-de-nominaciones-se-enfoca-en-los-directores-asociados\\\/\"},\"author\":{\"name\":\"Lorenzo Verduzco\",\"@id\":\"https:\\\/\\\/interamerica.org\\\/es\\\/#\\\/schema\\\/person\\\/68ede8bdc292885bb76c1e3810e73c39\"},\"headline\":\"El Comit\u00e9 de Nominaciones se enfoca en los directores asociados\",\"datePublished\":\"2010-07-01T04:00:00+00:00\",\"dateModified\":\"2017-06-02T12:59:19+00:00\",\"mainEntityOfPage\":{\"@id\":\"https:\\\/\\\/interamerica.org\\\/es\\\/2010\\\/07\\\/el-comite-de-nominaciones-se-enfoca-en-los-directores-asociados\\\/\"},\"wordCount\":368,\"articleSection\":[\"Archivo\"],\"inLanguage\":\"es\"},{\"@type\":\"WebPage\",\"@id\":\"https:\\\/\\\/interamerica.org\\\/es\\\/2010\\\/07\\\/el-comite-de-nominaciones-se-enfoca-en-los-directores-asociados\\\/\",\"url\":\"https:\\\/\\\/interamerica.org\\\/es\\\/2010\\\/07\\\/el-comite-de-nominaciones-se-enfoca-en-los-directores-asociados\\\/\",\"name\":\"El Comit\u00e9 de Nominaciones se enfoca en los directores asociados - Iglesia Adventista del S\u00e9ptimo D\u00eda - Divisi\u00f3n Interamericana\",\"isPartOf\":{\"@id\":\"https:\\\/\\\/interamerica.org\\\/es\\\/#website\"},\"datePublished\":\"2010-07-01T04:00:00+00:00\",\"dateModified\":\"2017-06-02T12:59:19+00:00\",\"author\":{\"@id\":\"https:\\\/\\\/interamerica.org\\\/es\\\/#\\\/schema\\\/person\\\/68ede8bdc292885bb76c1e3810e73c39\"},\"breadcrumb\":{\"@id\":\"https:\\\/\\\/interamerica.org\\\/es\\\/2010\\\/07\\\/el-comite-de-nominaciones-se-enfoca-en-los-directores-asociados\\\/#breadcrumb\"},\"inLanguage\":\"es\",\"potentialAction\":[{\"@type\":\"ReadAction\",\"target\":[\"https:\\\/\\\/interamerica.org\\\/es\\\/2010\\\/07\\\/el-comite-de-nominaciones-se-enfoca-en-los-directores-asociados\\\/\"]}]},{\"@type\":\"BreadcrumbList\",\"@id\":\"https:\\\/\\\/interamerica.org\\\/es\\\/2010\\\/07\\\/el-comite-de-nominaciones-se-enfoca-en-los-directores-asociados\\\/#breadcrumb\",\"itemListElement\":[{\"@type\":\"ListItem\",\"position\":1,\"name\":\"Home\",\"item\":\"https:\\\/\\\/interamerica.org\\\/es\\\/\"},{\"@type\":\"ListItem\",\"position\":2,\"name\":\"El Comit\u00e9 de Nominaciones se enfoca en los directores asociados\"}]},{\"@type\":\"WebSite\",\"@id\":\"https:\\\/\\\/interamerica.org\\\/es\\\/#website\",\"url\":\"https:\\\/\\\/interamerica.org\\\/es\\\/\",\"name\":\"Iglesia Adventista del S\u00e9ptimo D\u00eda - Divisi\u00f3n Interamericana\",\"description\":\"\",\"potentialAction\":[{\"@type\":\"SearchAction\",\"target\":{\"@type\":\"EntryPoint\",\"urlTemplate\":\"https:\\\/\\\/interamerica.org\\\/es\\\/?s={search_term_string}\"},\"query-input\":{\"@type\":\"PropertyValueSpecification\",\"valueRequired\":true,\"valueName\":\"search_term_string\"}}],\"inLanguage\":\"es\"},{\"@type\":\"Person\",\"@id\":\"https:\\\/\\\/interamerica.org\\\/es\\\/#\\\/schema\\\/person\\\/68ede8bdc292885bb76c1e3810e73c39\",\"name\":\"Lorenzo Verduzco\",\"image\":{\"@type\":\"ImageObject\",\"inLanguage\":\"es\",\"@id\":\"https:\\\/\\\/secure.gravatar.com\\\/avatar\\\/fb81a55b6218459490a9c1dc841a34909185b81904c5337b4b27f7a6fd60c49e?s=96&d=mm&r=g\",\"url\":\"https:\\\/\\\/secure.gravatar.com\\\/avatar\\\/fb81a55b6218459490a9c1dc841a34909185b81904c5337b4b27f7a6fd60c49e?s=96&d=mm&r=g\",\"contentUrl\":\"https:\\\/\\\/secure.gravatar.com\\\/avatar\\\/fb81a55b6218459490a9c1dc841a34909185b81904c5337b4b27f7a6fd60c49e?s=96&d=mm&r=g\",\"caption\":\"Lorenzo Verduzco\"}}]}<\/script>\n<!-- \/ Yoast SEO plugin. -->","yoast_head_json":{"title":"El Comit\u00e9 de Nominaciones se enfoca en los directores asociados - Iglesia Adventista del S\u00e9ptimo D\u00eda - Divisi\u00f3n Interamericana","robots":{"index":"index","follow":"follow","max-snippet":"max-snippet:-1","max-image-preview":"max-image-preview:large","max-video-preview":"max-video-preview:-1"},"canonical":"https:\/\/interamerica.org\/es\/2010\/07\/el-comite-de-nominaciones-se-enfoca-en-los-directores-asociados\/","og_locale":"es_ES","og_type":"article","og_title":"El Comit\u00e9 de Nominaciones se enfoca en los directores asociados - Iglesia Adventista del S\u00e9ptimo D\u00eda - Divisi\u00f3n Interamericana","og_description":"Robert Kyte, director del Comit\u00e9 de Nominaciones, e Ismael Castillo, secretario asociado, aparecieron ante los delegados del congreso en la tarde del mi\u00e9rcoles 30 de julio para presentar lo que Kyte llam\u00f3 \"dos informes\".","og_url":"https:\/\/interamerica.org\/es\/2010\/07\/el-comite-de-nominaciones-se-enfoca-en-los-directores-asociados\/","og_site_name":"Iglesia Adventista del S\u00e9ptimo D\u00eda - Divisi\u00f3n Interamericana","article_published_time":"2010-07-01T04:00:00+00:00","article_modified_time":"2017-06-02T12:59:19+00:00","author":"Lorenzo Verduzco","twitter_card":"summary_large_image","twitter_misc":{"Escrito por":"Lorenzo Verduzco","Tiempo de lectura":"2 minutos"},"schema":{"@context":"https:\/\/schema.org","@graph":[{"@type":"Article","@id":"https:\/\/interamerica.org\/es\/2010\/07\/el-comite-de-nominaciones-se-enfoca-en-los-directores-asociados\/#article","isPartOf":{"@id":"https:\/\/interamerica.org\/es\/2010\/07\/el-comite-de-nominaciones-se-enfoca-en-los-directores-asociados\/"},"author":{"name":"Lorenzo Verduzco","@id":"https:\/\/interamerica.org\/es\/#\/schema\/person\/68ede8bdc292885bb76c1e3810e73c39"},"headline":"El Comit\u00e9 de Nominaciones se enfoca en los directores asociados","datePublished":"2010-07-01T04:00:00+00:00","dateModified":"2017-06-02T12:59:19+00:00","mainEntityOfPage":{"@id":"https:\/\/interamerica.org\/es\/2010\/07\/el-comite-de-nominaciones-se-enfoca-en-los-directores-asociados\/"},"wordCount":368,"articleSection":["Archivo"],"inLanguage":"es"},{"@type":"WebPage","@id":"https:\/\/interamerica.org\/es\/2010\/07\/el-comite-de-nominaciones-se-enfoca-en-los-directores-asociados\/","url":"https:\/\/interamerica.org\/es\/2010\/07\/el-comite-de-nominaciones-se-enfoca-en-los-directores-asociados\/","name":"El Comit\u00e9 de Nominaciones se enfoca en los directores asociados - Iglesia Adventista del S\u00e9ptimo D\u00eda - Divisi\u00f3n Interamericana","isPartOf":{"@id":"https:\/\/interamerica.org\/es\/#website"},"datePublished":"2010-07-01T04:00:00+00:00","dateModified":"2017-06-02T12:59:19+00:00","author":{"@id":"https:\/\/interamerica.org\/es\/#\/schema\/person\/68ede8bdc292885bb76c1e3810e73c39"},"breadcrumb":{"@id":"https:\/\/interamerica.org\/es\/2010\/07\/el-comite-de-nominaciones-se-enfoca-en-los-directores-asociados\/#breadcrumb"},"inLanguage":"es","potentialAction":[{"@type":"ReadAction","target":["https:\/\/interamerica.org\/es\/2010\/07\/el-comite-de-nominaciones-se-enfoca-en-los-directores-asociados\/"]}]},{"@type":"BreadcrumbList","@id":"https:\/\/interamerica.org\/es\/2010\/07\/el-comite-de-nominaciones-se-enfoca-en-los-directores-asociados\/#breadcrumb","itemListElement":[{"@type":"ListItem","position":1,"name":"Home","item":"https:\/\/interamerica.org\/es\/"},{"@type":"ListItem","position":2,"name":"El Comit\u00e9 de Nominaciones se enfoca en los directores asociados"}]},{"@type":"WebSite","@id":"https:\/\/interamerica.org\/es\/#website","url":"https:\/\/interamerica.org\/es\/","name":"Iglesia Adventista del S\u00e9ptimo D\u00eda - Divisi\u00f3n Interamericana","description":"","potentialAction":[{"@type":"SearchAction","target":{"@type":"EntryPoint","urlTemplate":"https:\/\/interamerica.org\/es\/?s={search_term_string}"},"query-input":{"@type":"PropertyValueSpecification","valueRequired":true,"valueName":"search_term_string"}}],"inLanguage":"es"},{"@type":"Person","@id":"https:\/\/interamerica.org\/es\/#\/schema\/person\/68ede8bdc292885bb76c1e3810e73c39","name":"Lorenzo Verduzco","image":{"@type":"ImageObject","inLanguage":"es","@id":"https:\/\/secure.gravatar.com\/avatar\/fb81a55b6218459490a9c1dc841a34909185b81904c5337b4b27f7a6fd60c49e?s=96&d=mm&r=g","url":"https:\/\/secure.gravatar.com\/avatar\/fb81a55b6218459490a9c1dc841a34909185b81904c5337b4b27f7a6fd60c49e?s=96&d=mm&r=g","contentUrl":"https:\/\/secure.gravatar.com\/avatar\/fb81a55b6218459490a9c1dc841a34909185b81904c5337b4b27f7a6fd60c49e?s=96&d=mm&r=g","caption":"Lorenzo Verduzco"}}]}},"_links":{"self":[{"href":"https:\/\/interamerica.org\/es\/wp-json\/wp\/v2\/posts\/11613","targetHints":{"allow":["GET"]}}],"collection":[{"href":"https:\/\/interamerica.org\/es\/wp-json\/wp\/v2\/posts"}],"about":[{"href":"https:\/\/interamerica.org\/es\/wp-json\/wp\/v2\/types\/post"}],"author":[{"embeddable":true,"href":"https:\/\/interamerica.org\/es\/wp-json\/wp\/v2\/users\/1"}],"replies":[{"embeddable":true,"href":"https:\/\/interamerica.org\/es\/wp-json\/wp\/v2\/comments?post=11613"}],"version-history":[{"count":0,"href":"https:\/\/interamerica.org\/es\/wp-json\/wp\/v2\/posts\/11613\/revisions"}],"wp:attachment":[{"href":"https:\/\/interamerica.org\/es\/wp-json\/wp\/v2\/media?parent=11613"}],"wp:term":[{"taxonomy":"category","embeddable":true,"href":"https:\/\/interamerica.org\/es\/wp-json\/wp\/v2\/categories?post=11613"},{"taxonomy":"post_tag","embeddable":true,"href":"https:\/\/interamerica.org\/es\/wp-json\/wp\/v2\/tags?post=11613"}],"curies":[{"name":"wp","href":"https:\/\/api.w.org\/{rel}","templated":true}]}}