{"id":11614,"date":"2010-07-01T00:00:00","date_gmt":"2010-07-01T04:00:00","guid":{"rendered":"http:\/\/192.81.217.108\/interamerica\/2010\/07\/la-transicion-rapida-de-un-nuevo-presidente-de-la-iglesia\/"},"modified":"2017-06-02T08:59:20","modified_gmt":"2017-06-02T12:59:20","slug":"la-transicion-rapida-de-un-nuevo-presidente-de-la-iglesia","status":"publish","type":"post","link":"https:\/\/interamerica.org\/es\/2010\/07\/la-transicion-rapida-de-un-nuevo-presidente-de-la-iglesia\/","title":{"rendered":"La transici\u00f3n r\u00e1pida de un nuevo presidente de la iglesia"},"content":{"rendered":"<p>Atlanta, Georgia, Estados Unidos, 1 de julio de 2010&#8230;Edwin Manuel Garcia\/ANN <\/p>\n<p>Barack Obama, presidente de los Estados Unidos, disfrut\u00f3 un per\u00edodo de transici\u00f3n de 77 d\u00edas desde la elecci\u00f3n hasta la inauguraci\u00f3n. <\/p>\n<p>Heather J. Knight, rectora de Pacific Union College, tuvo 81 d\u00edas para prepararse para su nuevo trabajo. <\/p>\n<p>Pero cuando Ted N. C. Wilson fue elegido como l\u00edder de la Iglesia Adventista del S\u00e9ptimo D\u00eda con sus 16,3 millones de miembros el viernes pasado, tuvo menos de dos horas para dejar su antiguo trabajo y posicionarse en el nuevo durante el congreso n\u00famero 59 de la Asociaci\u00f3n General en Atlanta. <\/p>\n<p>El corto per\u00edodo puede parecer incre\u00edblemente peque\u00f1o para un trabajo con una responsabilidad tan significativa, pero tambi\u00e9n forma parte de una pr\u00e1ctica bien establecida en cada congreso de la Asociaci\u00f3n General, y los oficiales de la iglesia conf\u00edan en que el proceso s\u00ed funciona. <\/p>\n<p>Los presidentes no son los \u00fanicos que pasan por una transici\u00f3n r\u00e1pida. Docenas de l\u00edderes de la iglesia elegidos durante el congreso de 10 d\u00edas desde el 23 de junio hasta al 3 de julio inician sus nuevos trabajos &#8211;o contin\u00faan en sus posiciones, en el caso de los incumbentes&#8211; inmediatamente despu\u00e9s de un voto de parte de los delegados. <\/p>\n<p>Pero en ninguna responsabilidad la transici\u00f3n es tan r\u00e1pida como en la presidencia, donde la vida del l\u00edder reci\u00e9n elegido  cambia dram\u00e1ticamente en cuesti\u00f3n de minutos. <\/p>\n<p>Instant\u00e1neamente, se le asigna un equipo de seguridad que lo lleva de un lugar a otro, algunas veces a trav\u00e9s de pasajes secretos para evitar las multitudes. De un momento a otro esa persona es el l\u00edder m\u00e1ximo en la reuni\u00f3n de planeaci\u00f3n temprano en la ma\u00f1ana, una reuni\u00f3n en la cual el d\u00eda anterior \u00e9l era simplemente un participante. Tiene la oportunidad de ejercer influencia sobre el Comit\u00e9 de Nominaciones, que selecciona los l\u00edderes que trabajar\u00e1n con \u00e9l durante los pr\u00f3ximos cinco a\u00f1os. <\/p>\n<p>Oh, y si hay tiempo, el encargado de su horario programa tantas citas como sean posible con el antiguo presidente Jan Paulsen a fin de ayudar a facilitar la transici\u00f3n durante la primera semana en la oficina, con todos sus torbellinos. <\/p>\n<p>\u00abTodo se mueve a una velocidad impresionante. \u00a1Oh! \u00a1Es impresionante! dijo el antiguo presidente, Robert S. Folkenberg. <\/p>\n<p>\u00abEs una sobrecarga sensorial, espiritual y de informaci\u00f3n\u00bb, a\u00f1adi\u00f3 Folkenberg, el l\u00edder m\u00e1ximo de la iglesia desde 1990 hasta 1999, quien recordaba c\u00f3mo \u00e9l dej\u00f3 de ser presidente de la Asociaci\u00f3n de Carolina para ser presidente de la Asociaci\u00f3n General en cuesti\u00f3n de minutos. <\/p>\n<p>El desaf\u00edo por venir<br  \/>Los que conocen a Wilson dicen que \u00e9l est\u00e1 listo para el desaf\u00edo, gracias a su trasfondo y experiencia: El es el hijo de un antiguo presidente mundial, Neal Wilson, y por mucho tiempo fue vicepresidente general de la Asociaci\u00f3n General. <\/p>\n<p>\u00abEl conoce bien algunos de los asuntos con los cuales \u00e9l tendr\u00e1 que lidiar\u00bb, dijo Orville D. Parchment, asistente para el presidente Paulsen desde 2003, y, desde la semana pasada, asistente para el presidente Wilson. <\/p>\n<p>La r\u00e1pida transici\u00f3n \u00abparece bastante apresurada para los extra\u00f1os\u00bb, observ\u00f3 Heather J. Knight, presidente de Pacific Union College en el norte de California, \u00abpero en realidad \u00e9l estaba muy, muy bien preparado\u00bb. <\/p>\n<p>A\u00fan as\u00ed, tener m\u00e1s tiempo para prepararse para un nuevo trabajo tiene sus beneficios, dijo Knight, una antigua oficial de la Universidad Andrews University quien acept\u00f3 su nueva posici\u00f3n en PUC el 17 de junio de 2009, y comenz\u00f3 a trabajar all\u00ed tres meses m\u00e1s tarde. <\/p>\n<p>Durante la transici\u00f3n, ella prepar\u00f3 un portafolio de 5 pulgadas con instrucciones para su sucesor en Andrews; viaj\u00f3 a California para conocer a su nuevo equipo de l\u00edderes; y desarroll\u00f3 objetivos para el nuevo trabajo. <\/p>\n<p>\u00abRealmente nunca hay suficiente tiempo, pero cuando Dios te llama a hacer algo\u00bb, dijo Knight, \u00ab\u00e9l tambi\u00e9n te capacida para terminar la tarea\u00bb. <\/p>\n<p>Reuniones matutinas<br  \/>El nuevo presidente de la Asociaci\u00f3n General se levanta antes de que salga el sol para su devocional personal, y entonces asiste a la reuni\u00f3n del Comit\u00e9 Orientador a las 6:45 a.m., donde se sienta a la cabeza de una mesa rectangular de conferencias, rodeado por vicepresidentes y otros oficiales que ayudan a establecer la agenda del congreso para el d\u00eda. <\/p>\n<p>\u00abT\u00fa pasas repentinamente de ser un participante u observador, a proveer orientaci\u00f3n e instrucci\u00f3n\u00bb, dijo Folkenberg. \u00abEs simplemente incre\u00edble\u00bb. <\/p>\n<p>Despu\u00e9s de la reuni\u00f3n de la ma\u00f1ana, Wilson se mete en reuniones una detr\u00e1s de otra, algunas de ellas en una oficina temporal en forma de panel\/cub\u00edculo que ha sido acotejada para \u00e9l en el Georgia World Congress Center, la cual es casi id\u00e9ntica a una oficina desde la cual Paulsen, el presidente que est\u00e1 a punto de jubilarse, trabaja al otro lado del pasillo. <\/p>\n<p>No es poco com\u00fan que Wilson asista a reuniones tarde en la noche despu\u00e9s del programa de la noche en el Georgia Dome, que generalmente termina despu\u00e9s de las 9 p.m. <\/p>\n<p>Despu\u00e9s que termine el congreso este fin de semana, Wilson regresar\u00e1 a Silver Spring, Maryland, y se mudar\u00e1 a la oficina del presidente, a cerca de 40 pies de distancia a trav\u00e9s del pasillo, desde su oficina actual. <\/p>\n<p>Entonces su calendario de invitaciones comenzar\u00e1 a llenarse. Y r\u00e1pidamente. <\/p>\n<p><br  \/>\u00abEl nuevo presidente comenzar\u00e1 a aceptar citas, y sus citas en corto tiempo &#8211;yo dir\u00eda que en un mes o dos&#8211;estar\u00e1n copadas hasta dos o tres a\u00f1os\u00bb, dijo Parchment. \u00abNo hay per\u00edodo de luna de miel\u00bb. <\/p>\n","protected":false},"excerpt":{"rendered":"<p>Barack Obama, presidente de los Estados Unidos, disfrut\u00f3 un per\u00edodo de transici\u00f3n de 77 d\u00edas desde la elecci\u00f3n hasta la inauguraci\u00f3n.<\/p>\n","protected":false},"author":1,"featured_media":0,"comment_status":"closed","ping_status":"closed","sticky":false,"template":"","format":"standard","meta":{"_acf_changed":false,"footnotes":""},"categories":[8],"tags":[],"class_list":["post-11614","post","type-post","status-publish","format-standard","hentry","category-archivo"],"acf":[],"yoast_head":"<!-- This site is optimized with the Yoast SEO plugin v27.3 - https:\/\/yoast.com\/product\/yoast-seo-wordpress\/ -->\n<title>La transici\u00f3n r\u00e1pida de un nuevo presidente de la iglesia - Iglesia Adventista del S\u00e9ptimo D\u00eda - Divisi\u00f3n Interamericana<\/title>\n<meta name=\"robots\" content=\"index, follow, max-snippet:-1, max-image-preview:large, max-video-preview:-1\" \/>\n<link rel=\"canonical\" href=\"https:\/\/interamerica.org\/es\/2010\/07\/la-transicion-rapida-de-un-nuevo-presidente-de-la-iglesia\/\" \/>\n<meta property=\"og:locale\" content=\"es_ES\" \/>\n<meta property=\"og:type\" content=\"article\" \/>\n<meta property=\"og:title\" content=\"La transici\u00f3n r\u00e1pida de un nuevo presidente de la iglesia - Iglesia Adventista del S\u00e9ptimo D\u00eda - Divisi\u00f3n Interamericana\" \/>\n<meta property=\"og:description\" content=\"Barack Obama, presidente de los Estados Unidos, disfrut\u00f3 un per\u00edodo de transici\u00f3n de 77 d\u00edas desde la elecci\u00f3n hasta la inauguraci\u00f3n.\" \/>\n<meta property=\"og:url\" content=\"https:\/\/interamerica.org\/es\/2010\/07\/la-transicion-rapida-de-un-nuevo-presidente-de-la-iglesia\/\" \/>\n<meta property=\"og:site_name\" content=\"Iglesia Adventista del S\u00e9ptimo D\u00eda - Divisi\u00f3n Interamericana\" \/>\n<meta property=\"article:published_time\" content=\"2010-07-01T04:00:00+00:00\" \/>\n<meta property=\"article:modified_time\" content=\"2017-06-02T12:59:20+00:00\" \/>\n<meta name=\"author\" content=\"Lorenzo Verduzco\" \/>\n<meta name=\"twitter:card\" content=\"summary_large_image\" \/>\n<meta name=\"twitter:label1\" content=\"Escrito por\" \/>\n\t<meta name=\"twitter:data1\" content=\"Lorenzo Verduzco\" \/>\n\t<meta name=\"twitter:label2\" content=\"Tiempo de lectura\" \/>\n\t<meta name=\"twitter:data2\" content=\"5 minutos\" \/>\n<script type=\"application\/ld+json\" class=\"yoast-schema-graph\">{\"@context\":\"https:\\\/\\\/schema.org\",\"@graph\":[{\"@type\":\"Article\",\"@id\":\"https:\\\/\\\/interamerica.org\\\/es\\\/2010\\\/07\\\/la-transicion-rapida-de-un-nuevo-presidente-de-la-iglesia\\\/#article\",\"isPartOf\":{\"@id\":\"https:\\\/\\\/interamerica.org\\\/es\\\/2010\\\/07\\\/la-transicion-rapida-de-un-nuevo-presidente-de-la-iglesia\\\/\"},\"author\":{\"name\":\"Lorenzo Verduzco\",\"@id\":\"https:\\\/\\\/interamerica.org\\\/es\\\/#\\\/schema\\\/person\\\/68ede8bdc292885bb76c1e3810e73c39\"},\"headline\":\"La transici\u00f3n r\u00e1pida de un nuevo presidente de la iglesia\",\"datePublished\":\"2010-07-01T04:00:00+00:00\",\"dateModified\":\"2017-06-02T12:59:20+00:00\",\"mainEntityOfPage\":{\"@id\":\"https:\\\/\\\/interamerica.org\\\/es\\\/2010\\\/07\\\/la-transicion-rapida-de-un-nuevo-presidente-de-la-iglesia\\\/\"},\"wordCount\":979,\"articleSection\":[\"Archivo\"],\"inLanguage\":\"es\"},{\"@type\":\"WebPage\",\"@id\":\"https:\\\/\\\/interamerica.org\\\/es\\\/2010\\\/07\\\/la-transicion-rapida-de-un-nuevo-presidente-de-la-iglesia\\\/\",\"url\":\"https:\\\/\\\/interamerica.org\\\/es\\\/2010\\\/07\\\/la-transicion-rapida-de-un-nuevo-presidente-de-la-iglesia\\\/\",\"name\":\"La transici\u00f3n r\u00e1pida de un nuevo presidente de la iglesia - Iglesia Adventista del S\u00e9ptimo D\u00eda - Divisi\u00f3n Interamericana\",\"isPartOf\":{\"@id\":\"https:\\\/\\\/interamerica.org\\\/es\\\/#website\"},\"datePublished\":\"2010-07-01T04:00:00+00:00\",\"dateModified\":\"2017-06-02T12:59:20+00:00\",\"author\":{\"@id\":\"https:\\\/\\\/interamerica.org\\\/es\\\/#\\\/schema\\\/person\\\/68ede8bdc292885bb76c1e3810e73c39\"},\"breadcrumb\":{\"@id\":\"https:\\\/\\\/interamerica.org\\\/es\\\/2010\\\/07\\\/la-transicion-rapida-de-un-nuevo-presidente-de-la-iglesia\\\/#breadcrumb\"},\"inLanguage\":\"es\",\"potentialAction\":[{\"@type\":\"ReadAction\",\"target\":[\"https:\\\/\\\/interamerica.org\\\/es\\\/2010\\\/07\\\/la-transicion-rapida-de-un-nuevo-presidente-de-la-iglesia\\\/\"]}]},{\"@type\":\"BreadcrumbList\",\"@id\":\"https:\\\/\\\/interamerica.org\\\/es\\\/2010\\\/07\\\/la-transicion-rapida-de-un-nuevo-presidente-de-la-iglesia\\\/#breadcrumb\",\"itemListElement\":[{\"@type\":\"ListItem\",\"position\":1,\"name\":\"Home\",\"item\":\"https:\\\/\\\/interamerica.org\\\/es\\\/\"},{\"@type\":\"ListItem\",\"position\":2,\"name\":\"La transici\u00f3n r\u00e1pida de un nuevo presidente de la iglesia\"}]},{\"@type\":\"WebSite\",\"@id\":\"https:\\\/\\\/interamerica.org\\\/es\\\/#website\",\"url\":\"https:\\\/\\\/interamerica.org\\\/es\\\/\",\"name\":\"Iglesia Adventista del S\u00e9ptimo D\u00eda - Divisi\u00f3n Interamericana\",\"description\":\"\",\"potentialAction\":[{\"@type\":\"SearchAction\",\"target\":{\"@type\":\"EntryPoint\",\"urlTemplate\":\"https:\\\/\\\/interamerica.org\\\/es\\\/?s={search_term_string}\"},\"query-input\":{\"@type\":\"PropertyValueSpecification\",\"valueRequired\":true,\"valueName\":\"search_term_string\"}}],\"inLanguage\":\"es\"},{\"@type\":\"Person\",\"@id\":\"https:\\\/\\\/interamerica.org\\\/es\\\/#\\\/schema\\\/person\\\/68ede8bdc292885bb76c1e3810e73c39\",\"name\":\"Lorenzo Verduzco\",\"image\":{\"@type\":\"ImageObject\",\"inLanguage\":\"es\",\"@id\":\"https:\\\/\\\/secure.gravatar.com\\\/avatar\\\/fb81a55b6218459490a9c1dc841a34909185b81904c5337b4b27f7a6fd60c49e?s=96&d=mm&r=g\",\"url\":\"https:\\\/\\\/secure.gravatar.com\\\/avatar\\\/fb81a55b6218459490a9c1dc841a34909185b81904c5337b4b27f7a6fd60c49e?s=96&d=mm&r=g\",\"contentUrl\":\"https:\\\/\\\/secure.gravatar.com\\\/avatar\\\/fb81a55b6218459490a9c1dc841a34909185b81904c5337b4b27f7a6fd60c49e?s=96&d=mm&r=g\",\"caption\":\"Lorenzo Verduzco\"}}]}<\/script>\n<!-- \/ Yoast SEO plugin. -->","yoast_head_json":{"title":"La transici\u00f3n r\u00e1pida de un nuevo presidente de la iglesia - Iglesia Adventista del S\u00e9ptimo D\u00eda - Divisi\u00f3n Interamericana","robots":{"index":"index","follow":"follow","max-snippet":"max-snippet:-1","max-image-preview":"max-image-preview:large","max-video-preview":"max-video-preview:-1"},"canonical":"https:\/\/interamerica.org\/es\/2010\/07\/la-transicion-rapida-de-un-nuevo-presidente-de-la-iglesia\/","og_locale":"es_ES","og_type":"article","og_title":"La transici\u00f3n r\u00e1pida de un nuevo presidente de la iglesia - Iglesia Adventista del S\u00e9ptimo D\u00eda - Divisi\u00f3n Interamericana","og_description":"Barack Obama, presidente de los Estados Unidos, disfrut\u00f3 un per\u00edodo de transici\u00f3n de 77 d\u00edas desde la elecci\u00f3n hasta la inauguraci\u00f3n.","og_url":"https:\/\/interamerica.org\/es\/2010\/07\/la-transicion-rapida-de-un-nuevo-presidente-de-la-iglesia\/","og_site_name":"Iglesia Adventista del S\u00e9ptimo D\u00eda - Divisi\u00f3n Interamericana","article_published_time":"2010-07-01T04:00:00+00:00","article_modified_time":"2017-06-02T12:59:20+00:00","author":"Lorenzo Verduzco","twitter_card":"summary_large_image","twitter_misc":{"Escrito por":"Lorenzo Verduzco","Tiempo de lectura":"5 minutos"},"schema":{"@context":"https:\/\/schema.org","@graph":[{"@type":"Article","@id":"https:\/\/interamerica.org\/es\/2010\/07\/la-transicion-rapida-de-un-nuevo-presidente-de-la-iglesia\/#article","isPartOf":{"@id":"https:\/\/interamerica.org\/es\/2010\/07\/la-transicion-rapida-de-un-nuevo-presidente-de-la-iglesia\/"},"author":{"name":"Lorenzo Verduzco","@id":"https:\/\/interamerica.org\/es\/#\/schema\/person\/68ede8bdc292885bb76c1e3810e73c39"},"headline":"La transici\u00f3n r\u00e1pida de un nuevo presidente de la iglesia","datePublished":"2010-07-01T04:00:00+00:00","dateModified":"2017-06-02T12:59:20+00:00","mainEntityOfPage":{"@id":"https:\/\/interamerica.org\/es\/2010\/07\/la-transicion-rapida-de-un-nuevo-presidente-de-la-iglesia\/"},"wordCount":979,"articleSection":["Archivo"],"inLanguage":"es"},{"@type":"WebPage","@id":"https:\/\/interamerica.org\/es\/2010\/07\/la-transicion-rapida-de-un-nuevo-presidente-de-la-iglesia\/","url":"https:\/\/interamerica.org\/es\/2010\/07\/la-transicion-rapida-de-un-nuevo-presidente-de-la-iglesia\/","name":"La transici\u00f3n r\u00e1pida de un nuevo presidente de la iglesia - Iglesia Adventista del S\u00e9ptimo D\u00eda - Divisi\u00f3n Interamericana","isPartOf":{"@id":"https:\/\/interamerica.org\/es\/#website"},"datePublished":"2010-07-01T04:00:00+00:00","dateModified":"2017-06-02T12:59:20+00:00","author":{"@id":"https:\/\/interamerica.org\/es\/#\/schema\/person\/68ede8bdc292885bb76c1e3810e73c39"},"breadcrumb":{"@id":"https:\/\/interamerica.org\/es\/2010\/07\/la-transicion-rapida-de-un-nuevo-presidente-de-la-iglesia\/#breadcrumb"},"inLanguage":"es","potentialAction":[{"@type":"ReadAction","target":["https:\/\/interamerica.org\/es\/2010\/07\/la-transicion-rapida-de-un-nuevo-presidente-de-la-iglesia\/"]}]},{"@type":"BreadcrumbList","@id":"https:\/\/interamerica.org\/es\/2010\/07\/la-transicion-rapida-de-un-nuevo-presidente-de-la-iglesia\/#breadcrumb","itemListElement":[{"@type":"ListItem","position":1,"name":"Home","item":"https:\/\/interamerica.org\/es\/"},{"@type":"ListItem","position":2,"name":"La transici\u00f3n r\u00e1pida de un nuevo presidente de la iglesia"}]},{"@type":"WebSite","@id":"https:\/\/interamerica.org\/es\/#website","url":"https:\/\/interamerica.org\/es\/","name":"Iglesia Adventista del S\u00e9ptimo D\u00eda - Divisi\u00f3n Interamericana","description":"","potentialAction":[{"@type":"SearchAction","target":{"@type":"EntryPoint","urlTemplate":"https:\/\/interamerica.org\/es\/?s={search_term_string}"},"query-input":{"@type":"PropertyValueSpecification","valueRequired":true,"valueName":"search_term_string"}}],"inLanguage":"es"},{"@type":"Person","@id":"https:\/\/interamerica.org\/es\/#\/schema\/person\/68ede8bdc292885bb76c1e3810e73c39","name":"Lorenzo Verduzco","image":{"@type":"ImageObject","inLanguage":"es","@id":"https:\/\/secure.gravatar.com\/avatar\/fb81a55b6218459490a9c1dc841a34909185b81904c5337b4b27f7a6fd60c49e?s=96&d=mm&r=g","url":"https:\/\/secure.gravatar.com\/avatar\/fb81a55b6218459490a9c1dc841a34909185b81904c5337b4b27f7a6fd60c49e?s=96&d=mm&r=g","contentUrl":"https:\/\/secure.gravatar.com\/avatar\/fb81a55b6218459490a9c1dc841a34909185b81904c5337b4b27f7a6fd60c49e?s=96&d=mm&r=g","caption":"Lorenzo Verduzco"}}]}},"_links":{"self":[{"href":"https:\/\/interamerica.org\/es\/wp-json\/wp\/v2\/posts\/11614","targetHints":{"allow":["GET"]}}],"collection":[{"href":"https:\/\/interamerica.org\/es\/wp-json\/wp\/v2\/posts"}],"about":[{"href":"https:\/\/interamerica.org\/es\/wp-json\/wp\/v2\/types\/post"}],"author":[{"embeddable":true,"href":"https:\/\/interamerica.org\/es\/wp-json\/wp\/v2\/users\/1"}],"replies":[{"embeddable":true,"href":"https:\/\/interamerica.org\/es\/wp-json\/wp\/v2\/comments?post=11614"}],"version-history":[{"count":0,"href":"https:\/\/interamerica.org\/es\/wp-json\/wp\/v2\/posts\/11614\/revisions"}],"wp:attachment":[{"href":"https:\/\/interamerica.org\/es\/wp-json\/wp\/v2\/media?parent=11614"}],"wp:term":[{"taxonomy":"category","embeddable":true,"href":"https:\/\/interamerica.org\/es\/wp-json\/wp\/v2\/categories?post=11614"},{"taxonomy":"post_tag","embeddable":true,"href":"https:\/\/interamerica.org\/es\/wp-json\/wp\/v2\/tags?post=11614"}],"curies":[{"name":"wp","href":"https:\/\/api.w.org\/{rel}","templated":true}]}}