{"id":11616,"date":"2010-07-01T00:00:00","date_gmt":"2010-07-01T04:00:00","guid":{"rendered":"http:\/\/192.81.217.108\/interamerica\/2010\/07\/delegacion-de-la-interamericana-elige-sus-liideres-departamentales-de-la-iglesia\/"},"modified":"2017-06-02T08:59:21","modified_gmt":"2017-06-02T12:59:21","slug":"delegacion-de-la-interamericana-elige-sus-liideres-departamentales-de-la-iglesia","status":"publish","type":"post","link":"https:\/\/interamerica.org\/es\/2010\/07\/delegacion-de-la-interamericana-elige-sus-liideres-departamentales-de-la-iglesia\/","title":{"rendered":"Delegaci\u00f3n de la Interamericana elige sus l\u00edideres departamentales de la iglesia"},"content":{"rendered":"<p><em >Atlanta, Georgia, Estados Unidos<\/em > -1 de Julio, 2010&#8230; [Libna Stevens\/DIA] <\/p>\n<p>Delegados de la Sesi\u00f3n 59 de la Asociaci\u00f3n General de la Divisi\u00f3n Interamericana (DIA) votaron elegir sus vicepresidentes y directores de los departamentos de la iglesia para dirigir los 3.3 millones de miembros en su territorio para los pr\u00f3ximos cinco a\u00f1os.  La reuni\u00f3n, celebrada el 1 de julio, 2010 congreg\u00f3 unos 245 delegados de la DIA en el <em >Georgia World Congress Center<\/em >, en Atlanta, Georgia.    <\/p>\n<p>Despu\u00e9s de un amplio examen de los nombres, un comit\u00e9 nominativo, formado por delegados del comit\u00e9 de la DIA, present\u00f3 los nombres a la delegaci\u00f3n representando el vasto territorio de Interam\u00e9rica. <\/p>\n<p>\u00abHemos tenido un comit\u00e9 nominativo maravilloso, una reuni\u00f3n de altura, de calidad\u00bb, dijo el pastor Leito, presidente de la iglesia en Interam\u00e9rica cuando el compa\u00f1ero, oficial de alto rango, el doctor Elie Henry, reci\u00e9n elegido secretario y Filiberto Verduzco, tesorero, se situaron a su lado. <\/p>\n<p>\u00abHemos orado cada vez que hemos votado por un nombre y hemos tenido el resultado de la votaci\u00f3n\u00bb, explic\u00f3 \u00e9l a la sala repleta de delegados que esperaban ansiosos por los nombres. <\/p>\n<p>Los siguientes individuos fueron aprobados para dirigir los departamentos establecidos y las posiciones en la sede de la Divisi\u00f3n Interamericana por el quinquenio 2010-2015: <\/p>\n<p><strong >Vicepresidentes                                              <\/strong ><\/p>\n<p>Myrna Costa <\/p>\n<p>Leon B. Wellington <\/p>\n<p>Abner De Los Santos <\/p>\n<p><strong >Secretarios  de campo<\/strong > <\/p>\n<p>Balvin Braham <\/p>\n<p>Wally Amundson <\/p>\n<p><strong >Director, Ministerio de Vida Familiar<\/strong >, Pedro Iglesias <\/p>\n<p><strong >Directora, Ministerios Infantiles<\/strong >, Dinorah Rivera <\/p>\n<p><strong >Directora, Ministerios de la Mujer,<\/strong > Celicia Iglesias <\/p>\n<p><strong >Director, Comunicaciones,<\/strong > Leon B. Wellington <\/p>\n<p><strong >Director, Educaci\u00f3n<\/strong >, Ismael Castillo <\/p>\n<p><strong >Directora  Asociada, Educaci\u00f3n<\/strong >, Faye Patterson <\/p>\n<p><strong >Directora, Ministerios de la Salud<\/strong >, Belkis Archbold <\/p>\n<p><strong >Director, Ministerios Personales\/Escuela Sab\u00e1tica<\/strong >, Melchor Ferreyra <\/p>\n<p><strong >Director Asociado, Ministerios Personales\/Escuela Sab\u00e1tica<\/strong >, Samuel Telemaque <\/p>\n<p><strong >Director, Mayordom\u00eda, <\/strong >Javier Mej\u00eda <\/p>\n<p><strong >Director Asociado, Mayordom\u00eda<\/strong >, James Daniel <\/p>\n<p><strong >Director, Libertad Religiosa y Relaciones P\u00fablicas, <\/strong > Roberto Herrera <\/p>\n<p><strong >Director, Servicios de Fideicomiso,  <\/strong >Roberto Herrera <\/p>\n<p><strong >Director, Ministerios Juvenil, <\/strong >Benjam\u00edn Carballo <\/p>\n<p><strong >Director, Ministerios de las Publicaciones, <\/strong >Mirto Presentaci\u00f3n <\/p>\n<p><strong >Secretario, Asociaci\u00f3n Ministerial, <\/strong > H\u00e9ctor S\u00e1nchez <\/p>\n<p><strong >Directora  Asociada, Ministerios Juveniles, <\/strong >Louise Nocandy <\/p>\n<p><strong >Director Asociado, Comunicaciones<\/strong >,  Abel M\u00e1rquez <\/p>\n<p><strong >Secretaria Asociada,  <\/strong >Faye Reid<strong > <\/strong > <\/p>\n<p><strong >Tesoreros Asociados<\/strong > <\/p>\n<p>Guillermo Gonz\u00e1lez <\/p>\n<p>Tony De La Mota <\/p>\n<p>Ivelisse Herrera <\/p>\n<p><strong >Director, Compa\u00f1\u00eda de Alimentos Saludables de Interam\u00e9rica, <\/strong >Joel Zukovski <\/p>\n<p><strong >Votado al comienzo de esta semana por los delegados a la Sesi\u00f3n de la Asociaci\u00f3n General:<\/strong > <\/p>\n<p><strong >Presidente DIA, <\/strong >Israel Leito <\/p>\n<p><strong >Secretario DIA, <\/strong >Elie Henry <\/p>\n<p><strong >Tesorero DIA, <\/strong >Filiberto Verduzco <\/p>\n","protected":false},"excerpt":{"rendered":"<p>Los delegados de la Sesi\u00f3n 59 de la Asociaci\u00f3n General de la Divisi\u00f3n Interamericana (DIA) votaron nombrar vicepresidentes y directores departamentales de la iglesia para dirigir los 3.3 millones de miembros&#8230;<\/p>\n","protected":false},"author":1,"featured_media":0,"comment_status":"closed","ping_status":"closed","sticky":false,"template":"","format":"standard","meta":{"_acf_changed":false,"footnotes":""},"categories":[8],"tags":[],"class_list":["post-11616","post","type-post","status-publish","format-standard","hentry","category-archivo"],"acf":[],"yoast_head":"<!-- This site is optimized with the Yoast SEO plugin v27.3 - https:\/\/yoast.com\/product\/yoast-seo-wordpress\/ -->\n<title>Delegaci\u00f3n de la Interamericana elige sus l\u00edideres departamentales de la iglesia - Iglesia Adventista del S\u00e9ptimo D\u00eda - Divisi\u00f3n Interamericana<\/title>\n<meta name=\"robots\" content=\"index, follow, max-snippet:-1, max-image-preview:large, max-video-preview:-1\" \/>\n<link rel=\"canonical\" href=\"https:\/\/interamerica.org\/es\/2010\/07\/delegacion-de-la-interamericana-elige-sus-liideres-departamentales-de-la-iglesia\/\" \/>\n<meta property=\"og:locale\" content=\"es_ES\" \/>\n<meta property=\"og:type\" content=\"article\" \/>\n<meta property=\"og:title\" content=\"Delegaci\u00f3n de la Interamericana elige sus l\u00edideres departamentales de la iglesia - Iglesia Adventista del S\u00e9ptimo D\u00eda - Divisi\u00f3n Interamericana\" \/>\n<meta property=\"og:description\" content=\"Los delegados de la Sesi\u00f3n 59 de la Asociaci\u00f3n General de la Divisi\u00f3n Interamericana (DIA) votaron nombrar vicepresidentes y directores departamentales de la iglesia para dirigir los 3.3 millones de miembros...\" \/>\n<meta property=\"og:url\" content=\"https:\/\/interamerica.org\/es\/2010\/07\/delegacion-de-la-interamericana-elige-sus-liideres-departamentales-de-la-iglesia\/\" \/>\n<meta property=\"og:site_name\" content=\"Iglesia Adventista del S\u00e9ptimo D\u00eda - Divisi\u00f3n Interamericana\" \/>\n<meta property=\"article:published_time\" content=\"2010-07-01T04:00:00+00:00\" \/>\n<meta property=\"article:modified_time\" content=\"2017-06-02T12:59:21+00:00\" \/>\n<meta name=\"author\" content=\"Lorenzo Verduzco\" \/>\n<meta name=\"twitter:card\" content=\"summary_large_image\" \/>\n<meta name=\"twitter:label1\" content=\"Escrito por\" \/>\n\t<meta name=\"twitter:data1\" content=\"Lorenzo Verduzco\" \/>\n\t<meta name=\"twitter:label2\" content=\"Tiempo de lectura\" \/>\n\t<meta name=\"twitter:data2\" content=\"2 minutos\" \/>\n<script type=\"application\/ld+json\" class=\"yoast-schema-graph\">{\"@context\":\"https:\\\/\\\/schema.org\",\"@graph\":[{\"@type\":\"Article\",\"@id\":\"https:\\\/\\\/interamerica.org\\\/es\\\/2010\\\/07\\\/delegacion-de-la-interamericana-elige-sus-liideres-departamentales-de-la-iglesia\\\/#article\",\"isPartOf\":{\"@id\":\"https:\\\/\\\/interamerica.org\\\/es\\\/2010\\\/07\\\/delegacion-de-la-interamericana-elige-sus-liideres-departamentales-de-la-iglesia\\\/\"},\"author\":{\"name\":\"Lorenzo Verduzco\",\"@id\":\"https:\\\/\\\/interamerica.org\\\/es\\\/#\\\/schema\\\/person\\\/68ede8bdc292885bb76c1e3810e73c39\"},\"headline\":\"Delegaci\u00f3n de la Interamericana elige sus l\u00edideres departamentales de la iglesia\",\"datePublished\":\"2010-07-01T04:00:00+00:00\",\"dateModified\":\"2017-06-02T12:59:21+00:00\",\"mainEntityOfPage\":{\"@id\":\"https:\\\/\\\/interamerica.org\\\/es\\\/2010\\\/07\\\/delegacion-de-la-interamericana-elige-sus-liideres-departamentales-de-la-iglesia\\\/\"},\"wordCount\":423,\"articleSection\":[\"Archivo\"],\"inLanguage\":\"es\"},{\"@type\":\"WebPage\",\"@id\":\"https:\\\/\\\/interamerica.org\\\/es\\\/2010\\\/07\\\/delegacion-de-la-interamericana-elige-sus-liideres-departamentales-de-la-iglesia\\\/\",\"url\":\"https:\\\/\\\/interamerica.org\\\/es\\\/2010\\\/07\\\/delegacion-de-la-interamericana-elige-sus-liideres-departamentales-de-la-iglesia\\\/\",\"name\":\"Delegaci\u00f3n de la Interamericana elige sus l\u00edideres departamentales de la iglesia - Iglesia Adventista del S\u00e9ptimo D\u00eda - Divisi\u00f3n Interamericana\",\"isPartOf\":{\"@id\":\"https:\\\/\\\/interamerica.org\\\/es\\\/#website\"},\"datePublished\":\"2010-07-01T04:00:00+00:00\",\"dateModified\":\"2017-06-02T12:59:21+00:00\",\"author\":{\"@id\":\"https:\\\/\\\/interamerica.org\\\/es\\\/#\\\/schema\\\/person\\\/68ede8bdc292885bb76c1e3810e73c39\"},\"breadcrumb\":{\"@id\":\"https:\\\/\\\/interamerica.org\\\/es\\\/2010\\\/07\\\/delegacion-de-la-interamericana-elige-sus-liideres-departamentales-de-la-iglesia\\\/#breadcrumb\"},\"inLanguage\":\"es\",\"potentialAction\":[{\"@type\":\"ReadAction\",\"target\":[\"https:\\\/\\\/interamerica.org\\\/es\\\/2010\\\/07\\\/delegacion-de-la-interamericana-elige-sus-liideres-departamentales-de-la-iglesia\\\/\"]}]},{\"@type\":\"BreadcrumbList\",\"@id\":\"https:\\\/\\\/interamerica.org\\\/es\\\/2010\\\/07\\\/delegacion-de-la-interamericana-elige-sus-liideres-departamentales-de-la-iglesia\\\/#breadcrumb\",\"itemListElement\":[{\"@type\":\"ListItem\",\"position\":1,\"name\":\"Home\",\"item\":\"https:\\\/\\\/interamerica.org\\\/es\\\/\"},{\"@type\":\"ListItem\",\"position\":2,\"name\":\"Delegaci\u00f3n de la Interamericana elige sus l\u00edideres departamentales de la iglesia\"}]},{\"@type\":\"WebSite\",\"@id\":\"https:\\\/\\\/interamerica.org\\\/es\\\/#website\",\"url\":\"https:\\\/\\\/interamerica.org\\\/es\\\/\",\"name\":\"Iglesia Adventista del S\u00e9ptimo D\u00eda - Divisi\u00f3n Interamericana\",\"description\":\"\",\"potentialAction\":[{\"@type\":\"SearchAction\",\"target\":{\"@type\":\"EntryPoint\",\"urlTemplate\":\"https:\\\/\\\/interamerica.org\\\/es\\\/?s={search_term_string}\"},\"query-input\":{\"@type\":\"PropertyValueSpecification\",\"valueRequired\":true,\"valueName\":\"search_term_string\"}}],\"inLanguage\":\"es\"},{\"@type\":\"Person\",\"@id\":\"https:\\\/\\\/interamerica.org\\\/es\\\/#\\\/schema\\\/person\\\/68ede8bdc292885bb76c1e3810e73c39\",\"name\":\"Lorenzo Verduzco\",\"image\":{\"@type\":\"ImageObject\",\"inLanguage\":\"es\",\"@id\":\"https:\\\/\\\/secure.gravatar.com\\\/avatar\\\/fb81a55b6218459490a9c1dc841a34909185b81904c5337b4b27f7a6fd60c49e?s=96&d=mm&r=g\",\"url\":\"https:\\\/\\\/secure.gravatar.com\\\/avatar\\\/fb81a55b6218459490a9c1dc841a34909185b81904c5337b4b27f7a6fd60c49e?s=96&d=mm&r=g\",\"contentUrl\":\"https:\\\/\\\/secure.gravatar.com\\\/avatar\\\/fb81a55b6218459490a9c1dc841a34909185b81904c5337b4b27f7a6fd60c49e?s=96&d=mm&r=g\",\"caption\":\"Lorenzo Verduzco\"}}]}<\/script>\n<!-- \/ Yoast SEO plugin. -->","yoast_head_json":{"title":"Delegaci\u00f3n de la Interamericana elige sus l\u00edideres departamentales de la iglesia - Iglesia Adventista del S\u00e9ptimo D\u00eda - Divisi\u00f3n Interamericana","robots":{"index":"index","follow":"follow","max-snippet":"max-snippet:-1","max-image-preview":"max-image-preview:large","max-video-preview":"max-video-preview:-1"},"canonical":"https:\/\/interamerica.org\/es\/2010\/07\/delegacion-de-la-interamericana-elige-sus-liideres-departamentales-de-la-iglesia\/","og_locale":"es_ES","og_type":"article","og_title":"Delegaci\u00f3n de la Interamericana elige sus l\u00edideres departamentales de la iglesia - Iglesia Adventista del S\u00e9ptimo D\u00eda - Divisi\u00f3n Interamericana","og_description":"Los delegados de la Sesi\u00f3n 59 de la Asociaci\u00f3n General de la Divisi\u00f3n Interamericana (DIA) votaron nombrar vicepresidentes y directores departamentales de la iglesia para dirigir los 3.3 millones de miembros...","og_url":"https:\/\/interamerica.org\/es\/2010\/07\/delegacion-de-la-interamericana-elige-sus-liideres-departamentales-de-la-iglesia\/","og_site_name":"Iglesia Adventista del S\u00e9ptimo D\u00eda - Divisi\u00f3n Interamericana","article_published_time":"2010-07-01T04:00:00+00:00","article_modified_time":"2017-06-02T12:59:21+00:00","author":"Lorenzo Verduzco","twitter_card":"summary_large_image","twitter_misc":{"Escrito por":"Lorenzo Verduzco","Tiempo de lectura":"2 minutos"},"schema":{"@context":"https:\/\/schema.org","@graph":[{"@type":"Article","@id":"https:\/\/interamerica.org\/es\/2010\/07\/delegacion-de-la-interamericana-elige-sus-liideres-departamentales-de-la-iglesia\/#article","isPartOf":{"@id":"https:\/\/interamerica.org\/es\/2010\/07\/delegacion-de-la-interamericana-elige-sus-liideres-departamentales-de-la-iglesia\/"},"author":{"name":"Lorenzo Verduzco","@id":"https:\/\/interamerica.org\/es\/#\/schema\/person\/68ede8bdc292885bb76c1e3810e73c39"},"headline":"Delegaci\u00f3n de la Interamericana elige sus l\u00edideres departamentales de la iglesia","datePublished":"2010-07-01T04:00:00+00:00","dateModified":"2017-06-02T12:59:21+00:00","mainEntityOfPage":{"@id":"https:\/\/interamerica.org\/es\/2010\/07\/delegacion-de-la-interamericana-elige-sus-liideres-departamentales-de-la-iglesia\/"},"wordCount":423,"articleSection":["Archivo"],"inLanguage":"es"},{"@type":"WebPage","@id":"https:\/\/interamerica.org\/es\/2010\/07\/delegacion-de-la-interamericana-elige-sus-liideres-departamentales-de-la-iglesia\/","url":"https:\/\/interamerica.org\/es\/2010\/07\/delegacion-de-la-interamericana-elige-sus-liideres-departamentales-de-la-iglesia\/","name":"Delegaci\u00f3n de la Interamericana elige sus l\u00edideres departamentales de la iglesia - Iglesia Adventista del S\u00e9ptimo D\u00eda - Divisi\u00f3n Interamericana","isPartOf":{"@id":"https:\/\/interamerica.org\/es\/#website"},"datePublished":"2010-07-01T04:00:00+00:00","dateModified":"2017-06-02T12:59:21+00:00","author":{"@id":"https:\/\/interamerica.org\/es\/#\/schema\/person\/68ede8bdc292885bb76c1e3810e73c39"},"breadcrumb":{"@id":"https:\/\/interamerica.org\/es\/2010\/07\/delegacion-de-la-interamericana-elige-sus-liideres-departamentales-de-la-iglesia\/#breadcrumb"},"inLanguage":"es","potentialAction":[{"@type":"ReadAction","target":["https:\/\/interamerica.org\/es\/2010\/07\/delegacion-de-la-interamericana-elige-sus-liideres-departamentales-de-la-iglesia\/"]}]},{"@type":"BreadcrumbList","@id":"https:\/\/interamerica.org\/es\/2010\/07\/delegacion-de-la-interamericana-elige-sus-liideres-departamentales-de-la-iglesia\/#breadcrumb","itemListElement":[{"@type":"ListItem","position":1,"name":"Home","item":"https:\/\/interamerica.org\/es\/"},{"@type":"ListItem","position":2,"name":"Delegaci\u00f3n de la Interamericana elige sus l\u00edideres departamentales de la iglesia"}]},{"@type":"WebSite","@id":"https:\/\/interamerica.org\/es\/#website","url":"https:\/\/interamerica.org\/es\/","name":"Iglesia Adventista del S\u00e9ptimo D\u00eda - Divisi\u00f3n Interamericana","description":"","potentialAction":[{"@type":"SearchAction","target":{"@type":"EntryPoint","urlTemplate":"https:\/\/interamerica.org\/es\/?s={search_term_string}"},"query-input":{"@type":"PropertyValueSpecification","valueRequired":true,"valueName":"search_term_string"}}],"inLanguage":"es"},{"@type":"Person","@id":"https:\/\/interamerica.org\/es\/#\/schema\/person\/68ede8bdc292885bb76c1e3810e73c39","name":"Lorenzo Verduzco","image":{"@type":"ImageObject","inLanguage":"es","@id":"https:\/\/secure.gravatar.com\/avatar\/fb81a55b6218459490a9c1dc841a34909185b81904c5337b4b27f7a6fd60c49e?s=96&d=mm&r=g","url":"https:\/\/secure.gravatar.com\/avatar\/fb81a55b6218459490a9c1dc841a34909185b81904c5337b4b27f7a6fd60c49e?s=96&d=mm&r=g","contentUrl":"https:\/\/secure.gravatar.com\/avatar\/fb81a55b6218459490a9c1dc841a34909185b81904c5337b4b27f7a6fd60c49e?s=96&d=mm&r=g","caption":"Lorenzo Verduzco"}}]}},"_links":{"self":[{"href":"https:\/\/interamerica.org\/es\/wp-json\/wp\/v2\/posts\/11616","targetHints":{"allow":["GET"]}}],"collection":[{"href":"https:\/\/interamerica.org\/es\/wp-json\/wp\/v2\/posts"}],"about":[{"href":"https:\/\/interamerica.org\/es\/wp-json\/wp\/v2\/types\/post"}],"author":[{"embeddable":true,"href":"https:\/\/interamerica.org\/es\/wp-json\/wp\/v2\/users\/1"}],"replies":[{"embeddable":true,"href":"https:\/\/interamerica.org\/es\/wp-json\/wp\/v2\/comments?post=11616"}],"version-history":[{"count":0,"href":"https:\/\/interamerica.org\/es\/wp-json\/wp\/v2\/posts\/11616\/revisions"}],"wp:attachment":[{"href":"https:\/\/interamerica.org\/es\/wp-json\/wp\/v2\/media?parent=11616"}],"wp:term":[{"taxonomy":"category","embeddable":true,"href":"https:\/\/interamerica.org\/es\/wp-json\/wp\/v2\/categories?post=11616"},{"taxonomy":"post_tag","embeddable":true,"href":"https:\/\/interamerica.org\/es\/wp-json\/wp\/v2\/tags?post=11616"}],"curies":[{"name":"wp","href":"https:\/\/api.w.org\/{rel}","templated":true}]}}