{"id":11617,"date":"2010-06-30T00:00:00","date_gmt":"2010-06-30T04:00:00","guid":{"rendered":"http:\/\/192.81.217.108\/interamerica\/2010\/06\/interamerica-mexico-central-belise-y-colombia-del-sur-atraen-cientos-en-los-modulos-de-exhibicion\/"},"modified":"2017-06-02T08:59:24","modified_gmt":"2017-06-02T12:59:24","slug":"interamerica-mexico-central-belise-y-colombia-del-sur-atraen-cientos-en-los-modulos-de-exhibicion","status":"publish","type":"post","link":"https:\/\/interamerica.org\/es\/2010\/06\/interamerica-mexico-central-belise-y-colombia-del-sur-atraen-cientos-en-los-modulos-de-exhibicion\/","title":{"rendered":"Interam\u00e9rica: M\u00e9xico Central, Belise, y Colombia del Sur atraen cientos en los m\u00f3dulos de exhibici\u00f3n."},"content":{"rendered":"<p><em >30 de junio, 2010 &#8211; Atlanta, Georgia, Estados Unidos&#8230; [Libna Stevens\/DIA <\/em ><\/p>\n<p>A penas hab\u00eda espacio para caminar cerca del m\u00f3dulo de exhibici\u00f3n de la Divisi\u00f3n Interamericana en el Georgia World Congreso Center en el d\u00eda 7mo presentado. <\/p>\n<p><strong >Uni\u00f3n Central Mexicana<\/strong > <\/p>\n<p>Con una feligres\u00eda de m\u00e1s de 70,000, la Uni\u00f3n Central Mexicana es una de las reci\u00e9n organizadas regiones. Con sede en la ciudad capital, la iglesia crea estrategias para servir a m\u00e1s de 23 millones de personas que viven en la gran metr\u00f3poli, as\u00ed como la poblaci\u00f3n de seis estados que componen la regi\u00f3n de la iglesia. <\/p>\n<p>\u00abTenemos una poblaci\u00f3n diversa en Ciudad M\u00e9xico\u00bb, dijo Jorge Garc\u00eda, director de Mayordom\u00eda para la iglesia en M\u00e9xico Central. \u00abMuchas personas de diferentes partes del pa\u00eds llegan con sus culturas y enriquecen la vasta creciente poblaci\u00f3n\u00bb. <\/p>\n<p>Garc\u00eda dijo que el liderazgo en M\u00e9xico Central se centra en sus planes estrat\u00e9gicos para orientar un liderazgo espiritual, \u00e9nfasis din\u00e1mico en grupos peque\u00f1os, as\u00ed como fortaleci\u00e9ndose en lo financiero. <\/p>\n<p>La iglesia opera unas 171 iglesias y congregaciones en la regi\u00f3n Central Mexicana, as\u00ed como docenas de escuelas primarias y secundarias. <\/p>\n<p><strong >Uni\u00f3n de Iglesias de Belice<\/strong > <\/p>\n<p>Recientemente organizada de una Misi\u00f3n, la Uni\u00f3n de Iglesias de Belice es un grupo de iglesias responde directamente al liderazgo de una oficina sede con un presidente, secretario y tesorero como cualquiera otra asociaci\u00f3n uni\u00f3n o uni\u00f3n misi\u00f3n. <\/p>\n<p>\u00danica en su clase en Interam\u00e9rica y en el resto de la parte occidental del mundo, la Uni\u00f3n de Iglesias de Belice mucho progreso y crecimiento de la iglesia desde que fue organizada, dicen l\u00edderes de la iglesia. <\/p>\n<p>\u00abNuestros miembros est\u00e1n muy felices ya que tenemos la misma estructura de una uni\u00f3n misi\u00f3n con m\u00e1ximos l\u00edderes\u00bb, dice Abilio Cima, secretario y director de comunicaci\u00f3n de la iglesia en Belize. \u00abHa sido una bendici\u00f3n tener nuestras iglesias en relaci\u00f3n directa con m\u00e1s de 38,000 miembros en el pa\u00eds\u00bb. <\/p>\n<p>Uno de las formas m\u00e1s efectivas de evangelismo es la evangelizaci\u00f3n p\u00fablica en tiendas de campa\u00f1as, dijo Cima. \u00abEso (tiendas de campa\u00f1as) es el mayor impulso en evangelizaci\u00f3n p\u00fablica en nuestro pa\u00eds\u00bb. <\/p>\n<p>Ubicada en la parte nororiental de Centroam\u00e9rica, Belice opera varias escuelas y un colegio a nivel de 14 grados. <\/p>\n<p><strong >Uni\u00f3n Colombiana del Sur<\/strong > <\/p>\n<p>Hace poco organizada en la segunda regi\u00f3n uni\u00f3n en Colombia, la Uni\u00f3n Colombiana del sur tiene cerca de 122,000 miembros de iglesia a trav\u00e9s de su vasta regi\u00f3n. <\/p>\n<p>Esta fue una decisi\u00f3n que benefici\u00f3 nuestro pa\u00eds muy bien. Y yo creo que fue guiada por Dios. Hemos funcionado unidos de muchas maneras\u00bb, dijo Germ\u00e1n P\u00e9rez, secretario tesorero para la iglesia en Colombia del Sur. <\/p>\n<p>\u00abTenemos una cultura alrededor de nosotros, estamos siempre dispuestos a servir\u00bb, dice P\u00e9rez. P\u00e9rez dice que la disposici\u00f3n para servir ha capacitado a una iglesia creciente para evangelizar la regi\u00f3n, en su mayor\u00eda de la clase baja. <\/p>\n<p>Colombia del Sur tiene m\u00e1s de 460 iglesias y congregaciones. Opera muchas escuelas elementales y secundarias. <\/p>\n<p>Para ver un reporte en video del 7mo d\u00eda de las presentaciones de las uniones, entre a <\/p>\n<p><a  href=\"\/users\/index.php?language=en&#038;type=subsection&#038;id=289\">http:\/\/tms.interamerica.org\/users\/index.php?language=en&#038;type=subsection&#038;id=289<\/a > <\/p>\n","protected":false},"excerpt":{"rendered":"<p>A penas hab\u00eda espacio para caminar cerca del m\u00f3dulo de exhibici\u00f3n de la Divisi\u00f3n Interamericana en el Georgia World Congress Center en el d\u00eda 7mo cuando las uniones M\u00e9xico Central, Belize, y Colombiana del Norte<\/p>\n","protected":false},"author":1,"featured_media":0,"comment_status":"closed","ping_status":"closed","sticky":false,"template":"","format":"standard","meta":{"_acf_changed":false,"footnotes":""},"categories":[8],"tags":[],"class_list":["post-11617","post","type-post","status-publish","format-standard","hentry","category-archivo"],"acf":[],"yoast_head":"<!-- This site is optimized with the Yoast SEO plugin v27.3 - https:\/\/yoast.com\/product\/yoast-seo-wordpress\/ -->\n<title>Interam\u00e9rica: M\u00e9xico Central, Belise, y Colombia del Sur atraen cientos en los m\u00f3dulos de exhibici\u00f3n. - Iglesia Adventista del S\u00e9ptimo D\u00eda - Divisi\u00f3n Interamericana<\/title>\n<meta name=\"robots\" content=\"index, follow, max-snippet:-1, max-image-preview:large, max-video-preview:-1\" \/>\n<link rel=\"canonical\" href=\"https:\/\/interamerica.org\/es\/2010\/06\/interamerica-mexico-central-belise-y-colombia-del-sur-atraen-cientos-en-los-modulos-de-exhibicion\/\" \/>\n<meta property=\"og:locale\" content=\"es_ES\" \/>\n<meta property=\"og:type\" content=\"article\" \/>\n<meta property=\"og:title\" content=\"Interam\u00e9rica: M\u00e9xico Central, Belise, y Colombia del Sur atraen cientos en los m\u00f3dulos de exhibici\u00f3n. - Iglesia Adventista del S\u00e9ptimo D\u00eda - Divisi\u00f3n Interamericana\" \/>\n<meta property=\"og:description\" content=\"A penas hab\u00eda espacio para caminar cerca del m\u00f3dulo de exhibici\u00f3n de la Divisi\u00f3n Interamericana en el Georgia World Congress Center en el d\u00eda 7mo cuando las uniones M\u00e9xico Central, Belize, y Colombiana del Norte\" \/>\n<meta property=\"og:url\" content=\"https:\/\/interamerica.org\/es\/2010\/06\/interamerica-mexico-central-belise-y-colombia-del-sur-atraen-cientos-en-los-modulos-de-exhibicion\/\" \/>\n<meta property=\"og:site_name\" content=\"Iglesia Adventista del S\u00e9ptimo D\u00eda - Divisi\u00f3n Interamericana\" \/>\n<meta property=\"article:published_time\" content=\"2010-06-30T04:00:00+00:00\" \/>\n<meta property=\"article:modified_time\" content=\"2017-06-02T12:59:24+00:00\" \/>\n<meta name=\"author\" content=\"Lorenzo Verduzco\" \/>\n<meta name=\"twitter:card\" content=\"summary_large_image\" \/>\n<meta name=\"twitter:label1\" content=\"Escrito por\" \/>\n\t<meta name=\"twitter:data1\" content=\"Lorenzo Verduzco\" \/>\n\t<meta name=\"twitter:label2\" content=\"Tiempo de lectura\" \/>\n\t<meta name=\"twitter:data2\" content=\"3 minutos\" \/>\n<script type=\"application\/ld+json\" class=\"yoast-schema-graph\">{\"@context\":\"https:\\\/\\\/schema.org\",\"@graph\":[{\"@type\":\"Article\",\"@id\":\"https:\\\/\\\/interamerica.org\\\/es\\\/2010\\\/06\\\/interamerica-mexico-central-belise-y-colombia-del-sur-atraen-cientos-en-los-modulos-de-exhibicion\\\/#article\",\"isPartOf\":{\"@id\":\"https:\\\/\\\/interamerica.org\\\/es\\\/2010\\\/06\\\/interamerica-mexico-central-belise-y-colombia-del-sur-atraen-cientos-en-los-modulos-de-exhibicion\\\/\"},\"author\":{\"name\":\"Lorenzo Verduzco\",\"@id\":\"https:\\\/\\\/interamerica.org\\\/es\\\/#\\\/schema\\\/person\\\/68ede8bdc292885bb76c1e3810e73c39\"},\"headline\":\"Interam\u00e9rica: M\u00e9xico Central, Belise, y Colombia del Sur atraen cientos en los m\u00f3dulos de exhibici\u00f3n.\",\"datePublished\":\"2010-06-30T04:00:00+00:00\",\"dateModified\":\"2017-06-02T12:59:24+00:00\",\"mainEntityOfPage\":{\"@id\":\"https:\\\/\\\/interamerica.org\\\/es\\\/2010\\\/06\\\/interamerica-mexico-central-belise-y-colombia-del-sur-atraen-cientos-en-los-modulos-de-exhibicion\\\/\"},\"wordCount\":600,\"articleSection\":[\"Archivo\"],\"inLanguage\":\"es\"},{\"@type\":\"WebPage\",\"@id\":\"https:\\\/\\\/interamerica.org\\\/es\\\/2010\\\/06\\\/interamerica-mexico-central-belise-y-colombia-del-sur-atraen-cientos-en-los-modulos-de-exhibicion\\\/\",\"url\":\"https:\\\/\\\/interamerica.org\\\/es\\\/2010\\\/06\\\/interamerica-mexico-central-belise-y-colombia-del-sur-atraen-cientos-en-los-modulos-de-exhibicion\\\/\",\"name\":\"Interam\u00e9rica: M\u00e9xico Central, Belise, y Colombia del Sur atraen cientos en los m\u00f3dulos de exhibici\u00f3n. - Iglesia Adventista del S\u00e9ptimo D\u00eda - Divisi\u00f3n Interamericana\",\"isPartOf\":{\"@id\":\"https:\\\/\\\/interamerica.org\\\/es\\\/#website\"},\"datePublished\":\"2010-06-30T04:00:00+00:00\",\"dateModified\":\"2017-06-02T12:59:24+00:00\",\"author\":{\"@id\":\"https:\\\/\\\/interamerica.org\\\/es\\\/#\\\/schema\\\/person\\\/68ede8bdc292885bb76c1e3810e73c39\"},\"breadcrumb\":{\"@id\":\"https:\\\/\\\/interamerica.org\\\/es\\\/2010\\\/06\\\/interamerica-mexico-central-belise-y-colombia-del-sur-atraen-cientos-en-los-modulos-de-exhibicion\\\/#breadcrumb\"},\"inLanguage\":\"es\",\"potentialAction\":[{\"@type\":\"ReadAction\",\"target\":[\"https:\\\/\\\/interamerica.org\\\/es\\\/2010\\\/06\\\/interamerica-mexico-central-belise-y-colombia-del-sur-atraen-cientos-en-los-modulos-de-exhibicion\\\/\"]}]},{\"@type\":\"BreadcrumbList\",\"@id\":\"https:\\\/\\\/interamerica.org\\\/es\\\/2010\\\/06\\\/interamerica-mexico-central-belise-y-colombia-del-sur-atraen-cientos-en-los-modulos-de-exhibicion\\\/#breadcrumb\",\"itemListElement\":[{\"@type\":\"ListItem\",\"position\":1,\"name\":\"Home\",\"item\":\"https:\\\/\\\/interamerica.org\\\/es\\\/\"},{\"@type\":\"ListItem\",\"position\":2,\"name\":\"Interam\u00e9rica: M\u00e9xico Central, Belise, y Colombia del Sur atraen cientos en los m\u00f3dulos de exhibici\u00f3n.\"}]},{\"@type\":\"WebSite\",\"@id\":\"https:\\\/\\\/interamerica.org\\\/es\\\/#website\",\"url\":\"https:\\\/\\\/interamerica.org\\\/es\\\/\",\"name\":\"Iglesia Adventista del S\u00e9ptimo D\u00eda - Divisi\u00f3n Interamericana\",\"description\":\"\",\"potentialAction\":[{\"@type\":\"SearchAction\",\"target\":{\"@type\":\"EntryPoint\",\"urlTemplate\":\"https:\\\/\\\/interamerica.org\\\/es\\\/?s={search_term_string}\"},\"query-input\":{\"@type\":\"PropertyValueSpecification\",\"valueRequired\":true,\"valueName\":\"search_term_string\"}}],\"inLanguage\":\"es\"},{\"@type\":\"Person\",\"@id\":\"https:\\\/\\\/interamerica.org\\\/es\\\/#\\\/schema\\\/person\\\/68ede8bdc292885bb76c1e3810e73c39\",\"name\":\"Lorenzo Verduzco\",\"image\":{\"@type\":\"ImageObject\",\"inLanguage\":\"es\",\"@id\":\"https:\\\/\\\/secure.gravatar.com\\\/avatar\\\/fb81a55b6218459490a9c1dc841a34909185b81904c5337b4b27f7a6fd60c49e?s=96&d=mm&r=g\",\"url\":\"https:\\\/\\\/secure.gravatar.com\\\/avatar\\\/fb81a55b6218459490a9c1dc841a34909185b81904c5337b4b27f7a6fd60c49e?s=96&d=mm&r=g\",\"contentUrl\":\"https:\\\/\\\/secure.gravatar.com\\\/avatar\\\/fb81a55b6218459490a9c1dc841a34909185b81904c5337b4b27f7a6fd60c49e?s=96&d=mm&r=g\",\"caption\":\"Lorenzo Verduzco\"}}]}<\/script>\n<!-- \/ Yoast SEO plugin. -->","yoast_head_json":{"title":"Interam\u00e9rica: M\u00e9xico Central, Belise, y Colombia del Sur atraen cientos en los m\u00f3dulos de exhibici\u00f3n. - Iglesia Adventista del S\u00e9ptimo D\u00eda - Divisi\u00f3n Interamericana","robots":{"index":"index","follow":"follow","max-snippet":"max-snippet:-1","max-image-preview":"max-image-preview:large","max-video-preview":"max-video-preview:-1"},"canonical":"https:\/\/interamerica.org\/es\/2010\/06\/interamerica-mexico-central-belise-y-colombia-del-sur-atraen-cientos-en-los-modulos-de-exhibicion\/","og_locale":"es_ES","og_type":"article","og_title":"Interam\u00e9rica: M\u00e9xico Central, Belise, y Colombia del Sur atraen cientos en los m\u00f3dulos de exhibici\u00f3n. - Iglesia Adventista del S\u00e9ptimo D\u00eda - Divisi\u00f3n Interamericana","og_description":"A penas hab\u00eda espacio para caminar cerca del m\u00f3dulo de exhibici\u00f3n de la Divisi\u00f3n Interamericana en el Georgia World Congress Center en el d\u00eda 7mo cuando las uniones M\u00e9xico Central, Belize, y Colombiana del Norte","og_url":"https:\/\/interamerica.org\/es\/2010\/06\/interamerica-mexico-central-belise-y-colombia-del-sur-atraen-cientos-en-los-modulos-de-exhibicion\/","og_site_name":"Iglesia Adventista del S\u00e9ptimo D\u00eda - Divisi\u00f3n Interamericana","article_published_time":"2010-06-30T04:00:00+00:00","article_modified_time":"2017-06-02T12:59:24+00:00","author":"Lorenzo Verduzco","twitter_card":"summary_large_image","twitter_misc":{"Escrito por":"Lorenzo Verduzco","Tiempo de lectura":"3 minutos"},"schema":{"@context":"https:\/\/schema.org","@graph":[{"@type":"Article","@id":"https:\/\/interamerica.org\/es\/2010\/06\/interamerica-mexico-central-belise-y-colombia-del-sur-atraen-cientos-en-los-modulos-de-exhibicion\/#article","isPartOf":{"@id":"https:\/\/interamerica.org\/es\/2010\/06\/interamerica-mexico-central-belise-y-colombia-del-sur-atraen-cientos-en-los-modulos-de-exhibicion\/"},"author":{"name":"Lorenzo Verduzco","@id":"https:\/\/interamerica.org\/es\/#\/schema\/person\/68ede8bdc292885bb76c1e3810e73c39"},"headline":"Interam\u00e9rica: M\u00e9xico Central, Belise, y Colombia del Sur atraen cientos en los m\u00f3dulos de exhibici\u00f3n.","datePublished":"2010-06-30T04:00:00+00:00","dateModified":"2017-06-02T12:59:24+00:00","mainEntityOfPage":{"@id":"https:\/\/interamerica.org\/es\/2010\/06\/interamerica-mexico-central-belise-y-colombia-del-sur-atraen-cientos-en-los-modulos-de-exhibicion\/"},"wordCount":600,"articleSection":["Archivo"],"inLanguage":"es"},{"@type":"WebPage","@id":"https:\/\/interamerica.org\/es\/2010\/06\/interamerica-mexico-central-belise-y-colombia-del-sur-atraen-cientos-en-los-modulos-de-exhibicion\/","url":"https:\/\/interamerica.org\/es\/2010\/06\/interamerica-mexico-central-belise-y-colombia-del-sur-atraen-cientos-en-los-modulos-de-exhibicion\/","name":"Interam\u00e9rica: M\u00e9xico Central, Belise, y Colombia del Sur atraen cientos en los m\u00f3dulos de exhibici\u00f3n. - Iglesia Adventista del S\u00e9ptimo D\u00eda - Divisi\u00f3n Interamericana","isPartOf":{"@id":"https:\/\/interamerica.org\/es\/#website"},"datePublished":"2010-06-30T04:00:00+00:00","dateModified":"2017-06-02T12:59:24+00:00","author":{"@id":"https:\/\/interamerica.org\/es\/#\/schema\/person\/68ede8bdc292885bb76c1e3810e73c39"},"breadcrumb":{"@id":"https:\/\/interamerica.org\/es\/2010\/06\/interamerica-mexico-central-belise-y-colombia-del-sur-atraen-cientos-en-los-modulos-de-exhibicion\/#breadcrumb"},"inLanguage":"es","potentialAction":[{"@type":"ReadAction","target":["https:\/\/interamerica.org\/es\/2010\/06\/interamerica-mexico-central-belise-y-colombia-del-sur-atraen-cientos-en-los-modulos-de-exhibicion\/"]}]},{"@type":"BreadcrumbList","@id":"https:\/\/interamerica.org\/es\/2010\/06\/interamerica-mexico-central-belise-y-colombia-del-sur-atraen-cientos-en-los-modulos-de-exhibicion\/#breadcrumb","itemListElement":[{"@type":"ListItem","position":1,"name":"Home","item":"https:\/\/interamerica.org\/es\/"},{"@type":"ListItem","position":2,"name":"Interam\u00e9rica: M\u00e9xico Central, Belise, y Colombia del Sur atraen cientos en los m\u00f3dulos de exhibici\u00f3n."}]},{"@type":"WebSite","@id":"https:\/\/interamerica.org\/es\/#website","url":"https:\/\/interamerica.org\/es\/","name":"Iglesia Adventista del S\u00e9ptimo D\u00eda - Divisi\u00f3n Interamericana","description":"","potentialAction":[{"@type":"SearchAction","target":{"@type":"EntryPoint","urlTemplate":"https:\/\/interamerica.org\/es\/?s={search_term_string}"},"query-input":{"@type":"PropertyValueSpecification","valueRequired":true,"valueName":"search_term_string"}}],"inLanguage":"es"},{"@type":"Person","@id":"https:\/\/interamerica.org\/es\/#\/schema\/person\/68ede8bdc292885bb76c1e3810e73c39","name":"Lorenzo Verduzco","image":{"@type":"ImageObject","inLanguage":"es","@id":"https:\/\/secure.gravatar.com\/avatar\/fb81a55b6218459490a9c1dc841a34909185b81904c5337b4b27f7a6fd60c49e?s=96&d=mm&r=g","url":"https:\/\/secure.gravatar.com\/avatar\/fb81a55b6218459490a9c1dc841a34909185b81904c5337b4b27f7a6fd60c49e?s=96&d=mm&r=g","contentUrl":"https:\/\/secure.gravatar.com\/avatar\/fb81a55b6218459490a9c1dc841a34909185b81904c5337b4b27f7a6fd60c49e?s=96&d=mm&r=g","caption":"Lorenzo Verduzco"}}]}},"_links":{"self":[{"href":"https:\/\/interamerica.org\/es\/wp-json\/wp\/v2\/posts\/11617","targetHints":{"allow":["GET"]}}],"collection":[{"href":"https:\/\/interamerica.org\/es\/wp-json\/wp\/v2\/posts"}],"about":[{"href":"https:\/\/interamerica.org\/es\/wp-json\/wp\/v2\/types\/post"}],"author":[{"embeddable":true,"href":"https:\/\/interamerica.org\/es\/wp-json\/wp\/v2\/users\/1"}],"replies":[{"embeddable":true,"href":"https:\/\/interamerica.org\/es\/wp-json\/wp\/v2\/comments?post=11617"}],"version-history":[{"count":0,"href":"https:\/\/interamerica.org\/es\/wp-json\/wp\/v2\/posts\/11617\/revisions"}],"wp:attachment":[{"href":"https:\/\/interamerica.org\/es\/wp-json\/wp\/v2\/media?parent=11617"}],"wp:term":[{"taxonomy":"category","embeddable":true,"href":"https:\/\/interamerica.org\/es\/wp-json\/wp\/v2\/categories?post=11617"},{"taxonomy":"post_tag","embeddable":true,"href":"https:\/\/interamerica.org\/es\/wp-json\/wp\/v2\/tags?post=11617"}],"curies":[{"name":"wp","href":"https:\/\/api.w.org\/{rel}","templated":true}]}}