{"id":11618,"date":"2010-07-02T00:00:00","date_gmt":"2010-07-02T04:00:00","guid":{"rendered":"http:\/\/192.81.217.108\/interamerica\/2010\/07\/comite-tope-de-la-iglesia-adventista-incluye-mas-jovenes\/"},"modified":"2017-06-02T08:59:18","modified_gmt":"2017-06-02T12:59:18","slug":"comite-tope-de-la-iglesia-adventista-incluye-mas-jovenes","status":"publish","type":"post","link":"https:\/\/interamerica.org\/es\/2010\/07\/comite-tope-de-la-iglesia-adventista-incluye-mas-jovenes\/","title":{"rendered":"Comit\u00e9 tope de la iglesia adventista incluye m\u00e1s j\u00f3venes"},"content":{"rendered":"<p>2 de julio, 2010, Silver Spring, Maryland, Estados Unidos  ..Edwin Manuel Garcia\/ANN  <\/p>\n<p>En varias ocasiones, la semana pasada, delegados en la 59 Sesi\u00f3n de la Asociaci\u00f3n General han tomado el micr\u00f3fono para expresar duras opiniones sobre la falta de representantes j\u00f3venes, aun cuando el t\u00f2pico que era discutido en p\u00f9blico en el momento no ten\u00eda relaci\u00f3n.                     <\/p>\n<p>En respuesta, los oficiales de la iglesia sentados al frente en p\u00f3dium, cortesmente dijeron a los que abogaban por los j\u00f3venes que retuvieran sus sugerencias para un tiempo apropiado. <\/p>\n<p>Lleg\u00f3 el viernes, durante las \u00faltimas reuniones de negocios del d\u00eda 10 de la sesi\u00f3n, los delegados, por fin, tuvieron la oportunidad de discutir y aprobar un punto en la agenda que anima la representaci\u00f3n de j\u00f3venes en el Comit\u00e9 Ejecutivo de la Asociaci\u00f3n General.   <\/p>\n<p>El asunto: Una enmienda a la Constituci\u00f3n y reglamentos de la Asociaci\u00f3n General que declara que la membres\u00eda del comit\u00e9 incluir\u00e1 \u00abno menos de 15 y no m\u00e1s de 20 miembros&#8230;de laicos, incuyendo j\u00f3venes adultos\u00bb.<\/p>\n<p>La propuesta fue adoptada casi un\u00e1nime, per no antes de que varios delegados atentaran incorporar lenguage m\u00e1s espec\u00edfico en la enmienda, tal como definici\u00f3n de joven adulto y un n\u00famero diferente de representantes j\u00f3venes adultos.<\/p>\n<p>Un joven adulto es con frecuencia definido como alguien entre las edades de 18 a 35 a\u00f1os, pero los delegados decidieron no adoptar un intervalo de ead.<\/p>\n<p>Un total de 43 delegados por debajo de 30 a\u00f1os  est\u00e1 registrado para la Sesi\u00f3n, de un total de 2,233 que se hab\u00edan registrado hasta el jueves.<\/p>\n<p>La propuesta del viernes tuvo que ver solo con la composici\u00f3n del Comit\u00e9 Ejecutivo, que tiene alrededor de 300 miembros. Los delegados que expresaron preocupaciones al comienzo de la semana a cerca de falta de representaci\u00f3n entre el total de delegados fueron recordados de que las asociaciones locales, uniones y divisiones eligen el bolco de los delegados para la Sesi\u00f3n.<\/p>\n<p>\u00abLos j\u00f3venes son personas muy importantes para nuestro futuro en nuestra iglesia a nivel mundial\u00bb, dijo Lisa Choi de la regi\u00f3n norte\u00f1a de Asia Pac\u00edfico, agregando, \u00abel serm\u00f3n de ayer mencion\u00f3 esto ya\u00bb.<\/p>\n<p>Los delegados tambi\u00e9n escucharon del anterior presidente de la iglesia a nivel mundial, Jan Paulsen, el l\u00edder adventista con el m\u00e1s alto perfil que gan\u00f3 la reputaci\u00f3n durante sus 11 a\u00f1os de presidente por animar la juventud en todo el mundo a que participen en la programaci\u00f3n de la iglesia.<\/p>\n<p>Paulsen dijo que era \u00abmaravilloso\u00bb que la administraci\u00f3n de la Asociaci\u00f3n General estaba involucrada en ese asunto. \u00abHace cinco a\u00f1os no ten\u00edamos esta provisi\u00f3n\u00bb, dijo Paulsen. \u00abCreo que el Esp\u00edritu Santo nos dirige y mi coraz\u00f3n se goza\u00bb.<\/p>\n<p>Un delegado se opuso a la enmienda, sugiriendo que no le gustar\u00eda cambiar un miembro de edad con experiencia con alguien con mucha menos experiencia.<\/p>\n<\/p><\/p>\n","protected":false},"excerpt":{"rendered":"<p>En varias ocasiones la semana pasada, delegados en la 59 Sesi\u00f3n de la Asociaci\u00f3n General han tomado el microf\u00f3no para dar expresar fuertes opiniones acerca de la falta de representantes j\u00f3venes &#8230;<\/p>\n","protected":false},"author":1,"featured_media":0,"comment_status":"closed","ping_status":"closed","sticky":false,"template":"","format":"standard","meta":{"_acf_changed":false,"footnotes":""},"categories":[8],"tags":[],"class_list":["post-11618","post","type-post","status-publish","format-standard","hentry","category-archivo"],"acf":[],"yoast_head":"<!-- This site is optimized with the Yoast SEO plugin v27.3 - https:\/\/yoast.com\/product\/yoast-seo-wordpress\/ -->\n<title>Comit\u00e9 tope de la iglesia adventista incluye m\u00e1s j\u00f3venes - Iglesia Adventista del S\u00e9ptimo D\u00eda - Divisi\u00f3n Interamericana<\/title>\n<meta name=\"robots\" content=\"index, follow, max-snippet:-1, max-image-preview:large, max-video-preview:-1\" \/>\n<link rel=\"canonical\" href=\"https:\/\/interamerica.org\/es\/2010\/07\/comite-tope-de-la-iglesia-adventista-incluye-mas-jovenes\/\" \/>\n<meta property=\"og:locale\" content=\"es_ES\" \/>\n<meta property=\"og:type\" content=\"article\" \/>\n<meta property=\"og:title\" content=\"Comit\u00e9 tope de la iglesia adventista incluye m\u00e1s j\u00f3venes - Iglesia Adventista del S\u00e9ptimo D\u00eda - Divisi\u00f3n Interamericana\" \/>\n<meta property=\"og:description\" content=\"En varias ocasiones la semana pasada, delegados en la 59 Sesi\u00f3n de la Asociaci\u00f3n General han tomado el microf\u00f3no para dar expresar fuertes opiniones acerca de la falta de representantes j\u00f3venes ...\" \/>\n<meta property=\"og:url\" content=\"https:\/\/interamerica.org\/es\/2010\/07\/comite-tope-de-la-iglesia-adventista-incluye-mas-jovenes\/\" \/>\n<meta property=\"og:site_name\" content=\"Iglesia Adventista del S\u00e9ptimo D\u00eda - Divisi\u00f3n Interamericana\" \/>\n<meta property=\"article:published_time\" content=\"2010-07-02T04:00:00+00:00\" \/>\n<meta property=\"article:modified_time\" content=\"2017-06-02T12:59:18+00:00\" \/>\n<meta name=\"author\" content=\"Lorenzo Verduzco\" \/>\n<meta name=\"twitter:card\" content=\"summary_large_image\" \/>\n<meta name=\"twitter:label1\" content=\"Escrito por\" \/>\n\t<meta name=\"twitter:data1\" content=\"Lorenzo Verduzco\" \/>\n\t<meta name=\"twitter:label2\" content=\"Tiempo de lectura\" \/>\n\t<meta name=\"twitter:data2\" content=\"3 minutos\" \/>\n<script type=\"application\/ld+json\" class=\"yoast-schema-graph\">{\"@context\":\"https:\\\/\\\/schema.org\",\"@graph\":[{\"@type\":\"Article\",\"@id\":\"https:\\\/\\\/interamerica.org\\\/es\\\/2010\\\/07\\\/comite-tope-de-la-iglesia-adventista-incluye-mas-jovenes\\\/#article\",\"isPartOf\":{\"@id\":\"https:\\\/\\\/interamerica.org\\\/es\\\/2010\\\/07\\\/comite-tope-de-la-iglesia-adventista-incluye-mas-jovenes\\\/\"},\"author\":{\"name\":\"Lorenzo Verduzco\",\"@id\":\"https:\\\/\\\/interamerica.org\\\/es\\\/#\\\/schema\\\/person\\\/68ede8bdc292885bb76c1e3810e73c39\"},\"headline\":\"Comit\u00e9 tope de la iglesia adventista incluye m\u00e1s j\u00f3venes\",\"datePublished\":\"2010-07-02T04:00:00+00:00\",\"dateModified\":\"2017-06-02T12:59:18+00:00\",\"mainEntityOfPage\":{\"@id\":\"https:\\\/\\\/interamerica.org\\\/es\\\/2010\\\/07\\\/comite-tope-de-la-iglesia-adventista-incluye-mas-jovenes\\\/\"},\"wordCount\":512,\"articleSection\":[\"Archivo\"],\"inLanguage\":\"es\"},{\"@type\":\"WebPage\",\"@id\":\"https:\\\/\\\/interamerica.org\\\/es\\\/2010\\\/07\\\/comite-tope-de-la-iglesia-adventista-incluye-mas-jovenes\\\/\",\"url\":\"https:\\\/\\\/interamerica.org\\\/es\\\/2010\\\/07\\\/comite-tope-de-la-iglesia-adventista-incluye-mas-jovenes\\\/\",\"name\":\"Comit\u00e9 tope de la iglesia adventista incluye m\u00e1s j\u00f3venes - Iglesia Adventista del S\u00e9ptimo D\u00eda - Divisi\u00f3n Interamericana\",\"isPartOf\":{\"@id\":\"https:\\\/\\\/interamerica.org\\\/es\\\/#website\"},\"datePublished\":\"2010-07-02T04:00:00+00:00\",\"dateModified\":\"2017-06-02T12:59:18+00:00\",\"author\":{\"@id\":\"https:\\\/\\\/interamerica.org\\\/es\\\/#\\\/schema\\\/person\\\/68ede8bdc292885bb76c1e3810e73c39\"},\"breadcrumb\":{\"@id\":\"https:\\\/\\\/interamerica.org\\\/es\\\/2010\\\/07\\\/comite-tope-de-la-iglesia-adventista-incluye-mas-jovenes\\\/#breadcrumb\"},\"inLanguage\":\"es\",\"potentialAction\":[{\"@type\":\"ReadAction\",\"target\":[\"https:\\\/\\\/interamerica.org\\\/es\\\/2010\\\/07\\\/comite-tope-de-la-iglesia-adventista-incluye-mas-jovenes\\\/\"]}]},{\"@type\":\"BreadcrumbList\",\"@id\":\"https:\\\/\\\/interamerica.org\\\/es\\\/2010\\\/07\\\/comite-tope-de-la-iglesia-adventista-incluye-mas-jovenes\\\/#breadcrumb\",\"itemListElement\":[{\"@type\":\"ListItem\",\"position\":1,\"name\":\"Home\",\"item\":\"https:\\\/\\\/interamerica.org\\\/es\\\/\"},{\"@type\":\"ListItem\",\"position\":2,\"name\":\"Comit\u00e9 tope de la iglesia adventista incluye m\u00e1s j\u00f3venes\"}]},{\"@type\":\"WebSite\",\"@id\":\"https:\\\/\\\/interamerica.org\\\/es\\\/#website\",\"url\":\"https:\\\/\\\/interamerica.org\\\/es\\\/\",\"name\":\"Iglesia Adventista del S\u00e9ptimo D\u00eda - Divisi\u00f3n Interamericana\",\"description\":\"\",\"potentialAction\":[{\"@type\":\"SearchAction\",\"target\":{\"@type\":\"EntryPoint\",\"urlTemplate\":\"https:\\\/\\\/interamerica.org\\\/es\\\/?s={search_term_string}\"},\"query-input\":{\"@type\":\"PropertyValueSpecification\",\"valueRequired\":true,\"valueName\":\"search_term_string\"}}],\"inLanguage\":\"es\"},{\"@type\":\"Person\",\"@id\":\"https:\\\/\\\/interamerica.org\\\/es\\\/#\\\/schema\\\/person\\\/68ede8bdc292885bb76c1e3810e73c39\",\"name\":\"Lorenzo Verduzco\",\"image\":{\"@type\":\"ImageObject\",\"inLanguage\":\"es\",\"@id\":\"https:\\\/\\\/secure.gravatar.com\\\/avatar\\\/fb81a55b6218459490a9c1dc841a34909185b81904c5337b4b27f7a6fd60c49e?s=96&d=mm&r=g\",\"url\":\"https:\\\/\\\/secure.gravatar.com\\\/avatar\\\/fb81a55b6218459490a9c1dc841a34909185b81904c5337b4b27f7a6fd60c49e?s=96&d=mm&r=g\",\"contentUrl\":\"https:\\\/\\\/secure.gravatar.com\\\/avatar\\\/fb81a55b6218459490a9c1dc841a34909185b81904c5337b4b27f7a6fd60c49e?s=96&d=mm&r=g\",\"caption\":\"Lorenzo Verduzco\"}}]}<\/script>\n<!-- \/ Yoast SEO plugin. -->","yoast_head_json":{"title":"Comit\u00e9 tope de la iglesia adventista incluye m\u00e1s j\u00f3venes - Iglesia Adventista del S\u00e9ptimo D\u00eda - Divisi\u00f3n Interamericana","robots":{"index":"index","follow":"follow","max-snippet":"max-snippet:-1","max-image-preview":"max-image-preview:large","max-video-preview":"max-video-preview:-1"},"canonical":"https:\/\/interamerica.org\/es\/2010\/07\/comite-tope-de-la-iglesia-adventista-incluye-mas-jovenes\/","og_locale":"es_ES","og_type":"article","og_title":"Comit\u00e9 tope de la iglesia adventista incluye m\u00e1s j\u00f3venes - Iglesia Adventista del S\u00e9ptimo D\u00eda - Divisi\u00f3n Interamericana","og_description":"En varias ocasiones la semana pasada, delegados en la 59 Sesi\u00f3n de la Asociaci\u00f3n General han tomado el microf\u00f3no para dar expresar fuertes opiniones acerca de la falta de representantes j\u00f3venes ...","og_url":"https:\/\/interamerica.org\/es\/2010\/07\/comite-tope-de-la-iglesia-adventista-incluye-mas-jovenes\/","og_site_name":"Iglesia Adventista del S\u00e9ptimo D\u00eda - Divisi\u00f3n Interamericana","article_published_time":"2010-07-02T04:00:00+00:00","article_modified_time":"2017-06-02T12:59:18+00:00","author":"Lorenzo Verduzco","twitter_card":"summary_large_image","twitter_misc":{"Escrito por":"Lorenzo Verduzco","Tiempo de lectura":"3 minutos"},"schema":{"@context":"https:\/\/schema.org","@graph":[{"@type":"Article","@id":"https:\/\/interamerica.org\/es\/2010\/07\/comite-tope-de-la-iglesia-adventista-incluye-mas-jovenes\/#article","isPartOf":{"@id":"https:\/\/interamerica.org\/es\/2010\/07\/comite-tope-de-la-iglesia-adventista-incluye-mas-jovenes\/"},"author":{"name":"Lorenzo Verduzco","@id":"https:\/\/interamerica.org\/es\/#\/schema\/person\/68ede8bdc292885bb76c1e3810e73c39"},"headline":"Comit\u00e9 tope de la iglesia adventista incluye m\u00e1s j\u00f3venes","datePublished":"2010-07-02T04:00:00+00:00","dateModified":"2017-06-02T12:59:18+00:00","mainEntityOfPage":{"@id":"https:\/\/interamerica.org\/es\/2010\/07\/comite-tope-de-la-iglesia-adventista-incluye-mas-jovenes\/"},"wordCount":512,"articleSection":["Archivo"],"inLanguage":"es"},{"@type":"WebPage","@id":"https:\/\/interamerica.org\/es\/2010\/07\/comite-tope-de-la-iglesia-adventista-incluye-mas-jovenes\/","url":"https:\/\/interamerica.org\/es\/2010\/07\/comite-tope-de-la-iglesia-adventista-incluye-mas-jovenes\/","name":"Comit\u00e9 tope de la iglesia adventista incluye m\u00e1s j\u00f3venes - Iglesia Adventista del S\u00e9ptimo D\u00eda - Divisi\u00f3n Interamericana","isPartOf":{"@id":"https:\/\/interamerica.org\/es\/#website"},"datePublished":"2010-07-02T04:00:00+00:00","dateModified":"2017-06-02T12:59:18+00:00","author":{"@id":"https:\/\/interamerica.org\/es\/#\/schema\/person\/68ede8bdc292885bb76c1e3810e73c39"},"breadcrumb":{"@id":"https:\/\/interamerica.org\/es\/2010\/07\/comite-tope-de-la-iglesia-adventista-incluye-mas-jovenes\/#breadcrumb"},"inLanguage":"es","potentialAction":[{"@type":"ReadAction","target":["https:\/\/interamerica.org\/es\/2010\/07\/comite-tope-de-la-iglesia-adventista-incluye-mas-jovenes\/"]}]},{"@type":"BreadcrumbList","@id":"https:\/\/interamerica.org\/es\/2010\/07\/comite-tope-de-la-iglesia-adventista-incluye-mas-jovenes\/#breadcrumb","itemListElement":[{"@type":"ListItem","position":1,"name":"Home","item":"https:\/\/interamerica.org\/es\/"},{"@type":"ListItem","position":2,"name":"Comit\u00e9 tope de la iglesia adventista incluye m\u00e1s j\u00f3venes"}]},{"@type":"WebSite","@id":"https:\/\/interamerica.org\/es\/#website","url":"https:\/\/interamerica.org\/es\/","name":"Iglesia Adventista del S\u00e9ptimo D\u00eda - Divisi\u00f3n Interamericana","description":"","potentialAction":[{"@type":"SearchAction","target":{"@type":"EntryPoint","urlTemplate":"https:\/\/interamerica.org\/es\/?s={search_term_string}"},"query-input":{"@type":"PropertyValueSpecification","valueRequired":true,"valueName":"search_term_string"}}],"inLanguage":"es"},{"@type":"Person","@id":"https:\/\/interamerica.org\/es\/#\/schema\/person\/68ede8bdc292885bb76c1e3810e73c39","name":"Lorenzo Verduzco","image":{"@type":"ImageObject","inLanguage":"es","@id":"https:\/\/secure.gravatar.com\/avatar\/fb81a55b6218459490a9c1dc841a34909185b81904c5337b4b27f7a6fd60c49e?s=96&d=mm&r=g","url":"https:\/\/secure.gravatar.com\/avatar\/fb81a55b6218459490a9c1dc841a34909185b81904c5337b4b27f7a6fd60c49e?s=96&d=mm&r=g","contentUrl":"https:\/\/secure.gravatar.com\/avatar\/fb81a55b6218459490a9c1dc841a34909185b81904c5337b4b27f7a6fd60c49e?s=96&d=mm&r=g","caption":"Lorenzo Verduzco"}}]}},"_links":{"self":[{"href":"https:\/\/interamerica.org\/es\/wp-json\/wp\/v2\/posts\/11618","targetHints":{"allow":["GET"]}}],"collection":[{"href":"https:\/\/interamerica.org\/es\/wp-json\/wp\/v2\/posts"}],"about":[{"href":"https:\/\/interamerica.org\/es\/wp-json\/wp\/v2\/types\/post"}],"author":[{"embeddable":true,"href":"https:\/\/interamerica.org\/es\/wp-json\/wp\/v2\/users\/1"}],"replies":[{"embeddable":true,"href":"https:\/\/interamerica.org\/es\/wp-json\/wp\/v2\/comments?post=11618"}],"version-history":[{"count":0,"href":"https:\/\/interamerica.org\/es\/wp-json\/wp\/v2\/posts\/11618\/revisions"}],"wp:attachment":[{"href":"https:\/\/interamerica.org\/es\/wp-json\/wp\/v2\/media?parent=11618"}],"wp:term":[{"taxonomy":"category","embeddable":true,"href":"https:\/\/interamerica.org\/es\/wp-json\/wp\/v2\/categories?post=11618"},{"taxonomy":"post_tag","embeddable":true,"href":"https:\/\/interamerica.org\/es\/wp-json\/wp\/v2\/tags?post=11618"}],"curies":[{"name":"wp","href":"https:\/\/api.w.org\/{rel}","templated":true}]}}