{"id":11619,"date":"2010-07-01T00:00:00","date_gmt":"2010-07-01T04:00:00","guid":{"rendered":"http:\/\/192.81.217.108\/interamerica\/2010\/07\/interamerica-mexico-central-belice-y-colombia-del-sur-atraen-centenares-al-modulo-de-exhibicion\/"},"modified":"2017-06-02T08:59:22","modified_gmt":"2017-06-02T12:59:22","slug":"interamerica-mexico-central-belice-y-colombia-del-sur-atraen-centenares-al-modulo-de-exhibicion","status":"publish","type":"post","link":"https:\/\/interamerica.org\/es\/2010\/07\/interamerica-mexico-central-belice-y-colombia-del-sur-atraen-centenares-al-modulo-de-exhibicion\/","title":{"rendered":"Interam\u00e9rica: M\u00e9xico Central, Belice y Colombia del Sur atraen centenares al m\u00f3dulo de exhibici\u00f3n"},"content":{"rendered":"<p><em >1 de julio 2010<\/em > -Atlanta, Georgia, Estados Unidos&#8230;[Libna Stevens\/IAD] <\/p>\n<p>Cientos siguen llegando al m\u00f3dulo de exibici\u00f3n de la Divisi\u00f3n (IAD) en el corredor de las exhibiciones del  Georgia World Congress Center durante el d\u00eda 7mo de la 59 Sesi\u00f3n de la Asociaci\u00f3n General en Atlanta, Georgia. <\/p>\n<p>Presentadas en el m\u00f3dulo de la DIA estuvieron la Uni\u00f3n Cubana y la Uni\u00f3n \u00cdnter Oce\u00e1nica de M\u00e9xico. <\/p>\n<p><strong >Uni\u00f3n Cubana<\/strong > <\/p>\n<p>Una iglesia creciente ubicada en el Caribe, la Uni\u00f3n Cubana tiene m\u00e1s de 30,000 miembros de iglesia entre una poblaci\u00f3n de 12 millones. <\/p>\n<p>Cuba es un pa\u00eds muy feliz y nos sentimos bien a pesar de que hemos tenido limitaciones\u00bb, dice Jos\u00e9 Carballo, director de comunicaci\u00f3n de la iglesia en Cuba. \u00abLa gente trabaja con fervor por el evangelio y nosotros continuamos haciendo lo que Dios nos permite\u00bb. <\/p>\n<p>La Uni\u00f3n Cubana est\u00e1 dividida en tres regiones de la iglesia y se enorgullece de m\u00e1s de 2,500 grupos peque\u00f1os que se re\u00fanen cada semana. <\/p>\n<p>El pastor Daniel Fontaine, presidente de la iglesia en Cuba dice que la vigorosa fe que tienen los miembros en Dios le ha permitido a la iglesia crecer aun en medio de la situaci\u00f3n en la isla. <\/p>\n<p>\u00abNuestros hermanos son un pueblo preparado para hacerle frente a los  desaf\u00edos con mucha confianza y fe en el Se\u00f1or, y listos para la segunda venida\u00bb, agreg\u00f3 el pastor Fontaine. <\/p>\n<p> <strong >Uni\u00f3n \u00cdnter Oce\u00e1nica de M\u00e9xico<\/strong > <\/p>\n<p>Uno de cuatro territorios de la iglesia en M\u00e9xico, la Uni\u00f3n \u00cdnter Oce\u00e1nica de M\u00e9xico est\u00e1 ubicada en el centro del p\u00e1\u00eds, en medio de los oc\u00e9anos Atl\u00e1ntico y Pac\u00edfico.. <\/p>\n<p> Con s\u00f3lo seis a\u00f1os como uni\u00f3n misi\u00f3n, este territorio de la iglesia est\u00e1 compuesto de ocho estados y se enorgullece de m\u00e1s de 167,000 miembros. <\/p>\n<p>\u00abNuestra iglesia tiene una feligres\u00eda creciente con dedicados disc\u00edpulos ocupados en evangelizar\u00bb, dice Max Oviedo, director de comunicaci\u00f3n de la iglesia en la regi\u00f3n \u00cdnter Oce\u00e1nica de M\u00e9xico. <\/p>\n<p>La iglesia opera seis campos y unas 947 iglesias y congregaciones, as\u00ed como docenas de escuelas adventistas.. <\/p>\n<p>Ambas uniones presentaron varios de sus m\u00fasicos en el \u00e1rea de actuaciones de la DIA durante el d\u00eda. <\/p>\n<p>Para ver un reporte en video del d\u00eda 8vo. de las uniones presentadas, entre a: <\/p>\n<p><a  href=\"\/users\/index.php?language=en&#038;type=subsection&#038;id=289\">http:\/\/tms.interamerica.org\/users\/index.php?language=en&#038;type=subsection&#038;id=289<\/a > <\/p>\n","protected":false},"excerpt":{"rendered":"<p>Centenares continuaron llegando al m\u00f3dulo de exhibici\u00f3n de la Divisi\u00f3n Interamericana durante el 7mo d\u00eda de la Sesi\u00f3n 59 de la Asociaci\u00f3n General en Atlanta, Georgia.<\/p>\n","protected":false},"author":1,"featured_media":0,"comment_status":"closed","ping_status":"closed","sticky":false,"template":"","format":"standard","meta":{"_acf_changed":false,"footnotes":""},"categories":[8],"tags":[],"class_list":["post-11619","post","type-post","status-publish","format-standard","hentry","category-archivo"],"acf":[],"yoast_head":"<!-- This site is optimized with the Yoast SEO plugin v27.3 - https:\/\/yoast.com\/product\/yoast-seo-wordpress\/ -->\n<title>Interam\u00e9rica: M\u00e9xico Central, Belice y Colombia del Sur atraen centenares al m\u00f3dulo de exhibici\u00f3n - Iglesia Adventista del S\u00e9ptimo D\u00eda - Divisi\u00f3n Interamericana<\/title>\n<meta name=\"robots\" content=\"index, follow, max-snippet:-1, max-image-preview:large, max-video-preview:-1\" \/>\n<link rel=\"canonical\" href=\"https:\/\/interamerica.org\/es\/2010\/07\/interamerica-mexico-central-belice-y-colombia-del-sur-atraen-centenares-al-modulo-de-exhibicion\/\" \/>\n<meta property=\"og:locale\" content=\"es_ES\" \/>\n<meta property=\"og:type\" content=\"article\" \/>\n<meta property=\"og:title\" content=\"Interam\u00e9rica: M\u00e9xico Central, Belice y Colombia del Sur atraen centenares al m\u00f3dulo de exhibici\u00f3n - Iglesia Adventista del S\u00e9ptimo D\u00eda - Divisi\u00f3n Interamericana\" \/>\n<meta property=\"og:description\" content=\"Centenares continuaron llegando al m\u00f3dulo de exhibici\u00f3n de la Divisi\u00f3n Interamericana durante el 7mo d\u00eda de la Sesi\u00f3n 59 de la Asociaci\u00f3n General en Atlanta, Georgia.\" \/>\n<meta property=\"og:url\" content=\"https:\/\/interamerica.org\/es\/2010\/07\/interamerica-mexico-central-belice-y-colombia-del-sur-atraen-centenares-al-modulo-de-exhibicion\/\" \/>\n<meta property=\"og:site_name\" content=\"Iglesia Adventista del S\u00e9ptimo D\u00eda - Divisi\u00f3n Interamericana\" \/>\n<meta property=\"article:published_time\" content=\"2010-07-01T04:00:00+00:00\" \/>\n<meta property=\"article:modified_time\" content=\"2017-06-02T12:59:22+00:00\" \/>\n<meta name=\"author\" content=\"Lorenzo Verduzco\" \/>\n<meta name=\"twitter:card\" content=\"summary_large_image\" \/>\n<meta name=\"twitter:label1\" content=\"Escrito por\" \/>\n\t<meta name=\"twitter:data1\" content=\"Lorenzo Verduzco\" \/>\n\t<meta name=\"twitter:label2\" content=\"Tiempo de lectura\" \/>\n\t<meta name=\"twitter:data2\" content=\"2 minutos\" \/>\n<script type=\"application\/ld+json\" class=\"yoast-schema-graph\">{\"@context\":\"https:\\\/\\\/schema.org\",\"@graph\":[{\"@type\":\"Article\",\"@id\":\"https:\\\/\\\/interamerica.org\\\/es\\\/2010\\\/07\\\/interamerica-mexico-central-belice-y-colombia-del-sur-atraen-centenares-al-modulo-de-exhibicion\\\/#article\",\"isPartOf\":{\"@id\":\"https:\\\/\\\/interamerica.org\\\/es\\\/2010\\\/07\\\/interamerica-mexico-central-belice-y-colombia-del-sur-atraen-centenares-al-modulo-de-exhibicion\\\/\"},\"author\":{\"name\":\"Lorenzo Verduzco\",\"@id\":\"https:\\\/\\\/interamerica.org\\\/es\\\/#\\\/schema\\\/person\\\/68ede8bdc292885bb76c1e3810e73c39\"},\"headline\":\"Interam\u00e9rica: M\u00e9xico Central, Belice y Colombia del Sur atraen centenares al m\u00f3dulo de exhibici\u00f3n\",\"datePublished\":\"2010-07-01T04:00:00+00:00\",\"dateModified\":\"2017-06-02T12:59:22+00:00\",\"mainEntityOfPage\":{\"@id\":\"https:\\\/\\\/interamerica.org\\\/es\\\/2010\\\/07\\\/interamerica-mexico-central-belice-y-colombia-del-sur-atraen-centenares-al-modulo-de-exhibicion\\\/\"},\"wordCount\":437,\"articleSection\":[\"Archivo\"],\"inLanguage\":\"es\"},{\"@type\":\"WebPage\",\"@id\":\"https:\\\/\\\/interamerica.org\\\/es\\\/2010\\\/07\\\/interamerica-mexico-central-belice-y-colombia-del-sur-atraen-centenares-al-modulo-de-exhibicion\\\/\",\"url\":\"https:\\\/\\\/interamerica.org\\\/es\\\/2010\\\/07\\\/interamerica-mexico-central-belice-y-colombia-del-sur-atraen-centenares-al-modulo-de-exhibicion\\\/\",\"name\":\"Interam\u00e9rica: M\u00e9xico Central, Belice y Colombia del Sur atraen centenares al m\u00f3dulo de exhibici\u00f3n - Iglesia Adventista del S\u00e9ptimo D\u00eda - Divisi\u00f3n Interamericana\",\"isPartOf\":{\"@id\":\"https:\\\/\\\/interamerica.org\\\/es\\\/#website\"},\"datePublished\":\"2010-07-01T04:00:00+00:00\",\"dateModified\":\"2017-06-02T12:59:22+00:00\",\"author\":{\"@id\":\"https:\\\/\\\/interamerica.org\\\/es\\\/#\\\/schema\\\/person\\\/68ede8bdc292885bb76c1e3810e73c39\"},\"breadcrumb\":{\"@id\":\"https:\\\/\\\/interamerica.org\\\/es\\\/2010\\\/07\\\/interamerica-mexico-central-belice-y-colombia-del-sur-atraen-centenares-al-modulo-de-exhibicion\\\/#breadcrumb\"},\"inLanguage\":\"es\",\"potentialAction\":[{\"@type\":\"ReadAction\",\"target\":[\"https:\\\/\\\/interamerica.org\\\/es\\\/2010\\\/07\\\/interamerica-mexico-central-belice-y-colombia-del-sur-atraen-centenares-al-modulo-de-exhibicion\\\/\"]}]},{\"@type\":\"BreadcrumbList\",\"@id\":\"https:\\\/\\\/interamerica.org\\\/es\\\/2010\\\/07\\\/interamerica-mexico-central-belice-y-colombia-del-sur-atraen-centenares-al-modulo-de-exhibicion\\\/#breadcrumb\",\"itemListElement\":[{\"@type\":\"ListItem\",\"position\":1,\"name\":\"Home\",\"item\":\"https:\\\/\\\/interamerica.org\\\/es\\\/\"},{\"@type\":\"ListItem\",\"position\":2,\"name\":\"Interam\u00e9rica: M\u00e9xico Central, Belice y Colombia del Sur atraen centenares al m\u00f3dulo de exhibici\u00f3n\"}]},{\"@type\":\"WebSite\",\"@id\":\"https:\\\/\\\/interamerica.org\\\/es\\\/#website\",\"url\":\"https:\\\/\\\/interamerica.org\\\/es\\\/\",\"name\":\"Iglesia Adventista del S\u00e9ptimo D\u00eda - Divisi\u00f3n Interamericana\",\"description\":\"\",\"potentialAction\":[{\"@type\":\"SearchAction\",\"target\":{\"@type\":\"EntryPoint\",\"urlTemplate\":\"https:\\\/\\\/interamerica.org\\\/es\\\/?s={search_term_string}\"},\"query-input\":{\"@type\":\"PropertyValueSpecification\",\"valueRequired\":true,\"valueName\":\"search_term_string\"}}],\"inLanguage\":\"es\"},{\"@type\":\"Person\",\"@id\":\"https:\\\/\\\/interamerica.org\\\/es\\\/#\\\/schema\\\/person\\\/68ede8bdc292885bb76c1e3810e73c39\",\"name\":\"Lorenzo Verduzco\",\"image\":{\"@type\":\"ImageObject\",\"inLanguage\":\"es\",\"@id\":\"https:\\\/\\\/secure.gravatar.com\\\/avatar\\\/fb81a55b6218459490a9c1dc841a34909185b81904c5337b4b27f7a6fd60c49e?s=96&d=mm&r=g\",\"url\":\"https:\\\/\\\/secure.gravatar.com\\\/avatar\\\/fb81a55b6218459490a9c1dc841a34909185b81904c5337b4b27f7a6fd60c49e?s=96&d=mm&r=g\",\"contentUrl\":\"https:\\\/\\\/secure.gravatar.com\\\/avatar\\\/fb81a55b6218459490a9c1dc841a34909185b81904c5337b4b27f7a6fd60c49e?s=96&d=mm&r=g\",\"caption\":\"Lorenzo Verduzco\"}}]}<\/script>\n<!-- \/ Yoast SEO plugin. -->","yoast_head_json":{"title":"Interam\u00e9rica: M\u00e9xico Central, Belice y Colombia del Sur atraen centenares al m\u00f3dulo de exhibici\u00f3n - Iglesia Adventista del S\u00e9ptimo D\u00eda - Divisi\u00f3n Interamericana","robots":{"index":"index","follow":"follow","max-snippet":"max-snippet:-1","max-image-preview":"max-image-preview:large","max-video-preview":"max-video-preview:-1"},"canonical":"https:\/\/interamerica.org\/es\/2010\/07\/interamerica-mexico-central-belice-y-colombia-del-sur-atraen-centenares-al-modulo-de-exhibicion\/","og_locale":"es_ES","og_type":"article","og_title":"Interam\u00e9rica: M\u00e9xico Central, Belice y Colombia del Sur atraen centenares al m\u00f3dulo de exhibici\u00f3n - Iglesia Adventista del S\u00e9ptimo D\u00eda - Divisi\u00f3n Interamericana","og_description":"Centenares continuaron llegando al m\u00f3dulo de exhibici\u00f3n de la Divisi\u00f3n Interamericana durante el 7mo d\u00eda de la Sesi\u00f3n 59 de la Asociaci\u00f3n General en Atlanta, Georgia.","og_url":"https:\/\/interamerica.org\/es\/2010\/07\/interamerica-mexico-central-belice-y-colombia-del-sur-atraen-centenares-al-modulo-de-exhibicion\/","og_site_name":"Iglesia Adventista del S\u00e9ptimo D\u00eda - Divisi\u00f3n Interamericana","article_published_time":"2010-07-01T04:00:00+00:00","article_modified_time":"2017-06-02T12:59:22+00:00","author":"Lorenzo Verduzco","twitter_card":"summary_large_image","twitter_misc":{"Escrito por":"Lorenzo Verduzco","Tiempo de lectura":"2 minutos"},"schema":{"@context":"https:\/\/schema.org","@graph":[{"@type":"Article","@id":"https:\/\/interamerica.org\/es\/2010\/07\/interamerica-mexico-central-belice-y-colombia-del-sur-atraen-centenares-al-modulo-de-exhibicion\/#article","isPartOf":{"@id":"https:\/\/interamerica.org\/es\/2010\/07\/interamerica-mexico-central-belice-y-colombia-del-sur-atraen-centenares-al-modulo-de-exhibicion\/"},"author":{"name":"Lorenzo Verduzco","@id":"https:\/\/interamerica.org\/es\/#\/schema\/person\/68ede8bdc292885bb76c1e3810e73c39"},"headline":"Interam\u00e9rica: M\u00e9xico Central, Belice y Colombia del Sur atraen centenares al m\u00f3dulo de exhibici\u00f3n","datePublished":"2010-07-01T04:00:00+00:00","dateModified":"2017-06-02T12:59:22+00:00","mainEntityOfPage":{"@id":"https:\/\/interamerica.org\/es\/2010\/07\/interamerica-mexico-central-belice-y-colombia-del-sur-atraen-centenares-al-modulo-de-exhibicion\/"},"wordCount":437,"articleSection":["Archivo"],"inLanguage":"es"},{"@type":"WebPage","@id":"https:\/\/interamerica.org\/es\/2010\/07\/interamerica-mexico-central-belice-y-colombia-del-sur-atraen-centenares-al-modulo-de-exhibicion\/","url":"https:\/\/interamerica.org\/es\/2010\/07\/interamerica-mexico-central-belice-y-colombia-del-sur-atraen-centenares-al-modulo-de-exhibicion\/","name":"Interam\u00e9rica: M\u00e9xico Central, Belice y Colombia del Sur atraen centenares al m\u00f3dulo de exhibici\u00f3n - Iglesia Adventista del S\u00e9ptimo D\u00eda - Divisi\u00f3n Interamericana","isPartOf":{"@id":"https:\/\/interamerica.org\/es\/#website"},"datePublished":"2010-07-01T04:00:00+00:00","dateModified":"2017-06-02T12:59:22+00:00","author":{"@id":"https:\/\/interamerica.org\/es\/#\/schema\/person\/68ede8bdc292885bb76c1e3810e73c39"},"breadcrumb":{"@id":"https:\/\/interamerica.org\/es\/2010\/07\/interamerica-mexico-central-belice-y-colombia-del-sur-atraen-centenares-al-modulo-de-exhibicion\/#breadcrumb"},"inLanguage":"es","potentialAction":[{"@type":"ReadAction","target":["https:\/\/interamerica.org\/es\/2010\/07\/interamerica-mexico-central-belice-y-colombia-del-sur-atraen-centenares-al-modulo-de-exhibicion\/"]}]},{"@type":"BreadcrumbList","@id":"https:\/\/interamerica.org\/es\/2010\/07\/interamerica-mexico-central-belice-y-colombia-del-sur-atraen-centenares-al-modulo-de-exhibicion\/#breadcrumb","itemListElement":[{"@type":"ListItem","position":1,"name":"Home","item":"https:\/\/interamerica.org\/es\/"},{"@type":"ListItem","position":2,"name":"Interam\u00e9rica: M\u00e9xico Central, Belice y Colombia del Sur atraen centenares al m\u00f3dulo de exhibici\u00f3n"}]},{"@type":"WebSite","@id":"https:\/\/interamerica.org\/es\/#website","url":"https:\/\/interamerica.org\/es\/","name":"Iglesia Adventista del S\u00e9ptimo D\u00eda - Divisi\u00f3n Interamericana","description":"","potentialAction":[{"@type":"SearchAction","target":{"@type":"EntryPoint","urlTemplate":"https:\/\/interamerica.org\/es\/?s={search_term_string}"},"query-input":{"@type":"PropertyValueSpecification","valueRequired":true,"valueName":"search_term_string"}}],"inLanguage":"es"},{"@type":"Person","@id":"https:\/\/interamerica.org\/es\/#\/schema\/person\/68ede8bdc292885bb76c1e3810e73c39","name":"Lorenzo Verduzco","image":{"@type":"ImageObject","inLanguage":"es","@id":"https:\/\/secure.gravatar.com\/avatar\/fb81a55b6218459490a9c1dc841a34909185b81904c5337b4b27f7a6fd60c49e?s=96&d=mm&r=g","url":"https:\/\/secure.gravatar.com\/avatar\/fb81a55b6218459490a9c1dc841a34909185b81904c5337b4b27f7a6fd60c49e?s=96&d=mm&r=g","contentUrl":"https:\/\/secure.gravatar.com\/avatar\/fb81a55b6218459490a9c1dc841a34909185b81904c5337b4b27f7a6fd60c49e?s=96&d=mm&r=g","caption":"Lorenzo Verduzco"}}]}},"_links":{"self":[{"href":"https:\/\/interamerica.org\/es\/wp-json\/wp\/v2\/posts\/11619","targetHints":{"allow":["GET"]}}],"collection":[{"href":"https:\/\/interamerica.org\/es\/wp-json\/wp\/v2\/posts"}],"about":[{"href":"https:\/\/interamerica.org\/es\/wp-json\/wp\/v2\/types\/post"}],"author":[{"embeddable":true,"href":"https:\/\/interamerica.org\/es\/wp-json\/wp\/v2\/users\/1"}],"replies":[{"embeddable":true,"href":"https:\/\/interamerica.org\/es\/wp-json\/wp\/v2\/comments?post=11619"}],"version-history":[{"count":0,"href":"https:\/\/interamerica.org\/es\/wp-json\/wp\/v2\/posts\/11619\/revisions"}],"wp:attachment":[{"href":"https:\/\/interamerica.org\/es\/wp-json\/wp\/v2\/media?parent=11619"}],"wp:term":[{"taxonomy":"category","embeddable":true,"href":"https:\/\/interamerica.org\/es\/wp-json\/wp\/v2\/categories?post=11619"},{"taxonomy":"post_tag","embeddable":true,"href":"https:\/\/interamerica.org\/es\/wp-json\/wp\/v2\/tags?post=11619"}],"curies":[{"name":"wp","href":"https:\/\/api.w.org\/{rel}","templated":true}]}}