{"id":116192,"date":"2024-06-20T16:18:37","date_gmt":"2024-06-20T20:18:37","guid":{"rendered":"https:\/\/interamerica.org\/?p=116192"},"modified":"2024-06-21T08:59:21","modified_gmt":"2024-06-21T12:59:21","slug":"un-viaje-misionero-reune-a-estudiantes-de-mexico-y-los-estados-unidos-para-producir-una-serie-de-television","status":"publish","type":"post","link":"https:\/\/interamerica.org\/es\/2024\/06\/un-viaje-misionero-reune-a-estudiantes-de-mexico-y-los-estados-unidos-para-producir-una-serie-de-television\/","title":{"rendered":"Un viaje misionero re\u00fane a estudiantes de M\u00e9xico y los Estados Unidos para producir una serie de televisi\u00f3n"},"content":{"rendered":"<p><div id=\"attachment_116142\" style=\"width: 911px\" class=\"wp-caption aligncenter\"><img fetchpriority=\"high\" decoding=\"async\" aria-describedby=\"caption-attachment-116142\" class=\" wp-image-116140\" src=\"https:\/\/interamerica.org\/wp-content\/uploads\/2024\/06\/hcia-chetumal1.jpg\" alt=\"\" width=\"901\" height=\"601\" srcset=\"https:\/\/interamerica.org\/wp-content\/uploads\/2024\/06\/hcia-chetumal1.jpg 1000w, https:\/\/interamerica.org\/wp-content\/uploads\/2024\/06\/hcia-chetumal1-300x200.jpg 300w, https:\/\/interamerica.org\/wp-content\/uploads\/2024\/06\/hcia-chetumal1-768x512.jpg 768w\" sizes=\"(max-width: 901px) 100vw, 901px\" \/><p id=\"caption-attachment-116142\" class=\"wp-caption-text\">Taylor Moren (izquierda) estudiante de la Universidad Adventista Southern y Daniel Mart\u00ednez, estudiante de la Universidad de Montemorelos, trabajan juntos durante la filmaci\u00f3n en Chetumal, Quintana Roo, en M\u00e9xico. Ambos estudiantes de comunicaci\u00f3n fueron parte de un proyecto de colaboraci\u00f3n dirigido por profesores de cinematograf\u00eda de ambas universidades adventistas para contar la historia de estudiantes predicadores, durante un viaje misionero a Chetumal, del 8-17 de marzo de 2024, para Hope Channel Interamerica. [Fotograf\u00eda: Lizbeth Elejalde\/DIA]<\/p><\/div><em>Estudiantes de la Universidad de Montemorelos y de la Universidad Adventista Southern filman una serie para Hope Channel Interam\u00e9rica.<\/em><\/p>\n<p>19 de junio de 2024 | Miami, Florida, Estados Unidos | Noticias de la Divisi\u00f3n Interamericana<\/p>\n<p>Cuando se planific\u00f3 un viaje misionero para un grupo de estudiantes de la Universidad Adventista Southern (SAU) en Tennessee, Estados Unidos, para predicar el evangelio en el sudeste de M\u00e9xico hace m\u00e1s de seis meses, pronto surgi\u00f3 la idea de documentar su experiencia.<\/p>\n<p>El viaje, que incluir\u00eda a 24 estudiantes, fue organizado por la Facultad de Teolog\u00eda de la SAU, con profesores de cinematograf\u00eda de la SAU y de la Universidad de Montemorelos, en el norte de M\u00e9xico. Los organizadores hablaron de c\u00f3mo contar visualmente su primera experiencia en la predicaci\u00f3n del evangelio.<\/p>\n<p><div id=\"attachment_116127\" style=\"width: 901px\" class=\"wp-caption aligncenter\"><img decoding=\"async\" aria-describedby=\"caption-attachment-116127\" class=\" wp-image-116125\" src=\"https:\/\/interamerica.org\/wp-content\/uploads\/2024\/06\/hcia-devotional-chetumal-8.jpg\" alt=\"\" width=\"891\" height=\"538\" srcset=\"https:\/\/interamerica.org\/wp-content\/uploads\/2024\/06\/hcia-devotional-chetumal-8.jpg 1000w, https:\/\/interamerica.org\/wp-content\/uploads\/2024\/06\/hcia-devotional-chetumal-8-300x181.jpg 300w, https:\/\/interamerica.org\/wp-content\/uploads\/2024\/06\/hcia-devotional-chetumal-8-768x464.jpg 768w\" sizes=\"(max-width: 891px) 100vw, 891px\" \/><p id=\"caption-attachment-116127\" class=\"wp-caption-text\">Estudiantes de la Universidad Adventista Southern en Tennessee, Estados Unidos, y la Universidad de Montemorelos, en el norte de M\u00e9xico, participan de un segmento devocional. [Fotograf\u00eda: Lizbeth Elejalde\/DIA]<\/p><\/div>Pablo Fern\u00e1ndez, profesor asistente y productor de medios en la Facultad de Periodismo y Comunicaci\u00f3n de la SAU, dijo que siempre ha tenido el deseo de crear una oportunidad para que los estudiantes se vean expuestos a una nueva experiencia cultural al prestar servicios a la iglesia. \u201cQuer\u00eda que entiendan de qu\u00e9 manera se lleva a cabo una producci\u00f3n audiovisual en otros lugares\u201d, expres\u00f3. Cuando se enter\u00f3 all\u00ed en la SAU de un viaje misionero ya planificado, supo que era su oportunidad de lograr eso.<\/p>\n<p>Fern\u00e1ndez, que ha producido varias series de televisi\u00f3n para Hope Channel Interam\u00e9rica, se contact\u00f3 con Abel M\u00e1rquez, director ejecutivo de Hope Channel Interam\u00e9rica, con la idea de producci\u00f3n, y el plan comenz\u00f3 a cobrar forma. \u201cDios bendijo este prop\u00f3sito para el proyecto, y comenz\u00f3 la colaboraci\u00f3n con los l\u00edderes de producci\u00f3n televisiva de la Universidad de Montemorelos\u201d, dijo Fern\u00e1ndez. La idea de producci\u00f3n atrajo el apoyo de Hope Channel Interam\u00e9rica, lo que concluy\u00f3 con un breve anuncio televisivo sobre la serie en la red de televisi\u00f3n.<\/p>\n<p><div id=\"attachment_116118\" style=\"width: 889px\" class=\"wp-caption aligncenter\"><img decoding=\"async\" aria-describedby=\"caption-attachment-116118\" class=\" wp-image-116116\" src=\"https:\/\/interamerica.org\/wp-content\/uploads\/2024\/06\/hcia-pablo-fernandez-chetumal-5.jpg\" alt=\"\" width=\"879\" height=\"514\" srcset=\"https:\/\/interamerica.org\/wp-content\/uploads\/2024\/06\/hcia-pablo-fernandez-chetumal-5.jpg 1000w, https:\/\/interamerica.org\/wp-content\/uploads\/2024\/06\/hcia-pablo-fernandez-chetumal-5-300x176.jpg 300w, https:\/\/interamerica.org\/wp-content\/uploads\/2024\/06\/hcia-pablo-fernandez-chetumal-5-768x449.jpg 768w\" sizes=\"(max-width: 879px) 100vw, 879px\" \/><p id=\"caption-attachment-116118\" class=\"wp-caption-text\">Pablo Fern\u00e1ndez (izquierda), productor de medios y profesor asistente de la Universidad Adventista Southern, muestra a Jafet Morales (derecha), estudiante de la Universidad de Montemorelos, c\u00f3mo filmar una entrevista, enla Misi\u00f3n Sur de Quintana Roo, en M\u00e9xico. [Fotograf\u00eda: Lizbeth Elejalde\/DIA]<\/p><\/div>\u201cNo pudimos dejar pasar esta oportunidad de producir contenidos de evangelizaci\u00f3n para nuestro canal de televisi\u00f3n, pero tambi\u00e9n de ofrecer a estudiantes de dos universidades una plataforma que por cierto enriquecer\u00e1 su formaci\u00f3n como productores cristianos\u201d, dijo M\u00e1rquez. Cuando nos unimos, optimizamos los esfuerzos y somos m\u00e1s s\u00f3lidos en nuestra misi\u00f3n\u201d.<\/p>\n<p>El equipo de producci\u00f3n incluy\u00f3 cuatro estudiantes de comunicaci\u00f3n y medios de la Universidad de Montemorelos y cinco de la SAU, quienes documentaron la experiencia de los estudiantes de la SAU y su participaci\u00f3n antes, durante y despu\u00e9s del viaje misionero en Chetumal, Quintana Roo, M\u00e9xico, del 7-17 de marzo de 2024.<\/p>\n<p><div id=\"attachment_116136\" style=\"width: 877px\" class=\"wp-caption aligncenter\"><img loading=\"lazy\" decoding=\"async\" aria-describedby=\"caption-attachment-116136\" class=\" wp-image-116134\" src=\"https:\/\/interamerica.org\/wp-content\/uploads\/2024\/06\/hcia-chetumal-jorgediaz-studentchetumal-4.jpg\" alt=\"\" width=\"867\" height=\"651\" srcset=\"https:\/\/interamerica.org\/wp-content\/uploads\/2024\/06\/hcia-chetumal-jorgediaz-studentchetumal-4.jpg 950w, https:\/\/interamerica.org\/wp-content\/uploads\/2024\/06\/hcia-chetumal-jorgediaz-studentchetumal-4-300x225.jpg 300w, https:\/\/interamerica.org\/wp-content\/uploads\/2024\/06\/hcia-chetumal-jorgediaz-studentchetumal-4-768x576.jpg 768w\" sizes=\"(max-width: 867px) 100vw, 867px\" \/><p id=\"caption-attachment-116136\" class=\"wp-caption-text\">Jorge Andr\u00e9 D\u00edaz, profesor de la Universidad de Montemorelos, ofrece algunos comentarios a los estudiantes universitarios mientras filman uno de los diez episodios de la serie de televisi\u00f3n en el lugar, que ser\u00e1 transmitida por Hope Channel Interam\u00e9rica. [Fotograf\u00eda: Lizbeth Elejalde\/DIA]<\/p><\/div>\u201cEl viaje misionero fue una oportunidad que ofreci\u00f3 un ambiente de aprendizaje pr\u00e1ctico para ellos [el equipo de producci\u00f3n], adem\u00e1s de un enriquecimiento cultural y espiritual\u201d, dijo Jorg\u00e9 Andr\u00e9 D\u00edaz, profesor de cinematograf\u00eda de la Universidad de Montemorelos y director de producci\u00f3n del Proyecto Chetumal. \u201cLa serie destacar\u00e1 de manera diferente c\u00f3mo se comparte el evangelio, y no solo lo que tiene lugar frente a la c\u00e1mara sino lo que sucede detr\u00e1s de la c\u00e1mara\u201d, expres\u00f3.<\/p>\n<p>Denominado \u201cProyecto Chetumal,\u201d la serie es narrada por Ruben D\u00edaz Quetz, estudiante de teolog\u00eda de la Universidad de Montemorelos y presentador del programa, quien presenta las experiencias de los estudiantes misioneros y destaca los sujetos presentados durante la semana de evangelizaci\u00f3n en Chetumal, una ciudad cerca de la frontera de M\u00e9xico con Belice. \u201cEste programa ha sido una oportunidad invalorable de motivar a otros j\u00f3venes para que vivan la experiencia de ser misioneros y tambi\u00e9n de compartir mensajes de esperanza no solo con Chetumal sino con todo el mundo\u201d, dijo Quetz.<\/p>\n<p><div id=\"attachment_116121\" style=\"width: 873px\" class=\"wp-caption aligncenter\"><img loading=\"lazy\" decoding=\"async\" aria-describedby=\"caption-attachment-116121\" class=\" wp-image-116119\" src=\"https:\/\/interamerica.org\/wp-content\/uploads\/2024\/06\/hcia-filming-qroo-chetumal-6.jpg\" alt=\"\" width=\"863\" height=\"648\" srcset=\"https:\/\/interamerica.org\/wp-content\/uploads\/2024\/06\/hcia-filming-qroo-chetumal-6.jpg 950w, https:\/\/interamerica.org\/wp-content\/uploads\/2024\/06\/hcia-filming-qroo-chetumal-6-300x225.jpg 300w, https:\/\/interamerica.org\/wp-content\/uploads\/2024\/06\/hcia-filming-qroo-chetumal-6-768x576.jpg 768w\" sizes=\"(max-width: 863px) 100vw, 863px\" \/><p id=\"caption-attachment-116121\" class=\"wp-caption-text\">Parte del equipo de producci\u00f3n filma al presentador del programa durante uno de sus segmentos en la Bah\u00eda de Chetumal, en marzo de 2024. [Fotograf\u00eda: Lizbeth Elejalde\/DIA]<\/p><\/div>Los episodios de veinte minutos incluir\u00e1n \u201cLos diez mandamientos\u201d, \u201cEl s\u00e1bado\u201d, \u201cEl bautismo\u201d, \u201c\u00bfPor qu\u00e9 hay tanto sufrimiento?\u201d, y \u201c\u00bfQu\u00e9 sucede despu\u00e9s de la muerte?\u201d, entre otros.<\/p>\n<p>Para Bernardo Medina, estudiante de comunicaci\u00f3n y medios en la Universidad de Montemorelos y quien ha participado como camar\u00f3grafo, fue una experiencia inolvidable. \u201cLos d\u00edas de filmaci\u00f3n fueron unas de las experiencias m\u00e1s significativas que he tenido durante mis estudios, porque me permiti\u00f3 trabajar en una producci\u00f3n real e interactuar con docentes y estudiantes de los Estados Unidos con el mismo prop\u00f3sito de servicio\u201d.<\/p>\n<p><div id=\"attachment_116133\" style=\"width: 896px\" class=\"wp-caption aligncenter\"><img loading=\"lazy\" decoding=\"async\" aria-describedby=\"caption-attachment-116133\" class=\" wp-image-116131\" src=\"https:\/\/interamerica.org\/wp-content\/uploads\/2024\/06\/hcia-preacher-chetumal-2.jpg\" alt=\"\" width=\"886\" height=\"652\" srcset=\"https:\/\/interamerica.org\/wp-content\/uploads\/2024\/06\/hcia-preacher-chetumal-2.jpg 950w, https:\/\/interamerica.org\/wp-content\/uploads\/2024\/06\/hcia-preacher-chetumal-2-300x221.jpg 300w, https:\/\/interamerica.org\/wp-content\/uploads\/2024\/06\/hcia-preacher-chetumal-2-768x565.jpg 768w\" sizes=\"(max-width: 886px) 100vw, 886px\" \/><p id=\"caption-attachment-116133\" class=\"wp-caption-text\">Nathalie Jacome de la Universidad Adventista Southern, una de los 24 estudiantes que viajaron al sureste de M\u00e9xico para ser parte del viaje misionero, predica en la iglesia adventista Nuevo Progreso en Chetumal, Quintana Roo, M\u00e9xico, durante los esfuerzos de evangelizaci\u00f3n en toda la regi\u00f3n. [Fotograf\u00eda: Lizbeth Elejalde\/DIA]<\/p><\/div>Briana Cabriales, estudiante de enfermer\u00eda de la SAU, quien fue una de los que predicaron en una iglesia local, dijo que tuvo una experiencia incre\u00edble. \u201cLos miembros de iglesia se mostraron muy amorosos y me hicieron sentir que era parte de la familia. Pudimos conectarnos con las visitas, y eso me permiti\u00f3 ver c\u00f3mo Dios puede obrar con cada uno de nosotros sin podemos nuestros talentos a buen uso\u201d.<\/p>\n<p>El grupo misionero particip\u00f3 de devocionales diarios, capacitaciones, discusiones grupales y sesiones de preparaci\u00f3n para los temas que se predicaban en las iglesias locales por las noches.<\/p>\n<p><div id=\"attachment_116124\" style=\"width: 895px\" class=\"wp-caption aligncenter\"><img loading=\"lazy\" decoding=\"async\" aria-describedby=\"caption-attachment-116124\" class=\" wp-image-116122\" src=\"https:\/\/interamerica.org\/wp-content\/uploads\/2024\/06\/hcia-students-group-chetumal-7.jpg\" alt=\"\" width=\"885\" height=\"590\" srcset=\"https:\/\/interamerica.org\/wp-content\/uploads\/2024\/06\/hcia-students-group-chetumal-7.jpg 1000w, https:\/\/interamerica.org\/wp-content\/uploads\/2024\/06\/hcia-students-group-chetumal-7-300x200.jpg 300w, https:\/\/interamerica.org\/wp-content\/uploads\/2024\/06\/hcia-students-group-chetumal-7-768x512.jpg 768w\" sizes=\"(max-width: 885px) 100vw, 885px\" \/><p id=\"caption-attachment-116124\" class=\"wp-caption-text\">Grupo de predicadores, pastores y profesores, durante el \u00faltimo d\u00eda de la campa\u00f1a de evangelizaci\u00f3n el pasado 16 de marzo de 2024. [Fotograf\u00eda: Lizbeth Elejalde\/DIA]<\/p><\/div>Gracias a los esfuerzos del equipo de 33 estudiantes, predicadores, pastores, profesores y del equipo de producci\u00f3n, se llevaron a cabo 62 bautismos al fin de la campa\u00f1a de evangelizaci\u00f3n, report\u00f3 el pastor Juan Carlos Gonz\u00e1lez, secretario ejecutivo de la Misi\u00f3n Sur de Quintana Roo. Gonz\u00e1lez agradeci\u00f3 al grupo por apoyarlos en la misi\u00f3n y por inspirar a los j\u00f3venes locales para que participen de proyectos similares de evangelizaci\u00f3n en el futuro.<\/p>\n<p>La experiencia de producci\u00f3n intercultural funcion\u00f3 extremadamente bien, dijo Fern\u00e1ndez. \u201cFue todo lo que imaginamos y quer\u00edamos. Creamos equipos que mezclaron estudiantes de cada universidad y los rotamos diariamente, lo que permiti\u00f3 que ambos grupos produjeran bajo un liderazgo diferente y con diferentes estilos de lenguaje visual\u201d, explic\u00f3. Al final del d\u00eda, el equipo se reuni\u00f3 durante una comida y comparti\u00f3 experiencias, dijo. \u201cTodos los involucrados llegaron a la mesa con una mentalidad de trabajo en equipo. Estamos aqu\u00ed para ayudar a que el evangelio sea predicado en Chetumal y m\u00e1s all\u00e1 de ese territorio\u201d.<\/p>\n<p><div id=\"attachment_116130\" style=\"width: 918px\" class=\"wp-caption aligncenter\"><img loading=\"lazy\" decoding=\"async\" aria-describedby=\"caption-attachment-116130\" class=\" wp-image-116128\" src=\"https:\/\/interamerica.org\/wp-content\/uploads\/2024\/06\/hcia-production-crew-chetumal-10.jpg\" alt=\"\" width=\"908\" height=\"605\" srcset=\"https:\/\/interamerica.org\/wp-content\/uploads\/2024\/06\/hcia-production-crew-chetumal-10.jpg 1000w, https:\/\/interamerica.org\/wp-content\/uploads\/2024\/06\/hcia-production-crew-chetumal-10-300x200.jpg 300w, https:\/\/interamerica.org\/wp-content\/uploads\/2024\/06\/hcia-production-crew-chetumal-10-768x512.jpg 768w\" sizes=\"(max-width: 908px) 100vw, 908px\" \/><p id=\"caption-attachment-116130\" class=\"wp-caption-text\">Estudiantes y docentes de la Universidad de Montemorelos y la Universidad Adventista Southern a cargo del Proyecto Chetumal posan para una fotograf\u00eda grupal en el lugar, antes de culminar la filmaci\u00f3n. [Fotograf\u00eda: Lizbeth Elejalde\/DIA]<\/p><\/div>La preproducci\u00f3n del proyecto comenz\u00f3 en octubre de 2023, dijo Lizbeth Elejalde, directora de programas de Hope Channel Interam\u00e9rica y supervisora del Proyecto Chetumal. Se espera que la serie, que actualmente est\u00e1 siendo editada, sea puesta al aire a comienzos de octubre de 2024, y estar\u00e1 disponible <em>A pedido<\/em> en <a href=\"https:\/\/hopechannelinteramerica.org\/\">hopechannelinteramerica.org<\/a><\/p>\n<p>Para saber m\u00e1s sobre Hope Channel Interam\u00e9rica de la Divisi\u00f3n Interamericana, sus programas y series de televisi\u00f3n, ingrese a <a href=\"https:\/\/hopechannelinteramerica.org\/\">hopechannelinteramerica.org<\/a><\/p>\n<p><em>Lizbeth Elejalde colabor\u00f3 con este art\u00edculo.<\/em><\/p>\n<p>Traducci\u00f3n de Marcos Paseggi<\/p>\n","protected":false},"excerpt":{"rendered":"<p>Estudiantes de la Universidad de Montemorelos y de la Universidad Adventista Southern filman una serie para Hope Channel Interam\u00e9rica. 19 de junio de 2024 | Miami, Florida, Estados Unidos |&#8230;<\/p>\n","protected":false},"author":3,"featured_media":116142,"comment_status":"closed","ping_status":"closed","sticky":false,"template":"","format":"standard","meta":{"_acf_changed":false,"footnotes":""},"categories":[16,15],"tags":[],"class_list":["post-116192","post","type-post","status-publish","format-standard","has-post-thumbnail","hentry","category-desde-la-sede","category-rss-espanol"],"acf":[],"yoast_head":"<!-- This site is optimized with the Yoast SEO plugin v27.3 - https:\/\/yoast.com\/product\/yoast-seo-wordpress\/ -->\n<title>Un viaje misionero re\u00fane a estudiantes de M\u00e9xico y los Estados Unidos para producir una serie de televisi\u00f3n - Iglesia Adventista del S\u00e9ptimo D\u00eda - Divisi\u00f3n Interamericana<\/title>\n<meta name=\"robots\" content=\"index, follow, max-snippet:-1, max-image-preview:large, max-video-preview:-1\" \/>\n<link rel=\"canonical\" href=\"https:\/\/interamerica.org\/es\/2024\/06\/un-viaje-misionero-reune-a-estudiantes-de-mexico-y-los-estados-unidos-para-producir-una-serie-de-television\/\" \/>\n<meta property=\"og:locale\" content=\"es_ES\" \/>\n<meta property=\"og:type\" content=\"article\" \/>\n<meta property=\"og:title\" content=\"Un viaje misionero re\u00fane a estudiantes de M\u00e9xico y los Estados Unidos para producir una serie de televisi\u00f3n - Iglesia Adventista del S\u00e9ptimo D\u00eda - Divisi\u00f3n Interamericana\" \/>\n<meta property=\"og:description\" content=\"Estudiantes de la Universidad de Montemorelos y de la Universidad Adventista Southern filman una serie para Hope Channel Interam\u00e9rica. 19 de junio de 2024 | Miami, Florida, Estados Unidos |...\" \/>\n<meta property=\"og:url\" content=\"https:\/\/interamerica.org\/es\/2024\/06\/un-viaje-misionero-reune-a-estudiantes-de-mexico-y-los-estados-unidos-para-producir-una-serie-de-television\/\" \/>\n<meta property=\"og:site_name\" content=\"Iglesia Adventista del S\u00e9ptimo D\u00eda - Divisi\u00f3n Interamericana\" \/>\n<meta property=\"article:published_time\" content=\"2024-06-20T20:18:37+00:00\" \/>\n<meta property=\"article:modified_time\" content=\"2024-06-21T12:59:21+00:00\" \/>\n<meta property=\"og:image\" content=\"https:\/\/interamerica.org\/wp-content\/uploads\/2024\/06\/hcia-chetumal1.jpg\" \/>\n\t<meta property=\"og:image:width\" content=\"1000\" \/>\n\t<meta property=\"og:image:height\" content=\"667\" \/>\n\t<meta property=\"og:image:type\" content=\"image\/jpeg\" \/>\n<meta name=\"author\" content=\"libna\" \/>\n<meta name=\"twitter:card\" content=\"summary_large_image\" \/>\n<meta name=\"twitter:label1\" content=\"Escrito por\" \/>\n\t<meta name=\"twitter:data1\" content=\"libna\" \/>\n\t<meta name=\"twitter:label2\" content=\"Tiempo de lectura\" \/>\n\t<meta name=\"twitter:data2\" content=\"8 minutos\" \/>\n<script type=\"application\/ld+json\" class=\"yoast-schema-graph\">{\"@context\":\"https:\\\/\\\/schema.org\",\"@graph\":[{\"@type\":\"Article\",\"@id\":\"https:\\\/\\\/interamerica.org\\\/es\\\/2024\\\/06\\\/un-viaje-misionero-reune-a-estudiantes-de-mexico-y-los-estados-unidos-para-producir-una-serie-de-television\\\/#article\",\"isPartOf\":{\"@id\":\"https:\\\/\\\/interamerica.org\\\/es\\\/2024\\\/06\\\/un-viaje-misionero-reune-a-estudiantes-de-mexico-y-los-estados-unidos-para-producir-una-serie-de-television\\\/\"},\"author\":{\"name\":\"libna\",\"@id\":\"https:\\\/\\\/interamerica.org\\\/es\\\/#\\\/schema\\\/person\\\/29998f2bc2d8bd0d38662909289b54f1\"},\"headline\":\"Un viaje misionero re\u00fane a estudiantes de M\u00e9xico y los Estados Unidos para producir una serie de televisi\u00f3n\",\"datePublished\":\"2024-06-20T20:18:37+00:00\",\"dateModified\":\"2024-06-21T12:59:21+00:00\",\"mainEntityOfPage\":{\"@id\":\"https:\\\/\\\/interamerica.org\\\/es\\\/2024\\\/06\\\/un-viaje-misionero-reune-a-estudiantes-de-mexico-y-los-estados-unidos-para-producir-una-serie-de-television\\\/\"},\"wordCount\":1520,\"image\":{\"@id\":\"https:\\\/\\\/interamerica.org\\\/es\\\/2024\\\/06\\\/un-viaje-misionero-reune-a-estudiantes-de-mexico-y-los-estados-unidos-para-producir-una-serie-de-television\\\/#primaryimage\"},\"thumbnailUrl\":\"https:\\\/\\\/interamerica.org\\\/wp-content\\\/uploads\\\/2024\\\/06\\\/hcia-chetumal1.jpg\",\"articleSection\":[\"Desde la sede\",\"RSS Espa\u00f1ol\"],\"inLanguage\":\"es\"},{\"@type\":\"WebPage\",\"@id\":\"https:\\\/\\\/interamerica.org\\\/es\\\/2024\\\/06\\\/un-viaje-misionero-reune-a-estudiantes-de-mexico-y-los-estados-unidos-para-producir-una-serie-de-television\\\/\",\"url\":\"https:\\\/\\\/interamerica.org\\\/es\\\/2024\\\/06\\\/un-viaje-misionero-reune-a-estudiantes-de-mexico-y-los-estados-unidos-para-producir-una-serie-de-television\\\/\",\"name\":\"Un viaje misionero re\u00fane a estudiantes de M\u00e9xico y los Estados Unidos para producir una serie de televisi\u00f3n - Iglesia Adventista del S\u00e9ptimo D\u00eda - Divisi\u00f3n Interamericana\",\"isPartOf\":{\"@id\":\"https:\\\/\\\/interamerica.org\\\/es\\\/#website\"},\"primaryImageOfPage\":{\"@id\":\"https:\\\/\\\/interamerica.org\\\/es\\\/2024\\\/06\\\/un-viaje-misionero-reune-a-estudiantes-de-mexico-y-los-estados-unidos-para-producir-una-serie-de-television\\\/#primaryimage\"},\"image\":{\"@id\":\"https:\\\/\\\/interamerica.org\\\/es\\\/2024\\\/06\\\/un-viaje-misionero-reune-a-estudiantes-de-mexico-y-los-estados-unidos-para-producir-una-serie-de-television\\\/#primaryimage\"},\"thumbnailUrl\":\"https:\\\/\\\/interamerica.org\\\/wp-content\\\/uploads\\\/2024\\\/06\\\/hcia-chetumal1.jpg\",\"datePublished\":\"2024-06-20T20:18:37+00:00\",\"dateModified\":\"2024-06-21T12:59:21+00:00\",\"author\":{\"@id\":\"https:\\\/\\\/interamerica.org\\\/es\\\/#\\\/schema\\\/person\\\/29998f2bc2d8bd0d38662909289b54f1\"},\"breadcrumb\":{\"@id\":\"https:\\\/\\\/interamerica.org\\\/es\\\/2024\\\/06\\\/un-viaje-misionero-reune-a-estudiantes-de-mexico-y-los-estados-unidos-para-producir-una-serie-de-television\\\/#breadcrumb\"},\"inLanguage\":\"es\",\"potentialAction\":[{\"@type\":\"ReadAction\",\"target\":[\"https:\\\/\\\/interamerica.org\\\/es\\\/2024\\\/06\\\/un-viaje-misionero-reune-a-estudiantes-de-mexico-y-los-estados-unidos-para-producir-una-serie-de-television\\\/\"]}]},{\"@type\":\"ImageObject\",\"inLanguage\":\"es\",\"@id\":\"https:\\\/\\\/interamerica.org\\\/es\\\/2024\\\/06\\\/un-viaje-misionero-reune-a-estudiantes-de-mexico-y-los-estados-unidos-para-producir-una-serie-de-television\\\/#primaryimage\",\"url\":\"https:\\\/\\\/interamerica.org\\\/wp-content\\\/uploads\\\/2024\\\/06\\\/hcia-chetumal1.jpg\",\"contentUrl\":\"https:\\\/\\\/interamerica.org\\\/wp-content\\\/uploads\\\/2024\\\/06\\\/hcia-chetumal1.jpg\",\"width\":1000,\"height\":667,\"caption\":\"[Photo: Lizbeth Elejalde\\\/IAD]\"},{\"@type\":\"BreadcrumbList\",\"@id\":\"https:\\\/\\\/interamerica.org\\\/es\\\/2024\\\/06\\\/un-viaje-misionero-reune-a-estudiantes-de-mexico-y-los-estados-unidos-para-producir-una-serie-de-television\\\/#breadcrumb\",\"itemListElement\":[{\"@type\":\"ListItem\",\"position\":1,\"name\":\"Home\",\"item\":\"https:\\\/\\\/interamerica.org\\\/es\\\/\"},{\"@type\":\"ListItem\",\"position\":2,\"name\":\"Un viaje misionero re\u00fane a estudiantes de M\u00e9xico y los Estados Unidos para producir una serie de televisi\u00f3n\"}]},{\"@type\":\"WebSite\",\"@id\":\"https:\\\/\\\/interamerica.org\\\/es\\\/#website\",\"url\":\"https:\\\/\\\/interamerica.org\\\/es\\\/\",\"name\":\"Iglesia Adventista del S\u00e9ptimo D\u00eda - Divisi\u00f3n Interamericana\",\"description\":\"\",\"potentialAction\":[{\"@type\":\"SearchAction\",\"target\":{\"@type\":\"EntryPoint\",\"urlTemplate\":\"https:\\\/\\\/interamerica.org\\\/es\\\/?s={search_term_string}\"},\"query-input\":{\"@type\":\"PropertyValueSpecification\",\"valueRequired\":true,\"valueName\":\"search_term_string\"}}],\"inLanguage\":\"es\"},{\"@type\":\"Person\",\"@id\":\"https:\\\/\\\/interamerica.org\\\/es\\\/#\\\/schema\\\/person\\\/29998f2bc2d8bd0d38662909289b54f1\",\"name\":\"libna\",\"image\":{\"@type\":\"ImageObject\",\"inLanguage\":\"es\",\"@id\":\"https:\\\/\\\/secure.gravatar.com\\\/avatar\\\/7c5bd30ae4b47a9ba3c856590957fd1d96dc588bf3ac05719d247e126840331f?s=96&d=mm&r=g\",\"url\":\"https:\\\/\\\/secure.gravatar.com\\\/avatar\\\/7c5bd30ae4b47a9ba3c856590957fd1d96dc588bf3ac05719d247e126840331f?s=96&d=mm&r=g\",\"contentUrl\":\"https:\\\/\\\/secure.gravatar.com\\\/avatar\\\/7c5bd30ae4b47a9ba3c856590957fd1d96dc588bf3ac05719d247e126840331f?s=96&d=mm&r=g\",\"caption\":\"libna\"}}]}<\/script>\n<!-- \/ Yoast SEO plugin. -->","yoast_head_json":{"title":"Un viaje misionero re\u00fane a estudiantes de M\u00e9xico y los Estados Unidos para producir una serie de televisi\u00f3n - Iglesia Adventista del S\u00e9ptimo D\u00eda - Divisi\u00f3n Interamericana","robots":{"index":"index","follow":"follow","max-snippet":"max-snippet:-1","max-image-preview":"max-image-preview:large","max-video-preview":"max-video-preview:-1"},"canonical":"https:\/\/interamerica.org\/es\/2024\/06\/un-viaje-misionero-reune-a-estudiantes-de-mexico-y-los-estados-unidos-para-producir-una-serie-de-television\/","og_locale":"es_ES","og_type":"article","og_title":"Un viaje misionero re\u00fane a estudiantes de M\u00e9xico y los Estados Unidos para producir una serie de televisi\u00f3n - Iglesia Adventista del S\u00e9ptimo D\u00eda - Divisi\u00f3n Interamericana","og_description":"Estudiantes de la Universidad de Montemorelos y de la Universidad Adventista Southern filman una serie para Hope Channel Interam\u00e9rica. 19 de junio de 2024 | Miami, Florida, Estados Unidos |...","og_url":"https:\/\/interamerica.org\/es\/2024\/06\/un-viaje-misionero-reune-a-estudiantes-de-mexico-y-los-estados-unidos-para-producir-una-serie-de-television\/","og_site_name":"Iglesia Adventista del S\u00e9ptimo D\u00eda - Divisi\u00f3n Interamericana","article_published_time":"2024-06-20T20:18:37+00:00","article_modified_time":"2024-06-21T12:59:21+00:00","og_image":[{"width":1000,"height":667,"url":"https:\/\/interamerica.org\/wp-content\/uploads\/2024\/06\/hcia-chetumal1.jpg","type":"image\/jpeg"}],"author":"libna","twitter_card":"summary_large_image","twitter_misc":{"Escrito por":"libna","Tiempo de lectura":"8 minutos"},"schema":{"@context":"https:\/\/schema.org","@graph":[{"@type":"Article","@id":"https:\/\/interamerica.org\/es\/2024\/06\/un-viaje-misionero-reune-a-estudiantes-de-mexico-y-los-estados-unidos-para-producir-una-serie-de-television\/#article","isPartOf":{"@id":"https:\/\/interamerica.org\/es\/2024\/06\/un-viaje-misionero-reune-a-estudiantes-de-mexico-y-los-estados-unidos-para-producir-una-serie-de-television\/"},"author":{"name":"libna","@id":"https:\/\/interamerica.org\/es\/#\/schema\/person\/29998f2bc2d8bd0d38662909289b54f1"},"headline":"Un viaje misionero re\u00fane a estudiantes de M\u00e9xico y los Estados Unidos para producir una serie de televisi\u00f3n","datePublished":"2024-06-20T20:18:37+00:00","dateModified":"2024-06-21T12:59:21+00:00","mainEntityOfPage":{"@id":"https:\/\/interamerica.org\/es\/2024\/06\/un-viaje-misionero-reune-a-estudiantes-de-mexico-y-los-estados-unidos-para-producir-una-serie-de-television\/"},"wordCount":1520,"image":{"@id":"https:\/\/interamerica.org\/es\/2024\/06\/un-viaje-misionero-reune-a-estudiantes-de-mexico-y-los-estados-unidos-para-producir-una-serie-de-television\/#primaryimage"},"thumbnailUrl":"https:\/\/interamerica.org\/wp-content\/uploads\/2024\/06\/hcia-chetumal1.jpg","articleSection":["Desde la sede","RSS Espa\u00f1ol"],"inLanguage":"es"},{"@type":"WebPage","@id":"https:\/\/interamerica.org\/es\/2024\/06\/un-viaje-misionero-reune-a-estudiantes-de-mexico-y-los-estados-unidos-para-producir-una-serie-de-television\/","url":"https:\/\/interamerica.org\/es\/2024\/06\/un-viaje-misionero-reune-a-estudiantes-de-mexico-y-los-estados-unidos-para-producir-una-serie-de-television\/","name":"Un viaje misionero re\u00fane a estudiantes de M\u00e9xico y los Estados Unidos para producir una serie de televisi\u00f3n - Iglesia Adventista del S\u00e9ptimo D\u00eda - Divisi\u00f3n Interamericana","isPartOf":{"@id":"https:\/\/interamerica.org\/es\/#website"},"primaryImageOfPage":{"@id":"https:\/\/interamerica.org\/es\/2024\/06\/un-viaje-misionero-reune-a-estudiantes-de-mexico-y-los-estados-unidos-para-producir-una-serie-de-television\/#primaryimage"},"image":{"@id":"https:\/\/interamerica.org\/es\/2024\/06\/un-viaje-misionero-reune-a-estudiantes-de-mexico-y-los-estados-unidos-para-producir-una-serie-de-television\/#primaryimage"},"thumbnailUrl":"https:\/\/interamerica.org\/wp-content\/uploads\/2024\/06\/hcia-chetumal1.jpg","datePublished":"2024-06-20T20:18:37+00:00","dateModified":"2024-06-21T12:59:21+00:00","author":{"@id":"https:\/\/interamerica.org\/es\/#\/schema\/person\/29998f2bc2d8bd0d38662909289b54f1"},"breadcrumb":{"@id":"https:\/\/interamerica.org\/es\/2024\/06\/un-viaje-misionero-reune-a-estudiantes-de-mexico-y-los-estados-unidos-para-producir-una-serie-de-television\/#breadcrumb"},"inLanguage":"es","potentialAction":[{"@type":"ReadAction","target":["https:\/\/interamerica.org\/es\/2024\/06\/un-viaje-misionero-reune-a-estudiantes-de-mexico-y-los-estados-unidos-para-producir-una-serie-de-television\/"]}]},{"@type":"ImageObject","inLanguage":"es","@id":"https:\/\/interamerica.org\/es\/2024\/06\/un-viaje-misionero-reune-a-estudiantes-de-mexico-y-los-estados-unidos-para-producir-una-serie-de-television\/#primaryimage","url":"https:\/\/interamerica.org\/wp-content\/uploads\/2024\/06\/hcia-chetumal1.jpg","contentUrl":"https:\/\/interamerica.org\/wp-content\/uploads\/2024\/06\/hcia-chetumal1.jpg","width":1000,"height":667,"caption":"[Photo: Lizbeth Elejalde\/IAD]"},{"@type":"BreadcrumbList","@id":"https:\/\/interamerica.org\/es\/2024\/06\/un-viaje-misionero-reune-a-estudiantes-de-mexico-y-los-estados-unidos-para-producir-una-serie-de-television\/#breadcrumb","itemListElement":[{"@type":"ListItem","position":1,"name":"Home","item":"https:\/\/interamerica.org\/es\/"},{"@type":"ListItem","position":2,"name":"Un viaje misionero re\u00fane a estudiantes de M\u00e9xico y los Estados Unidos para producir una serie de televisi\u00f3n"}]},{"@type":"WebSite","@id":"https:\/\/interamerica.org\/es\/#website","url":"https:\/\/interamerica.org\/es\/","name":"Iglesia Adventista del S\u00e9ptimo D\u00eda - Divisi\u00f3n Interamericana","description":"","potentialAction":[{"@type":"SearchAction","target":{"@type":"EntryPoint","urlTemplate":"https:\/\/interamerica.org\/es\/?s={search_term_string}"},"query-input":{"@type":"PropertyValueSpecification","valueRequired":true,"valueName":"search_term_string"}}],"inLanguage":"es"},{"@type":"Person","@id":"https:\/\/interamerica.org\/es\/#\/schema\/person\/29998f2bc2d8bd0d38662909289b54f1","name":"libna","image":{"@type":"ImageObject","inLanguage":"es","@id":"https:\/\/secure.gravatar.com\/avatar\/7c5bd30ae4b47a9ba3c856590957fd1d96dc588bf3ac05719d247e126840331f?s=96&d=mm&r=g","url":"https:\/\/secure.gravatar.com\/avatar\/7c5bd30ae4b47a9ba3c856590957fd1d96dc588bf3ac05719d247e126840331f?s=96&d=mm&r=g","contentUrl":"https:\/\/secure.gravatar.com\/avatar\/7c5bd30ae4b47a9ba3c856590957fd1d96dc588bf3ac05719d247e126840331f?s=96&d=mm&r=g","caption":"libna"}}]}},"_links":{"self":[{"href":"https:\/\/interamerica.org\/es\/wp-json\/wp\/v2\/posts\/116192","targetHints":{"allow":["GET"]}}],"collection":[{"href":"https:\/\/interamerica.org\/es\/wp-json\/wp\/v2\/posts"}],"about":[{"href":"https:\/\/interamerica.org\/es\/wp-json\/wp\/v2\/types\/post"}],"author":[{"embeddable":true,"href":"https:\/\/interamerica.org\/es\/wp-json\/wp\/v2\/users\/3"}],"replies":[{"embeddable":true,"href":"https:\/\/interamerica.org\/es\/wp-json\/wp\/v2\/comments?post=116192"}],"version-history":[{"count":0,"href":"https:\/\/interamerica.org\/es\/wp-json\/wp\/v2\/posts\/116192\/revisions"}],"wp:featuredmedia":[{"embeddable":true,"href":"https:\/\/interamerica.org\/es\/wp-json\/wp\/v2\/media\/116142"}],"wp:attachment":[{"href":"https:\/\/interamerica.org\/es\/wp-json\/wp\/v2\/media?parent=116192"}],"wp:term":[{"taxonomy":"category","embeddable":true,"href":"https:\/\/interamerica.org\/es\/wp-json\/wp\/v2\/categories?post=116192"},{"taxonomy":"post_tag","embeddable":true,"href":"https:\/\/interamerica.org\/es\/wp-json\/wp\/v2\/tags?post=116192"}],"curies":[{"name":"wp","href":"https:\/\/api.w.org\/{rel}","templated":true}]}}