{"id":11620,"date":"2010-07-03T00:00:00","date_gmt":"2010-07-03T04:00:00","guid":{"rendered":"http:\/\/192.81.217.108\/interamerica\/2010\/07\/wilson-urgio-a-los-adventistas-del-septimo-dia-a-avanzar-en-confianza-al-futuro\/"},"modified":"2017-06-02T08:59:17","modified_gmt":"2017-06-02T12:59:17","slug":"wilson-urgio-a-los-adventistas-del-septimo-dia-a-avanzar-en-confianza-al-futuro","status":"publish","type":"post","link":"https:\/\/interamerica.org\/es\/2010\/07\/wilson-urgio-a-los-adventistas-del-septimo-dia-a-avanzar-en-confianza-al-futuro\/","title":{"rendered":"Wilson urgi\u00f3 a los adventistas del s\u00e9ptimo d\u00eda a \u00abavanzar\u00bb en confianza al futuro"},"content":{"rendered":"<p><em >3 de julio 2010, Atlanta, Georgia, Estados Unidos&#8230;Mark A. Kellner, Adventist Review<\/em > <\/p>\n<p> Dirigi\u00e9ndose a una multitud de 69,989 adventistas del s\u00e9ptimo d\u00eda y amigos, Ted N.C. Wilson, en su primer serm\u00f3n de s\u00e1bado como presidente de la Asociaci\u00f3n General, urgi\u00f3 a los miembros a \u00abavanzar\u00bb en confianza al futuro. <\/p>\n<p>El mensaje de Wilson &#8211; dado cuando estaba rodeado por los presidentes de las 13 divisiones, nueve vicepresidentes y sus dos predecesores inmediatos &#8211; lleg\u00f3 en un servicio de la ma\u00f1ana donde los adoradores escucharon el cuarto movimiento de la Sinfon\u00eda No.5 de F\u00e9lix Mendelsohn, \u00abThe Reformation Symphony\u00bb, y donde el l\u00edder de la iglesia a nivel mundial ley\u00f3 palabras de bienvenida del Presidente de Estados Unidos Barack Obama. <\/p>\n<p>\u00abA trav\u00e9s de la historia, la fe le ha dado forma a nuestras filosof\u00edas, nuestras perspectivas y a nuestras vidas\u00bb, ley\u00f3 Wilson. Al hacerle frente a los retos y oportunidades de este particular momento en la historia, que la fe pueda impulsarnos para unirnos en causa com\u00fan para servir a nuestros hermanos y hermanas. &#8230;Les deseo todo lo mejor para un maravilloso evento\u00bb. <\/p>\n<p>Wilson empez\u00f3 su serm\u00f3n enfatizando la \u00abtrayectoria al cielo\u00bb de la iglesia adventista del s\u00e9ptimo d\u00eda. \u00abCon el poder de su verdad, Dios ha sacado de este ca\u00f3tico mundo la iglesia adventista del s\u00e9ptimo d\u00eda. Debemos ser un pueblo peculiar, el pueblo remanente de Dios, para exaltar a Cristo, su justicia, su mensajes de los tres \u00e1ngeles de Apocalipsis 14, y su pronto regreso\u00bb, dijo \u00e9l. <\/p>\n<p>\u00abDios es el Creador y debe ser adorado en su d\u00eda s\u00e1bado como una se\u00f1al de nuestra lealtad a su palabra y poder creador\u00bb, dijo Wilson, agregando luego, \u00abHermanos y hermanas, miren al Dios Todopoderoso que puede llevarles a trav\u00e9s de cualquier cosa que enfrentar\u00e1n en el futuro. Jam\u00e1s pierdan su plena confianza y esperanza en \u00e9l. Obedezcan siempre su mandato para seguir adelante\u00bb. <\/p>\n<p> \u00abDios tiene un plan para su vida y para esta iglesia\u00bb, Wilson urgi\u00f3 al la gran multitud. \u00abNunca pongan en duda el destino de este poderoso movimiento adventista. Est\u00e1 en las manos de Dios. Dios nos ha dado instrucci\u00f3n prof\u00e9tica para saber el fin del gran conflicto &#8211; Dios es victorioso. <\/p>\n<p>El nuevo l\u00edder de la iglesia a nivel mundial tambi\u00e9n declar\u00f3, \u00abAvanzad realzando a Cristo y proclamando la gracia de Dios. Avanzad en la presentaci\u00f3n de los mensajes de los tres \u00e1ngeles; avanzad suplicando por reavivamiento y reforma, avanzad siguiendo la Biblia seg\u00fan se lee, avanzad en la lectura y apego al consejo del Esp\u00edritu de Profec\u00eda, avanzad en la proclamaci\u00f3n al mundo las buenas nuevas de salvaci\u00f3n y el inminente regreso de Cristo Jes\u00fas\u00bb. <\/p>\n<p>Despu\u00e9s de advertir contra la adopci\u00f3n de las tendencias respecto a las Escrituras en el ministerio de los \u00faltimos d\u00edas, Wilson mencion\u00f3 algunas cosas concretas: \u00abDebemos ser vigilantes para poner a prueba todas las cosas seg\u00fan la autoridad suprema de la Palabra de Dios y el consejo con el cual hemos sido bendecidos y los escritos de Elena G. de White. No busque movimientos o centros mega-iglesias fuera de la Iglesia Adventista del S\u00e9ptimo D\u00eda, los cuales le prometen \u00e9xito espiritual basado en teolog\u00eda defectuosa. Mant\u00e9ngase lejos de disciplinas espirituales sin fundamento b\u00edblico o m\u00e9todos de formaci\u00f3n espiritual fundados en misticismo tales como la oraci\u00f3n contemplativa, la oraci\u00f3n indefinida, y el emergente movimiento eclesi\u00e1stico en el cual estos conceptos son impulsados\u00bb. <\/p>\n<p>En vez de eso, dijo \u00e9l, los creyentes deber\u00edan \u00abmirar dentro de la Iglesia Adventista del S\u00e9ptimo D\u00eda, a pastores humildes, evangelistas, eruditos adventistas, l\u00edderes, y directores departamentales que pueden proveer m\u00e9todos de evangelizaci\u00f3n y programas que est\u00e1n basados en principios b\u00edblicos s\u00f3lidos y el tema del gran conflicto\u00bb. <\/p>\n<p>Tambi\u00e9n previno a los creyentes a usar discernimiento en el estilo de adoraci\u00f3n: \u00abUtilicen pr\u00e1cticas de adoraci\u00f3n y musicales b\u00edblicas y en  los servicios de la iglesia\u00bb, dijo Wilson. Aunque entendemos que los servicios de adoraci\u00f3n y las culturas son diversas a trav\u00e9s del mundo, no retrocedan a la  confusi\u00f3n de los ambientes paganos donde la m\u00fasica y la adoraci\u00f3n llegan a estar enfocadas en la emoci\u00f3n y la los sentimientos que se pierde el foco c\u00e9ntrico de la Palabra de Dios. Toda adoraci\u00f3n, sea sencilla o compleja, deber\u00eda lograr una cosa y s\u00f3lo una cosa: ensalzar a Cristo y humillar el yo\u00bb. <\/p>\n<p>Sobre un asunto relacionado, las tendencias teol\u00f3gicas, Wilson dijo, \u00abNo sucumban a la teolog\u00eda fan\u00e1tica o libre que, por la fuerza saca la Palabra de Dios de los pilares de la verdad b\u00edblica y las creencias hist\u00f3ricas de la Iglesia Adventista del S\u00e9ptimo D\u00eda. No se deje influir por cada caprichito de la nueva teolog\u00eda o diagramas de tiempo complicados que tienen como fin explicar con suspicacia conceptos no tan comunes u obscuros que poco tienen que ver con nuestra teolog\u00eda total y nuestra misi\u00f3n. Las creencias hist\u00f3ricas de la iglesia adventista del s\u00e9ptimo d\u00eda no ser\u00e1n  sacudidas. La base b\u00edblica se mantendr\u00e1 segura hasta el fin del tiempo\u00bb. <\/p>\n<p>Wilson tambi\u00e9n aconsej\u00f3 a sus oyentes a mantenerse firmes sobre lo que la Biblia dice a cerca de los or\u00edgenes: \u00abNo retrocedan para interpretar err\u00f3neamente los primeros once cap\u00edtulos de G\u00e9nesis u otras \u00e1reas de la Escritura como aleg\u00f3ricas o meramente simb\u00f3licas. Como justo esta semana nosotros hemos una vez m\u00e1s afirmado de manera abrumadora, que la iglesia adventista del s\u00e9ptimo d\u00eda ense\u00f1a y cree en registro b\u00edblico de la creaci\u00f3n que se produjo recientemente; en seis d\u00edas literales, consecutivos, de 24 horas seguidas\u00bb, dijo \u00e9l. <\/p>\n<p>\u00abLa iglesia adventista del s\u00e9ptimo d\u00eda jam\u00e1s cambiar\u00e1 su postura o creencia en esa doctrina fundamental\u00bb, agreg\u00f3 Wilson. \u00abSi Dios no cre\u00f3 este mundo en seis d\u00edas literales y al final bendijo el d\u00eda s\u00e1bado, \u00bfpor qu\u00e9 estamos nosotros ador\u00e1ndole hoy en este s\u00e9ptimo d\u00eda s\u00e1bado como adventistas del s\u00e9ptimo d\u00eda?\u00bb <\/p>\n<p>Wilson tambi\u00e9n dirigi\u00f3 su audiencia hacia el entendimiento tradicional de la iglesia de la interpretaci\u00f3n de la Escritura: \u00abPermita que la Escritura sea su propio int\u00e9rprete. Nuestra iglesia por mucho tiempo se ha mantenido en el m\u00e9todo b\u00edblico hist\u00f3rico o gramatical de entender la escritura, permitiendo a la Biblia interpretarse a s\u00ed misma; l\u00ednea sobre l\u00ednea, precepto sobre precepto. Sin embargo, uno de los m\u00e1s siniestros ataques contra la Biblia viene de aquellos que creen en el m\u00e9todo cr\u00edtico hist\u00f3rico de explicar la Biblia. Esta aproximaci\u00f3n no b\u00edblica de la alta cr\u00edtica es un enemigo mortal de nuestra teolog\u00eda y misi\u00f3n\u00bb, dijo \u00e9l.  <\/p>\n<p>Adem\u00e1s, Wilson tambi\u00e9n anim\u00f3 a los adventistas a recordar el especial que Dios ha dado al movimiento adventista. \u00abAceptad el Esp\u00edritu de Profec\u00eda como uno de los m\u00e1s grandes dones dados a la iglesia adventista del s\u00e9ptimo d\u00eda, no s\u00f3lo para el pasado pero a\u00fan m\u00e1s importante, para el futuro\u00bb, dijo \u00e9l, refiri\u00e9ndose a los escritos de la cofundadora de la iglesia, Elena de White. \u00abMientras la Biblia es suprema en nuestra estima como la m\u00e1xima autoridad y \u00e1rbitro final de la verdad, el Esp\u00edritu de Profec\u00eda provee consejo claro, inspirado para ayudar nuestra aplicaci\u00f3n de la verdad b\u00edblica. Es una gu\u00eda enviada del cielo para instruir la iglesia en c\u00f3mo llevar a cabo su misi\u00f3n. Es un expositor teol\u00f3gico confiable de la Escritura. El Esp\u00edritu de Profec\u00eda es para ser le\u00eddo, cre\u00eddo, aplicado y promovido\u00bb.   <\/p>\n<p>No obstante, \u00e9l agreg\u00f3, \u00abno es para ser usado como un \u00abmarr\u00f3n\u00bb para golpear a la gente en la cabeza, pero debe considerarse y aplicado como una bendici\u00f3n maravillosa para dirigir la iglesia de Dios en los \u00faltimos d\u00edas de la historia de esta tierra\u00bb.Wilson termin\u00f3 su mensaje con un llamado directo: \u00abLes invito a aceptar la maravillosa gracias de Cristo en su vida, a renovar vuestra dedicaci\u00f3n a \u00e9l y a este gran movimiento adventista, para proclamar la gracia de Dios, y pedirle que ayude esta iglesia a \u2018Avanzar&#39;\u00bb. <\/p>\n","protected":false},"excerpt":{"rendered":"<p>Dirigi\u00e9ndose a una multitud de 69,989 adventistas del s[eptimo d[ia y amigos, Ted N.C. Wilson, en su primer serm\u00f3n de s\u00e1bado como presidente de la Asociaci\u00f3n General, urgi\u00f3 a los miembros a \u00abavanzar\u00bb en confian<\/p>\n","protected":false},"author":1,"featured_media":0,"comment_status":"closed","ping_status":"closed","sticky":false,"template":"","format":"standard","meta":{"_acf_changed":false,"footnotes":""},"categories":[8],"tags":[],"class_list":["post-11620","post","type-post","status-publish","format-standard","hentry","category-archivo"],"acf":[],"yoast_head":"<!-- This site is optimized with the Yoast SEO plugin v27.3 - https:\/\/yoast.com\/product\/yoast-seo-wordpress\/ -->\n<title>Wilson urgi\u00f3 a los adventistas del s\u00e9ptimo d\u00eda a &quot;avanzar&quot; en confianza al futuro - Iglesia Adventista del S\u00e9ptimo D\u00eda - Divisi\u00f3n Interamericana<\/title>\n<meta name=\"robots\" content=\"index, follow, max-snippet:-1, max-image-preview:large, max-video-preview:-1\" \/>\n<link rel=\"canonical\" href=\"https:\/\/interamerica.org\/es\/2010\/07\/wilson-urgio-a-los-adventistas-del-septimo-dia-a-avanzar-en-confianza-al-futuro\/\" \/>\n<meta property=\"og:locale\" content=\"es_ES\" \/>\n<meta property=\"og:type\" content=\"article\" \/>\n<meta property=\"og:title\" content=\"Wilson urgi\u00f3 a los adventistas del s\u00e9ptimo d\u00eda a &quot;avanzar&quot; en confianza al futuro - Iglesia Adventista del S\u00e9ptimo D\u00eda - Divisi\u00f3n Interamericana\" \/>\n<meta property=\"og:description\" content=\"Dirigi\u00e9ndose a una multitud de 69,989 adventistas del s[eptimo d[ia y amigos, Ted N.C. Wilson, en su primer serm\u00f3n de s\u00e1bado como presidente de la Asociaci\u00f3n General, urgi\u00f3 a los miembros a &quot;avanzar&quot; en confian\" \/>\n<meta property=\"og:url\" content=\"https:\/\/interamerica.org\/es\/2010\/07\/wilson-urgio-a-los-adventistas-del-septimo-dia-a-avanzar-en-confianza-al-futuro\/\" \/>\n<meta property=\"og:site_name\" content=\"Iglesia Adventista del S\u00e9ptimo D\u00eda - Divisi\u00f3n Interamericana\" \/>\n<meta property=\"article:published_time\" content=\"2010-07-03T04:00:00+00:00\" \/>\n<meta property=\"article:modified_time\" content=\"2017-06-02T12:59:17+00:00\" \/>\n<meta name=\"author\" content=\"Lorenzo Verduzco\" \/>\n<meta name=\"twitter:card\" content=\"summary_large_image\" \/>\n<meta name=\"twitter:label1\" content=\"Escrito por\" \/>\n\t<meta name=\"twitter:data1\" content=\"Lorenzo Verduzco\" \/>\n\t<meta name=\"twitter:label2\" content=\"Tiempo de lectura\" \/>\n\t<meta name=\"twitter:data2\" content=\"7 minutos\" \/>\n<script type=\"application\/ld+json\" class=\"yoast-schema-graph\">{\"@context\":\"https:\\\/\\\/schema.org\",\"@graph\":[{\"@type\":\"Article\",\"@id\":\"https:\\\/\\\/interamerica.org\\\/es\\\/2010\\\/07\\\/wilson-urgio-a-los-adventistas-del-septimo-dia-a-avanzar-en-confianza-al-futuro\\\/#article\",\"isPartOf\":{\"@id\":\"https:\\\/\\\/interamerica.org\\\/es\\\/2010\\\/07\\\/wilson-urgio-a-los-adventistas-del-septimo-dia-a-avanzar-en-confianza-al-futuro\\\/\"},\"author\":{\"name\":\"Lorenzo Verduzco\",\"@id\":\"https:\\\/\\\/interamerica.org\\\/es\\\/#\\\/schema\\\/person\\\/68ede8bdc292885bb76c1e3810e73c39\"},\"headline\":\"Wilson urgi\u00f3 a los adventistas del s\u00e9ptimo d\u00eda a \u00abavanzar\u00bb en confianza al futuro\",\"datePublished\":\"2010-07-03T04:00:00+00:00\",\"dateModified\":\"2017-06-02T12:59:17+00:00\",\"mainEntityOfPage\":{\"@id\":\"https:\\\/\\\/interamerica.org\\\/es\\\/2010\\\/07\\\/wilson-urgio-a-los-adventistas-del-septimo-dia-a-avanzar-en-confianza-al-futuro\\\/\"},\"wordCount\":1458,\"articleSection\":[\"Archivo\"],\"inLanguage\":\"es\"},{\"@type\":\"WebPage\",\"@id\":\"https:\\\/\\\/interamerica.org\\\/es\\\/2010\\\/07\\\/wilson-urgio-a-los-adventistas-del-septimo-dia-a-avanzar-en-confianza-al-futuro\\\/\",\"url\":\"https:\\\/\\\/interamerica.org\\\/es\\\/2010\\\/07\\\/wilson-urgio-a-los-adventistas-del-septimo-dia-a-avanzar-en-confianza-al-futuro\\\/\",\"name\":\"Wilson urgi\u00f3 a los adventistas del s\u00e9ptimo d\u00eda a \\\"avanzar\\\" en confianza al futuro - Iglesia Adventista del S\u00e9ptimo D\u00eda - Divisi\u00f3n Interamericana\",\"isPartOf\":{\"@id\":\"https:\\\/\\\/interamerica.org\\\/es\\\/#website\"},\"datePublished\":\"2010-07-03T04:00:00+00:00\",\"dateModified\":\"2017-06-02T12:59:17+00:00\",\"author\":{\"@id\":\"https:\\\/\\\/interamerica.org\\\/es\\\/#\\\/schema\\\/person\\\/68ede8bdc292885bb76c1e3810e73c39\"},\"breadcrumb\":{\"@id\":\"https:\\\/\\\/interamerica.org\\\/es\\\/2010\\\/07\\\/wilson-urgio-a-los-adventistas-del-septimo-dia-a-avanzar-en-confianza-al-futuro\\\/#breadcrumb\"},\"inLanguage\":\"es\",\"potentialAction\":[{\"@type\":\"ReadAction\",\"target\":[\"https:\\\/\\\/interamerica.org\\\/es\\\/2010\\\/07\\\/wilson-urgio-a-los-adventistas-del-septimo-dia-a-avanzar-en-confianza-al-futuro\\\/\"]}]},{\"@type\":\"BreadcrumbList\",\"@id\":\"https:\\\/\\\/interamerica.org\\\/es\\\/2010\\\/07\\\/wilson-urgio-a-los-adventistas-del-septimo-dia-a-avanzar-en-confianza-al-futuro\\\/#breadcrumb\",\"itemListElement\":[{\"@type\":\"ListItem\",\"position\":1,\"name\":\"Home\",\"item\":\"https:\\\/\\\/interamerica.org\\\/es\\\/\"},{\"@type\":\"ListItem\",\"position\":2,\"name\":\"Wilson urgi\u00f3 a los adventistas del s\u00e9ptimo d\u00eda a \u00abavanzar\u00bb en confianza al futuro\"}]},{\"@type\":\"WebSite\",\"@id\":\"https:\\\/\\\/interamerica.org\\\/es\\\/#website\",\"url\":\"https:\\\/\\\/interamerica.org\\\/es\\\/\",\"name\":\"Iglesia Adventista del S\u00e9ptimo D\u00eda - Divisi\u00f3n Interamericana\",\"description\":\"\",\"potentialAction\":[{\"@type\":\"SearchAction\",\"target\":{\"@type\":\"EntryPoint\",\"urlTemplate\":\"https:\\\/\\\/interamerica.org\\\/es\\\/?s={search_term_string}\"},\"query-input\":{\"@type\":\"PropertyValueSpecification\",\"valueRequired\":true,\"valueName\":\"search_term_string\"}}],\"inLanguage\":\"es\"},{\"@type\":\"Person\",\"@id\":\"https:\\\/\\\/interamerica.org\\\/es\\\/#\\\/schema\\\/person\\\/68ede8bdc292885bb76c1e3810e73c39\",\"name\":\"Lorenzo Verduzco\",\"image\":{\"@type\":\"ImageObject\",\"inLanguage\":\"es\",\"@id\":\"https:\\\/\\\/secure.gravatar.com\\\/avatar\\\/fb81a55b6218459490a9c1dc841a34909185b81904c5337b4b27f7a6fd60c49e?s=96&d=mm&r=g\",\"url\":\"https:\\\/\\\/secure.gravatar.com\\\/avatar\\\/fb81a55b6218459490a9c1dc841a34909185b81904c5337b4b27f7a6fd60c49e?s=96&d=mm&r=g\",\"contentUrl\":\"https:\\\/\\\/secure.gravatar.com\\\/avatar\\\/fb81a55b6218459490a9c1dc841a34909185b81904c5337b4b27f7a6fd60c49e?s=96&d=mm&r=g\",\"caption\":\"Lorenzo Verduzco\"}}]}<\/script>\n<!-- \/ Yoast SEO plugin. -->","yoast_head_json":{"title":"Wilson urgi\u00f3 a los adventistas del s\u00e9ptimo d\u00eda a \"avanzar\" en confianza al futuro - Iglesia Adventista del S\u00e9ptimo D\u00eda - Divisi\u00f3n Interamericana","robots":{"index":"index","follow":"follow","max-snippet":"max-snippet:-1","max-image-preview":"max-image-preview:large","max-video-preview":"max-video-preview:-1"},"canonical":"https:\/\/interamerica.org\/es\/2010\/07\/wilson-urgio-a-los-adventistas-del-septimo-dia-a-avanzar-en-confianza-al-futuro\/","og_locale":"es_ES","og_type":"article","og_title":"Wilson urgi\u00f3 a los adventistas del s\u00e9ptimo d\u00eda a \"avanzar\" en confianza al futuro - Iglesia Adventista del S\u00e9ptimo D\u00eda - Divisi\u00f3n Interamericana","og_description":"Dirigi\u00e9ndose a una multitud de 69,989 adventistas del s[eptimo d[ia y amigos, Ted N.C. Wilson, en su primer serm\u00f3n de s\u00e1bado como presidente de la Asociaci\u00f3n General, urgi\u00f3 a los miembros a \"avanzar\" en confian","og_url":"https:\/\/interamerica.org\/es\/2010\/07\/wilson-urgio-a-los-adventistas-del-septimo-dia-a-avanzar-en-confianza-al-futuro\/","og_site_name":"Iglesia Adventista del S\u00e9ptimo D\u00eda - Divisi\u00f3n Interamericana","article_published_time":"2010-07-03T04:00:00+00:00","article_modified_time":"2017-06-02T12:59:17+00:00","author":"Lorenzo Verduzco","twitter_card":"summary_large_image","twitter_misc":{"Escrito por":"Lorenzo Verduzco","Tiempo de lectura":"7 minutos"},"schema":{"@context":"https:\/\/schema.org","@graph":[{"@type":"Article","@id":"https:\/\/interamerica.org\/es\/2010\/07\/wilson-urgio-a-los-adventistas-del-septimo-dia-a-avanzar-en-confianza-al-futuro\/#article","isPartOf":{"@id":"https:\/\/interamerica.org\/es\/2010\/07\/wilson-urgio-a-los-adventistas-del-septimo-dia-a-avanzar-en-confianza-al-futuro\/"},"author":{"name":"Lorenzo Verduzco","@id":"https:\/\/interamerica.org\/es\/#\/schema\/person\/68ede8bdc292885bb76c1e3810e73c39"},"headline":"Wilson urgi\u00f3 a los adventistas del s\u00e9ptimo d\u00eda a \u00abavanzar\u00bb en confianza al futuro","datePublished":"2010-07-03T04:00:00+00:00","dateModified":"2017-06-02T12:59:17+00:00","mainEntityOfPage":{"@id":"https:\/\/interamerica.org\/es\/2010\/07\/wilson-urgio-a-los-adventistas-del-septimo-dia-a-avanzar-en-confianza-al-futuro\/"},"wordCount":1458,"articleSection":["Archivo"],"inLanguage":"es"},{"@type":"WebPage","@id":"https:\/\/interamerica.org\/es\/2010\/07\/wilson-urgio-a-los-adventistas-del-septimo-dia-a-avanzar-en-confianza-al-futuro\/","url":"https:\/\/interamerica.org\/es\/2010\/07\/wilson-urgio-a-los-adventistas-del-septimo-dia-a-avanzar-en-confianza-al-futuro\/","name":"Wilson urgi\u00f3 a los adventistas del s\u00e9ptimo d\u00eda a \"avanzar\" en confianza al futuro - Iglesia Adventista del S\u00e9ptimo D\u00eda - Divisi\u00f3n Interamericana","isPartOf":{"@id":"https:\/\/interamerica.org\/es\/#website"},"datePublished":"2010-07-03T04:00:00+00:00","dateModified":"2017-06-02T12:59:17+00:00","author":{"@id":"https:\/\/interamerica.org\/es\/#\/schema\/person\/68ede8bdc292885bb76c1e3810e73c39"},"breadcrumb":{"@id":"https:\/\/interamerica.org\/es\/2010\/07\/wilson-urgio-a-los-adventistas-del-septimo-dia-a-avanzar-en-confianza-al-futuro\/#breadcrumb"},"inLanguage":"es","potentialAction":[{"@type":"ReadAction","target":["https:\/\/interamerica.org\/es\/2010\/07\/wilson-urgio-a-los-adventistas-del-septimo-dia-a-avanzar-en-confianza-al-futuro\/"]}]},{"@type":"BreadcrumbList","@id":"https:\/\/interamerica.org\/es\/2010\/07\/wilson-urgio-a-los-adventistas-del-septimo-dia-a-avanzar-en-confianza-al-futuro\/#breadcrumb","itemListElement":[{"@type":"ListItem","position":1,"name":"Home","item":"https:\/\/interamerica.org\/es\/"},{"@type":"ListItem","position":2,"name":"Wilson urgi\u00f3 a los adventistas del s\u00e9ptimo d\u00eda a \u00abavanzar\u00bb en confianza al futuro"}]},{"@type":"WebSite","@id":"https:\/\/interamerica.org\/es\/#website","url":"https:\/\/interamerica.org\/es\/","name":"Iglesia Adventista del S\u00e9ptimo D\u00eda - Divisi\u00f3n Interamericana","description":"","potentialAction":[{"@type":"SearchAction","target":{"@type":"EntryPoint","urlTemplate":"https:\/\/interamerica.org\/es\/?s={search_term_string}"},"query-input":{"@type":"PropertyValueSpecification","valueRequired":true,"valueName":"search_term_string"}}],"inLanguage":"es"},{"@type":"Person","@id":"https:\/\/interamerica.org\/es\/#\/schema\/person\/68ede8bdc292885bb76c1e3810e73c39","name":"Lorenzo Verduzco","image":{"@type":"ImageObject","inLanguage":"es","@id":"https:\/\/secure.gravatar.com\/avatar\/fb81a55b6218459490a9c1dc841a34909185b81904c5337b4b27f7a6fd60c49e?s=96&d=mm&r=g","url":"https:\/\/secure.gravatar.com\/avatar\/fb81a55b6218459490a9c1dc841a34909185b81904c5337b4b27f7a6fd60c49e?s=96&d=mm&r=g","contentUrl":"https:\/\/secure.gravatar.com\/avatar\/fb81a55b6218459490a9c1dc841a34909185b81904c5337b4b27f7a6fd60c49e?s=96&d=mm&r=g","caption":"Lorenzo Verduzco"}}]}},"_links":{"self":[{"href":"https:\/\/interamerica.org\/es\/wp-json\/wp\/v2\/posts\/11620","targetHints":{"allow":["GET"]}}],"collection":[{"href":"https:\/\/interamerica.org\/es\/wp-json\/wp\/v2\/posts"}],"about":[{"href":"https:\/\/interamerica.org\/es\/wp-json\/wp\/v2\/types\/post"}],"author":[{"embeddable":true,"href":"https:\/\/interamerica.org\/es\/wp-json\/wp\/v2\/users\/1"}],"replies":[{"embeddable":true,"href":"https:\/\/interamerica.org\/es\/wp-json\/wp\/v2\/comments?post=11620"}],"version-history":[{"count":0,"href":"https:\/\/interamerica.org\/es\/wp-json\/wp\/v2\/posts\/11620\/revisions"}],"wp:attachment":[{"href":"https:\/\/interamerica.org\/es\/wp-json\/wp\/v2\/media?parent=11620"}],"wp:term":[{"taxonomy":"category","embeddable":true,"href":"https:\/\/interamerica.org\/es\/wp-json\/wp\/v2\/categories?post=11620"},{"taxonomy":"post_tag","embeddable":true,"href":"https:\/\/interamerica.org\/es\/wp-json\/wp\/v2\/tags?post=11620"}],"curies":[{"name":"wp","href":"https:\/\/api.w.org\/{rel}","templated":true}]}}