{"id":11625,"date":"2010-07-20T00:00:00","date_gmt":"2010-07-20T04:00:00","guid":{"rendered":"http:\/\/192.81.217.108\/interamerica\/2010\/07\/adultos-jovenes-constituyeron-el-2-por-ciento-de-todos-los-delegados-a-la-sesion-de-la-ag-indica-estudio\/"},"modified":"2017-06-02T08:59:14","modified_gmt":"2017-06-02T12:59:14","slug":"adultos-jovenes-constituyeron-el-2-por-ciento-de-todos-los-delegados-a-la-sesion-de-la-ag-indica-estudio","status":"publish","type":"post","link":"https:\/\/interamerica.org\/es\/2010\/07\/adultos-jovenes-constituyeron-el-2-por-ciento-de-todos-los-delegados-a-la-sesion-de-la-ag-indica-estudio\/","title":{"rendered":"Adultos j\u00f3venes constituyeron el 2 por ciento de todos los delegados a la Sesi\u00f3n de la AG, indica estudio"},"content":{"rendered":"<p>20 de julio, 2010, <em >Silver Spring, Maryland, Estados Unidos<\/em >&#8230;Elizabeth Lechleitner\/ANN <\/p>\n<p>Un estudio de los 2,033 delegados a la Sesi\u00f3n de la Asociaci\u00f3n General de la Iglesia Adventista del S\u00e9ptimo D\u00eda que anotaron sus edades en sus solicitudes indica que, dos por ciento del total, ten\u00eda menos de 30 a\u00f1os.  <\/p>\n<p>El estudio demogr\u00e1fico sobre la delegaci\u00f3n a la Sesi\u00f3n llega despu\u00e9s que, en la misma, varios delegados repetidamente expresaran preocupaci\u00f3n sobre lo que ellos vieron como una clara ausencia de la juventud adulta en la Sesi\u00f3n &#8212; tanto entre delegados como entre personas elegidas por la mayor\u00eda para las m\u00e1ximas posiciones de la iglesia para los pr\u00f3ximos cinco a\u00f1os. <\/p>\n<p>En regiones tales como <em >Interam\u00e9rica,<\/em > m\u00e1s del 60 por ciento de los miembros est\u00e1 entre edades de 16 y 35, lo cual algunos delegados citaron como raz\u00f3n para una mayor representaci\u00f3n de j\u00f3venes adultos en el grupo que toma las decisiones. <\/p>\n<p>La Sesi\u00f3n, una reuni\u00f3n de negocios de la iglesia que se llev\u00f3 a cabo desde el 24 de junio al 3 de julio, llev\u00f3 2,241 delegados a Atlanta, Georgia, Estados Unidos, para votar sobre reglamentos de la iglesia y elegir oficiales. Sin embargo, 208 delegados declinaron anotar sus edades y g\u00e9nero en la solicitud. <\/p>\n<p>De aquellos que lo hicieron, 44 dijeron que ten\u00edan menos de 30 a\u00f1os; 225 estaban entre las edades de 30 y 39; 580 se ubicaron en el grupo de los 60 a 69 a\u00f1os de edad; y 38 ten\u00edan 70 o m\u00e1s a\u00f1os. <\/p>\n<p>Los delegados que anotaron su edad, tambi\u00e9n indicaron su g\u00e9nero. Ochenta y cuatro por ciento, \u00f3 1,701 delegados se identificaron a ellos mismos como hombres; 332, \u00f3 16 por ciento, se registr\u00f3 como mujeres. <\/p>\n<p>Aunque durante la Sesi\u00f3n no se comunic\u00f3 una composici\u00f3n demogr\u00e1fica espec\u00edfica de la delegaci\u00f3n, los delegados que expresaron sus preocupaciones fueron clave en una decisi\u00f3n destinada a galvanizar la participaci\u00f3n de la juventud adulta en el liderazgo de la iglesia. <\/p>\n<p>Los delegados a la Sesi\u00f3n votaron incluir <a  href=\"http:\/\/news.adventist.org\/2010\/07\/adventist-churchs-to.html\">voted to include<\/a > \u00bb \u00abno menos de 15 y no m\u00e1s de 20 laicos\u00bb &#8211;y entre \u00e9stos los j\u00f3venes adultos (varones\/hembras) &#8212; sobre los 300 miembros del Comit\u00e9 Ejecutivo de la Asociaci\u00f3n General, el m\u00e1ximo cuerpo de la  iglesia en la toma de decisiones.    <\/p>\n<\/p><\/p>\n","protected":false},"excerpt":{"rendered":"<p>Un estudio de los 2,033 delegados a la Sesi\u00f3n de la Asociaci\u00f3n General de la Iglesia Adventista del S\u00e9ptimo D\u00eda que anotaron sus edades en sus solicitudes indica que, dos por ciento del total, ten\u00eda menos de 30 a\u00f1<\/p>\n","protected":false},"author":1,"featured_media":0,"comment_status":"closed","ping_status":"closed","sticky":false,"template":"","format":"standard","meta":{"_acf_changed":false,"footnotes":""},"categories":[8],"tags":[],"class_list":["post-11625","post","type-post","status-publish","format-standard","hentry","category-archivo"],"acf":[],"yoast_head":"<!-- This site is optimized with the Yoast SEO plugin v27.3 - https:\/\/yoast.com\/product\/yoast-seo-wordpress\/ -->\n<title>Adultos j\u00f3venes constituyeron el 2 por ciento de todos los delegados a la Sesi\u00f3n de la AG, indica estudio - Iglesia Adventista del S\u00e9ptimo D\u00eda - Divisi\u00f3n Interamericana<\/title>\n<meta name=\"robots\" content=\"index, follow, max-snippet:-1, max-image-preview:large, max-video-preview:-1\" \/>\n<link rel=\"canonical\" href=\"https:\/\/interamerica.org\/es\/2010\/07\/adultos-jovenes-constituyeron-el-2-por-ciento-de-todos-los-delegados-a-la-sesion-de-la-ag-indica-estudio\/\" \/>\n<meta property=\"og:locale\" content=\"es_ES\" \/>\n<meta property=\"og:type\" content=\"article\" \/>\n<meta property=\"og:title\" content=\"Adultos j\u00f3venes constituyeron el 2 por ciento de todos los delegados a la Sesi\u00f3n de la AG, indica estudio - Iglesia Adventista del S\u00e9ptimo D\u00eda - Divisi\u00f3n Interamericana\" \/>\n<meta property=\"og:description\" content=\"Un estudio de los 2,033 delegados a la Sesi\u00f3n de la Asociaci\u00f3n General de la Iglesia Adventista del S\u00e9ptimo D\u00eda que anotaron sus edades en sus solicitudes indica que, dos por ciento del total, ten\u00eda menos de 30 a\u00f1\" \/>\n<meta property=\"og:url\" content=\"https:\/\/interamerica.org\/es\/2010\/07\/adultos-jovenes-constituyeron-el-2-por-ciento-de-todos-los-delegados-a-la-sesion-de-la-ag-indica-estudio\/\" \/>\n<meta property=\"og:site_name\" content=\"Iglesia Adventista del S\u00e9ptimo D\u00eda - Divisi\u00f3n Interamericana\" \/>\n<meta property=\"article:published_time\" content=\"2010-07-20T04:00:00+00:00\" \/>\n<meta property=\"article:modified_time\" content=\"2017-06-02T12:59:14+00:00\" \/>\n<meta name=\"author\" content=\"Lorenzo Verduzco\" \/>\n<meta name=\"twitter:card\" content=\"summary_large_image\" \/>\n<meta name=\"twitter:label1\" content=\"Escrito por\" \/>\n\t<meta name=\"twitter:data1\" content=\"Lorenzo Verduzco\" \/>\n\t<meta name=\"twitter:label2\" content=\"Tiempo de lectura\" \/>\n\t<meta name=\"twitter:data2\" content=\"2 minutos\" \/>\n<script type=\"application\/ld+json\" class=\"yoast-schema-graph\">{\"@context\":\"https:\\\/\\\/schema.org\",\"@graph\":[{\"@type\":\"Article\",\"@id\":\"https:\\\/\\\/interamerica.org\\\/es\\\/2010\\\/07\\\/adultos-jovenes-constituyeron-el-2-por-ciento-de-todos-los-delegados-a-la-sesion-de-la-ag-indica-estudio\\\/#article\",\"isPartOf\":{\"@id\":\"https:\\\/\\\/interamerica.org\\\/es\\\/2010\\\/07\\\/adultos-jovenes-constituyeron-el-2-por-ciento-de-todos-los-delegados-a-la-sesion-de-la-ag-indica-estudio\\\/\"},\"author\":{\"name\":\"Lorenzo Verduzco\",\"@id\":\"https:\\\/\\\/interamerica.org\\\/es\\\/#\\\/schema\\\/person\\\/68ede8bdc292885bb76c1e3810e73c39\"},\"headline\":\"Adultos j\u00f3venes constituyeron el 2 por ciento de todos los delegados a la Sesi\u00f3n de la AG, indica estudio\",\"datePublished\":\"2010-07-20T04:00:00+00:00\",\"dateModified\":\"2017-06-02T12:59:14+00:00\",\"mainEntityOfPage\":{\"@id\":\"https:\\\/\\\/interamerica.org\\\/es\\\/2010\\\/07\\\/adultos-jovenes-constituyeron-el-2-por-ciento-de-todos-los-delegados-a-la-sesion-de-la-ag-indica-estudio\\\/\"},\"wordCount\":408,\"articleSection\":[\"Archivo\"],\"inLanguage\":\"es\"},{\"@type\":\"WebPage\",\"@id\":\"https:\\\/\\\/interamerica.org\\\/es\\\/2010\\\/07\\\/adultos-jovenes-constituyeron-el-2-por-ciento-de-todos-los-delegados-a-la-sesion-de-la-ag-indica-estudio\\\/\",\"url\":\"https:\\\/\\\/interamerica.org\\\/es\\\/2010\\\/07\\\/adultos-jovenes-constituyeron-el-2-por-ciento-de-todos-los-delegados-a-la-sesion-de-la-ag-indica-estudio\\\/\",\"name\":\"Adultos j\u00f3venes constituyeron el 2 por ciento de todos los delegados a la Sesi\u00f3n de la AG, indica estudio - Iglesia Adventista del S\u00e9ptimo D\u00eda - Divisi\u00f3n Interamericana\",\"isPartOf\":{\"@id\":\"https:\\\/\\\/interamerica.org\\\/es\\\/#website\"},\"datePublished\":\"2010-07-20T04:00:00+00:00\",\"dateModified\":\"2017-06-02T12:59:14+00:00\",\"author\":{\"@id\":\"https:\\\/\\\/interamerica.org\\\/es\\\/#\\\/schema\\\/person\\\/68ede8bdc292885bb76c1e3810e73c39\"},\"breadcrumb\":{\"@id\":\"https:\\\/\\\/interamerica.org\\\/es\\\/2010\\\/07\\\/adultos-jovenes-constituyeron-el-2-por-ciento-de-todos-los-delegados-a-la-sesion-de-la-ag-indica-estudio\\\/#breadcrumb\"},\"inLanguage\":\"es\",\"potentialAction\":[{\"@type\":\"ReadAction\",\"target\":[\"https:\\\/\\\/interamerica.org\\\/es\\\/2010\\\/07\\\/adultos-jovenes-constituyeron-el-2-por-ciento-de-todos-los-delegados-a-la-sesion-de-la-ag-indica-estudio\\\/\"]}]},{\"@type\":\"BreadcrumbList\",\"@id\":\"https:\\\/\\\/interamerica.org\\\/es\\\/2010\\\/07\\\/adultos-jovenes-constituyeron-el-2-por-ciento-de-todos-los-delegados-a-la-sesion-de-la-ag-indica-estudio\\\/#breadcrumb\",\"itemListElement\":[{\"@type\":\"ListItem\",\"position\":1,\"name\":\"Home\",\"item\":\"https:\\\/\\\/interamerica.org\\\/es\\\/\"},{\"@type\":\"ListItem\",\"position\":2,\"name\":\"Adultos j\u00f3venes constituyeron el 2 por ciento de todos los delegados a la Sesi\u00f3n de la AG, indica estudio\"}]},{\"@type\":\"WebSite\",\"@id\":\"https:\\\/\\\/interamerica.org\\\/es\\\/#website\",\"url\":\"https:\\\/\\\/interamerica.org\\\/es\\\/\",\"name\":\"Iglesia Adventista del S\u00e9ptimo D\u00eda - Divisi\u00f3n Interamericana\",\"description\":\"\",\"potentialAction\":[{\"@type\":\"SearchAction\",\"target\":{\"@type\":\"EntryPoint\",\"urlTemplate\":\"https:\\\/\\\/interamerica.org\\\/es\\\/?s={search_term_string}\"},\"query-input\":{\"@type\":\"PropertyValueSpecification\",\"valueRequired\":true,\"valueName\":\"search_term_string\"}}],\"inLanguage\":\"es\"},{\"@type\":\"Person\",\"@id\":\"https:\\\/\\\/interamerica.org\\\/es\\\/#\\\/schema\\\/person\\\/68ede8bdc292885bb76c1e3810e73c39\",\"name\":\"Lorenzo Verduzco\",\"image\":{\"@type\":\"ImageObject\",\"inLanguage\":\"es\",\"@id\":\"https:\\\/\\\/secure.gravatar.com\\\/avatar\\\/fb81a55b6218459490a9c1dc841a34909185b81904c5337b4b27f7a6fd60c49e?s=96&d=mm&r=g\",\"url\":\"https:\\\/\\\/secure.gravatar.com\\\/avatar\\\/fb81a55b6218459490a9c1dc841a34909185b81904c5337b4b27f7a6fd60c49e?s=96&d=mm&r=g\",\"contentUrl\":\"https:\\\/\\\/secure.gravatar.com\\\/avatar\\\/fb81a55b6218459490a9c1dc841a34909185b81904c5337b4b27f7a6fd60c49e?s=96&d=mm&r=g\",\"caption\":\"Lorenzo Verduzco\"}}]}<\/script>\n<!-- \/ Yoast SEO plugin. -->","yoast_head_json":{"title":"Adultos j\u00f3venes constituyeron el 2 por ciento de todos los delegados a la Sesi\u00f3n de la AG, indica estudio - Iglesia Adventista del S\u00e9ptimo D\u00eda - Divisi\u00f3n Interamericana","robots":{"index":"index","follow":"follow","max-snippet":"max-snippet:-1","max-image-preview":"max-image-preview:large","max-video-preview":"max-video-preview:-1"},"canonical":"https:\/\/interamerica.org\/es\/2010\/07\/adultos-jovenes-constituyeron-el-2-por-ciento-de-todos-los-delegados-a-la-sesion-de-la-ag-indica-estudio\/","og_locale":"es_ES","og_type":"article","og_title":"Adultos j\u00f3venes constituyeron el 2 por ciento de todos los delegados a la Sesi\u00f3n de la AG, indica estudio - Iglesia Adventista del S\u00e9ptimo D\u00eda - Divisi\u00f3n Interamericana","og_description":"Un estudio de los 2,033 delegados a la Sesi\u00f3n de la Asociaci\u00f3n General de la Iglesia Adventista del S\u00e9ptimo D\u00eda que anotaron sus edades en sus solicitudes indica que, dos por ciento del total, ten\u00eda menos de 30 a\u00f1","og_url":"https:\/\/interamerica.org\/es\/2010\/07\/adultos-jovenes-constituyeron-el-2-por-ciento-de-todos-los-delegados-a-la-sesion-de-la-ag-indica-estudio\/","og_site_name":"Iglesia Adventista del S\u00e9ptimo D\u00eda - Divisi\u00f3n Interamericana","article_published_time":"2010-07-20T04:00:00+00:00","article_modified_time":"2017-06-02T12:59:14+00:00","author":"Lorenzo Verduzco","twitter_card":"summary_large_image","twitter_misc":{"Escrito por":"Lorenzo Verduzco","Tiempo de lectura":"2 minutos"},"schema":{"@context":"https:\/\/schema.org","@graph":[{"@type":"Article","@id":"https:\/\/interamerica.org\/es\/2010\/07\/adultos-jovenes-constituyeron-el-2-por-ciento-de-todos-los-delegados-a-la-sesion-de-la-ag-indica-estudio\/#article","isPartOf":{"@id":"https:\/\/interamerica.org\/es\/2010\/07\/adultos-jovenes-constituyeron-el-2-por-ciento-de-todos-los-delegados-a-la-sesion-de-la-ag-indica-estudio\/"},"author":{"name":"Lorenzo Verduzco","@id":"https:\/\/interamerica.org\/es\/#\/schema\/person\/68ede8bdc292885bb76c1e3810e73c39"},"headline":"Adultos j\u00f3venes constituyeron el 2 por ciento de todos los delegados a la Sesi\u00f3n de la AG, indica estudio","datePublished":"2010-07-20T04:00:00+00:00","dateModified":"2017-06-02T12:59:14+00:00","mainEntityOfPage":{"@id":"https:\/\/interamerica.org\/es\/2010\/07\/adultos-jovenes-constituyeron-el-2-por-ciento-de-todos-los-delegados-a-la-sesion-de-la-ag-indica-estudio\/"},"wordCount":408,"articleSection":["Archivo"],"inLanguage":"es"},{"@type":"WebPage","@id":"https:\/\/interamerica.org\/es\/2010\/07\/adultos-jovenes-constituyeron-el-2-por-ciento-de-todos-los-delegados-a-la-sesion-de-la-ag-indica-estudio\/","url":"https:\/\/interamerica.org\/es\/2010\/07\/adultos-jovenes-constituyeron-el-2-por-ciento-de-todos-los-delegados-a-la-sesion-de-la-ag-indica-estudio\/","name":"Adultos j\u00f3venes constituyeron el 2 por ciento de todos los delegados a la Sesi\u00f3n de la AG, indica estudio - Iglesia Adventista del S\u00e9ptimo D\u00eda - Divisi\u00f3n Interamericana","isPartOf":{"@id":"https:\/\/interamerica.org\/es\/#website"},"datePublished":"2010-07-20T04:00:00+00:00","dateModified":"2017-06-02T12:59:14+00:00","author":{"@id":"https:\/\/interamerica.org\/es\/#\/schema\/person\/68ede8bdc292885bb76c1e3810e73c39"},"breadcrumb":{"@id":"https:\/\/interamerica.org\/es\/2010\/07\/adultos-jovenes-constituyeron-el-2-por-ciento-de-todos-los-delegados-a-la-sesion-de-la-ag-indica-estudio\/#breadcrumb"},"inLanguage":"es","potentialAction":[{"@type":"ReadAction","target":["https:\/\/interamerica.org\/es\/2010\/07\/adultos-jovenes-constituyeron-el-2-por-ciento-de-todos-los-delegados-a-la-sesion-de-la-ag-indica-estudio\/"]}]},{"@type":"BreadcrumbList","@id":"https:\/\/interamerica.org\/es\/2010\/07\/adultos-jovenes-constituyeron-el-2-por-ciento-de-todos-los-delegados-a-la-sesion-de-la-ag-indica-estudio\/#breadcrumb","itemListElement":[{"@type":"ListItem","position":1,"name":"Home","item":"https:\/\/interamerica.org\/es\/"},{"@type":"ListItem","position":2,"name":"Adultos j\u00f3venes constituyeron el 2 por ciento de todos los delegados a la Sesi\u00f3n de la AG, indica estudio"}]},{"@type":"WebSite","@id":"https:\/\/interamerica.org\/es\/#website","url":"https:\/\/interamerica.org\/es\/","name":"Iglesia Adventista del S\u00e9ptimo D\u00eda - Divisi\u00f3n Interamericana","description":"","potentialAction":[{"@type":"SearchAction","target":{"@type":"EntryPoint","urlTemplate":"https:\/\/interamerica.org\/es\/?s={search_term_string}"},"query-input":{"@type":"PropertyValueSpecification","valueRequired":true,"valueName":"search_term_string"}}],"inLanguage":"es"},{"@type":"Person","@id":"https:\/\/interamerica.org\/es\/#\/schema\/person\/68ede8bdc292885bb76c1e3810e73c39","name":"Lorenzo Verduzco","image":{"@type":"ImageObject","inLanguage":"es","@id":"https:\/\/secure.gravatar.com\/avatar\/fb81a55b6218459490a9c1dc841a34909185b81904c5337b4b27f7a6fd60c49e?s=96&d=mm&r=g","url":"https:\/\/secure.gravatar.com\/avatar\/fb81a55b6218459490a9c1dc841a34909185b81904c5337b4b27f7a6fd60c49e?s=96&d=mm&r=g","contentUrl":"https:\/\/secure.gravatar.com\/avatar\/fb81a55b6218459490a9c1dc841a34909185b81904c5337b4b27f7a6fd60c49e?s=96&d=mm&r=g","caption":"Lorenzo Verduzco"}}]}},"_links":{"self":[{"href":"https:\/\/interamerica.org\/es\/wp-json\/wp\/v2\/posts\/11625","targetHints":{"allow":["GET"]}}],"collection":[{"href":"https:\/\/interamerica.org\/es\/wp-json\/wp\/v2\/posts"}],"about":[{"href":"https:\/\/interamerica.org\/es\/wp-json\/wp\/v2\/types\/post"}],"author":[{"embeddable":true,"href":"https:\/\/interamerica.org\/es\/wp-json\/wp\/v2\/users\/1"}],"replies":[{"embeddable":true,"href":"https:\/\/interamerica.org\/es\/wp-json\/wp\/v2\/comments?post=11625"}],"version-history":[{"count":0,"href":"https:\/\/interamerica.org\/es\/wp-json\/wp\/v2\/posts\/11625\/revisions"}],"wp:attachment":[{"href":"https:\/\/interamerica.org\/es\/wp-json\/wp\/v2\/media?parent=11625"}],"wp:term":[{"taxonomy":"category","embeddable":true,"href":"https:\/\/interamerica.org\/es\/wp-json\/wp\/v2\/categories?post=11625"},{"taxonomy":"post_tag","embeddable":true,"href":"https:\/\/interamerica.org\/es\/wp-json\/wp\/v2\/tags?post=11625"}],"curies":[{"name":"wp","href":"https:\/\/api.w.org\/{rel}","templated":true}]}}