{"id":11626,"date":"2010-07-27T00:00:00","date_gmt":"2010-07-27T04:00:00","guid":{"rendered":"http:\/\/192.81.217.108\/interamerica\/2010\/07\/interamerica-la-iglesia-busca-nuevo-director-de-educacion-para-la-region\/"},"modified":"2017-06-02T08:59:13","modified_gmt":"2017-06-02T12:59:13","slug":"interamerica-la-iglesia-busca-nuevo-director-de-educacion-para-la-region","status":"publish","type":"post","link":"https:\/\/interamerica.org\/es\/2010\/07\/interamerica-la-iglesia-busca-nuevo-director-de-educacion-para-la-region\/","title":{"rendered":"Interam\u00e9rica: La iglesia busca nuevo director de educaci\u00f3n para la regi\u00f3n"},"content":{"rendered":"<p><em >27 de julio, 2010<\/em > &#8211; Miami, Florida, Estados Unidos&#8230;Libna Stevens\/DIA <\/p>\n<p>Los m\u00e1ximos dirigentes de la Divisi\u00f3n Interamericana de los Adventistas del S\u00e9ptimo D\u00eda buscan un nuevo director de educaci\u00f3n para dirigir las 21 regiones de la iglesia y supervisar docenas de universidades y cientos de escuelas en el territorio.   <\/p>\n<p>\u00abCon nuestro fuerte \u00e9nfasis en educaci\u00f3n este quinquenio, queremos asegurar encontrar el candidato correcto para la posici\u00f3n\u00bb, dice el pastor Leito, presidente de la iglesia en Interam\u00e9rica. El pastor Leito dice que recientemente se nombr\u00f3 una comisi\u00f3n para buscar un nuevo director.   <\/p>\n<p>La posici\u00f3n qued\u00f3 vacante despu\u00e9s que los delegados de la DIA eligieran al doctor Ismael Castillo, presidente de la Universidad de Montemorelos, para el puesto, pero \u00e9l declin\u00f3 el nombramiento. La elecci\u00f3n fue hecha durante la Sesi\u00f3n 59 de la Asociaci\u00f3n General en Atlanta, Georgia, el mes pasado.   <\/p>\n<p>La doctora Myrna Costa, vicepresidenta para la iglesia en Interam\u00e9rica y quien preside la comisi\u00f3n especial de siete miembros, dice que buscar por la persona adecuada es una prioridad. <\/p>\n<p>\u00abYa hemos informado a todos nuestros presidentes de las uniones y presidentes de las universidades, as\u00ed como a los departamentos de educaci\u00f3n de nuestras uniones para que sometan nombres para la posici\u00f3n, a fin de que podamos seguir con este proceso\u00bb, dice Costa. Ella dice que la comisi\u00f3n se reunir\u00e1 a comienzos de la pr\u00f3xima semana para revisar nombres de candidatos. <\/p>\n<p>Los dirigentes esperan completar el proceso alrededor de septiembre y someter su nominaci\u00f3n al Comit\u00e9 Ejecutivo de la DIA al final de octubre. <\/p>\n<p>Para noticias al d\u00eda, visite <a  href=\"\/\">www.interamerica.org\/<\/a > <\/p>\n","protected":false},"excerpt":{"rendered":"<p>Los m\u00e1ximos dirigentes de la DIA buscan un nuevo director de educaci\u00f3n para dirigir las 21 regiones de la iglesia y supervisar docenas de universidades y cientos de escuelas en el territorio.<\/p>\n","protected":false},"author":1,"featured_media":0,"comment_status":"closed","ping_status":"closed","sticky":false,"template":"","format":"standard","meta":{"_acf_changed":false,"footnotes":""},"categories":[8],"tags":[],"class_list":["post-11626","post","type-post","status-publish","format-standard","hentry","category-archivo"],"acf":[],"yoast_head":"<!-- This site is optimized with the Yoast SEO plugin v27.3 - https:\/\/yoast.com\/product\/yoast-seo-wordpress\/ -->\n<title>Interam\u00e9rica: La iglesia busca nuevo director de educaci\u00f3n para la regi\u00f3n - Iglesia Adventista del S\u00e9ptimo D\u00eda - Divisi\u00f3n Interamericana<\/title>\n<meta name=\"robots\" content=\"index, follow, max-snippet:-1, max-image-preview:large, max-video-preview:-1\" \/>\n<link rel=\"canonical\" href=\"https:\/\/interamerica.org\/es\/2010\/07\/interamerica-la-iglesia-busca-nuevo-director-de-educacion-para-la-region\/\" \/>\n<meta property=\"og:locale\" content=\"es_ES\" \/>\n<meta property=\"og:type\" content=\"article\" \/>\n<meta property=\"og:title\" content=\"Interam\u00e9rica: La iglesia busca nuevo director de educaci\u00f3n para la regi\u00f3n - Iglesia Adventista del S\u00e9ptimo D\u00eda - Divisi\u00f3n Interamericana\" \/>\n<meta property=\"og:description\" content=\"Los m\u00e1ximos dirigentes de la DIA buscan un nuevo director de educaci\u00f3n para dirigir las 21 regiones de la iglesia y supervisar docenas de universidades y cientos de escuelas en el territorio.\" \/>\n<meta property=\"og:url\" content=\"https:\/\/interamerica.org\/es\/2010\/07\/interamerica-la-iglesia-busca-nuevo-director-de-educacion-para-la-region\/\" \/>\n<meta property=\"og:site_name\" content=\"Iglesia Adventista del S\u00e9ptimo D\u00eda - Divisi\u00f3n Interamericana\" \/>\n<meta property=\"article:published_time\" content=\"2010-07-27T04:00:00+00:00\" \/>\n<meta property=\"article:modified_time\" content=\"2017-06-02T12:59:13+00:00\" \/>\n<meta name=\"author\" content=\"Lorenzo Verduzco\" \/>\n<meta name=\"twitter:card\" content=\"summary_large_image\" \/>\n<meta name=\"twitter:label1\" content=\"Escrito por\" \/>\n\t<meta name=\"twitter:data1\" content=\"Lorenzo Verduzco\" \/>\n\t<meta name=\"twitter:label2\" content=\"Tiempo de lectura\" \/>\n\t<meta name=\"twitter:data2\" content=\"1 minuto\" \/>\n<script type=\"application\/ld+json\" class=\"yoast-schema-graph\">{\"@context\":\"https:\\\/\\\/schema.org\",\"@graph\":[{\"@type\":\"Article\",\"@id\":\"https:\\\/\\\/interamerica.org\\\/es\\\/2010\\\/07\\\/interamerica-la-iglesia-busca-nuevo-director-de-educacion-para-la-region\\\/#article\",\"isPartOf\":{\"@id\":\"https:\\\/\\\/interamerica.org\\\/es\\\/2010\\\/07\\\/interamerica-la-iglesia-busca-nuevo-director-de-educacion-para-la-region\\\/\"},\"author\":{\"name\":\"Lorenzo Verduzco\",\"@id\":\"https:\\\/\\\/interamerica.org\\\/es\\\/#\\\/schema\\\/person\\\/68ede8bdc292885bb76c1e3810e73c39\"},\"headline\":\"Interam\u00e9rica: La iglesia busca nuevo director de educaci\u00f3n para la regi\u00f3n\",\"datePublished\":\"2010-07-27T04:00:00+00:00\",\"dateModified\":\"2017-06-02T12:59:13+00:00\",\"mainEntityOfPage\":{\"@id\":\"https:\\\/\\\/interamerica.org\\\/es\\\/2010\\\/07\\\/interamerica-la-iglesia-busca-nuevo-director-de-educacion-para-la-region\\\/\"},\"wordCount\":294,\"articleSection\":[\"Archivo\"],\"inLanguage\":\"es\"},{\"@type\":\"WebPage\",\"@id\":\"https:\\\/\\\/interamerica.org\\\/es\\\/2010\\\/07\\\/interamerica-la-iglesia-busca-nuevo-director-de-educacion-para-la-region\\\/\",\"url\":\"https:\\\/\\\/interamerica.org\\\/es\\\/2010\\\/07\\\/interamerica-la-iglesia-busca-nuevo-director-de-educacion-para-la-region\\\/\",\"name\":\"Interam\u00e9rica: La iglesia busca nuevo director de educaci\u00f3n para la regi\u00f3n - Iglesia Adventista del S\u00e9ptimo D\u00eda - Divisi\u00f3n Interamericana\",\"isPartOf\":{\"@id\":\"https:\\\/\\\/interamerica.org\\\/es\\\/#website\"},\"datePublished\":\"2010-07-27T04:00:00+00:00\",\"dateModified\":\"2017-06-02T12:59:13+00:00\",\"author\":{\"@id\":\"https:\\\/\\\/interamerica.org\\\/es\\\/#\\\/schema\\\/person\\\/68ede8bdc292885bb76c1e3810e73c39\"},\"breadcrumb\":{\"@id\":\"https:\\\/\\\/interamerica.org\\\/es\\\/2010\\\/07\\\/interamerica-la-iglesia-busca-nuevo-director-de-educacion-para-la-region\\\/#breadcrumb\"},\"inLanguage\":\"es\",\"potentialAction\":[{\"@type\":\"ReadAction\",\"target\":[\"https:\\\/\\\/interamerica.org\\\/es\\\/2010\\\/07\\\/interamerica-la-iglesia-busca-nuevo-director-de-educacion-para-la-region\\\/\"]}]},{\"@type\":\"BreadcrumbList\",\"@id\":\"https:\\\/\\\/interamerica.org\\\/es\\\/2010\\\/07\\\/interamerica-la-iglesia-busca-nuevo-director-de-educacion-para-la-region\\\/#breadcrumb\",\"itemListElement\":[{\"@type\":\"ListItem\",\"position\":1,\"name\":\"Home\",\"item\":\"https:\\\/\\\/interamerica.org\\\/es\\\/\"},{\"@type\":\"ListItem\",\"position\":2,\"name\":\"Interam\u00e9rica: La iglesia busca nuevo director de educaci\u00f3n para la regi\u00f3n\"}]},{\"@type\":\"WebSite\",\"@id\":\"https:\\\/\\\/interamerica.org\\\/es\\\/#website\",\"url\":\"https:\\\/\\\/interamerica.org\\\/es\\\/\",\"name\":\"Iglesia Adventista del S\u00e9ptimo D\u00eda - Divisi\u00f3n Interamericana\",\"description\":\"\",\"potentialAction\":[{\"@type\":\"SearchAction\",\"target\":{\"@type\":\"EntryPoint\",\"urlTemplate\":\"https:\\\/\\\/interamerica.org\\\/es\\\/?s={search_term_string}\"},\"query-input\":{\"@type\":\"PropertyValueSpecification\",\"valueRequired\":true,\"valueName\":\"search_term_string\"}}],\"inLanguage\":\"es\"},{\"@type\":\"Person\",\"@id\":\"https:\\\/\\\/interamerica.org\\\/es\\\/#\\\/schema\\\/person\\\/68ede8bdc292885bb76c1e3810e73c39\",\"name\":\"Lorenzo Verduzco\",\"image\":{\"@type\":\"ImageObject\",\"inLanguage\":\"es\",\"@id\":\"https:\\\/\\\/secure.gravatar.com\\\/avatar\\\/fb81a55b6218459490a9c1dc841a34909185b81904c5337b4b27f7a6fd60c49e?s=96&d=mm&r=g\",\"url\":\"https:\\\/\\\/secure.gravatar.com\\\/avatar\\\/fb81a55b6218459490a9c1dc841a34909185b81904c5337b4b27f7a6fd60c49e?s=96&d=mm&r=g\",\"contentUrl\":\"https:\\\/\\\/secure.gravatar.com\\\/avatar\\\/fb81a55b6218459490a9c1dc841a34909185b81904c5337b4b27f7a6fd60c49e?s=96&d=mm&r=g\",\"caption\":\"Lorenzo Verduzco\"}}]}<\/script>\n<!-- \/ Yoast SEO plugin. -->","yoast_head_json":{"title":"Interam\u00e9rica: La iglesia busca nuevo director de educaci\u00f3n para la regi\u00f3n - Iglesia Adventista del S\u00e9ptimo D\u00eda - Divisi\u00f3n Interamericana","robots":{"index":"index","follow":"follow","max-snippet":"max-snippet:-1","max-image-preview":"max-image-preview:large","max-video-preview":"max-video-preview:-1"},"canonical":"https:\/\/interamerica.org\/es\/2010\/07\/interamerica-la-iglesia-busca-nuevo-director-de-educacion-para-la-region\/","og_locale":"es_ES","og_type":"article","og_title":"Interam\u00e9rica: La iglesia busca nuevo director de educaci\u00f3n para la regi\u00f3n - Iglesia Adventista del S\u00e9ptimo D\u00eda - Divisi\u00f3n Interamericana","og_description":"Los m\u00e1ximos dirigentes de la DIA buscan un nuevo director de educaci\u00f3n para dirigir las 21 regiones de la iglesia y supervisar docenas de universidades y cientos de escuelas en el territorio.","og_url":"https:\/\/interamerica.org\/es\/2010\/07\/interamerica-la-iglesia-busca-nuevo-director-de-educacion-para-la-region\/","og_site_name":"Iglesia Adventista del S\u00e9ptimo D\u00eda - Divisi\u00f3n Interamericana","article_published_time":"2010-07-27T04:00:00+00:00","article_modified_time":"2017-06-02T12:59:13+00:00","author":"Lorenzo Verduzco","twitter_card":"summary_large_image","twitter_misc":{"Escrito por":"Lorenzo Verduzco","Tiempo de lectura":"1 minuto"},"schema":{"@context":"https:\/\/schema.org","@graph":[{"@type":"Article","@id":"https:\/\/interamerica.org\/es\/2010\/07\/interamerica-la-iglesia-busca-nuevo-director-de-educacion-para-la-region\/#article","isPartOf":{"@id":"https:\/\/interamerica.org\/es\/2010\/07\/interamerica-la-iglesia-busca-nuevo-director-de-educacion-para-la-region\/"},"author":{"name":"Lorenzo Verduzco","@id":"https:\/\/interamerica.org\/es\/#\/schema\/person\/68ede8bdc292885bb76c1e3810e73c39"},"headline":"Interam\u00e9rica: La iglesia busca nuevo director de educaci\u00f3n para la regi\u00f3n","datePublished":"2010-07-27T04:00:00+00:00","dateModified":"2017-06-02T12:59:13+00:00","mainEntityOfPage":{"@id":"https:\/\/interamerica.org\/es\/2010\/07\/interamerica-la-iglesia-busca-nuevo-director-de-educacion-para-la-region\/"},"wordCount":294,"articleSection":["Archivo"],"inLanguage":"es"},{"@type":"WebPage","@id":"https:\/\/interamerica.org\/es\/2010\/07\/interamerica-la-iglesia-busca-nuevo-director-de-educacion-para-la-region\/","url":"https:\/\/interamerica.org\/es\/2010\/07\/interamerica-la-iglesia-busca-nuevo-director-de-educacion-para-la-region\/","name":"Interam\u00e9rica: La iglesia busca nuevo director de educaci\u00f3n para la regi\u00f3n - Iglesia Adventista del S\u00e9ptimo D\u00eda - Divisi\u00f3n Interamericana","isPartOf":{"@id":"https:\/\/interamerica.org\/es\/#website"},"datePublished":"2010-07-27T04:00:00+00:00","dateModified":"2017-06-02T12:59:13+00:00","author":{"@id":"https:\/\/interamerica.org\/es\/#\/schema\/person\/68ede8bdc292885bb76c1e3810e73c39"},"breadcrumb":{"@id":"https:\/\/interamerica.org\/es\/2010\/07\/interamerica-la-iglesia-busca-nuevo-director-de-educacion-para-la-region\/#breadcrumb"},"inLanguage":"es","potentialAction":[{"@type":"ReadAction","target":["https:\/\/interamerica.org\/es\/2010\/07\/interamerica-la-iglesia-busca-nuevo-director-de-educacion-para-la-region\/"]}]},{"@type":"BreadcrumbList","@id":"https:\/\/interamerica.org\/es\/2010\/07\/interamerica-la-iglesia-busca-nuevo-director-de-educacion-para-la-region\/#breadcrumb","itemListElement":[{"@type":"ListItem","position":1,"name":"Home","item":"https:\/\/interamerica.org\/es\/"},{"@type":"ListItem","position":2,"name":"Interam\u00e9rica: La iglesia busca nuevo director de educaci\u00f3n para la regi\u00f3n"}]},{"@type":"WebSite","@id":"https:\/\/interamerica.org\/es\/#website","url":"https:\/\/interamerica.org\/es\/","name":"Iglesia Adventista del S\u00e9ptimo D\u00eda - Divisi\u00f3n Interamericana","description":"","potentialAction":[{"@type":"SearchAction","target":{"@type":"EntryPoint","urlTemplate":"https:\/\/interamerica.org\/es\/?s={search_term_string}"},"query-input":{"@type":"PropertyValueSpecification","valueRequired":true,"valueName":"search_term_string"}}],"inLanguage":"es"},{"@type":"Person","@id":"https:\/\/interamerica.org\/es\/#\/schema\/person\/68ede8bdc292885bb76c1e3810e73c39","name":"Lorenzo Verduzco","image":{"@type":"ImageObject","inLanguage":"es","@id":"https:\/\/secure.gravatar.com\/avatar\/fb81a55b6218459490a9c1dc841a34909185b81904c5337b4b27f7a6fd60c49e?s=96&d=mm&r=g","url":"https:\/\/secure.gravatar.com\/avatar\/fb81a55b6218459490a9c1dc841a34909185b81904c5337b4b27f7a6fd60c49e?s=96&d=mm&r=g","contentUrl":"https:\/\/secure.gravatar.com\/avatar\/fb81a55b6218459490a9c1dc841a34909185b81904c5337b4b27f7a6fd60c49e?s=96&d=mm&r=g","caption":"Lorenzo Verduzco"}}]}},"_links":{"self":[{"href":"https:\/\/interamerica.org\/es\/wp-json\/wp\/v2\/posts\/11626","targetHints":{"allow":["GET"]}}],"collection":[{"href":"https:\/\/interamerica.org\/es\/wp-json\/wp\/v2\/posts"}],"about":[{"href":"https:\/\/interamerica.org\/es\/wp-json\/wp\/v2\/types\/post"}],"author":[{"embeddable":true,"href":"https:\/\/interamerica.org\/es\/wp-json\/wp\/v2\/users\/1"}],"replies":[{"embeddable":true,"href":"https:\/\/interamerica.org\/es\/wp-json\/wp\/v2\/comments?post=11626"}],"version-history":[{"count":0,"href":"https:\/\/interamerica.org\/es\/wp-json\/wp\/v2\/posts\/11626\/revisions"}],"wp:attachment":[{"href":"https:\/\/interamerica.org\/es\/wp-json\/wp\/v2\/media?parent=11626"}],"wp:term":[{"taxonomy":"category","embeddable":true,"href":"https:\/\/interamerica.org\/es\/wp-json\/wp\/v2\/categories?post=11626"},{"taxonomy":"post_tag","embeddable":true,"href":"https:\/\/interamerica.org\/es\/wp-json\/wp\/v2\/tags?post=11626"}],"curies":[{"name":"wp","href":"https:\/\/api.w.org\/{rel}","templated":true}]}}