{"id":11627,"date":"2010-07-28T00:00:00","date_gmt":"2010-07-28T04:00:00","guid":{"rendered":"http:\/\/192.81.217.108\/interamerica\/2010\/07\/el-nuevo-presidente-adventista-tiene-la-vision-de-una-iglesia-caracterizada-por-la-oracion-y-el-reavivamiento\/"},"modified":"2017-06-02T08:59:13","modified_gmt":"2017-06-02T12:59:13","slug":"el-nuevo-presidente-adventista-tiene-la-vision-de-una-iglesia-caracterizada-por-la-oracion-y-el-reavivamiento","status":"publish","type":"post","link":"https:\/\/interamerica.org\/es\/2010\/07\/el-nuevo-presidente-adventista-tiene-la-vision-de-una-iglesia-caracterizada-por-la-oracion-y-el-reavivamiento\/","title":{"rendered":"El nuevo presidente adventista tiene la visi\u00f3n de una iglesia caracterizada por la oraci\u00f3n y el reavivamiento"},"content":{"rendered":"<p><em >Silver Spring, Maryland, Estados Unidos<\/em >, 28 de Julio de 2010&#8230;Elizabeth Lechleitner\/ANN <\/p>\n<p>En su primer discurso a los empleados en la sede mundial de la Iglesia Adventista del S\u00e9ptimo D\u00eda, Ted N. C. Wilson, presidente de la iglesia, deline\u00f3 un plan estrat\u00e9gico para la organizaci\u00f3n religiosa, orientado a estimular una renovaci\u00f3n del compromiso de los miembros con la misi\u00f3n de la iglesia. <\/p>\n<p>Un \u00e9nfasis en la oraci\u00f3n personal y corporativa y el lanzamiento de un Comit\u00e9 de Reavivamiento y Reforma en la sede de la iglesia, resaltaron prominentemente en el plan. <\/p>\n<p>La creencia de que los cristianos no pueden \u00abapresurar o atrasar\u00bb la Segunda Venida es una idea equivocada, dijo Wilson. Aunque la \u00abcreaci\u00f3n\u00bb de programas o actividades en la sede de la iglesia no puede \u00abforzar\u00bb el retorno de Cristo, un \u00abreavivamiento de la verdadera piedad\u00bb y una \u00abhumilde sumisi\u00f3n a la voluntad de Dios\u00bb entre los cristianos puede hacerlo, dijo \u00e9l, citando una declaraci\u00f3n de Elena G. de White, cofundadora de la iglesia. <\/p>\n<p>Wilson dijo que en el libro de los Hechos, Nuevo Testamento, los ap\u00f3stoles son descritos como \u00abun\u00e1nimes\u00bb y \u00abjuntos\u00bb-condiciones que cit\u00f3 como responsables para el derramamiento del Esp\u00edritu de Dios. Dios est\u00e1 buscando una mentalidad similar entre los adventistas hoy, dijo \u00e9l. <\/p>\n<p>Wilson dijo que, hace poco recibi\u00f3 un mensaje por correo electr\u00f3nico en el cual alguien expres\u00f3 preocupaci\u00f3n porque una iniciativa para el reavivamiento entre los  adventistas podr\u00eda conducir al legalismo o a un esp\u00edritu exclusivista. <\/p>\n<p>No ciertamente, asegur\u00f3 Wilson hoy, a m\u00e1s de 400 empleados reunidos para la exposici\u00f3n en el auditorio de la sede de la iglesia. \u00abEste no es un mensaje legalista; este es un mensaje de amor, de esperanza y de aliento&#8230; Dios nos ha dado este mensaje, y nosotros estamos para compartirlo, siendo tan \u00edntegros como sea posible\u00bb, dijo \u00e9l. <\/p>\n<p>Compartir ese mensaje depende de la oraci\u00f3n, dijo Wilson, urgiendo a los empleados a apoyar un \u00e9nfasis en la oraci\u00f3n personal y corporativa. <\/p>\n<p>\u00abUstedes son personas dedicadas, educadas y consagradas\u00bb, dijo Wilson. \u00abPero si no estamos orando en humildad&#8230; nuestros talentos, virtualmente, no valen nada\u00bb. Ning\u00fan estilo de oraci\u00f3n es obligado, dijo Wilson. \u00abSi usted no se siente c\u00f3modo orando audible, no tiene que hacerlo- basta con orar en silencio. No estamos tratando de forzar a la gente a calzar un cierto \u2018zapato&#39; a la fuerza. Pero necesitamos orar. Yo no s\u00e9 qu\u00e9 hace la gente sin la oraci\u00f3n\u00bb, dijo \u00e9l. <\/p>\n<p>Se espera que la oraci\u00f3n tambi\u00e9n salpique las reuniones del nuevo Comit\u00e9 de Reavivamiento y Reforma, dijo Wilson. \u00abNo dejen que el nombre les despida. Los comit\u00e9s no necesariamente matan todo\u00bb, dijo \u00e9l. Se espera que el comit\u00e9 re\u00fana a gente \u00abfervorosa\u00bb que se esfuerza por \u00abayudar al pueblo de Dios a predisponer un entorno para que su Esp\u00edritu haga su obra\u00bb, dijo Wilson. <\/p>\n<p>Armando Miranda, uno de los vicepresidentes generales de la iglesia, fue nombrado director del comit\u00e9, con el reci\u00e9n jubilado vicepresidente general Mark Finley, sirviendo como vicepresidente del comit\u00e9 en su nueva funci\u00f3n como asistente del presidente para evangelismo. <\/p>\n<p>Wilson deline\u00f3 algunas expectativas espec\u00edficas para los pr\u00f3ximos cinco a\u00f1os. Introdujo el lanzamiento de conferencias internacionales b\u00edblicas y de la misi\u00f3n, encuentros donde pastores, profesores, obreros de Ministerios de la Salud, y otros, pueden reunirse para estudiar juntos la Biblia a fin de llegar a entender mejor el \u00abdestino espiritual\u00bb de la iglesia. Idealmente, dijo Wilson, las reuniones estimular\u00e1n el esfuerzo para alcanzar a otros. \u00abNo vamos s\u00f3lo a sentarnos all\u00e1 y trazar todo, sino tambi\u00e9n salir\u00bb, dijo \u00e9l. <\/p>\n<p>Los pr\u00f3ximos cinco a\u00f1os ver\u00e1n, tambi\u00e9n, un \u00e9nfasis continuado en alcanzar a otros trav\u00e9s de la tecnolog\u00eda, dijo Wilson, citando el impacto de <em >Hope Channel<\/em > (Esperanza TV), Radio Mundial Adventista, <em >Global Internet Evangelism<\/em > Network (Red Global de Evangelizaci\u00f3n por la Internet), y los diversos ministerios de la iglesia en la Internet. <\/p>\n<p>Wilson dijo que la iglesia, bajo su mira, tambi\u00e9n proteger\u00e1 los asuntos principales tales como la educaci\u00f3n adventista y los ministerios de la salud. \u00abRedoblar\u00bb el proyecto Conectados con Jes\u00fas, en el cual los libros de Elena White son distribuidos a los miembros alrededor del mundo, tambi\u00e9n es una prioridad, dijo \u00e9l. <\/p>\n<p>Esta ma\u00f1ana, los empleados de la sede participaron en el proyecto-se tom\u00f3 una ofrenda para enviar copias del libro El Conflicto de los Siglos de Elena White a cada hogar en el distrito postal alrededor. <\/p>\n<p>Wilson tambi\u00e9n dijo que la participaci\u00f3n de los j\u00f3venes en la misi\u00f3n de la iglesia era su objetivo-\u00abno s\u00f3lo hacerlos miembros de un comit\u00e9, sino ir mucho m\u00e1s all\u00e1\u00bb. <\/p>\n<p>Se espera que un enfoque tanto en la evangelizaci\u00f3n como en la mayordom\u00eda sea el catalizador del \u00e9xito de la iglesia en los pr\u00f3ximos cinco a\u00f1os, dijo Wilson. \u00abCuando uno tiene esas dos cosas yendo en la direcci\u00f3n correcta, todo lo dem\u00e1s cae en su sitio. <\/p>\n<p>El plan estrat\u00e9gico no es completo ni fijo, y est\u00e1 abierto a sugerencias, dijo Wilson. \u00abLa iglesia adventista no es una organizaci\u00f3n que promueve el \u00abpoder mon\u00e1rquico\u00bb. No tenemos una persona a la cabeza que, a secas, dice: \u2018Esto es todo; h\u00e1ganlo&#39;. Y listo&#8230; La mejor manera es unirnos en oraci\u00f3n en un ambiente en el que una multitud de consejeros trae sabidur\u00eda\u00bb, dijo \u00e9l. <\/p>\n<p>Solicitando las oraciones y la participaci\u00f3n de los empleados mientras la iglesia sigue adelante, Wilson dijo que deseaba una \u00abcomunicaci\u00f3n abierta\u00bb a trav\u00e9s de la sede y de la iglesia. \u00abMi oficina est\u00e1 abierta. Si usted tiene una idea o sugerencia-no importa cu\u00e1n grande o peque\u00f1a sea-puede acercarse y hablarme\u00bb. <\/p>\n<p><em >Traductor: Abraham Guerrero<\/em > <\/p><\/p>\n","protected":false},"excerpt":{"rendered":"<p>En su primer discurso a los empleados en la sede mundial de la Iglesia Adventista del S\u00e9ptimo D\u00eda, Ted N. C. Wilson, presidente de la iglesia, deline\u00f3 un plan estrat\u00e9gico para la organizaci\u00f3n religiosa, orientado a estim<\/p>\n","protected":false},"author":1,"featured_media":0,"comment_status":"closed","ping_status":"closed","sticky":false,"template":"","format":"standard","meta":{"_acf_changed":false,"footnotes":""},"categories":[8],"tags":[],"class_list":["post-11627","post","type-post","status-publish","format-standard","hentry","category-archivo"],"acf":[],"yoast_head":"<!-- This site is optimized with the Yoast SEO plugin v27.3 - https:\/\/yoast.com\/product\/yoast-seo-wordpress\/ -->\n<title>El nuevo presidente adventista tiene la visi\u00f3n de una iglesia caracterizada por la oraci\u00f3n y el reavivamiento - Iglesia Adventista del S\u00e9ptimo D\u00eda - Divisi\u00f3n Interamericana<\/title>\n<meta name=\"robots\" content=\"index, follow, max-snippet:-1, max-image-preview:large, max-video-preview:-1\" \/>\n<link rel=\"canonical\" href=\"https:\/\/interamerica.org\/es\/2010\/07\/el-nuevo-presidente-adventista-tiene-la-vision-de-una-iglesia-caracterizada-por-la-oracion-y-el-reavivamiento\/\" \/>\n<meta property=\"og:locale\" content=\"es_ES\" \/>\n<meta property=\"og:type\" content=\"article\" \/>\n<meta property=\"og:title\" content=\"El nuevo presidente adventista tiene la visi\u00f3n de una iglesia caracterizada por la oraci\u00f3n y el reavivamiento - Iglesia Adventista del S\u00e9ptimo D\u00eda - Divisi\u00f3n Interamericana\" \/>\n<meta property=\"og:description\" content=\"En su primer discurso a los empleados en la sede mundial de la Iglesia Adventista del S\u00e9ptimo D\u00eda, Ted N. C. Wilson, presidente de la iglesia, deline\u00f3 un plan estrat\u00e9gico para la organizaci\u00f3n religiosa, orientado a estim\" \/>\n<meta property=\"og:url\" content=\"https:\/\/interamerica.org\/es\/2010\/07\/el-nuevo-presidente-adventista-tiene-la-vision-de-una-iglesia-caracterizada-por-la-oracion-y-el-reavivamiento\/\" \/>\n<meta property=\"og:site_name\" content=\"Iglesia Adventista del S\u00e9ptimo D\u00eda - Divisi\u00f3n Interamericana\" \/>\n<meta property=\"article:published_time\" content=\"2010-07-28T04:00:00+00:00\" \/>\n<meta property=\"article:modified_time\" content=\"2017-06-02T12:59:13+00:00\" \/>\n<meta name=\"author\" content=\"Lorenzo Verduzco\" \/>\n<meta name=\"twitter:card\" content=\"summary_large_image\" \/>\n<meta name=\"twitter:label1\" content=\"Escrito por\" \/>\n\t<meta name=\"twitter:data1\" content=\"Lorenzo Verduzco\" \/>\n\t<meta name=\"twitter:label2\" content=\"Tiempo de lectura\" \/>\n\t<meta name=\"twitter:data2\" content=\"5 minutos\" \/>\n<script type=\"application\/ld+json\" class=\"yoast-schema-graph\">{\"@context\":\"https:\\\/\\\/schema.org\",\"@graph\":[{\"@type\":\"Article\",\"@id\":\"https:\\\/\\\/interamerica.org\\\/es\\\/2010\\\/07\\\/el-nuevo-presidente-adventista-tiene-la-vision-de-una-iglesia-caracterizada-por-la-oracion-y-el-reavivamiento\\\/#article\",\"isPartOf\":{\"@id\":\"https:\\\/\\\/interamerica.org\\\/es\\\/2010\\\/07\\\/el-nuevo-presidente-adventista-tiene-la-vision-de-una-iglesia-caracterizada-por-la-oracion-y-el-reavivamiento\\\/\"},\"author\":{\"name\":\"Lorenzo Verduzco\",\"@id\":\"https:\\\/\\\/interamerica.org\\\/es\\\/#\\\/schema\\\/person\\\/68ede8bdc292885bb76c1e3810e73c39\"},\"headline\":\"El nuevo presidente adventista tiene la visi\u00f3n de una iglesia caracterizada por la oraci\u00f3n y el reavivamiento\",\"datePublished\":\"2010-07-28T04:00:00+00:00\",\"dateModified\":\"2017-06-02T12:59:13+00:00\",\"mainEntityOfPage\":{\"@id\":\"https:\\\/\\\/interamerica.org\\\/es\\\/2010\\\/07\\\/el-nuevo-presidente-adventista-tiene-la-vision-de-una-iglesia-caracterizada-por-la-oracion-y-el-reavivamiento\\\/\"},\"wordCount\":1008,\"articleSection\":[\"Archivo\"],\"inLanguage\":\"es\"},{\"@type\":\"WebPage\",\"@id\":\"https:\\\/\\\/interamerica.org\\\/es\\\/2010\\\/07\\\/el-nuevo-presidente-adventista-tiene-la-vision-de-una-iglesia-caracterizada-por-la-oracion-y-el-reavivamiento\\\/\",\"url\":\"https:\\\/\\\/interamerica.org\\\/es\\\/2010\\\/07\\\/el-nuevo-presidente-adventista-tiene-la-vision-de-una-iglesia-caracterizada-por-la-oracion-y-el-reavivamiento\\\/\",\"name\":\"El nuevo presidente adventista tiene la visi\u00f3n de una iglesia caracterizada por la oraci\u00f3n y el reavivamiento - Iglesia Adventista del S\u00e9ptimo D\u00eda - Divisi\u00f3n Interamericana\",\"isPartOf\":{\"@id\":\"https:\\\/\\\/interamerica.org\\\/es\\\/#website\"},\"datePublished\":\"2010-07-28T04:00:00+00:00\",\"dateModified\":\"2017-06-02T12:59:13+00:00\",\"author\":{\"@id\":\"https:\\\/\\\/interamerica.org\\\/es\\\/#\\\/schema\\\/person\\\/68ede8bdc292885bb76c1e3810e73c39\"},\"breadcrumb\":{\"@id\":\"https:\\\/\\\/interamerica.org\\\/es\\\/2010\\\/07\\\/el-nuevo-presidente-adventista-tiene-la-vision-de-una-iglesia-caracterizada-por-la-oracion-y-el-reavivamiento\\\/#breadcrumb\"},\"inLanguage\":\"es\",\"potentialAction\":[{\"@type\":\"ReadAction\",\"target\":[\"https:\\\/\\\/interamerica.org\\\/es\\\/2010\\\/07\\\/el-nuevo-presidente-adventista-tiene-la-vision-de-una-iglesia-caracterizada-por-la-oracion-y-el-reavivamiento\\\/\"]}]},{\"@type\":\"BreadcrumbList\",\"@id\":\"https:\\\/\\\/interamerica.org\\\/es\\\/2010\\\/07\\\/el-nuevo-presidente-adventista-tiene-la-vision-de-una-iglesia-caracterizada-por-la-oracion-y-el-reavivamiento\\\/#breadcrumb\",\"itemListElement\":[{\"@type\":\"ListItem\",\"position\":1,\"name\":\"Home\",\"item\":\"https:\\\/\\\/interamerica.org\\\/es\\\/\"},{\"@type\":\"ListItem\",\"position\":2,\"name\":\"El nuevo presidente adventista tiene la visi\u00f3n de una iglesia caracterizada por la oraci\u00f3n y el reavivamiento\"}]},{\"@type\":\"WebSite\",\"@id\":\"https:\\\/\\\/interamerica.org\\\/es\\\/#website\",\"url\":\"https:\\\/\\\/interamerica.org\\\/es\\\/\",\"name\":\"Iglesia Adventista del S\u00e9ptimo D\u00eda - Divisi\u00f3n Interamericana\",\"description\":\"\",\"potentialAction\":[{\"@type\":\"SearchAction\",\"target\":{\"@type\":\"EntryPoint\",\"urlTemplate\":\"https:\\\/\\\/interamerica.org\\\/es\\\/?s={search_term_string}\"},\"query-input\":{\"@type\":\"PropertyValueSpecification\",\"valueRequired\":true,\"valueName\":\"search_term_string\"}}],\"inLanguage\":\"es\"},{\"@type\":\"Person\",\"@id\":\"https:\\\/\\\/interamerica.org\\\/es\\\/#\\\/schema\\\/person\\\/68ede8bdc292885bb76c1e3810e73c39\",\"name\":\"Lorenzo Verduzco\",\"image\":{\"@type\":\"ImageObject\",\"inLanguage\":\"es\",\"@id\":\"https:\\\/\\\/secure.gravatar.com\\\/avatar\\\/fb81a55b6218459490a9c1dc841a34909185b81904c5337b4b27f7a6fd60c49e?s=96&d=mm&r=g\",\"url\":\"https:\\\/\\\/secure.gravatar.com\\\/avatar\\\/fb81a55b6218459490a9c1dc841a34909185b81904c5337b4b27f7a6fd60c49e?s=96&d=mm&r=g\",\"contentUrl\":\"https:\\\/\\\/secure.gravatar.com\\\/avatar\\\/fb81a55b6218459490a9c1dc841a34909185b81904c5337b4b27f7a6fd60c49e?s=96&d=mm&r=g\",\"caption\":\"Lorenzo Verduzco\"}}]}<\/script>\n<!-- \/ Yoast SEO plugin. -->","yoast_head_json":{"title":"El nuevo presidente adventista tiene la visi\u00f3n de una iglesia caracterizada por la oraci\u00f3n y el reavivamiento - Iglesia Adventista del S\u00e9ptimo D\u00eda - Divisi\u00f3n Interamericana","robots":{"index":"index","follow":"follow","max-snippet":"max-snippet:-1","max-image-preview":"max-image-preview:large","max-video-preview":"max-video-preview:-1"},"canonical":"https:\/\/interamerica.org\/es\/2010\/07\/el-nuevo-presidente-adventista-tiene-la-vision-de-una-iglesia-caracterizada-por-la-oracion-y-el-reavivamiento\/","og_locale":"es_ES","og_type":"article","og_title":"El nuevo presidente adventista tiene la visi\u00f3n de una iglesia caracterizada por la oraci\u00f3n y el reavivamiento - Iglesia Adventista del S\u00e9ptimo D\u00eda - Divisi\u00f3n Interamericana","og_description":"En su primer discurso a los empleados en la sede mundial de la Iglesia Adventista del S\u00e9ptimo D\u00eda, Ted N. C. Wilson, presidente de la iglesia, deline\u00f3 un plan estrat\u00e9gico para la organizaci\u00f3n religiosa, orientado a estim","og_url":"https:\/\/interamerica.org\/es\/2010\/07\/el-nuevo-presidente-adventista-tiene-la-vision-de-una-iglesia-caracterizada-por-la-oracion-y-el-reavivamiento\/","og_site_name":"Iglesia Adventista del S\u00e9ptimo D\u00eda - Divisi\u00f3n Interamericana","article_published_time":"2010-07-28T04:00:00+00:00","article_modified_time":"2017-06-02T12:59:13+00:00","author":"Lorenzo Verduzco","twitter_card":"summary_large_image","twitter_misc":{"Escrito por":"Lorenzo Verduzco","Tiempo de lectura":"5 minutos"},"schema":{"@context":"https:\/\/schema.org","@graph":[{"@type":"Article","@id":"https:\/\/interamerica.org\/es\/2010\/07\/el-nuevo-presidente-adventista-tiene-la-vision-de-una-iglesia-caracterizada-por-la-oracion-y-el-reavivamiento\/#article","isPartOf":{"@id":"https:\/\/interamerica.org\/es\/2010\/07\/el-nuevo-presidente-adventista-tiene-la-vision-de-una-iglesia-caracterizada-por-la-oracion-y-el-reavivamiento\/"},"author":{"name":"Lorenzo Verduzco","@id":"https:\/\/interamerica.org\/es\/#\/schema\/person\/68ede8bdc292885bb76c1e3810e73c39"},"headline":"El nuevo presidente adventista tiene la visi\u00f3n de una iglesia caracterizada por la oraci\u00f3n y el reavivamiento","datePublished":"2010-07-28T04:00:00+00:00","dateModified":"2017-06-02T12:59:13+00:00","mainEntityOfPage":{"@id":"https:\/\/interamerica.org\/es\/2010\/07\/el-nuevo-presidente-adventista-tiene-la-vision-de-una-iglesia-caracterizada-por-la-oracion-y-el-reavivamiento\/"},"wordCount":1008,"articleSection":["Archivo"],"inLanguage":"es"},{"@type":"WebPage","@id":"https:\/\/interamerica.org\/es\/2010\/07\/el-nuevo-presidente-adventista-tiene-la-vision-de-una-iglesia-caracterizada-por-la-oracion-y-el-reavivamiento\/","url":"https:\/\/interamerica.org\/es\/2010\/07\/el-nuevo-presidente-adventista-tiene-la-vision-de-una-iglesia-caracterizada-por-la-oracion-y-el-reavivamiento\/","name":"El nuevo presidente adventista tiene la visi\u00f3n de una iglesia caracterizada por la oraci\u00f3n y el reavivamiento - Iglesia Adventista del S\u00e9ptimo D\u00eda - Divisi\u00f3n Interamericana","isPartOf":{"@id":"https:\/\/interamerica.org\/es\/#website"},"datePublished":"2010-07-28T04:00:00+00:00","dateModified":"2017-06-02T12:59:13+00:00","author":{"@id":"https:\/\/interamerica.org\/es\/#\/schema\/person\/68ede8bdc292885bb76c1e3810e73c39"},"breadcrumb":{"@id":"https:\/\/interamerica.org\/es\/2010\/07\/el-nuevo-presidente-adventista-tiene-la-vision-de-una-iglesia-caracterizada-por-la-oracion-y-el-reavivamiento\/#breadcrumb"},"inLanguage":"es","potentialAction":[{"@type":"ReadAction","target":["https:\/\/interamerica.org\/es\/2010\/07\/el-nuevo-presidente-adventista-tiene-la-vision-de-una-iglesia-caracterizada-por-la-oracion-y-el-reavivamiento\/"]}]},{"@type":"BreadcrumbList","@id":"https:\/\/interamerica.org\/es\/2010\/07\/el-nuevo-presidente-adventista-tiene-la-vision-de-una-iglesia-caracterizada-por-la-oracion-y-el-reavivamiento\/#breadcrumb","itemListElement":[{"@type":"ListItem","position":1,"name":"Home","item":"https:\/\/interamerica.org\/es\/"},{"@type":"ListItem","position":2,"name":"El nuevo presidente adventista tiene la visi\u00f3n de una iglesia caracterizada por la oraci\u00f3n y el reavivamiento"}]},{"@type":"WebSite","@id":"https:\/\/interamerica.org\/es\/#website","url":"https:\/\/interamerica.org\/es\/","name":"Iglesia Adventista del S\u00e9ptimo D\u00eda - Divisi\u00f3n Interamericana","description":"","potentialAction":[{"@type":"SearchAction","target":{"@type":"EntryPoint","urlTemplate":"https:\/\/interamerica.org\/es\/?s={search_term_string}"},"query-input":{"@type":"PropertyValueSpecification","valueRequired":true,"valueName":"search_term_string"}}],"inLanguage":"es"},{"@type":"Person","@id":"https:\/\/interamerica.org\/es\/#\/schema\/person\/68ede8bdc292885bb76c1e3810e73c39","name":"Lorenzo Verduzco","image":{"@type":"ImageObject","inLanguage":"es","@id":"https:\/\/secure.gravatar.com\/avatar\/fb81a55b6218459490a9c1dc841a34909185b81904c5337b4b27f7a6fd60c49e?s=96&d=mm&r=g","url":"https:\/\/secure.gravatar.com\/avatar\/fb81a55b6218459490a9c1dc841a34909185b81904c5337b4b27f7a6fd60c49e?s=96&d=mm&r=g","contentUrl":"https:\/\/secure.gravatar.com\/avatar\/fb81a55b6218459490a9c1dc841a34909185b81904c5337b4b27f7a6fd60c49e?s=96&d=mm&r=g","caption":"Lorenzo Verduzco"}}]}},"_links":{"self":[{"href":"https:\/\/interamerica.org\/es\/wp-json\/wp\/v2\/posts\/11627","targetHints":{"allow":["GET"]}}],"collection":[{"href":"https:\/\/interamerica.org\/es\/wp-json\/wp\/v2\/posts"}],"about":[{"href":"https:\/\/interamerica.org\/es\/wp-json\/wp\/v2\/types\/post"}],"author":[{"embeddable":true,"href":"https:\/\/interamerica.org\/es\/wp-json\/wp\/v2\/users\/1"}],"replies":[{"embeddable":true,"href":"https:\/\/interamerica.org\/es\/wp-json\/wp\/v2\/comments?post=11627"}],"version-history":[{"count":0,"href":"https:\/\/interamerica.org\/es\/wp-json\/wp\/v2\/posts\/11627\/revisions"}],"wp:attachment":[{"href":"https:\/\/interamerica.org\/es\/wp-json\/wp\/v2\/media?parent=11627"}],"wp:term":[{"taxonomy":"category","embeddable":true,"href":"https:\/\/interamerica.org\/es\/wp-json\/wp\/v2\/categories?post=11627"},{"taxonomy":"post_tag","embeddable":true,"href":"https:\/\/interamerica.org\/es\/wp-json\/wp\/v2\/tags?post=11627"}],"curies":[{"name":"wp","href":"https:\/\/api.w.org\/{rel}","templated":true}]}}