{"id":11628,"date":"2010-08-02T00:00:00","date_gmt":"2010-08-02T04:00:00","guid":{"rendered":"http:\/\/192.81.217.108\/interamerica\/2010\/08\/venezuela-la-iglesia-estara-celebrando-primer-centenario-del-adventismo-a-traves-de-programas-en-vivo\/"},"modified":"2017-06-02T08:59:12","modified_gmt":"2017-06-02T12:59:12","slug":"venezuela-la-iglesia-estara-celebrando-primer-centenario-del-adventismo-a-traves-de-programas-en-vivo","status":"publish","type":"post","link":"https:\/\/interamerica.org\/es\/2010\/08\/venezuela-la-iglesia-estara-celebrando-primer-centenario-del-adventismo-a-traves-de-programas-en-vivo\/","title":{"rendered":"Venezuela: La iglesia estar\u00e1 celebrando Primer Centenario del adventismo a traves de programas en vivo"},"content":{"rendered":"<p><em >Miami, Florida, Estados Unidos<\/em >, 2 de agosto, 2010 &#8230;Libna Stevens\/DIA <\/p>\n<p>Los adventistas del s\u00e9ptimo d\u00eda a trav\u00e9s de Venezuela estar\u00e1n celebrando el Primer Centenario de la entrada del mensaje adventista en el pa\u00eds. Los eventos de celebraci\u00f3n, que ocupar\u00e1n todo el fin de semana, comenzar\u00e1n el pr\u00f3ximo s\u00e1bado 7 de agosto en el Poliedro de Caracas (Caracas Polyhedrom Stadium).  Se esperan m\u00e1s de 12,000 personas a la celebraci\u00f3n.                                                                                                                                                                                                                  <\/p>\n<p>El pastor Ted Willson, presidente de la Iglesia Adventista del S\u00e9ptimo D\u00eda a nivel mundial, ser\u00e1 el orador invitado durante el programa del s\u00e1bado, el cual ser\u00e1 transmitido en vivo por Esperanza TV. M\u00e1ximos l\u00edderes de la Divisi\u00f3n Interamericana (DIA) tambi\u00e9n participar\u00e1n. <\/p>\n<p>\u00abEstamos muy entusiasmados por que Venezuela estar\u00e1 celebrando los 100 a\u00f1os de la obra de la iglesia\u00bb, dice el pastor Israel Leito, presidente de la iglesia en Interam\u00e9rica. \u00abHoy la iglesia en Venezuela es completamente diferente de la de hace 25 a\u00f1os. La obra ha prosperado y sigue el crecimiento al convertirse, ahora, en dos vigorosas regiones de la iglesia; y nosotros estamos aqu\u00ed para continuar con nuestro apoyo\u00bb. <\/p>\n<p>Las actividades conmemorativas seguir\u00e1n el domingo 8 de agosto en el Estadio Feria Bicentenario de Barquisimeto, en Barquisimeto, para un d\u00eda repleto de actividades. El pastor Wilson pronunciar\u00e1 el discurso principal. Para el domingo se esperan m\u00e1s de 7,000 personas. <\/p>\n<p>El equipo de producci\u00f3n de la DIA estar\u00e1 ayudando en la producci\u00f3n del evento en vivo por sat\u00e9lite, realizado en Caracas, para que el resto del mundo lo vea, dicen l\u00edderes de comunicaci\u00f3n. <\/p>\n<p>\u00abTrabajaremos con un grupo local para que esta producci\u00f3n pueda ser una bendici\u00f3n\u00bb, dice Abel M\u00e1rquez, director asociado de comunicaci\u00f3n de la iglesia en Interam\u00e9rica, y productor del evento satelital en Caracas. <\/p>\n<p>\u00abNuestra prioridad es que m\u00e1s miembros de la iglesia a trav\u00e9s del territorio de nuestra Divisi\u00f3n y alrededor del mundo se unan a la celebraci\u00f3n con nuestros hermanos en Venezuela, con s\u00f3lo encender sus computadoras o televisores\u00bb, agrega M\u00e1rquez. <\/p>\n<p>\u00abNuestro programa consistir\u00e1 de actividades especiales que se llevar\u00e1n a cabo a trav\u00e9s del resto del pa\u00eds por medio de la Internet y nuestras estaciones de radio\u00bb, dijo el pastor Rodolfo Escobar, director de comunicaci\u00f3n y coordinador del evento. El programa se extender\u00e1 hasta las 6:00 p. m. <\/p>\n<p>Sendos programas tambi\u00e9n incluir\u00e1n conciertos musicales, presentaciones, reconocimientos, bautismos y m\u00e1s. <\/p>\n<p>Desde que el mensaje adventista entr\u00f3 a Venezuela, la iglesia ha crecido de una a dos regiones. Hay m\u00e1s de 223,000 miembros de iglesia que adoran en 815 iglesias y congregaciones. <\/p>\n<p>Para ver los programas en vivo de la celebraci\u00f3n del Primer Centenario en Venezuela, pulse en: <\/p>\n<p><a  href=\"http:\/\/www.esperanzatv.org\/\">www.esperanzatv.org<\/a >   el 7 de agosto, para el programa de Caracas que empieza a las 11: a. m. Tiempo Diurno del Este o 10:30 a.m. tiempo de Venezuela. <\/p>\n<p><a  href=\"https:\/\/recursing-golick.147-182-135-0.plesk.page\/\">www.interamerica.org<\/a >  el 8 de agosto para el programa en Barquisimeto, empezando a las 9:00 a. m., Tiempo Diurno del Este u 8:30 a. m., tiempo de Venezuela. <\/p>\n<p><em >Traductora: Aleida Romero<\/em > <\/p>\n","protected":false},"excerpt":{"rendered":"<p>Los adventistas del s\u00e9ptimo d\u00eda de toda Venezuela estar\u00e1n celebrando el Centenario desde la entrada del mensaje adventista en el pa\u00eds.<\/p>\n","protected":false},"author":1,"featured_media":0,"comment_status":"closed","ping_status":"closed","sticky":false,"template":"","format":"standard","meta":{"_acf_changed":false,"footnotes":""},"categories":[8],"tags":[],"class_list":["post-11628","post","type-post","status-publish","format-standard","hentry","category-archivo"],"acf":[],"yoast_head":"<!-- This site is optimized with the Yoast SEO plugin v27.3 - https:\/\/yoast.com\/product\/yoast-seo-wordpress\/ -->\n<title>Venezuela: La iglesia estar\u00e1 celebrando Primer Centenario del adventismo a traves de programas en vivo - Iglesia Adventista del S\u00e9ptimo D\u00eda - Divisi\u00f3n Interamericana<\/title>\n<meta name=\"robots\" content=\"index, follow, max-snippet:-1, max-image-preview:large, max-video-preview:-1\" \/>\n<link rel=\"canonical\" href=\"https:\/\/interamerica.org\/es\/2010\/08\/venezuela-la-iglesia-estara-celebrando-primer-centenario-del-adventismo-a-traves-de-programas-en-vivo\/\" \/>\n<meta property=\"og:locale\" content=\"es_ES\" \/>\n<meta property=\"og:type\" content=\"article\" \/>\n<meta property=\"og:title\" content=\"Venezuela: La iglesia estar\u00e1 celebrando Primer Centenario del adventismo a traves de programas en vivo - Iglesia Adventista del S\u00e9ptimo D\u00eda - Divisi\u00f3n Interamericana\" \/>\n<meta property=\"og:description\" content=\"Los adventistas del s\u00e9ptimo d\u00eda de toda Venezuela estar\u00e1n celebrando el Centenario desde la entrada del mensaje adventista en el pa\u00eds.\" \/>\n<meta property=\"og:url\" content=\"https:\/\/interamerica.org\/es\/2010\/08\/venezuela-la-iglesia-estara-celebrando-primer-centenario-del-adventismo-a-traves-de-programas-en-vivo\/\" \/>\n<meta property=\"og:site_name\" content=\"Iglesia Adventista del S\u00e9ptimo D\u00eda - Divisi\u00f3n Interamericana\" \/>\n<meta property=\"article:published_time\" content=\"2010-08-02T04:00:00+00:00\" \/>\n<meta property=\"article:modified_time\" content=\"2017-06-02T12:59:12+00:00\" \/>\n<meta name=\"author\" content=\"Lorenzo Verduzco\" \/>\n<meta name=\"twitter:card\" content=\"summary_large_image\" \/>\n<meta name=\"twitter:label1\" content=\"Escrito por\" \/>\n\t<meta name=\"twitter:data1\" content=\"Lorenzo Verduzco\" \/>\n\t<meta name=\"twitter:label2\" content=\"Tiempo de lectura\" \/>\n\t<meta name=\"twitter:data2\" content=\"3 minutos\" \/>\n<script type=\"application\/ld+json\" class=\"yoast-schema-graph\">{\"@context\":\"https:\\\/\\\/schema.org\",\"@graph\":[{\"@type\":\"Article\",\"@id\":\"https:\\\/\\\/interamerica.org\\\/es\\\/2010\\\/08\\\/venezuela-la-iglesia-estara-celebrando-primer-centenario-del-adventismo-a-traves-de-programas-en-vivo\\\/#article\",\"isPartOf\":{\"@id\":\"https:\\\/\\\/interamerica.org\\\/es\\\/2010\\\/08\\\/venezuela-la-iglesia-estara-celebrando-primer-centenario-del-adventismo-a-traves-de-programas-en-vivo\\\/\"},\"author\":{\"name\":\"Lorenzo Verduzco\",\"@id\":\"https:\\\/\\\/interamerica.org\\\/es\\\/#\\\/schema\\\/person\\\/68ede8bdc292885bb76c1e3810e73c39\"},\"headline\":\"Venezuela: La iglesia estar\u00e1 celebrando Primer Centenario del adventismo a traves de programas en vivo\",\"datePublished\":\"2010-08-02T04:00:00+00:00\",\"dateModified\":\"2017-06-02T12:59:12+00:00\",\"mainEntityOfPage\":{\"@id\":\"https:\\\/\\\/interamerica.org\\\/es\\\/2010\\\/08\\\/venezuela-la-iglesia-estara-celebrando-primer-centenario-del-adventismo-a-traves-de-programas-en-vivo\\\/\"},\"wordCount\":541,\"articleSection\":[\"Archivo\"],\"inLanguage\":\"es\"},{\"@type\":\"WebPage\",\"@id\":\"https:\\\/\\\/interamerica.org\\\/es\\\/2010\\\/08\\\/venezuela-la-iglesia-estara-celebrando-primer-centenario-del-adventismo-a-traves-de-programas-en-vivo\\\/\",\"url\":\"https:\\\/\\\/interamerica.org\\\/es\\\/2010\\\/08\\\/venezuela-la-iglesia-estara-celebrando-primer-centenario-del-adventismo-a-traves-de-programas-en-vivo\\\/\",\"name\":\"Venezuela: La iglesia estar\u00e1 celebrando Primer Centenario del adventismo a traves de programas en vivo - Iglesia Adventista del S\u00e9ptimo D\u00eda - Divisi\u00f3n Interamericana\",\"isPartOf\":{\"@id\":\"https:\\\/\\\/interamerica.org\\\/es\\\/#website\"},\"datePublished\":\"2010-08-02T04:00:00+00:00\",\"dateModified\":\"2017-06-02T12:59:12+00:00\",\"author\":{\"@id\":\"https:\\\/\\\/interamerica.org\\\/es\\\/#\\\/schema\\\/person\\\/68ede8bdc292885bb76c1e3810e73c39\"},\"breadcrumb\":{\"@id\":\"https:\\\/\\\/interamerica.org\\\/es\\\/2010\\\/08\\\/venezuela-la-iglesia-estara-celebrando-primer-centenario-del-adventismo-a-traves-de-programas-en-vivo\\\/#breadcrumb\"},\"inLanguage\":\"es\",\"potentialAction\":[{\"@type\":\"ReadAction\",\"target\":[\"https:\\\/\\\/interamerica.org\\\/es\\\/2010\\\/08\\\/venezuela-la-iglesia-estara-celebrando-primer-centenario-del-adventismo-a-traves-de-programas-en-vivo\\\/\"]}]},{\"@type\":\"BreadcrumbList\",\"@id\":\"https:\\\/\\\/interamerica.org\\\/es\\\/2010\\\/08\\\/venezuela-la-iglesia-estara-celebrando-primer-centenario-del-adventismo-a-traves-de-programas-en-vivo\\\/#breadcrumb\",\"itemListElement\":[{\"@type\":\"ListItem\",\"position\":1,\"name\":\"Home\",\"item\":\"https:\\\/\\\/interamerica.org\\\/es\\\/\"},{\"@type\":\"ListItem\",\"position\":2,\"name\":\"Venezuela: La iglesia estar\u00e1 celebrando Primer Centenario del adventismo a traves de programas en vivo\"}]},{\"@type\":\"WebSite\",\"@id\":\"https:\\\/\\\/interamerica.org\\\/es\\\/#website\",\"url\":\"https:\\\/\\\/interamerica.org\\\/es\\\/\",\"name\":\"Iglesia Adventista del S\u00e9ptimo D\u00eda - Divisi\u00f3n Interamericana\",\"description\":\"\",\"potentialAction\":[{\"@type\":\"SearchAction\",\"target\":{\"@type\":\"EntryPoint\",\"urlTemplate\":\"https:\\\/\\\/interamerica.org\\\/es\\\/?s={search_term_string}\"},\"query-input\":{\"@type\":\"PropertyValueSpecification\",\"valueRequired\":true,\"valueName\":\"search_term_string\"}}],\"inLanguage\":\"es\"},{\"@type\":\"Person\",\"@id\":\"https:\\\/\\\/interamerica.org\\\/es\\\/#\\\/schema\\\/person\\\/68ede8bdc292885bb76c1e3810e73c39\",\"name\":\"Lorenzo Verduzco\",\"image\":{\"@type\":\"ImageObject\",\"inLanguage\":\"es\",\"@id\":\"https:\\\/\\\/secure.gravatar.com\\\/avatar\\\/fb81a55b6218459490a9c1dc841a34909185b81904c5337b4b27f7a6fd60c49e?s=96&d=mm&r=g\",\"url\":\"https:\\\/\\\/secure.gravatar.com\\\/avatar\\\/fb81a55b6218459490a9c1dc841a34909185b81904c5337b4b27f7a6fd60c49e?s=96&d=mm&r=g\",\"contentUrl\":\"https:\\\/\\\/secure.gravatar.com\\\/avatar\\\/fb81a55b6218459490a9c1dc841a34909185b81904c5337b4b27f7a6fd60c49e?s=96&d=mm&r=g\",\"caption\":\"Lorenzo Verduzco\"}}]}<\/script>\n<!-- \/ Yoast SEO plugin. -->","yoast_head_json":{"title":"Venezuela: La iglesia estar\u00e1 celebrando Primer Centenario del adventismo a traves de programas en vivo - Iglesia Adventista del S\u00e9ptimo D\u00eda - Divisi\u00f3n Interamericana","robots":{"index":"index","follow":"follow","max-snippet":"max-snippet:-1","max-image-preview":"max-image-preview:large","max-video-preview":"max-video-preview:-1"},"canonical":"https:\/\/interamerica.org\/es\/2010\/08\/venezuela-la-iglesia-estara-celebrando-primer-centenario-del-adventismo-a-traves-de-programas-en-vivo\/","og_locale":"es_ES","og_type":"article","og_title":"Venezuela: La iglesia estar\u00e1 celebrando Primer Centenario del adventismo a traves de programas en vivo - Iglesia Adventista del S\u00e9ptimo D\u00eda - Divisi\u00f3n Interamericana","og_description":"Los adventistas del s\u00e9ptimo d\u00eda de toda Venezuela estar\u00e1n celebrando el Centenario desde la entrada del mensaje adventista en el pa\u00eds.","og_url":"https:\/\/interamerica.org\/es\/2010\/08\/venezuela-la-iglesia-estara-celebrando-primer-centenario-del-adventismo-a-traves-de-programas-en-vivo\/","og_site_name":"Iglesia Adventista del S\u00e9ptimo D\u00eda - Divisi\u00f3n Interamericana","article_published_time":"2010-08-02T04:00:00+00:00","article_modified_time":"2017-06-02T12:59:12+00:00","author":"Lorenzo Verduzco","twitter_card":"summary_large_image","twitter_misc":{"Escrito por":"Lorenzo Verduzco","Tiempo de lectura":"3 minutos"},"schema":{"@context":"https:\/\/schema.org","@graph":[{"@type":"Article","@id":"https:\/\/interamerica.org\/es\/2010\/08\/venezuela-la-iglesia-estara-celebrando-primer-centenario-del-adventismo-a-traves-de-programas-en-vivo\/#article","isPartOf":{"@id":"https:\/\/interamerica.org\/es\/2010\/08\/venezuela-la-iglesia-estara-celebrando-primer-centenario-del-adventismo-a-traves-de-programas-en-vivo\/"},"author":{"name":"Lorenzo Verduzco","@id":"https:\/\/interamerica.org\/es\/#\/schema\/person\/68ede8bdc292885bb76c1e3810e73c39"},"headline":"Venezuela: La iglesia estar\u00e1 celebrando Primer Centenario del adventismo a traves de programas en vivo","datePublished":"2010-08-02T04:00:00+00:00","dateModified":"2017-06-02T12:59:12+00:00","mainEntityOfPage":{"@id":"https:\/\/interamerica.org\/es\/2010\/08\/venezuela-la-iglesia-estara-celebrando-primer-centenario-del-adventismo-a-traves-de-programas-en-vivo\/"},"wordCount":541,"articleSection":["Archivo"],"inLanguage":"es"},{"@type":"WebPage","@id":"https:\/\/interamerica.org\/es\/2010\/08\/venezuela-la-iglesia-estara-celebrando-primer-centenario-del-adventismo-a-traves-de-programas-en-vivo\/","url":"https:\/\/interamerica.org\/es\/2010\/08\/venezuela-la-iglesia-estara-celebrando-primer-centenario-del-adventismo-a-traves-de-programas-en-vivo\/","name":"Venezuela: La iglesia estar\u00e1 celebrando Primer Centenario del adventismo a traves de programas en vivo - Iglesia Adventista del S\u00e9ptimo D\u00eda - Divisi\u00f3n Interamericana","isPartOf":{"@id":"https:\/\/interamerica.org\/es\/#website"},"datePublished":"2010-08-02T04:00:00+00:00","dateModified":"2017-06-02T12:59:12+00:00","author":{"@id":"https:\/\/interamerica.org\/es\/#\/schema\/person\/68ede8bdc292885bb76c1e3810e73c39"},"breadcrumb":{"@id":"https:\/\/interamerica.org\/es\/2010\/08\/venezuela-la-iglesia-estara-celebrando-primer-centenario-del-adventismo-a-traves-de-programas-en-vivo\/#breadcrumb"},"inLanguage":"es","potentialAction":[{"@type":"ReadAction","target":["https:\/\/interamerica.org\/es\/2010\/08\/venezuela-la-iglesia-estara-celebrando-primer-centenario-del-adventismo-a-traves-de-programas-en-vivo\/"]}]},{"@type":"BreadcrumbList","@id":"https:\/\/interamerica.org\/es\/2010\/08\/venezuela-la-iglesia-estara-celebrando-primer-centenario-del-adventismo-a-traves-de-programas-en-vivo\/#breadcrumb","itemListElement":[{"@type":"ListItem","position":1,"name":"Home","item":"https:\/\/interamerica.org\/es\/"},{"@type":"ListItem","position":2,"name":"Venezuela: La iglesia estar\u00e1 celebrando Primer Centenario del adventismo a traves de programas en vivo"}]},{"@type":"WebSite","@id":"https:\/\/interamerica.org\/es\/#website","url":"https:\/\/interamerica.org\/es\/","name":"Iglesia Adventista del S\u00e9ptimo D\u00eda - Divisi\u00f3n Interamericana","description":"","potentialAction":[{"@type":"SearchAction","target":{"@type":"EntryPoint","urlTemplate":"https:\/\/interamerica.org\/es\/?s={search_term_string}"},"query-input":{"@type":"PropertyValueSpecification","valueRequired":true,"valueName":"search_term_string"}}],"inLanguage":"es"},{"@type":"Person","@id":"https:\/\/interamerica.org\/es\/#\/schema\/person\/68ede8bdc292885bb76c1e3810e73c39","name":"Lorenzo Verduzco","image":{"@type":"ImageObject","inLanguage":"es","@id":"https:\/\/secure.gravatar.com\/avatar\/fb81a55b6218459490a9c1dc841a34909185b81904c5337b4b27f7a6fd60c49e?s=96&d=mm&r=g","url":"https:\/\/secure.gravatar.com\/avatar\/fb81a55b6218459490a9c1dc841a34909185b81904c5337b4b27f7a6fd60c49e?s=96&d=mm&r=g","contentUrl":"https:\/\/secure.gravatar.com\/avatar\/fb81a55b6218459490a9c1dc841a34909185b81904c5337b4b27f7a6fd60c49e?s=96&d=mm&r=g","caption":"Lorenzo Verduzco"}}]}},"_links":{"self":[{"href":"https:\/\/interamerica.org\/es\/wp-json\/wp\/v2\/posts\/11628","targetHints":{"allow":["GET"]}}],"collection":[{"href":"https:\/\/interamerica.org\/es\/wp-json\/wp\/v2\/posts"}],"about":[{"href":"https:\/\/interamerica.org\/es\/wp-json\/wp\/v2\/types\/post"}],"author":[{"embeddable":true,"href":"https:\/\/interamerica.org\/es\/wp-json\/wp\/v2\/users\/1"}],"replies":[{"embeddable":true,"href":"https:\/\/interamerica.org\/es\/wp-json\/wp\/v2\/comments?post=11628"}],"version-history":[{"count":0,"href":"https:\/\/interamerica.org\/es\/wp-json\/wp\/v2\/posts\/11628\/revisions"}],"wp:attachment":[{"href":"https:\/\/interamerica.org\/es\/wp-json\/wp\/v2\/media?parent=11628"}],"wp:term":[{"taxonomy":"category","embeddable":true,"href":"https:\/\/interamerica.org\/es\/wp-json\/wp\/v2\/categories?post=11628"},{"taxonomy":"post_tag","embeddable":true,"href":"https:\/\/interamerica.org\/es\/wp-json\/wp\/v2\/tags?post=11628"}],"curies":[{"name":"wp","href":"https:\/\/api.w.org\/{rel}","templated":true}]}}