{"id":116286,"date":"2024-06-23T11:35:35","date_gmt":"2024-06-23T15:35:35","guid":{"rendered":"https:\/\/interamerica.org\/?p=116286"},"modified":"2024-06-25T14:23:03","modified_gmt":"2024-06-25T18:23:03","slug":"dos-nuevas-ediciones-de-la-biblia-buscan-apuntalar-el-culto-de-las-familias-adventistas","status":"publish","type":"post","link":"https:\/\/interamerica.org\/es\/2024\/06\/dos-nuevas-ediciones-de-la-biblia-buscan-apuntalar-el-culto-de-las-familias-adventistas\/","title":{"rendered":"Dos nuevas ediciones de la Biblia buscan apuntalar el culto de las familias adventistas"},"content":{"rendered":"<div id=\"attachment_116239\" style=\"width: 879px\" class=\"wp-caption aligncenter\"><img fetchpriority=\"high\" decoding=\"async\" aria-describedby=\"caption-attachment-116239\" class=\" wp-image-116237\" src=\"https:\/\/interamerica.org\/wp-content\/uploads\/2024\/06\/ar-dsc-0127.jpg\" alt=\"\" width=\"869\" height=\"533\" srcset=\"https:\/\/interamerica.org\/wp-content\/uploads\/2024\/06\/ar-dsc-0127.jpg 1000w, https:\/\/interamerica.org\/wp-content\/uploads\/2024\/06\/ar-dsc-0127-300x184.jpg 300w, https:\/\/interamerica.org\/wp-content\/uploads\/2024\/06\/ar-dsc-0127-768x471.jpg 768w\" sizes=\"(max-width: 869px) 100vw, 869px\" \/><p id=\"caption-attachment-116239\" class=\"wp-caption-text\">Junto con otros l\u00edderes de la iglesia y personas responsables del proyecto de Biblias nuevas, el presidente de la Asociaci\u00f3n General Ted N. C. Wilson (segundo desde la izquierda) ora por las nuevas ediciones en el congreso nacional de la Uni\u00f3n Asociaci\u00f3n Espa\u00f1ola en Fuenlabrada, Madrid, Espa\u00f1a, el 15 de junio. [Fotograf\u00eda: Marcos Paseggi, Adventist Review]<\/p><\/div>\n<h4 class=\"c-post-header__subtitle\">Los nuevos vol\u00famenes fueron dedicados a Dios durante un congreso reciente de la iglesia en Espa\u00f1a.<\/h4>\n<p>23 de junio de 2024 | Madrid, Espa\u00f1a | Marcos Paseggi, Adventist Review<\/p>\n<p>L\u00edderes y miembros de iglesia que asistieron al congreso nacional de la Uni\u00f3n Asociaci\u00f3n Espa\u00f1ola en Fuenlabrada, Madrid, Espa\u00f1a, participaron en una ceremonia de dedicaci\u00f3n especial el pasado 15 de junio. Los l\u00edderes de la casa publicadora Safeliz presentaron y dedicaron a Dios dos nuevas ediciones de la Biblia. M\u00e1s abajo hay una breve descripci\u00f3n que presenta cada uno de esos vol\u00famenes, que han sido publicados en primer lugar en espa\u00f1ol. Las versiones en ingl\u00e9s y portugu\u00e9s le seguir\u00e1n pronto, afirmaron los l\u00edderes de la casa editora.<\/p>\n<p><strong>Biblia de Adoraci\u00f3n y Alabanza<\/strong><\/p>\n<p>La Biblia de Adoraci\u00f3n y Alabanza es una Biblia extraordinaria, que incluye recursos destacados para fortalecer la fe y revitalizar la vida espiritual, dijeron los editores. El volumen incluye 210 c\u00e1nticos b\u00edblicos cuyas letras son vers\u00edculos seleccionados de la Biblia. Las canciones repasan los pasajes, personajes y m\u00e1s conocidos acontecimientos b\u00edblicos desde el G\u00e9nesis hasta el Apocalipsis, y tambi\u00e9n est\u00e1n disponibles en formato de video mediante c\u00f3digos QR.<\/p>\n<p><div id=\"attachment_116245\" style=\"width: 877px\" class=\"wp-caption aligncenter\"><img decoding=\"async\" aria-describedby=\"caption-attachment-116245\" class=\" wp-image-116243\" src=\"https:\/\/interamerica.org\/wp-content\/uploads\/2024\/06\/dsc-0123.jpg\" alt=\"\" width=\"867\" height=\"578\" srcset=\"https:\/\/interamerica.org\/wp-content\/uploads\/2024\/06\/dsc-0123.jpg 1000w, https:\/\/interamerica.org\/wp-content\/uploads\/2024\/06\/dsc-0123-300x200.jpg 300w, https:\/\/interamerica.org\/wp-content\/uploads\/2024\/06\/dsc-0123-768x512.jpg 768w\" sizes=\"(max-width: 867px) 100vw, 867px\" \/><p id=\"caption-attachment-116245\" class=\"wp-caption-text\">El equipo de l\u00edderes que coordin\u00f3 el proyecto de Biblias nuevas escucha a Ted N. C. Wilson, presidente de la Asociaci\u00f3n General (tercero desde la izquierda) antes de que ore por las nuevas ediciones. [Fotograf\u00eda: Marcos Paseggi, Adventist Review]<\/p><\/div>Los editores de Safeliz tambi\u00e9n informaron que los c\u00e1nticos, que incluyen las partituras y producci\u00f3n y arreglos musicales profesionales, fueron escritos por la compositora Liliam Martinelli usando diversos estilos musicales \u201cpara ayudar a que los ni\u00f1os, los adolescentes, los j\u00f3venes y los adultos memoricen la Palabra de Dios por medio del canto\u201d. Al mismo tiempo, la Biblia incluye un \u00edndice que, entre otros datos, permite encontrar c\u00e1nticos para cantar solos, d\u00faos, tr\u00edos, cuartetos, o en coro.<\/p>\n<p><div id=\"attachment_116248\" style=\"width: 884px\" class=\"wp-caption aligncenter\"><img decoding=\"async\" aria-describedby=\"caption-attachment-116248\" class=\"wp-image-116246\" src=\"https:\/\/interamerica.org\/wp-content\/uploads\/2024\/06\/dsc-0088.jpg\" alt=\"\" width=\"874\" height=\"513\" srcset=\"https:\/\/interamerica.org\/wp-content\/uploads\/2024\/06\/dsc-0088.jpg 1000w, https:\/\/interamerica.org\/wp-content\/uploads\/2024\/06\/dsc-0088-300x176.jpg 300w, https:\/\/interamerica.org\/wp-content\/uploads\/2024\/06\/dsc-0088-768x451.jpg 768w\" sizes=\"(max-width: 874px) 100vw, 874px\" \/><p id=\"caption-attachment-116248\" class=\"wp-caption-text\">El coro de ni\u00f1os Notas del Cielo comparte una muestra de canciones que fueron incluidas en la Biblia de Adoraci\u00f3n y Alabanza. Las letras de las canciones son vers\u00edculos seleccionados de la Biblia. [Fotograf\u00eda: Marcos Paseggi, Adventist Review]<\/p><\/div>La Biblia de Adoraci\u00f3n y Alabanza tambi\u00e9n incluye cientos de lecturas devocionales que, seg\u00fan los editores, pueden ayudar a que el culto familiar sea \u201cf\u00e1cil, atractivo y relevante\u201d. La Biblia ofrece cinco tipos de devocionales, con lecturas de Ni\u00f1os, Adolescentes, J\u00f3venes, Todos, y Elena White. En la edici\u00f3n impresa se incluye una lectura diaria, pero el lector puede hallar las otras cuatro para ese d\u00eda usando un c\u00f3digo QR.<\/p>\n<p>En total, esta edici\u00f3n de la Biblia incluye 1825 mensajes especiales. \u201cAlgunos de ellos incluyen actividades sugeridas que pueden ayudar a que el culto familiar sea pr\u00e1ctico y atractivo\u201d, dijeron los editores. La edici\u00f3n tambi\u00e9n incluye, al comienzo y tambi\u00e9n al final, recursos de la iniciativa De vuelta al altar, sugerencias sobre c\u00f3mo fortalecer el culto familiar, y aun textos completos de libros que est\u00e1n disponibles mediante la tecnolog\u00eda de c\u00f3digos QR.<\/p>\n<p>\u201cEsta Biblia cuenta con el potencial de revivir nuestra experiencia de adoraci\u00f3n e impactar la traves\u00eda espiritual de toda la familia\u201d, dijo su editor. \u201cLo atraer\u00e1 a usted y a su iglesia, llev\u00e1ndolos a que se dirijan de vuelta al altar y m\u00e1s cerca de Dios\u201d.<\/p>\n<p><div id=\"attachment_116251\" style=\"width: 882px\" class=\"wp-caption aligncenter\"><img loading=\"lazy\" decoding=\"async\" aria-describedby=\"caption-attachment-116251\" class=\"wp-image-116249\" src=\"https:\/\/interamerica.org\/wp-content\/uploads\/2024\/06\/dsc-0097.jpg\" alt=\"\" width=\"872\" height=\"581\" srcset=\"https:\/\/interamerica.org\/wp-content\/uploads\/2024\/06\/dsc-0097.jpg 1000w, https:\/\/interamerica.org\/wp-content\/uploads\/2024\/06\/dsc-0097-300x200.jpg 300w, https:\/\/interamerica.org\/wp-content\/uploads\/2024\/06\/dsc-0097-768x512.jpg 768w\" sizes=\"(max-width: 872px) 100vw, 872px\" \/><p id=\"caption-attachment-116251\" class=\"wp-caption-text\">La compositora Liliam Martinelli (derecha) explica algunos de los desaf\u00edos que enfrent\u00f3 al escribir los c\u00e1nticos para la nueva Biblia, mientras el grupo musical Ed\u00e9n aguarda para compartir una muestra de los c\u00e1nticos incluidos en el nuevo volumen. [Fotograf\u00eda: Marcos Paseggi, Adventist Review]<\/p><\/div><strong>Biblia de Estudio Maranata<\/strong><\/p>\n<p>La segunda edici\u00f3n de la Biblia presentada y dedicada en el congreso nacional de la Uni\u00f3n Asociaci\u00f3n Espa\u00f1ola es la nueva Biblia de Estudio Maranata.<\/p>\n<p>\u201cHa sido llamada la Biblia Maranata porque nuestra m\u00e1s grande esperanza se encuentra en la segunda venida de Cristo\u201d, dijo Mario Martinelli, gerente general de Safeliz. \u201cEsta Biblia es el resultado de un proyecto que ha demandado m\u00e1s de diez a\u00f1os de mucho trabajo\u201d, a\u00f1adi\u00f3. \u201cM\u00e1s de cien te\u00f3logos adventistas han contribuido no solo a compilar sino tambi\u00e9n a desarrollar los recursos que se incluyen all\u00ed\u201d.<\/p>\n<p>Los l\u00edderes de Safeliz explicaron que esta Biblia tiene por objetivo ayudar a que los miembros de iglesia profundicen en el estudio de la Palabra de Dios. \u201cIncluye notas de estudio y art\u00edculos m\u00e1s profundos divididos en diferentes categor\u00edas\u201d.<\/p>\n<p><div id=\"attachment_116254\" style=\"width: 896px\" class=\"wp-caption aligncenter\"><img loading=\"lazy\" decoding=\"async\" aria-describedby=\"caption-attachment-116254\" class=\"wp-image-116252\" src=\"https:\/\/interamerica.org\/wp-content\/uploads\/2024\/06\/dsc-0094.jpg\" alt=\"\" width=\"886\" height=\"591\" srcset=\"https:\/\/interamerica.org\/wp-content\/uploads\/2024\/06\/dsc-0094.jpg 1000w, https:\/\/interamerica.org\/wp-content\/uploads\/2024\/06\/dsc-0094-300x200.jpg 300w, https:\/\/interamerica.org\/wp-content\/uploads\/2024\/06\/dsc-0094-768x512.jpg 768w\" sizes=\"(max-width: 886px) 100vw, 886px\" \/><p id=\"caption-attachment-116254\" class=\"wp-caption-text\">Liliam Martinelli compuso las 210 canciones espirituales que se incluyeron en la Biblia de Alabanza y Adoraci\u00f3n. [Fotograf\u00eda: Marcos Paseggi, Adventist Review]<\/p><\/div>La Biblia de Estudio Maranata tambi\u00e9n incluye una serie de infograf\u00edas sobre las profec\u00edas de los libros b\u00edblicos de Daniel y Apocalipsis. \u201cCombinan informaci\u00f3n exacta y digna de confianza con elementos visuales que ayudan a que el estudiante comprenda las profec\u00edas m\u00e1s importantes de la Biblia\u201d, dijeron los editores. \u201cLa Biblia tambi\u00e9n incluye mapas con notas explicativas, un diccionario de t\u00e9rminos b\u00edblicos, y una cronolog\u00eda destacada de eventos b\u00edblicos y de la historia de la Iglesia Cristiana\u201d.<\/p>\n<p>Gracias a la tecnolog\u00eda de c\u00f3digos QR, la Biblia incluye enlaces a una larga lista de art\u00edculos y discusiones sobre temas tales como \u201cDios y el sufrimiento\u201d, y \u201cEl matrimonio en el Nuevo Testamento\u201d. \u201cLa Biblia de Estudio Maranata es realmente una l\u00e1mpara a nuestros pies\u201d, dijeron los editores.<\/p>\n<p><div id=\"attachment_116257\" style=\"width: 880px\" class=\"wp-caption aligncenter\"><img loading=\"lazy\" decoding=\"async\" aria-describedby=\"caption-attachment-116257\" class=\"wp-image-116255\" src=\"https:\/\/interamerica.org\/wp-content\/uploads\/2024\/06\/dsc-0120.jpg\" alt=\"\" width=\"870\" height=\"580\" srcset=\"https:\/\/interamerica.org\/wp-content\/uploads\/2024\/06\/dsc-0120.jpg 1000w, https:\/\/interamerica.org\/wp-content\/uploads\/2024\/06\/dsc-0120-300x200.jpg 300w, https:\/\/interamerica.org\/wp-content\/uploads\/2024\/06\/dsc-0120-768x512.jpg 768w\" sizes=\"(max-width: 870px) 100vw, 870px\" \/><p id=\"caption-attachment-116257\" class=\"wp-caption-text\">L\u00edderes de la casa editora Safeliz presentan la nueva Biblia de Estudio Maranata, durante el congreso nacional de la Uni\u00f3n Asociaci\u00f3n Espa\u00f1ola el 15 de junio. [Fotograf\u00eda: Marcos Paseggi, Adventist Review]<\/p><\/div>Al final de las presentaciones, Ted N. C. Wilson, presidente de la Asociaci\u00f3n General, se dirigi\u00f3 a los miembros y l\u00edderes de la iglesia. \u201cEsto no solo tiene que ver con nuestra capacidad de coleccionar Biblias sobre un estante\u201d, les dijo. \u201cLo importante es leer la Biblia y permitir que llene nuestra vida con la presencia de Dios\u201d.<\/p>\n<p>Minutos despu\u00e9s, Wilson dedic\u00f3 las dos nuevas ediciones de la Biblia a Dios en oraci\u00f3n. \u201cPonemos la circulaci\u00f3n de estas Biblias en tus manos [de Dios]\u201d, or\u00f3. \u201cPedimos que las personas atesoren estas preciosas palabras del mismo cielo [\u2026]. Bendice la distribuci\u00f3n de tu Palabra. Y que estas Biblias pueden llevar a muchas personas al pie de la cruz\u201d.<\/p>\n<p>Traducci\u00f3n de Marcos Paseggi<\/p>\n","protected":false},"excerpt":{"rendered":"<p>Los nuevos vol\u00famenes fueron dedicados a Dios durante un congreso reciente de la iglesia en Espa\u00f1a. 23 de junio de 2024 | Madrid, Espa\u00f1a | Marcos Paseggi, Adventist Review L\u00edderes&#8230;<\/p>\n","protected":false},"author":3,"featured_media":116239,"comment_status":"closed","ping_status":"closed","sticky":false,"template":"","format":"standard","meta":{"_acf_changed":false,"footnotes":""},"categories":[14,15],"tags":[],"class_list":["post-116286","post","type-post","status-publish","format-standard","has-post-thumbnail","hentry","category-de-la-iglesia-mundial","category-rss-espanol"],"acf":[],"yoast_head":"<!-- This site is optimized with the Yoast SEO plugin v27.3 - https:\/\/yoast.com\/product\/yoast-seo-wordpress\/ -->\n<title>Dos nuevas ediciones de la Biblia buscan apuntalar el culto de las familias adventistas - Iglesia Adventista del S\u00e9ptimo D\u00eda - Divisi\u00f3n Interamericana<\/title>\n<meta name=\"robots\" content=\"index, follow, max-snippet:-1, max-image-preview:large, max-video-preview:-1\" \/>\n<link rel=\"canonical\" href=\"https:\/\/interamerica.org\/es\/2024\/06\/dos-nuevas-ediciones-de-la-biblia-buscan-apuntalar-el-culto-de-las-familias-adventistas\/\" \/>\n<meta property=\"og:locale\" content=\"es_ES\" \/>\n<meta property=\"og:type\" content=\"article\" \/>\n<meta property=\"og:title\" content=\"Dos nuevas ediciones de la Biblia buscan apuntalar el culto de las familias adventistas - Iglesia Adventista del S\u00e9ptimo D\u00eda - Divisi\u00f3n Interamericana\" \/>\n<meta property=\"og:description\" content=\"Los nuevos vol\u00famenes fueron dedicados a Dios durante un congreso reciente de la iglesia en Espa\u00f1a. 23 de junio de 2024 | Madrid, Espa\u00f1a | Marcos Paseggi, Adventist Review L\u00edderes...\" \/>\n<meta property=\"og:url\" content=\"https:\/\/interamerica.org\/es\/2024\/06\/dos-nuevas-ediciones-de-la-biblia-buscan-apuntalar-el-culto-de-las-familias-adventistas\/\" \/>\n<meta property=\"og:site_name\" content=\"Iglesia Adventista del S\u00e9ptimo D\u00eda - Divisi\u00f3n Interamericana\" \/>\n<meta property=\"article:published_time\" content=\"2024-06-23T15:35:35+00:00\" \/>\n<meta property=\"article:modified_time\" content=\"2024-06-25T18:23:03+00:00\" \/>\n<meta property=\"og:image\" content=\"https:\/\/interamerica.org\/wp-content\/uploads\/2024\/06\/ar-dsc-0127.jpg\" \/>\n\t<meta property=\"og:image:width\" content=\"1000\" \/>\n\t<meta property=\"og:image:height\" content=\"613\" \/>\n\t<meta property=\"og:image:type\" content=\"image\/jpeg\" \/>\n<meta name=\"author\" content=\"libna\" \/>\n<meta name=\"twitter:card\" content=\"summary_large_image\" \/>\n<meta name=\"twitter:label1\" content=\"Escrito por\" \/>\n\t<meta name=\"twitter:data1\" content=\"libna\" \/>\n\t<meta name=\"twitter:label2\" content=\"Tiempo de lectura\" \/>\n\t<meta name=\"twitter:data2\" content=\"7 minutos\" \/>\n<script type=\"application\/ld+json\" class=\"yoast-schema-graph\">{\"@context\":\"https:\\\/\\\/schema.org\",\"@graph\":[{\"@type\":\"Article\",\"@id\":\"https:\\\/\\\/interamerica.org\\\/es\\\/2024\\\/06\\\/dos-nuevas-ediciones-de-la-biblia-buscan-apuntalar-el-culto-de-las-familias-adventistas\\\/#article\",\"isPartOf\":{\"@id\":\"https:\\\/\\\/interamerica.org\\\/es\\\/2024\\\/06\\\/dos-nuevas-ediciones-de-la-biblia-buscan-apuntalar-el-culto-de-las-familias-adventistas\\\/\"},\"author\":{\"name\":\"libna\",\"@id\":\"https:\\\/\\\/interamerica.org\\\/es\\\/#\\\/schema\\\/person\\\/29998f2bc2d8bd0d38662909289b54f1\"},\"headline\":\"Dos nuevas ediciones de la Biblia buscan apuntalar el culto de las familias adventistas\",\"datePublished\":\"2024-06-23T15:35:35+00:00\",\"dateModified\":\"2024-06-25T18:23:03+00:00\",\"mainEntityOfPage\":{\"@id\":\"https:\\\/\\\/interamerica.org\\\/es\\\/2024\\\/06\\\/dos-nuevas-ediciones-de-la-biblia-buscan-apuntalar-el-culto-de-las-familias-adventistas\\\/\"},\"wordCount\":1230,\"image\":{\"@id\":\"https:\\\/\\\/interamerica.org\\\/es\\\/2024\\\/06\\\/dos-nuevas-ediciones-de-la-biblia-buscan-apuntalar-el-culto-de-las-familias-adventistas\\\/#primaryimage\"},\"thumbnailUrl\":\"https:\\\/\\\/interamerica.org\\\/wp-content\\\/uploads\\\/2024\\\/06\\\/ar-dsc-0127.jpg\",\"articleSection\":[\"Desde la iglesia mundial\",\"RSS Espa\u00f1ol\"],\"inLanguage\":\"es\"},{\"@type\":\"WebPage\",\"@id\":\"https:\\\/\\\/interamerica.org\\\/es\\\/2024\\\/06\\\/dos-nuevas-ediciones-de-la-biblia-buscan-apuntalar-el-culto-de-las-familias-adventistas\\\/\",\"url\":\"https:\\\/\\\/interamerica.org\\\/es\\\/2024\\\/06\\\/dos-nuevas-ediciones-de-la-biblia-buscan-apuntalar-el-culto-de-las-familias-adventistas\\\/\",\"name\":\"Dos nuevas ediciones de la Biblia buscan apuntalar el culto de las familias adventistas - Iglesia Adventista del S\u00e9ptimo D\u00eda - Divisi\u00f3n Interamericana\",\"isPartOf\":{\"@id\":\"https:\\\/\\\/interamerica.org\\\/es\\\/#website\"},\"primaryImageOfPage\":{\"@id\":\"https:\\\/\\\/interamerica.org\\\/es\\\/2024\\\/06\\\/dos-nuevas-ediciones-de-la-biblia-buscan-apuntalar-el-culto-de-las-familias-adventistas\\\/#primaryimage\"},\"image\":{\"@id\":\"https:\\\/\\\/interamerica.org\\\/es\\\/2024\\\/06\\\/dos-nuevas-ediciones-de-la-biblia-buscan-apuntalar-el-culto-de-las-familias-adventistas\\\/#primaryimage\"},\"thumbnailUrl\":\"https:\\\/\\\/interamerica.org\\\/wp-content\\\/uploads\\\/2024\\\/06\\\/ar-dsc-0127.jpg\",\"datePublished\":\"2024-06-23T15:35:35+00:00\",\"dateModified\":\"2024-06-25T18:23:03+00:00\",\"author\":{\"@id\":\"https:\\\/\\\/interamerica.org\\\/es\\\/#\\\/schema\\\/person\\\/29998f2bc2d8bd0d38662909289b54f1\"},\"breadcrumb\":{\"@id\":\"https:\\\/\\\/interamerica.org\\\/es\\\/2024\\\/06\\\/dos-nuevas-ediciones-de-la-biblia-buscan-apuntalar-el-culto-de-las-familias-adventistas\\\/#breadcrumb\"},\"inLanguage\":\"es\",\"potentialAction\":[{\"@type\":\"ReadAction\",\"target\":[\"https:\\\/\\\/interamerica.org\\\/es\\\/2024\\\/06\\\/dos-nuevas-ediciones-de-la-biblia-buscan-apuntalar-el-culto-de-las-familias-adventistas\\\/\"]}]},{\"@type\":\"ImageObject\",\"inLanguage\":\"es\",\"@id\":\"https:\\\/\\\/interamerica.org\\\/es\\\/2024\\\/06\\\/dos-nuevas-ediciones-de-la-biblia-buscan-apuntalar-el-culto-de-las-familias-adventistas\\\/#primaryimage\",\"url\":\"https:\\\/\\\/interamerica.org\\\/wp-content\\\/uploads\\\/2024\\\/06\\\/ar-dsc-0127.jpg\",\"contentUrl\":\"https:\\\/\\\/interamerica.org\\\/wp-content\\\/uploads\\\/2024\\\/06\\\/ar-dsc-0127.jpg\",\"width\":1000,\"height\":613,\"caption\":\"Together with other church leaders and people responsible for the new Bibles project, General Conference president Ted N. C. Wilson (second from left) prays for the new editions at the Spanish Union of Churches Conference national congress in Fuenlabrada, Madrid, Spain, on June 15. [Photo: Marcos Paseggi, Adventist Review]\"},{\"@type\":\"BreadcrumbList\",\"@id\":\"https:\\\/\\\/interamerica.org\\\/es\\\/2024\\\/06\\\/dos-nuevas-ediciones-de-la-biblia-buscan-apuntalar-el-culto-de-las-familias-adventistas\\\/#breadcrumb\",\"itemListElement\":[{\"@type\":\"ListItem\",\"position\":1,\"name\":\"Home\",\"item\":\"https:\\\/\\\/interamerica.org\\\/es\\\/\"},{\"@type\":\"ListItem\",\"position\":2,\"name\":\"Dos nuevas ediciones de la Biblia buscan apuntalar el culto de las familias adventistas\"}]},{\"@type\":\"WebSite\",\"@id\":\"https:\\\/\\\/interamerica.org\\\/es\\\/#website\",\"url\":\"https:\\\/\\\/interamerica.org\\\/es\\\/\",\"name\":\"Iglesia Adventista del S\u00e9ptimo D\u00eda - Divisi\u00f3n Interamericana\",\"description\":\"\",\"potentialAction\":[{\"@type\":\"SearchAction\",\"target\":{\"@type\":\"EntryPoint\",\"urlTemplate\":\"https:\\\/\\\/interamerica.org\\\/es\\\/?s={search_term_string}\"},\"query-input\":{\"@type\":\"PropertyValueSpecification\",\"valueRequired\":true,\"valueName\":\"search_term_string\"}}],\"inLanguage\":\"es\"},{\"@type\":\"Person\",\"@id\":\"https:\\\/\\\/interamerica.org\\\/es\\\/#\\\/schema\\\/person\\\/29998f2bc2d8bd0d38662909289b54f1\",\"name\":\"libna\",\"image\":{\"@type\":\"ImageObject\",\"inLanguage\":\"es\",\"@id\":\"https:\\\/\\\/secure.gravatar.com\\\/avatar\\\/7c5bd30ae4b47a9ba3c856590957fd1d96dc588bf3ac05719d247e126840331f?s=96&d=mm&r=g\",\"url\":\"https:\\\/\\\/secure.gravatar.com\\\/avatar\\\/7c5bd30ae4b47a9ba3c856590957fd1d96dc588bf3ac05719d247e126840331f?s=96&d=mm&r=g\",\"contentUrl\":\"https:\\\/\\\/secure.gravatar.com\\\/avatar\\\/7c5bd30ae4b47a9ba3c856590957fd1d96dc588bf3ac05719d247e126840331f?s=96&d=mm&r=g\",\"caption\":\"libna\"}}]}<\/script>\n<!-- \/ Yoast SEO plugin. -->","yoast_head_json":{"title":"Dos nuevas ediciones de la Biblia buscan apuntalar el culto de las familias adventistas - Iglesia Adventista del S\u00e9ptimo D\u00eda - Divisi\u00f3n Interamericana","robots":{"index":"index","follow":"follow","max-snippet":"max-snippet:-1","max-image-preview":"max-image-preview:large","max-video-preview":"max-video-preview:-1"},"canonical":"https:\/\/interamerica.org\/es\/2024\/06\/dos-nuevas-ediciones-de-la-biblia-buscan-apuntalar-el-culto-de-las-familias-adventistas\/","og_locale":"es_ES","og_type":"article","og_title":"Dos nuevas ediciones de la Biblia buscan apuntalar el culto de las familias adventistas - Iglesia Adventista del S\u00e9ptimo D\u00eda - Divisi\u00f3n Interamericana","og_description":"Los nuevos vol\u00famenes fueron dedicados a Dios durante un congreso reciente de la iglesia en Espa\u00f1a. 23 de junio de 2024 | Madrid, Espa\u00f1a | Marcos Paseggi, Adventist Review L\u00edderes...","og_url":"https:\/\/interamerica.org\/es\/2024\/06\/dos-nuevas-ediciones-de-la-biblia-buscan-apuntalar-el-culto-de-las-familias-adventistas\/","og_site_name":"Iglesia Adventista del S\u00e9ptimo D\u00eda - Divisi\u00f3n Interamericana","article_published_time":"2024-06-23T15:35:35+00:00","article_modified_time":"2024-06-25T18:23:03+00:00","og_image":[{"width":1000,"height":613,"url":"https:\/\/interamerica.org\/wp-content\/uploads\/2024\/06\/ar-dsc-0127.jpg","type":"image\/jpeg"}],"author":"libna","twitter_card":"summary_large_image","twitter_misc":{"Escrito por":"libna","Tiempo de lectura":"7 minutos"},"schema":{"@context":"https:\/\/schema.org","@graph":[{"@type":"Article","@id":"https:\/\/interamerica.org\/es\/2024\/06\/dos-nuevas-ediciones-de-la-biblia-buscan-apuntalar-el-culto-de-las-familias-adventistas\/#article","isPartOf":{"@id":"https:\/\/interamerica.org\/es\/2024\/06\/dos-nuevas-ediciones-de-la-biblia-buscan-apuntalar-el-culto-de-las-familias-adventistas\/"},"author":{"name":"libna","@id":"https:\/\/interamerica.org\/es\/#\/schema\/person\/29998f2bc2d8bd0d38662909289b54f1"},"headline":"Dos nuevas ediciones de la Biblia buscan apuntalar el culto de las familias adventistas","datePublished":"2024-06-23T15:35:35+00:00","dateModified":"2024-06-25T18:23:03+00:00","mainEntityOfPage":{"@id":"https:\/\/interamerica.org\/es\/2024\/06\/dos-nuevas-ediciones-de-la-biblia-buscan-apuntalar-el-culto-de-las-familias-adventistas\/"},"wordCount":1230,"image":{"@id":"https:\/\/interamerica.org\/es\/2024\/06\/dos-nuevas-ediciones-de-la-biblia-buscan-apuntalar-el-culto-de-las-familias-adventistas\/#primaryimage"},"thumbnailUrl":"https:\/\/interamerica.org\/wp-content\/uploads\/2024\/06\/ar-dsc-0127.jpg","articleSection":["Desde la iglesia mundial","RSS Espa\u00f1ol"],"inLanguage":"es"},{"@type":"WebPage","@id":"https:\/\/interamerica.org\/es\/2024\/06\/dos-nuevas-ediciones-de-la-biblia-buscan-apuntalar-el-culto-de-las-familias-adventistas\/","url":"https:\/\/interamerica.org\/es\/2024\/06\/dos-nuevas-ediciones-de-la-biblia-buscan-apuntalar-el-culto-de-las-familias-adventistas\/","name":"Dos nuevas ediciones de la Biblia buscan apuntalar el culto de las familias adventistas - Iglesia Adventista del S\u00e9ptimo D\u00eda - Divisi\u00f3n Interamericana","isPartOf":{"@id":"https:\/\/interamerica.org\/es\/#website"},"primaryImageOfPage":{"@id":"https:\/\/interamerica.org\/es\/2024\/06\/dos-nuevas-ediciones-de-la-biblia-buscan-apuntalar-el-culto-de-las-familias-adventistas\/#primaryimage"},"image":{"@id":"https:\/\/interamerica.org\/es\/2024\/06\/dos-nuevas-ediciones-de-la-biblia-buscan-apuntalar-el-culto-de-las-familias-adventistas\/#primaryimage"},"thumbnailUrl":"https:\/\/interamerica.org\/wp-content\/uploads\/2024\/06\/ar-dsc-0127.jpg","datePublished":"2024-06-23T15:35:35+00:00","dateModified":"2024-06-25T18:23:03+00:00","author":{"@id":"https:\/\/interamerica.org\/es\/#\/schema\/person\/29998f2bc2d8bd0d38662909289b54f1"},"breadcrumb":{"@id":"https:\/\/interamerica.org\/es\/2024\/06\/dos-nuevas-ediciones-de-la-biblia-buscan-apuntalar-el-culto-de-las-familias-adventistas\/#breadcrumb"},"inLanguage":"es","potentialAction":[{"@type":"ReadAction","target":["https:\/\/interamerica.org\/es\/2024\/06\/dos-nuevas-ediciones-de-la-biblia-buscan-apuntalar-el-culto-de-las-familias-adventistas\/"]}]},{"@type":"ImageObject","inLanguage":"es","@id":"https:\/\/interamerica.org\/es\/2024\/06\/dos-nuevas-ediciones-de-la-biblia-buscan-apuntalar-el-culto-de-las-familias-adventistas\/#primaryimage","url":"https:\/\/interamerica.org\/wp-content\/uploads\/2024\/06\/ar-dsc-0127.jpg","contentUrl":"https:\/\/interamerica.org\/wp-content\/uploads\/2024\/06\/ar-dsc-0127.jpg","width":1000,"height":613,"caption":"Together with other church leaders and people responsible for the new Bibles project, General Conference president Ted N. C. Wilson (second from left) prays for the new editions at the Spanish Union of Churches Conference national congress in Fuenlabrada, Madrid, Spain, on June 15. [Photo: Marcos Paseggi, Adventist Review]"},{"@type":"BreadcrumbList","@id":"https:\/\/interamerica.org\/es\/2024\/06\/dos-nuevas-ediciones-de-la-biblia-buscan-apuntalar-el-culto-de-las-familias-adventistas\/#breadcrumb","itemListElement":[{"@type":"ListItem","position":1,"name":"Home","item":"https:\/\/interamerica.org\/es\/"},{"@type":"ListItem","position":2,"name":"Dos nuevas ediciones de la Biblia buscan apuntalar el culto de las familias adventistas"}]},{"@type":"WebSite","@id":"https:\/\/interamerica.org\/es\/#website","url":"https:\/\/interamerica.org\/es\/","name":"Iglesia Adventista del S\u00e9ptimo D\u00eda - Divisi\u00f3n Interamericana","description":"","potentialAction":[{"@type":"SearchAction","target":{"@type":"EntryPoint","urlTemplate":"https:\/\/interamerica.org\/es\/?s={search_term_string}"},"query-input":{"@type":"PropertyValueSpecification","valueRequired":true,"valueName":"search_term_string"}}],"inLanguage":"es"},{"@type":"Person","@id":"https:\/\/interamerica.org\/es\/#\/schema\/person\/29998f2bc2d8bd0d38662909289b54f1","name":"libna","image":{"@type":"ImageObject","inLanguage":"es","@id":"https:\/\/secure.gravatar.com\/avatar\/7c5bd30ae4b47a9ba3c856590957fd1d96dc588bf3ac05719d247e126840331f?s=96&d=mm&r=g","url":"https:\/\/secure.gravatar.com\/avatar\/7c5bd30ae4b47a9ba3c856590957fd1d96dc588bf3ac05719d247e126840331f?s=96&d=mm&r=g","contentUrl":"https:\/\/secure.gravatar.com\/avatar\/7c5bd30ae4b47a9ba3c856590957fd1d96dc588bf3ac05719d247e126840331f?s=96&d=mm&r=g","caption":"libna"}}]}},"_links":{"self":[{"href":"https:\/\/interamerica.org\/es\/wp-json\/wp\/v2\/posts\/116286","targetHints":{"allow":["GET"]}}],"collection":[{"href":"https:\/\/interamerica.org\/es\/wp-json\/wp\/v2\/posts"}],"about":[{"href":"https:\/\/interamerica.org\/es\/wp-json\/wp\/v2\/types\/post"}],"author":[{"embeddable":true,"href":"https:\/\/interamerica.org\/es\/wp-json\/wp\/v2\/users\/3"}],"replies":[{"embeddable":true,"href":"https:\/\/interamerica.org\/es\/wp-json\/wp\/v2\/comments?post=116286"}],"version-history":[{"count":0,"href":"https:\/\/interamerica.org\/es\/wp-json\/wp\/v2\/posts\/116286\/revisions"}],"wp:featuredmedia":[{"embeddable":true,"href":"https:\/\/interamerica.org\/es\/wp-json\/wp\/v2\/media\/116239"}],"wp:attachment":[{"href":"https:\/\/interamerica.org\/es\/wp-json\/wp\/v2\/media?parent=116286"}],"wp:term":[{"taxonomy":"category","embeddable":true,"href":"https:\/\/interamerica.org\/es\/wp-json\/wp\/v2\/categories?post=116286"},{"taxonomy":"post_tag","embeddable":true,"href":"https:\/\/interamerica.org\/es\/wp-json\/wp\/v2\/tags?post=116286"}],"curies":[{"name":"wp","href":"https:\/\/api.w.org\/{rel}","templated":true}]}}