{"id":11629,"date":"2010-08-03T00:00:00","date_gmt":"2010-08-03T04:00:00","guid":{"rendered":"http:\/\/192.81.217.108\/interamerica\/2010\/08\/martinica-se-lanza-red-de-television-en-frances\/"},"modified":"2017-06-02T08:59:11","modified_gmt":"2017-06-02T12:59:11","slug":"martinica-se-lanza-red-de-television-en-frances","status":"publish","type":"post","link":"https:\/\/interamerica.org\/es\/2010\/08\/martinica-se-lanza-red-de-television-en-frances\/","title":{"rendered":"Martinica: Se lanza red de televisi\u00f3n en franc\u00e9s"},"content":{"rendered":"<p><em >Atlanta, Georgia, Estados Unidos&#8230;<\/em >Arin Gencer\/ANN <\/p>\n<p>Los adventistas del s\u00e9ptimo d\u00eda franceses ahora pueden sintonizar programaci\u00f3n en su propio idioma, con la ayuda de una nueva transmisi\u00f3n por la Internet llamada <em >T\u00e9l\u00e9vision de la Famille<\/em > &#8212; Televisi\u00f3n para la familia. <\/p>\n<p>\u00abEsta es la contribuci\u00f3n de profesionales comerciantes de ambos sexos a la evangelizaci\u00f3n en el mundo\u00bb, dijo Tania Francois-Haugrin, que ayud\u00f3 al lanzamiento y supervisa el canal por la Internet. <\/p>\n<p>La transmisi\u00f3n, la cual se cree es de primera, sirve para proveer a los adventistas del mundo de habla francesa con lo que ya tienen los de habla inglesa y del espa\u00f1ol: programas sobre educaci\u00f3n, salud, la naturaleza y otros temas &#8211; con base en la Escritura, dijo Francois-Haugrin, oriunda de la isla caribe\u00f1a de Martinica. <\/p>\n<p><em >Television de la Famille<\/em > es el resultado de a\u00f1os de oraci\u00f3n y trabajo, dijo la periodista independiente, que tambi\u00e9n trabaja como una asistente de uno de los senadores de su pa\u00eds. <\/p>\n<p>La transmisi\u00f3n \u00abes realmente para ayudar la familia\u00bb, dijo Francois-Haugrin, que se desempe\u00f1a como presidenta de Servicios e Industrias de Laicos Adventistas (ASI por sus siglas en ingl\u00e9s) en Martinica, as\u00ed como vicepresidenta de ASI para la regi\u00f3n de Interam\u00e9rica. ASI es una organizaci\u00f3n de comerciantes profesionales que respaldan ministerios y programas de alcance a la comunidad &#8211; tales como salud, educaci\u00f3n, evangelizaci\u00f3n y servicios comunitarios &#8211; para adelantar la misi\u00f3n de la iglesia adventista. <\/p>\n<p>\u00abLa totalidad de los programas se basan en la palabra de Dios, la Biblia\u00bb, dijo ella.  \u00abEn el coraz\u00f3n de estos programas est\u00e1 el mensaje adventista\u00bb. <\/p>\n<p>Francois-Haugrin dijo que ASI de su pa\u00eds comenz\u00f3 a pensar a cerca de crear un programa de televisi\u00f3n local en 2003. Pero, pronto se dio cuenta que \u00ab\u00e9ste ser\u00eda un poco dif\u00edcil\u00bb. Sin embargo, durante la reuni\u00f3n de ASI en la Rep\u00fablica Dominicana, m\u00e1s avanzado ese a\u00f1o, dijo ella, estuvieron animados a pensar, aun m\u00e1s en grande, creando televisi\u00f3n adventista para los de habla francesa alrededor del mundo. <\/p>\n<p>Despu\u00e9s de eso, \u00aboramos, trabajamos\u00bb por siete a\u00f1os, pidi\u00e9ndole a Dios fuerzas para que el proyecto se diera, dijo ella, agregando que quer\u00edan que \u00abDios estuviera, del todo, a cargo de este programa, esta televisi\u00f3n\u00bb. <\/p>\n<p>Hacia el fin de 2010, Francois-Haugrin dijo, la transmisi\u00f3n deber\u00eda estar disponible por cable en algunos pa\u00edses de habla francesa, incluyendo Martinica, la compa\u00f1era isla caribe\u00f1a de Guadalupe, y partes de Europa y \u00c1frica. <\/p>\n<p>La transmisi\u00f3n est\u00e1 disponible en <a  href=\"http:\/\/www.tvfamille.com\/\">www.tvfamille.com<\/a >. <\/p>\n<p><em >Traductora: Aleida Romero<\/em > <\/p>\n","protected":false},"excerpt":{"rendered":"<p>Los adventistas del s\u00e9ptimo d\u00eda franceses ahora pueden sintonizar programaci\u00f3n en su propio idioma, con la ayuda de una nueva transmisi\u00f3n por la Internet llamada T\u00e9l\u00e9vision de la Famille &#8212; Televisi\u00f3n par<\/p>\n","protected":false},"author":1,"featured_media":0,"comment_status":"closed","ping_status":"closed","sticky":false,"template":"","format":"standard","meta":{"_acf_changed":false,"footnotes":""},"categories":[8],"tags":[],"class_list":["post-11629","post","type-post","status-publish","format-standard","hentry","category-archivo"],"acf":[],"yoast_head":"<!-- This site is optimized with the Yoast SEO plugin v27.3 - https:\/\/yoast.com\/product\/yoast-seo-wordpress\/ -->\n<title>Martinica: Se lanza red de televisi\u00f3n en franc\u00e9s - Iglesia Adventista del S\u00e9ptimo D\u00eda - Divisi\u00f3n Interamericana<\/title>\n<meta name=\"robots\" content=\"index, follow, max-snippet:-1, max-image-preview:large, max-video-preview:-1\" \/>\n<link rel=\"canonical\" href=\"https:\/\/interamerica.org\/es\/2010\/08\/martinica-se-lanza-red-de-television-en-frances\/\" \/>\n<meta property=\"og:locale\" content=\"es_ES\" \/>\n<meta property=\"og:type\" content=\"article\" \/>\n<meta property=\"og:title\" content=\"Martinica: Se lanza red de televisi\u00f3n en franc\u00e9s - Iglesia Adventista del S\u00e9ptimo D\u00eda - Divisi\u00f3n Interamericana\" \/>\n<meta property=\"og:description\" content=\"Los adventistas del s\u00e9ptimo d\u00eda franceses ahora pueden sintonizar programaci\u00f3n en su propio idioma, con la ayuda de una nueva transmisi\u00f3n por la Internet llamada T\u00e9l\u00e9vision de la Famille -- Televisi\u00f3n par\" \/>\n<meta property=\"og:url\" content=\"https:\/\/interamerica.org\/es\/2010\/08\/martinica-se-lanza-red-de-television-en-frances\/\" \/>\n<meta property=\"og:site_name\" content=\"Iglesia Adventista del S\u00e9ptimo D\u00eda - Divisi\u00f3n Interamericana\" \/>\n<meta property=\"article:published_time\" content=\"2010-08-03T04:00:00+00:00\" \/>\n<meta property=\"article:modified_time\" content=\"2017-06-02T12:59:11+00:00\" \/>\n<meta name=\"author\" content=\"Lorenzo Verduzco\" \/>\n<meta name=\"twitter:card\" content=\"summary_large_image\" \/>\n<meta name=\"twitter:label1\" content=\"Escrito por\" \/>\n\t<meta name=\"twitter:data1\" content=\"Lorenzo Verduzco\" \/>\n\t<meta name=\"twitter:label2\" content=\"Tiempo de lectura\" \/>\n\t<meta name=\"twitter:data2\" content=\"2 minutos\" \/>\n<script type=\"application\/ld+json\" class=\"yoast-schema-graph\">{\"@context\":\"https:\\\/\\\/schema.org\",\"@graph\":[{\"@type\":\"Article\",\"@id\":\"https:\\\/\\\/interamerica.org\\\/es\\\/2010\\\/08\\\/martinica-se-lanza-red-de-television-en-frances\\\/#article\",\"isPartOf\":{\"@id\":\"https:\\\/\\\/interamerica.org\\\/es\\\/2010\\\/08\\\/martinica-se-lanza-red-de-television-en-frances\\\/\"},\"author\":{\"name\":\"Lorenzo Verduzco\",\"@id\":\"https:\\\/\\\/interamerica.org\\\/es\\\/#\\\/schema\\\/person\\\/68ede8bdc292885bb76c1e3810e73c39\"},\"headline\":\"Martinica: Se lanza red de televisi\u00f3n en franc\u00e9s\",\"datePublished\":\"2010-08-03T04:00:00+00:00\",\"dateModified\":\"2017-06-02T12:59:11+00:00\",\"mainEntityOfPage\":{\"@id\":\"https:\\\/\\\/interamerica.org\\\/es\\\/2010\\\/08\\\/martinica-se-lanza-red-de-television-en-frances\\\/\"},\"wordCount\":463,\"articleSection\":[\"Archivo\"],\"inLanguage\":\"es\"},{\"@type\":\"WebPage\",\"@id\":\"https:\\\/\\\/interamerica.org\\\/es\\\/2010\\\/08\\\/martinica-se-lanza-red-de-television-en-frances\\\/\",\"url\":\"https:\\\/\\\/interamerica.org\\\/es\\\/2010\\\/08\\\/martinica-se-lanza-red-de-television-en-frances\\\/\",\"name\":\"Martinica: Se lanza red de televisi\u00f3n en franc\u00e9s - Iglesia Adventista del S\u00e9ptimo D\u00eda - Divisi\u00f3n Interamericana\",\"isPartOf\":{\"@id\":\"https:\\\/\\\/interamerica.org\\\/es\\\/#website\"},\"datePublished\":\"2010-08-03T04:00:00+00:00\",\"dateModified\":\"2017-06-02T12:59:11+00:00\",\"author\":{\"@id\":\"https:\\\/\\\/interamerica.org\\\/es\\\/#\\\/schema\\\/person\\\/68ede8bdc292885bb76c1e3810e73c39\"},\"breadcrumb\":{\"@id\":\"https:\\\/\\\/interamerica.org\\\/es\\\/2010\\\/08\\\/martinica-se-lanza-red-de-television-en-frances\\\/#breadcrumb\"},\"inLanguage\":\"es\",\"potentialAction\":[{\"@type\":\"ReadAction\",\"target\":[\"https:\\\/\\\/interamerica.org\\\/es\\\/2010\\\/08\\\/martinica-se-lanza-red-de-television-en-frances\\\/\"]}]},{\"@type\":\"BreadcrumbList\",\"@id\":\"https:\\\/\\\/interamerica.org\\\/es\\\/2010\\\/08\\\/martinica-se-lanza-red-de-television-en-frances\\\/#breadcrumb\",\"itemListElement\":[{\"@type\":\"ListItem\",\"position\":1,\"name\":\"Home\",\"item\":\"https:\\\/\\\/interamerica.org\\\/es\\\/\"},{\"@type\":\"ListItem\",\"position\":2,\"name\":\"Martinica: Se lanza red de televisi\u00f3n en franc\u00e9s\"}]},{\"@type\":\"WebSite\",\"@id\":\"https:\\\/\\\/interamerica.org\\\/es\\\/#website\",\"url\":\"https:\\\/\\\/interamerica.org\\\/es\\\/\",\"name\":\"Iglesia Adventista del S\u00e9ptimo D\u00eda - Divisi\u00f3n Interamericana\",\"description\":\"\",\"potentialAction\":[{\"@type\":\"SearchAction\",\"target\":{\"@type\":\"EntryPoint\",\"urlTemplate\":\"https:\\\/\\\/interamerica.org\\\/es\\\/?s={search_term_string}\"},\"query-input\":{\"@type\":\"PropertyValueSpecification\",\"valueRequired\":true,\"valueName\":\"search_term_string\"}}],\"inLanguage\":\"es\"},{\"@type\":\"Person\",\"@id\":\"https:\\\/\\\/interamerica.org\\\/es\\\/#\\\/schema\\\/person\\\/68ede8bdc292885bb76c1e3810e73c39\",\"name\":\"Lorenzo Verduzco\",\"image\":{\"@type\":\"ImageObject\",\"inLanguage\":\"es\",\"@id\":\"https:\\\/\\\/secure.gravatar.com\\\/avatar\\\/fb81a55b6218459490a9c1dc841a34909185b81904c5337b4b27f7a6fd60c49e?s=96&d=mm&r=g\",\"url\":\"https:\\\/\\\/secure.gravatar.com\\\/avatar\\\/fb81a55b6218459490a9c1dc841a34909185b81904c5337b4b27f7a6fd60c49e?s=96&d=mm&r=g\",\"contentUrl\":\"https:\\\/\\\/secure.gravatar.com\\\/avatar\\\/fb81a55b6218459490a9c1dc841a34909185b81904c5337b4b27f7a6fd60c49e?s=96&d=mm&r=g\",\"caption\":\"Lorenzo Verduzco\"}}]}<\/script>\n<!-- \/ Yoast SEO plugin. -->","yoast_head_json":{"title":"Martinica: Se lanza red de televisi\u00f3n en franc\u00e9s - Iglesia Adventista del S\u00e9ptimo D\u00eda - Divisi\u00f3n Interamericana","robots":{"index":"index","follow":"follow","max-snippet":"max-snippet:-1","max-image-preview":"max-image-preview:large","max-video-preview":"max-video-preview:-1"},"canonical":"https:\/\/interamerica.org\/es\/2010\/08\/martinica-se-lanza-red-de-television-en-frances\/","og_locale":"es_ES","og_type":"article","og_title":"Martinica: Se lanza red de televisi\u00f3n en franc\u00e9s - Iglesia Adventista del S\u00e9ptimo D\u00eda - Divisi\u00f3n Interamericana","og_description":"Los adventistas del s\u00e9ptimo d\u00eda franceses ahora pueden sintonizar programaci\u00f3n en su propio idioma, con la ayuda de una nueva transmisi\u00f3n por la Internet llamada T\u00e9l\u00e9vision de la Famille -- Televisi\u00f3n par","og_url":"https:\/\/interamerica.org\/es\/2010\/08\/martinica-se-lanza-red-de-television-en-frances\/","og_site_name":"Iglesia Adventista del S\u00e9ptimo D\u00eda - Divisi\u00f3n Interamericana","article_published_time":"2010-08-03T04:00:00+00:00","article_modified_time":"2017-06-02T12:59:11+00:00","author":"Lorenzo Verduzco","twitter_card":"summary_large_image","twitter_misc":{"Escrito por":"Lorenzo Verduzco","Tiempo de lectura":"2 minutos"},"schema":{"@context":"https:\/\/schema.org","@graph":[{"@type":"Article","@id":"https:\/\/interamerica.org\/es\/2010\/08\/martinica-se-lanza-red-de-television-en-frances\/#article","isPartOf":{"@id":"https:\/\/interamerica.org\/es\/2010\/08\/martinica-se-lanza-red-de-television-en-frances\/"},"author":{"name":"Lorenzo Verduzco","@id":"https:\/\/interamerica.org\/es\/#\/schema\/person\/68ede8bdc292885bb76c1e3810e73c39"},"headline":"Martinica: Se lanza red de televisi\u00f3n en franc\u00e9s","datePublished":"2010-08-03T04:00:00+00:00","dateModified":"2017-06-02T12:59:11+00:00","mainEntityOfPage":{"@id":"https:\/\/interamerica.org\/es\/2010\/08\/martinica-se-lanza-red-de-television-en-frances\/"},"wordCount":463,"articleSection":["Archivo"],"inLanguage":"es"},{"@type":"WebPage","@id":"https:\/\/interamerica.org\/es\/2010\/08\/martinica-se-lanza-red-de-television-en-frances\/","url":"https:\/\/interamerica.org\/es\/2010\/08\/martinica-se-lanza-red-de-television-en-frances\/","name":"Martinica: Se lanza red de televisi\u00f3n en franc\u00e9s - Iglesia Adventista del S\u00e9ptimo D\u00eda - Divisi\u00f3n Interamericana","isPartOf":{"@id":"https:\/\/interamerica.org\/es\/#website"},"datePublished":"2010-08-03T04:00:00+00:00","dateModified":"2017-06-02T12:59:11+00:00","author":{"@id":"https:\/\/interamerica.org\/es\/#\/schema\/person\/68ede8bdc292885bb76c1e3810e73c39"},"breadcrumb":{"@id":"https:\/\/interamerica.org\/es\/2010\/08\/martinica-se-lanza-red-de-television-en-frances\/#breadcrumb"},"inLanguage":"es","potentialAction":[{"@type":"ReadAction","target":["https:\/\/interamerica.org\/es\/2010\/08\/martinica-se-lanza-red-de-television-en-frances\/"]}]},{"@type":"BreadcrumbList","@id":"https:\/\/interamerica.org\/es\/2010\/08\/martinica-se-lanza-red-de-television-en-frances\/#breadcrumb","itemListElement":[{"@type":"ListItem","position":1,"name":"Home","item":"https:\/\/interamerica.org\/es\/"},{"@type":"ListItem","position":2,"name":"Martinica: Se lanza red de televisi\u00f3n en franc\u00e9s"}]},{"@type":"WebSite","@id":"https:\/\/interamerica.org\/es\/#website","url":"https:\/\/interamerica.org\/es\/","name":"Iglesia Adventista del S\u00e9ptimo D\u00eda - Divisi\u00f3n Interamericana","description":"","potentialAction":[{"@type":"SearchAction","target":{"@type":"EntryPoint","urlTemplate":"https:\/\/interamerica.org\/es\/?s={search_term_string}"},"query-input":{"@type":"PropertyValueSpecification","valueRequired":true,"valueName":"search_term_string"}}],"inLanguage":"es"},{"@type":"Person","@id":"https:\/\/interamerica.org\/es\/#\/schema\/person\/68ede8bdc292885bb76c1e3810e73c39","name":"Lorenzo Verduzco","image":{"@type":"ImageObject","inLanguage":"es","@id":"https:\/\/secure.gravatar.com\/avatar\/fb81a55b6218459490a9c1dc841a34909185b81904c5337b4b27f7a6fd60c49e?s=96&d=mm&r=g","url":"https:\/\/secure.gravatar.com\/avatar\/fb81a55b6218459490a9c1dc841a34909185b81904c5337b4b27f7a6fd60c49e?s=96&d=mm&r=g","contentUrl":"https:\/\/secure.gravatar.com\/avatar\/fb81a55b6218459490a9c1dc841a34909185b81904c5337b4b27f7a6fd60c49e?s=96&d=mm&r=g","caption":"Lorenzo Verduzco"}}]}},"_links":{"self":[{"href":"https:\/\/interamerica.org\/es\/wp-json\/wp\/v2\/posts\/11629","targetHints":{"allow":["GET"]}}],"collection":[{"href":"https:\/\/interamerica.org\/es\/wp-json\/wp\/v2\/posts"}],"about":[{"href":"https:\/\/interamerica.org\/es\/wp-json\/wp\/v2\/types\/post"}],"author":[{"embeddable":true,"href":"https:\/\/interamerica.org\/es\/wp-json\/wp\/v2\/users\/1"}],"replies":[{"embeddable":true,"href":"https:\/\/interamerica.org\/es\/wp-json\/wp\/v2\/comments?post=11629"}],"version-history":[{"count":0,"href":"https:\/\/interamerica.org\/es\/wp-json\/wp\/v2\/posts\/11629\/revisions"}],"wp:attachment":[{"href":"https:\/\/interamerica.org\/es\/wp-json\/wp\/v2\/media?parent=11629"}],"wp:term":[{"taxonomy":"category","embeddable":true,"href":"https:\/\/interamerica.org\/es\/wp-json\/wp\/v2\/categories?post=11629"},{"taxonomy":"post_tag","embeddable":true,"href":"https:\/\/interamerica.org\/es\/wp-json\/wp\/v2\/tags?post=11629"}],"curies":[{"name":"wp","href":"https:\/\/api.w.org\/{rel}","templated":true}]}}